{"id":43034,"date":"2021-09-10T12:04:05","date_gmt":"2021-09-10T10:04:05","guid":{"rendered":"https:\/\/vosgesinfo.fr\/saintdieinfo\/2021\/09\/covid-19-medecin-refuse-de-se-faire-vacciner\/"},"modified":"2021-09-10T12:04:05","modified_gmt":"2021-09-10T10:04:05","slug":"covid-19-medecin-refuse-de-se-faire-vacciner","status":"publish","type":"post","link":"https:\/\/vosgesinfo.fr\/saintdieinfo\/2021\/09\/covid-19-medecin-refuse-de-se-faire-vacciner\/","title":{"rendered":"Covid-19 : le m\u00e9decin refuse de se faire vacciner"},"content":{"rendered":"<div id=\"attachment_171640\" style=\"width: 810px\" class=\"wp-caption aligncenter\"><a href=\"\/2021\/09\/charmois-l-orgueilleux.jpg\" target=\"_blank\" rel=\"noopener\"><img decoding=\"async\" aria-describedby=\"caption-attachment-171640\" class=\"wp-image-171640 size-full\" src=\"\/2021\/09\/charmois-l-orgueilleux.jpg\" alt=\"(Capture d'\u00e9cran Google Maps)\" width=\"800\" height=\"356\" \/><\/a><p id=\"caption-attachment-171640\" class=\"wp-caption-text\">(Capture d&rsquo;\u00e9cran Google Maps)<\/p><\/div>\n<h2><span style=\"font-size: 14pt;\"><strong>A Charmois-l\u2019Orgueilleux, le Dr Gauthier Bein, m\u00e9decin g\u00e9n\u00e9raliste ne souhaite pas se faire vacciner. Il ne pourra plus exercer son m\u00e9tier \u00e0 partir du 15 septembre. Les patients sont mobilis\u00e9s pour d\u00e9fendre l\u2019unique m\u00e9decin de la commune.<\/strong><\/span><\/h2>\n<p><!--more--><\/p>\n<p>Le Dr Gauthier Bein, m\u00e9decin g\u00e9n\u00e9raliste dans la petite commune vosgienne de Charmois-l\u2019Orgueilleux situ\u00e9e entre Epinal et Darney, refuse de se faire vacciner contre\u00a0le Covid-19. S\u2019il ne le fait pas, selon la loi, il va devoir cesser son activit\u00e9 \u00e0 partir du 15 septembre. En effet, la loi relative \u00e0 la gestion de la crise sanitaire du 6 ao\u00fbt 2021, oblige le personnel soignant \u00e0 se faire vacciner. A d\u00e9faut, il sera suspendu sans r\u00e9mun\u00e9ration.<\/p>\n<h3><strong>Des sanctions <\/strong><\/h3>\n<p>Rien ne pourra le faire changer d\u2019avis, pas m\u00eame le courrier de l\u2019Agence r\u00e9gionale de sant\u00e9 (ARS) qu\u2019il vient de recevoir. En cas de non respect de la loi, le personnel soignant non vaccin\u00e9 s\u2019expose \u00e0 des sanctions\u00a0: 6 mois d\u2019emprisonnement et 10\u00a0000 euros d\u2019amende. Le Dr Bein est officiellement en vacances jusqu\u2019au 20 septembre. Ensuite, il ne sait pas encore s\u2019il reprendra ses consultations.<\/p>\n<p>La suite de l&rsquo;article : <a href=\"https:\/\/epinalinfos.fr\/2021\/09\/covid-19-medecin-refuse-de-se-faire-vacciner\/\" target=\"_blank\" rel=\"noopener\">https:\/\/epinalinfos.fr\/2021\/09\/covid-19-medecin-refuse-de-se-faire-vacciner\/<\/a><\/p>\n","protected":false},"excerpt":{"rendered":"<p>A Charmois-l\u2019Orgueilleux, le Dr Gauthier Bein, m\u00e9decin g\u00e9n\u00e9raliste ne souhaite pas se faire vacciner. Il ne pourra plus exercer son [&hellip;]<\/p>\n","protected":false},"author":44,"featured_media":43035,"comment_status":"open","ping_status":"open","sticky":false,"template":"","format":"standard","meta":{"footnotes":""},"categories":[460,4152,13,18],"tags":[8808,1072,8809,2332],"class_list":["post-43034","post","type-post","status-publish","format-standard","has-post-thumbnail","hentry","category-a-la-une","category-sante","category-societe","category-vosges","tag-charmois-lorgueilleux","tag-covid-19","tag-dr-gauthier-bein","tag-vaccination"],"acf":[],"yoast_head":"<!-- This site is optimized with the Yoast SEO plugin v22.5 - https:\/\/yoast.com\/wordpress\/plugins\/seo\/ -->\n<title>Covid-19 : le m\u00e9decin refuse de se faire vacciner - Saint Die Info<\/title>\n<meta name=\"robots\" content=\"index, follow, max-snippet:-1, max-image-preview:large, max-video-preview:-1\" \/>\n<link rel=\"canonical\" href=\"https:\/\/vosgesinfo.fr\/saintdieinfo\/2021\/09\/covid-19-medecin-refuse-de-se-faire-vacciner\/\" \/>\n<meta name=\"twitter:card\" content=\"summary_large_image\" \/>\n<meta name=\"twitter:title\" content=\"Covid-19 : le m\u00e9decin refuse de se faire vacciner - Saint Die Info\" \/>\n<meta name=\"twitter:description\" content=\"A Charmois-l\u2019Orgueilleux, le Dr Gauthier Bein, m\u00e9decin g\u00e9n\u00e9raliste ne souhaite pas se faire vacciner. Il ne pourra plus exercer son [&hellip;]\" \/>\n<meta name=\"twitter:image\" content=\"https:\/\/vosgesinfo.fr\/app\/uploads\/sites\/4\/2024\/08\/202109charmois-l-orgueilleux.jpg\" \/>\n<meta name=\"twitter:creator\" content=\"@VosgesInfo88\" \/>\n<meta name=\"twitter:site\" content=\"@VosgesInfo88\" \/>\n<meta name=\"twitter:label1\" content=\"\u00c9crit par\" \/>\n\t<meta name=\"twitter:data1\" content=\"la r\u00e9daction\" \/>\n\t<meta name=\"twitter:label2\" content=\"Dur\u00e9e de lecture estim\u00e9e\" \/>\n\t<meta name=\"twitter:data2\" content=\"1 minute\" \/>\n<script type=\"application\/ld+json\" class=\"yoast-schema-graph\">{\"@context\":\"https:\/\/schema.org\",\"@graph\":[{\"@type\":\"Article\",\"@id\":\"https:\/\/vosgesinfo.fr\/saintdieinfo\/2021\/09\/covid-19-medecin-refuse-de-se-faire-vacciner\/#article\",\"isPartOf\":{\"@id\":\"https:\/\/vosgesinfo.fr\/saintdieinfo\/2021\/09\/covid-19-medecin-refuse-de-se-faire-vacciner\/\"},\"author\":{\"name\":\"la r\u00e9daction\",\"@id\":\"https:\/\/vosgesinfo.fr\/saintdieinfo\/#\/schema\/person\/faee6704a21f3977511db84bd1cd450f\"},\"headline\":\"Covid-19 : le m\u00e9decin refuse de se faire vacciner\",\"datePublished\":\"2021-09-10T10:04:05+00:00\",\"dateModified\":\"2021-09-10T10:04:05+00:00\",\"mainEntityOfPage\":{\"@id\":\"https:\/\/vosgesinfo.fr\/saintdieinfo\/2021\/09\/covid-19-medecin-refuse-de-se-faire-vacciner\/\"},\"wordCount\":228,\"commentCount\":0,\"publisher\":{\"@id\":\"https:\/\/vosgesinfo.fr\/saintdieinfo\/#organization\"},\"image\":{\"@id\":\"https:\/\/vosgesinfo.fr\/saintdieinfo\/2021\/09\/covid-19-medecin-refuse-de-se-faire-vacciner\/#primaryimage\"},\"thumbnailUrl\":\"https:\/\/vosgesinfo.fr\/app\/uploads\/sites\/4\/2024\/08\/202109charmois-l-orgueilleux.jpg\",\"keywords\":[\"Charmois-l'Orgueilleux\",\"Covid-19\",\"Dr Gauthier Bein\",\"vaccination\"],\"articleSection\":[\"A la Une\",\"Sant\u00e9\",\"Soci\u00e9t\u00e9\",\"Vosges\"],\"inLanguage\":\"fr-FR\",\"potentialAction\":[{\"@type\":\"CommentAction\",\"name\":\"Comment\",\"target\":[\"https:\/\/vosgesinfo.fr\/saintdieinfo\/2021\/09\/covid-19-medecin-refuse-de-se-faire-vacciner\/#respond\"]}]},{\"@type\":\"WebPage\",\"@id\":\"https:\/\/vosgesinfo.fr\/saintdieinfo\/2021\/09\/covid-19-medecin-refuse-de-se-faire-vacciner\/\",\"url\":\"https:\/\/vosgesinfo.fr\/saintdieinfo\/2021\/09\/covid-19-medecin-refuse-de-se-faire-vacciner\/\",\"name\":\"Covid-19 : le m\u00e9decin refuse de se faire vacciner - Saint Die Info\",\"isPartOf\":{\"@id\":\"https:\/\/vosgesinfo.fr\/saintdieinfo\/#website\"},\"primaryImageOfPage\":{\"@id\":\"https:\/\/vosgesinfo.fr\/saintdieinfo\/2021\/09\/covid-19-medecin-refuse-de-se-faire-vacciner\/#primaryimage\"},\"image\":{\"@id\":\"https:\/\/vosgesinfo.fr\/saintdieinfo\/2021\/09\/covid-19-medecin-refuse-de-se-faire-vacciner\/#primaryimage\"},\"thumbnailUrl\":\"https:\/\/vosgesinfo.fr\/app\/uploads\/sites\/4\/2024\/08\/202109charmois-l-orgueilleux.jpg\",\"datePublished\":\"2021-09-10T10:04:05+00:00\",\"dateModified\":\"2021-09-10T10:04:05+00:00\",\"breadcrumb\":{\"@id\":\"https:\/\/vosgesinfo.fr\/saintdieinfo\/2021\/09\/covid-19-medecin-refuse-de-se-faire-vacciner\/#breadcrumb\"},\"inLanguage\":\"fr-FR\",\"potentialAction\":[{\"@type\":\"ReadAction\",\"target\":[\"https:\/\/vosgesinfo.fr\/saintdieinfo\/2021\/09\/covid-19-medecin-refuse-de-se-faire-vacciner\/\"]}]},{\"@type\":\"ImageObject\",\"inLanguage\":\"fr-FR\",\"@id\":\"https:\/\/vosgesinfo.fr\/saintdieinfo\/2021\/09\/covid-19-medecin-refuse-de-se-faire-vacciner\/#primaryimage\",\"url\":\"https:\/\/vosgesinfo.fr\/app\/uploads\/sites\/4\/2024\/08\/202109charmois-l-orgueilleux.jpg\",\"contentUrl\":\"https:\/\/vosgesinfo.fr\/app\/uploads\/sites\/4\/2024\/08\/202109charmois-l-orgueilleux.jpg\",\"width\":800,\"height\":356},{\"@type\":\"BreadcrumbList\",\"@id\":\"https:\/\/vosgesinfo.fr\/saintdieinfo\/2021\/09\/covid-19-medecin-refuse-de-se-faire-vacciner\/#breadcrumb\",\"itemListElement\":[{\"@type\":\"ListItem\",\"position\":1,\"name\":\"Home\",\"item\":\"https:\/\/vosgesinfo.fr\/saintdieinfo\/\"},{\"@type\":\"ListItem\",\"position\":2,\"name\":\"Covid-19 : le m\u00e9decin refuse de se faire vacciner\"}]},{\"@type\":\"WebSite\",\"@id\":\"https:\/\/vosgesinfo.fr\/saintdieinfo\/#website\",\"url\":\"https:\/\/vosgesinfo.fr\/saintdieinfo\/\",\"name\":\"Saint Die Info\",\"description\":\"Toute l&#039;actualit\u00e9 de Saint-Di\u00e9-Des-Vosges\",\"publisher\":{\"@id\":\"https:\/\/vosgesinfo.fr\/saintdieinfo\/#organization\"},\"alternateName\":\"Toute l'actualit\u00e9 de Saint-Di\u00e9-Des-Vosges\",\"potentialAction\":[{\"@type\":\"SearchAction\",\"target\":{\"@type\":\"EntryPoint\",\"urlTemplate\":\"https:\/\/vosgesinfo.fr\/saintdieinfo\/?s={search_term_string}\"},\"query-input\":\"required name=search_term_string\"}],\"inLanguage\":\"fr-FR\"},{\"@type\":\"Organization\",\"@id\":\"https:\/\/vosgesinfo.fr\/saintdieinfo\/#organization\",\"name\":\"Saint Die Info\",\"url\":\"https:\/\/vosgesinfo.fr\/saintdieinfo\/\",\"logo\":{\"@type\":\"ImageObject\",\"inLanguage\":\"fr-FR\",\"@id\":\"https:\/\/vosgesinfo.fr\/saintdieinfo\/#\/schema\/logo\/image\/\",\"url\":\"https:\/\/vosgesinfo.fr\/app\/uploads\/sites\/4\/2024\/02\/logo-sdi.jpg\",\"contentUrl\":\"https:\/\/vosgesinfo.fr\/app\/uploads\/sites\/4\/2024\/02\/logo-sdi.jpg\",\"width\":600,\"height\":600,\"caption\":\"Saint Die Info\"},\"image\":{\"@id\":\"https:\/\/vosgesinfo.fr\/saintdieinfo\/#\/schema\/logo\/image\/\"},\"sameAs\":[\"https:\/\/www.facebook.com\/Saintdieinfofr\",\"https:\/\/x.com\/VosgesInfo88\",\"https:\/\/www.youtube.com\/@vosgesinfo\"]},{\"@type\":\"Person\",\"@id\":\"https:\/\/vosgesinfo.fr\/saintdieinfo\/#\/schema\/person\/faee6704a21f3977511db84bd1cd450f\",\"name\":\"la r\u00e9daction\",\"image\":{\"@type\":\"ImageObject\",\"inLanguage\":\"fr-FR\",\"@id\":\"https:\/\/vosgesinfo.fr\/saintdieinfo\/#\/schema\/person\/image\/\",\"url\":\"https:\/\/secure.gravatar.com\/avatar\/6673d8bc6a9c17fa9a453eaa3448de834fa308c2ec9635b7aa99441a7c8d2cf6?s=96&d=mm&r=g\",\"contentUrl\":\"https:\/\/secure.gravatar.com\/avatar\/6673d8bc6a9c17fa9a453eaa3448de834fa308c2ec9635b7aa99441a7c8d2cf6?s=96&d=mm&r=g\",\"caption\":\"la r\u00e9daction\"},\"url\":\"https:\/\/vosgesinfo.fr\/saintdieinfo\/author\/redac\/\"}]}<\/script>\n<!-- \/ Yoast SEO plugin. -->","yoast_head_json":{"title":"Covid-19 : le m\u00e9decin refuse de se faire vacciner - Saint Die Info","robots":{"index":"index","follow":"follow","max-snippet":"max-snippet:-1","max-image-preview":"max-image-preview:large","max-video-preview":"max-video-preview:-1"},"canonical":"https:\/\/vosgesinfo.fr\/saintdieinfo\/2021\/09\/covid-19-medecin-refuse-de-se-faire-vacciner\/","twitter_card":"summary_large_image","twitter_title":"Covid-19 : le m\u00e9decin refuse de se faire vacciner - Saint Die Info","twitter_description":"A Charmois-l\u2019Orgueilleux, le Dr Gauthier Bein, m\u00e9decin g\u00e9n\u00e9raliste ne souhaite pas se faire vacciner. Il ne pourra plus exercer son [&hellip;]","twitter_image":"https:\/\/vosgesinfo.fr\/app\/uploads\/sites\/4\/2024\/08\/202109charmois-l-orgueilleux.jpg","twitter_creator":"@VosgesInfo88","twitter_site":"@VosgesInfo88","twitter_misc":{"\u00c9crit par":"la r\u00e9daction","Dur\u00e9e de lecture estim\u00e9e":"1 minute"},"schema":{"@context":"https:\/\/schema.org","@graph":[{"@type":"Article","@id":"https:\/\/vosgesinfo.fr\/saintdieinfo\/2021\/09\/covid-19-medecin-refuse-de-se-faire-vacciner\/#article","isPartOf":{"@id":"https:\/\/vosgesinfo.fr\/saintdieinfo\/2021\/09\/covid-19-medecin-refuse-de-se-faire-vacciner\/"},"author":{"name":"la r\u00e9daction","@id":"https:\/\/vosgesinfo.fr\/saintdieinfo\/#\/schema\/person\/faee6704a21f3977511db84bd1cd450f"},"headline":"Covid-19 : le m\u00e9decin refuse de se faire vacciner","datePublished":"2021-09-10T10:04:05+00:00","dateModified":"2021-09-10T10:04:05+00:00","mainEntityOfPage":{"@id":"https:\/\/vosgesinfo.fr\/saintdieinfo\/2021\/09\/covid-19-medecin-refuse-de-se-faire-vacciner\/"},"wordCount":228,"commentCount":0,"publisher":{"@id":"https:\/\/vosgesinfo.fr\/saintdieinfo\/#organization"},"image":{"@id":"https:\/\/vosgesinfo.fr\/saintdieinfo\/2021\/09\/covid-19-medecin-refuse-de-se-faire-vacciner\/#primaryimage"},"thumbnailUrl":"https:\/\/vosgesinfo.fr\/app\/uploads\/sites\/4\/2024\/08\/202109charmois-l-orgueilleux.jpg","keywords":["Charmois-l'Orgueilleux","Covid-19","Dr Gauthier Bein","vaccination"],"articleSection":["A la Une","Sant\u00e9","Soci\u00e9t\u00e9","Vosges"],"inLanguage":"fr-FR","potentialAction":[{"@type":"CommentAction","name":"Comment","target":["https:\/\/vosgesinfo.fr\/saintdieinfo\/2021\/09\/covid-19-medecin-refuse-de-se-faire-vacciner\/#respond"]}]},{"@type":"WebPage","@id":"https:\/\/vosgesinfo.fr\/saintdieinfo\/2021\/09\/covid-19-medecin-refuse-de-se-faire-vacciner\/","url":"https:\/\/vosgesinfo.fr\/saintdieinfo\/2021\/09\/covid-19-medecin-refuse-de-se-faire-vacciner\/","name":"Covid-19 : le m\u00e9decin refuse de se faire vacciner - Saint Die Info","isPartOf":{"@id":"https:\/\/vosgesinfo.fr\/saintdieinfo\/#website"},"primaryImageOfPage":{"@id":"https:\/\/vosgesinfo.fr\/saintdieinfo\/2021\/09\/covid-19-medecin-refuse-de-se-faire-vacciner\/#primaryimage"},"image":{"@id":"https:\/\/vosgesinfo.fr\/saintdieinfo\/2021\/09\/covid-19-medecin-refuse-de-se-faire-vacciner\/#primaryimage"},"thumbnailUrl":"https:\/\/vosgesinfo.fr\/app\/uploads\/sites\/4\/2024\/08\/202109charmois-l-orgueilleux.jpg","datePublished":"2021-09-10T10:04:05+00:00","dateModified":"2021-09-10T10:04:05+00:00","breadcrumb":{"@id":"https:\/\/vosgesinfo.fr\/saintdieinfo\/2021\/09\/covid-19-medecin-refuse-de-se-faire-vacciner\/#breadcrumb"},"inLanguage":"fr-FR","potentialAction":[{"@type":"ReadAction","target":["https:\/\/vosgesinfo.fr\/saintdieinfo\/2021\/09\/covid-19-medecin-refuse-de-se-faire-vacciner\/"]}]},{"@type":"ImageObject","inLanguage":"fr-FR","@id":"https:\/\/vosgesinfo.fr\/saintdieinfo\/2021\/09\/covid-19-medecin-refuse-de-se-faire-vacciner\/#primaryimage","url":"https:\/\/vosgesinfo.fr\/app\/uploads\/sites\/4\/2024\/08\/202109charmois-l-orgueilleux.jpg","contentUrl":"https:\/\/vosgesinfo.fr\/app\/uploads\/sites\/4\/2024\/08\/202109charmois-l-orgueilleux.jpg","width":800,"height":356},{"@type":"BreadcrumbList","@id":"https:\/\/vosgesinfo.fr\/saintdieinfo\/2021\/09\/covid-19-medecin-refuse-de-se-faire-vacciner\/#breadcrumb","itemListElement":[{"@type":"ListItem","position":1,"name":"Home","item":"https:\/\/vosgesinfo.fr\/saintdieinfo\/"},{"@type":"ListItem","position":2,"name":"Covid-19 : le m\u00e9decin refuse de se faire vacciner"}]},{"@type":"WebSite","@id":"https:\/\/vosgesinfo.fr\/saintdieinfo\/#website","url":"https:\/\/vosgesinfo.fr\/saintdieinfo\/","name":"Saint Die Info","description":"Toute l&#039;actualit\u00e9 de Saint-Di\u00e9-Des-Vosges","publisher":{"@id":"https:\/\/vosgesinfo.fr\/saintdieinfo\/#organization"},"alternateName":"Toute l'actualit\u00e9 de Saint-Di\u00e9-Des-Vosges","potentialAction":[{"@type":"SearchAction","target":{"@type":"EntryPoint","urlTemplate":"https:\/\/vosgesinfo.fr\/saintdieinfo\/?s={search_term_string}"},"query-input":"required name=search_term_string"}],"inLanguage":"fr-FR"},{"@type":"Organization","@id":"https:\/\/vosgesinfo.fr\/saintdieinfo\/#organization","name":"Saint Die Info","url":"https:\/\/vosgesinfo.fr\/saintdieinfo\/","logo":{"@type":"ImageObject","inLanguage":"fr-FR","@id":"https:\/\/vosgesinfo.fr\/saintdieinfo\/#\/schema\/logo\/image\/","url":"https:\/\/vosgesinfo.fr\/app\/uploads\/sites\/4\/2024\/02\/logo-sdi.jpg","contentUrl":"https:\/\/vosgesinfo.fr\/app\/uploads\/sites\/4\/2024\/02\/logo-sdi.jpg","width":600,"height":600,"caption":"Saint Die Info"},"image":{"@id":"https:\/\/vosgesinfo.fr\/saintdieinfo\/#\/schema\/logo\/image\/"},"sameAs":["https:\/\/www.facebook.com\/Saintdieinfofr","https:\/\/x.com\/VosgesInfo88","https:\/\/www.youtube.com\/@vosgesinfo"]},{"@type":"Person","@id":"https:\/\/vosgesinfo.fr\/saintdieinfo\/#\/schema\/person\/faee6704a21f3977511db84bd1cd450f","name":"la r\u00e9daction","image":{"@type":"ImageObject","inLanguage":"fr-FR","@id":"https:\/\/vosgesinfo.fr\/saintdieinfo\/#\/schema\/person\/image\/","url":"https:\/\/secure.gravatar.com\/avatar\/6673d8bc6a9c17fa9a453eaa3448de834fa308c2ec9635b7aa99441a7c8d2cf6?s=96&d=mm&r=g","contentUrl":"https:\/\/secure.gravatar.com\/avatar\/6673d8bc6a9c17fa9a453eaa3448de834fa308c2ec9635b7aa99441a7c8d2cf6?s=96&d=mm&r=g","caption":"la r\u00e9daction"},"url":"https:\/\/vosgesinfo.fr\/saintdieinfo\/author\/redac\/"}]}},"_links":{"self":[{"href":"https:\/\/vosgesinfo.fr\/saintdieinfo\/wp-json\/wp\/v2\/posts\/43034","targetHints":{"allow":["GET"]}}],"collection":[{"href":"https:\/\/vosgesinfo.fr\/saintdieinfo\/wp-json\/wp\/v2\/posts"}],"about":[{"href":"https:\/\/vosgesinfo.fr\/saintdieinfo\/wp-json\/wp\/v2\/types\/post"}],"author":[{"embeddable":true,"href":"https:\/\/vosgesinfo.fr\/saintdieinfo\/wp-json\/wp\/v2\/users\/44"}],"replies":[{"embeddable":true,"href":"https:\/\/vosgesinfo.fr\/saintdieinfo\/wp-json\/wp\/v2\/comments?post=43034"}],"version-history":[{"count":0,"href":"https:\/\/vosgesinfo.fr\/saintdieinfo\/wp-json\/wp\/v2\/posts\/43034\/revisions"}],"wp:featuredmedia":[{"embeddable":true,"href":"https:\/\/vosgesinfo.fr\/saintdieinfo\/wp-json\/wp\/v2\/media\/43035"}],"wp:attachment":[{"href":"https:\/\/vosgesinfo.fr\/saintdieinfo\/wp-json\/wp\/v2\/media?parent=43034"}],"wp:term":[{"taxonomy":"category","embeddable":true,"href":"https:\/\/vosgesinfo.fr\/saintdieinfo\/wp-json\/wp\/v2\/categories?post=43034"},{"taxonomy":"post_tag","embeddable":true,"href":"https:\/\/vosgesinfo.fr\/saintdieinfo\/wp-json\/wp\/v2\/tags?post=43034"}],"curies":[{"name":"wp","href":"https:\/\/api.w.org\/{rel}","templated":true}]}}