{"id":43097,"date":"2021-09-12T20:38:56","date_gmt":"2021-09-12T18:38:56","guid":{"rendered":"https:\/\/vosgesinfo.fr\/saintdieinfo\/2021\/09\/66eme-rallye-de-lorraine-william-wagner-simpose-a-nouveau\/"},"modified":"2021-09-12T20:38:56","modified_gmt":"2021-09-12T18:38:56","slug":"66eme-rallye-de-lorraine-william-wagner-simpose-a-nouveau","status":"publish","type":"post","link":"https:\/\/vosgesinfo.fr\/saintdieinfo\/2021\/09\/66eme-rallye-de-lorraine-william-wagner-simpose-a-nouveau\/","title":{"rendered":"66\u00e8me Rallye de Lorraine : William Wagner s&rsquo;impose \u00e0 nouveau"},"content":{"rendered":"<h2><iframe loading=\"lazy\" src=\"\/\/www.youtube.com\/embed\/ZoD0Diij74o\" width=\"425\" height=\"350\" allowfullscreen=\"allowfullscreen\"><\/iframe><\/h2>\n<h2><strong><span style=\"font-family: Calibri, sans-serif;\"><span style=\"font-size: large;\">Le 66\u00e8me Rallye de Lorraine s&rsquo;est d\u00e9roul\u00e9 ces samedi et dimanche. Au terme des 10 sp\u00e9ciales du week-end, c&rsquo;est William Wagner (C3 R5) qui s&rsquo;est impos\u00e9 au g\u00e9n\u00e9ral&#8230; d\u00e9crochant ainsi un quatri\u00e8me titre. Le podium de cette \u00e9dition 2021 est compl\u00e9t\u00e9e par, respectivement, Jean-Renaud Marchal (C3 R5) et Alain Vaithuer (Fiesta A8W).<\/span><\/span><\/strong><\/h2>\n<p>J.J.<\/p>\n","protected":false},"excerpt":{"rendered":"<p>Le 66\u00e8me Rallye de Lorraine s&rsquo;est d\u00e9roul\u00e9 ces samedi et dimanche. Au terme des 10 sp\u00e9ciales du week-end, c&rsquo;est William [&hellip;]<\/p>\n","protected":false},"author":44,"featured_media":43098,"comment_status":"open","ping_status":"open","sticky":false,"template":"","format":"standard","meta":{"footnotes":""},"categories":[460,14,18],"tags":[8765,8766,8768,8824],"class_list":["post-43097","post","type-post","status-publish","format-standard","has-post-thumbnail","hentry","category-a-la-une","category-sport","category-vosges","tag-66eme-rallye-de-lorraine","tag-asac-lorrain","tag-rallye-de-lorraine","tag-william-wagner"],"acf":[],"yoast_head":"<!-- This site is optimized with the Yoast SEO plugin v22.5 - https:\/\/yoast.com\/wordpress\/plugins\/seo\/ -->\n<title>66\u00e8me Rallye de Lorraine : William Wagner s&#039;impose \u00e0 nouveau - Saint Die Info<\/title>\n<meta name=\"robots\" content=\"index, follow, max-snippet:-1, max-image-preview:large, max-video-preview:-1\" \/>\n<link rel=\"canonical\" href=\"https:\/\/vosgesinfo.fr\/saintdieinfo\/2021\/09\/66eme-rallye-de-lorraine-william-wagner-simpose-a-nouveau\/\" \/>\n<meta name=\"twitter:card\" content=\"summary_large_image\" \/>\n<meta name=\"twitter:title\" content=\"66\u00e8me Rallye de Lorraine : William Wagner s&#039;impose \u00e0 nouveau - Saint Die Info\" \/>\n<meta name=\"twitter:description\" content=\"Le 66\u00e8me Rallye de Lorraine s&rsquo;est d\u00e9roul\u00e9 ces samedi et dimanche. Au terme des 10 sp\u00e9ciales du week-end, c&rsquo;est William [&hellip;]\" \/>\n<meta name=\"twitter:image\" content=\"https:\/\/vosgesinfo.fr\/app\/uploads\/sites\/4\/2024\/08\/20210966eme-rallye-lorraine-william-wagner.jpg\" \/>\n<meta name=\"twitter:creator\" content=\"@VosgesInfo88\" \/>\n<meta name=\"twitter:site\" content=\"@VosgesInfo88\" \/>\n<meta name=\"twitter:label1\" content=\"\u00c9crit par\" \/>\n\t<meta name=\"twitter:data1\" content=\"la r\u00e9daction\" \/>\n<script type=\"application\/ld+json\" class=\"yoast-schema-graph\">{\"@context\":\"https:\/\/schema.org\",\"@graph\":[{\"@type\":\"Article\",\"@id\":\"https:\/\/vosgesinfo.fr\/saintdieinfo\/2021\/09\/66eme-rallye-de-lorraine-william-wagner-simpose-a-nouveau\/#article\",\"isPartOf\":{\"@id\":\"https:\/\/vosgesinfo.fr\/saintdieinfo\/2021\/09\/66eme-rallye-de-lorraine-william-wagner-simpose-a-nouveau\/\"},\"author\":{\"name\":\"la r\u00e9daction\",\"@id\":\"https:\/\/vosgesinfo.fr\/saintdieinfo\/#\/schema\/person\/faee6704a21f3977511db84bd1cd450f\"},\"headline\":\"66\u00e8me Rallye de Lorraine : William Wagner s&rsquo;impose \u00e0 nouveau\",\"datePublished\":\"2021-09-12T18:38:56+00:00\",\"dateModified\":\"2021-09-12T18:38:56+00:00\",\"mainEntityOfPage\":{\"@id\":\"https:\/\/vosgesinfo.fr\/saintdieinfo\/2021\/09\/66eme-rallye-de-lorraine-william-wagner-simpose-a-nouveau\/\"},\"wordCount\":73,\"commentCount\":0,\"publisher\":{\"@id\":\"https:\/\/vosgesinfo.fr\/saintdieinfo\/#organization\"},\"image\":{\"@id\":\"https:\/\/vosgesinfo.fr\/saintdieinfo\/2021\/09\/66eme-rallye-de-lorraine-william-wagner-simpose-a-nouveau\/#primaryimage\"},\"thumbnailUrl\":\"https:\/\/vosgesinfo.fr\/app\/uploads\/sites\/4\/2024\/08\/20210966eme-rallye-lorraine-william-wagner.jpg\",\"keywords\":[\"66\u00e8me Rallye de Lorraine\",\"ASAC Lorrain\",\"Rallye de Lorraine\",\"William Wagner\"],\"articleSection\":[\"A la Une\",\"Sport\",\"Vosges\"],\"inLanguage\":\"fr-FR\",\"potentialAction\":[{\"@type\":\"CommentAction\",\"name\":\"Comment\",\"target\":[\"https:\/\/vosgesinfo.fr\/saintdieinfo\/2021\/09\/66eme-rallye-de-lorraine-william-wagner-simpose-a-nouveau\/#respond\"]}]},{\"@type\":\"WebPage\",\"@id\":\"https:\/\/vosgesinfo.fr\/saintdieinfo\/2021\/09\/66eme-rallye-de-lorraine-william-wagner-simpose-a-nouveau\/\",\"url\":\"https:\/\/vosgesinfo.fr\/saintdieinfo\/2021\/09\/66eme-rallye-de-lorraine-william-wagner-simpose-a-nouveau\/\",\"name\":\"66\u00e8me Rallye de Lorraine : William Wagner s'impose \u00e0 nouveau - Saint Die Info\",\"isPartOf\":{\"@id\":\"https:\/\/vosgesinfo.fr\/saintdieinfo\/#website\"},\"primaryImageOfPage\":{\"@id\":\"https:\/\/vosgesinfo.fr\/saintdieinfo\/2021\/09\/66eme-rallye-de-lorraine-william-wagner-simpose-a-nouveau\/#primaryimage\"},\"image\":{\"@id\":\"https:\/\/vosgesinfo.fr\/saintdieinfo\/2021\/09\/66eme-rallye-de-lorraine-william-wagner-simpose-a-nouveau\/#primaryimage\"},\"thumbnailUrl\":\"https:\/\/vosgesinfo.fr\/app\/uploads\/sites\/4\/2024\/08\/20210966eme-rallye-lorraine-william-wagner.jpg\",\"datePublished\":\"2021-09-12T18:38:56+00:00\",\"dateModified\":\"2021-09-12T18:38:56+00:00\",\"breadcrumb\":{\"@id\":\"https:\/\/vosgesinfo.fr\/saintdieinfo\/2021\/09\/66eme-rallye-de-lorraine-william-wagner-simpose-a-nouveau\/#breadcrumb\"},\"inLanguage\":\"fr-FR\",\"potentialAction\":[{\"@type\":\"ReadAction\",\"target\":[\"https:\/\/vosgesinfo.fr\/saintdieinfo\/2021\/09\/66eme-rallye-de-lorraine-william-wagner-simpose-a-nouveau\/\"]}]},{\"@type\":\"ImageObject\",\"inLanguage\":\"fr-FR\",\"@id\":\"https:\/\/vosgesinfo.fr\/saintdieinfo\/2021\/09\/66eme-rallye-de-lorraine-william-wagner-simpose-a-nouveau\/#primaryimage\",\"url\":\"https:\/\/vosgesinfo.fr\/app\/uploads\/sites\/4\/2024\/08\/20210966eme-rallye-lorraine-william-wagner.jpg\",\"contentUrl\":\"https:\/\/vosgesinfo.fr\/app\/uploads\/sites\/4\/2024\/08\/20210966eme-rallye-lorraine-william-wagner.jpg\",\"width\":800,\"height\":460},{\"@type\":\"BreadcrumbList\",\"@id\":\"https:\/\/vosgesinfo.fr\/saintdieinfo\/2021\/09\/66eme-rallye-de-lorraine-william-wagner-simpose-a-nouveau\/#breadcrumb\",\"itemListElement\":[{\"@type\":\"ListItem\",\"position\":1,\"name\":\"Home\",\"item\":\"https:\/\/vosgesinfo.fr\/saintdieinfo\/\"},{\"@type\":\"ListItem\",\"position\":2,\"name\":\"66\u00e8me Rallye de Lorraine : William Wagner s&rsquo;impose \u00e0 nouveau\"}]},{\"@type\":\"WebSite\",\"@id\":\"https:\/\/vosgesinfo.fr\/saintdieinfo\/#website\",\"url\":\"https:\/\/vosgesinfo.fr\/saintdieinfo\/\",\"name\":\"Saint Die Info\",\"description\":\"Toute l&#039;actualit\u00e9 de Saint-Di\u00e9-Des-Vosges\",\"publisher\":{\"@id\":\"https:\/\/vosgesinfo.fr\/saintdieinfo\/#organization\"},\"alternateName\":\"Toute l'actualit\u00e9 de Saint-Di\u00e9-Des-Vosges\",\"potentialAction\":[{\"@type\":\"SearchAction\",\"target\":{\"@type\":\"EntryPoint\",\"urlTemplate\":\"https:\/\/vosgesinfo.fr\/saintdieinfo\/?s={search_term_string}\"},\"query-input\":\"required name=search_term_string\"}],\"inLanguage\":\"fr-FR\"},{\"@type\":\"Organization\",\"@id\":\"https:\/\/vosgesinfo.fr\/saintdieinfo\/#organization\",\"name\":\"Saint Die Info\",\"url\":\"https:\/\/vosgesinfo.fr\/saintdieinfo\/\",\"logo\":{\"@type\":\"ImageObject\",\"inLanguage\":\"fr-FR\",\"@id\":\"https:\/\/vosgesinfo.fr\/saintdieinfo\/#\/schema\/logo\/image\/\",\"url\":\"https:\/\/vosgesinfo.fr\/app\/uploads\/sites\/4\/2024\/02\/logo-sdi.jpg\",\"contentUrl\":\"https:\/\/vosgesinfo.fr\/app\/uploads\/sites\/4\/2024\/02\/logo-sdi.jpg\",\"width\":600,\"height\":600,\"caption\":\"Saint Die Info\"},\"image\":{\"@id\":\"https:\/\/vosgesinfo.fr\/saintdieinfo\/#\/schema\/logo\/image\/\"},\"sameAs\":[\"https:\/\/www.facebook.com\/Saintdieinfofr\",\"https:\/\/x.com\/VosgesInfo88\",\"https:\/\/www.youtube.com\/@vosgesinfo\"]},{\"@type\":\"Person\",\"@id\":\"https:\/\/vosgesinfo.fr\/saintdieinfo\/#\/schema\/person\/faee6704a21f3977511db84bd1cd450f\",\"name\":\"la r\u00e9daction\",\"image\":{\"@type\":\"ImageObject\",\"inLanguage\":\"fr-FR\",\"@id\":\"https:\/\/vosgesinfo.fr\/saintdieinfo\/#\/schema\/person\/image\/\",\"url\":\"https:\/\/secure.gravatar.com\/avatar\/6673d8bc6a9c17fa9a453eaa3448de834fa308c2ec9635b7aa99441a7c8d2cf6?s=96&d=mm&r=g\",\"contentUrl\":\"https:\/\/secure.gravatar.com\/avatar\/6673d8bc6a9c17fa9a453eaa3448de834fa308c2ec9635b7aa99441a7c8d2cf6?s=96&d=mm&r=g\",\"caption\":\"la r\u00e9daction\"},\"url\":\"https:\/\/vosgesinfo.fr\/saintdieinfo\/author\/redac\/\"}]}<\/script>\n<!-- \/ Yoast SEO plugin. -->","yoast_head_json":{"title":"66\u00e8me Rallye de Lorraine : William Wagner s'impose \u00e0 nouveau - Saint Die Info","robots":{"index":"index","follow":"follow","max-snippet":"max-snippet:-1","max-image-preview":"max-image-preview:large","max-video-preview":"max-video-preview:-1"},"canonical":"https:\/\/vosgesinfo.fr\/saintdieinfo\/2021\/09\/66eme-rallye-de-lorraine-william-wagner-simpose-a-nouveau\/","twitter_card":"summary_large_image","twitter_title":"66\u00e8me Rallye de Lorraine : William Wagner s'impose \u00e0 nouveau - Saint Die Info","twitter_description":"Le 66\u00e8me Rallye de Lorraine s&rsquo;est d\u00e9roul\u00e9 ces samedi et dimanche. Au terme des 10 sp\u00e9ciales du week-end, c&rsquo;est William [&hellip;]","twitter_image":"https:\/\/vosgesinfo.fr\/app\/uploads\/sites\/4\/2024\/08\/20210966eme-rallye-lorraine-william-wagner.jpg","twitter_creator":"@VosgesInfo88","twitter_site":"@VosgesInfo88","twitter_misc":{"\u00c9crit par":"la r\u00e9daction"},"schema":{"@context":"https:\/\/schema.org","@graph":[{"@type":"Article","@id":"https:\/\/vosgesinfo.fr\/saintdieinfo\/2021\/09\/66eme-rallye-de-lorraine-william-wagner-simpose-a-nouveau\/#article","isPartOf":{"@id":"https:\/\/vosgesinfo.fr\/saintdieinfo\/2021\/09\/66eme-rallye-de-lorraine-william-wagner-simpose-a-nouveau\/"},"author":{"name":"la r\u00e9daction","@id":"https:\/\/vosgesinfo.fr\/saintdieinfo\/#\/schema\/person\/faee6704a21f3977511db84bd1cd450f"},"headline":"66\u00e8me Rallye de Lorraine : William Wagner s&rsquo;impose \u00e0 nouveau","datePublished":"2021-09-12T18:38:56+00:00","dateModified":"2021-09-12T18:38:56+00:00","mainEntityOfPage":{"@id":"https:\/\/vosgesinfo.fr\/saintdieinfo\/2021\/09\/66eme-rallye-de-lorraine-william-wagner-simpose-a-nouveau\/"},"wordCount":73,"commentCount":0,"publisher":{"@id":"https:\/\/vosgesinfo.fr\/saintdieinfo\/#organization"},"image":{"@id":"https:\/\/vosgesinfo.fr\/saintdieinfo\/2021\/09\/66eme-rallye-de-lorraine-william-wagner-simpose-a-nouveau\/#primaryimage"},"thumbnailUrl":"https:\/\/vosgesinfo.fr\/app\/uploads\/sites\/4\/2024\/08\/20210966eme-rallye-lorraine-william-wagner.jpg","keywords":["66\u00e8me Rallye de Lorraine","ASAC Lorrain","Rallye de Lorraine","William Wagner"],"articleSection":["A la Une","Sport","Vosges"],"inLanguage":"fr-FR","potentialAction":[{"@type":"CommentAction","name":"Comment","target":["https:\/\/vosgesinfo.fr\/saintdieinfo\/2021\/09\/66eme-rallye-de-lorraine-william-wagner-simpose-a-nouveau\/#respond"]}]},{"@type":"WebPage","@id":"https:\/\/vosgesinfo.fr\/saintdieinfo\/2021\/09\/66eme-rallye-de-lorraine-william-wagner-simpose-a-nouveau\/","url":"https:\/\/vosgesinfo.fr\/saintdieinfo\/2021\/09\/66eme-rallye-de-lorraine-william-wagner-simpose-a-nouveau\/","name":"66\u00e8me Rallye de Lorraine : William Wagner s'impose \u00e0 nouveau - Saint Die Info","isPartOf":{"@id":"https:\/\/vosgesinfo.fr\/saintdieinfo\/#website"},"primaryImageOfPage":{"@id":"https:\/\/vosgesinfo.fr\/saintdieinfo\/2021\/09\/66eme-rallye-de-lorraine-william-wagner-simpose-a-nouveau\/#primaryimage"},"image":{"@id":"https:\/\/vosgesinfo.fr\/saintdieinfo\/2021\/09\/66eme-rallye-de-lorraine-william-wagner-simpose-a-nouveau\/#primaryimage"},"thumbnailUrl":"https:\/\/vosgesinfo.fr\/app\/uploads\/sites\/4\/2024\/08\/20210966eme-rallye-lorraine-william-wagner.jpg","datePublished":"2021-09-12T18:38:56+00:00","dateModified":"2021-09-12T18:38:56+00:00","breadcrumb":{"@id":"https:\/\/vosgesinfo.fr\/saintdieinfo\/2021\/09\/66eme-rallye-de-lorraine-william-wagner-simpose-a-nouveau\/#breadcrumb"},"inLanguage":"fr-FR","potentialAction":[{"@type":"ReadAction","target":["https:\/\/vosgesinfo.fr\/saintdieinfo\/2021\/09\/66eme-rallye-de-lorraine-william-wagner-simpose-a-nouveau\/"]}]},{"@type":"ImageObject","inLanguage":"fr-FR","@id":"https:\/\/vosgesinfo.fr\/saintdieinfo\/2021\/09\/66eme-rallye-de-lorraine-william-wagner-simpose-a-nouveau\/#primaryimage","url":"https:\/\/vosgesinfo.fr\/app\/uploads\/sites\/4\/2024\/08\/20210966eme-rallye-lorraine-william-wagner.jpg","contentUrl":"https:\/\/vosgesinfo.fr\/app\/uploads\/sites\/4\/2024\/08\/20210966eme-rallye-lorraine-william-wagner.jpg","width":800,"height":460},{"@type":"BreadcrumbList","@id":"https:\/\/vosgesinfo.fr\/saintdieinfo\/2021\/09\/66eme-rallye-de-lorraine-william-wagner-simpose-a-nouveau\/#breadcrumb","itemListElement":[{"@type":"ListItem","position":1,"name":"Home","item":"https:\/\/vosgesinfo.fr\/saintdieinfo\/"},{"@type":"ListItem","position":2,"name":"66\u00e8me Rallye de Lorraine : William Wagner s&rsquo;impose \u00e0 nouveau"}]},{"@type":"WebSite","@id":"https:\/\/vosgesinfo.fr\/saintdieinfo\/#website","url":"https:\/\/vosgesinfo.fr\/saintdieinfo\/","name":"Saint Die Info","description":"Toute l&#039;actualit\u00e9 de Saint-Di\u00e9-Des-Vosges","publisher":{"@id":"https:\/\/vosgesinfo.fr\/saintdieinfo\/#organization"},"alternateName":"Toute l'actualit\u00e9 de Saint-Di\u00e9-Des-Vosges","potentialAction":[{"@type":"SearchAction","target":{"@type":"EntryPoint","urlTemplate":"https:\/\/vosgesinfo.fr\/saintdieinfo\/?s={search_term_string}"},"query-input":"required name=search_term_string"}],"inLanguage":"fr-FR"},{"@type":"Organization","@id":"https:\/\/vosgesinfo.fr\/saintdieinfo\/#organization","name":"Saint Die Info","url":"https:\/\/vosgesinfo.fr\/saintdieinfo\/","logo":{"@type":"ImageObject","inLanguage":"fr-FR","@id":"https:\/\/vosgesinfo.fr\/saintdieinfo\/#\/schema\/logo\/image\/","url":"https:\/\/vosgesinfo.fr\/app\/uploads\/sites\/4\/2024\/02\/logo-sdi.jpg","contentUrl":"https:\/\/vosgesinfo.fr\/app\/uploads\/sites\/4\/2024\/02\/logo-sdi.jpg","width":600,"height":600,"caption":"Saint Die Info"},"image":{"@id":"https:\/\/vosgesinfo.fr\/saintdieinfo\/#\/schema\/logo\/image\/"},"sameAs":["https:\/\/www.facebook.com\/Saintdieinfofr","https:\/\/x.com\/VosgesInfo88","https:\/\/www.youtube.com\/@vosgesinfo"]},{"@type":"Person","@id":"https:\/\/vosgesinfo.fr\/saintdieinfo\/#\/schema\/person\/faee6704a21f3977511db84bd1cd450f","name":"la r\u00e9daction","image":{"@type":"ImageObject","inLanguage":"fr-FR","@id":"https:\/\/vosgesinfo.fr\/saintdieinfo\/#\/schema\/person\/image\/","url":"https:\/\/secure.gravatar.com\/avatar\/6673d8bc6a9c17fa9a453eaa3448de834fa308c2ec9635b7aa99441a7c8d2cf6?s=96&d=mm&r=g","contentUrl":"https:\/\/secure.gravatar.com\/avatar\/6673d8bc6a9c17fa9a453eaa3448de834fa308c2ec9635b7aa99441a7c8d2cf6?s=96&d=mm&r=g","caption":"la r\u00e9daction"},"url":"https:\/\/vosgesinfo.fr\/saintdieinfo\/author\/redac\/"}]}},"_links":{"self":[{"href":"https:\/\/vosgesinfo.fr\/saintdieinfo\/wp-json\/wp\/v2\/posts\/43097","targetHints":{"allow":["GET"]}}],"collection":[{"href":"https:\/\/vosgesinfo.fr\/saintdieinfo\/wp-json\/wp\/v2\/posts"}],"about":[{"href":"https:\/\/vosgesinfo.fr\/saintdieinfo\/wp-json\/wp\/v2\/types\/post"}],"author":[{"embeddable":true,"href":"https:\/\/vosgesinfo.fr\/saintdieinfo\/wp-json\/wp\/v2\/users\/44"}],"replies":[{"embeddable":true,"href":"https:\/\/vosgesinfo.fr\/saintdieinfo\/wp-json\/wp\/v2\/comments?post=43097"}],"version-history":[{"count":0,"href":"https:\/\/vosgesinfo.fr\/saintdieinfo\/wp-json\/wp\/v2\/posts\/43097\/revisions"}],"wp:featuredmedia":[{"embeddable":true,"href":"https:\/\/vosgesinfo.fr\/saintdieinfo\/wp-json\/wp\/v2\/media\/43098"}],"wp:attachment":[{"href":"https:\/\/vosgesinfo.fr\/saintdieinfo\/wp-json\/wp\/v2\/media?parent=43097"}],"wp:term":[{"taxonomy":"category","embeddable":true,"href":"https:\/\/vosgesinfo.fr\/saintdieinfo\/wp-json\/wp\/v2\/categories?post=43097"},{"taxonomy":"post_tag","embeddable":true,"href":"https:\/\/vosgesinfo.fr\/saintdieinfo\/wp-json\/wp\/v2\/tags?post=43097"}],"curies":[{"name":"wp","href":"https:\/\/api.w.org\/{rel}","templated":true}]}}