{"id":43295,"date":"2021-09-18T15:22:15","date_gmt":"2021-09-18T13:22:15","guid":{"rendered":"https:\/\/vosgesinfo.fr\/saintdieinfo\/2021\/09\/72eme-concours-floral-communal-de-saint-die-vosges-a-laureats\/"},"modified":"2021-09-18T15:22:15","modified_gmt":"2021-09-18T13:22:15","slug":"72eme-concours-floral-communal-de-saint-die-vosges-a-laureats","status":"publish","type":"post","link":"https:\/\/vosgesinfo.fr\/saintdieinfo\/2021\/09\/72eme-concours-floral-communal-de-saint-die-vosges-a-laureats\/","title":{"rendered":"Le 72\u00e8me concours floral communal de Saint-Di\u00e9-des-Vosges a ses laur\u00e9ats"},"content":{"rendered":"\n<h2><span style=\"font-size: 14pt;\"><strong><span style=\"font-family: Calibri, sans-serif;\"><span lang=\"fr-FR\">Un peu plus de 2 mois apr\u00e8s la tourn\u00e9e du jury (<a href=\"https:\/\/saintdieinfo.fr\/2021\/07\/jury-72eme-concours-floral-communal-de-saint-die-vosges-a-tournee-devaluation\/\" target=\"_blank\" rel=\"noopener\">lire notre article<\/a>), l<\/span>es laur\u00e9ats du 72\u00e8me concours floral communal de Saint-Di\u00e9-des-Vosges ont <span lang=\"fr-FR\">re\u00e7u leurs prix des mains du maire David Valence, lors d&rsquo;une c\u00e9r\u00e9monie qui s&rsquo;est tenue \u00e0 l&rsquo;Espace Fran\u00e7ois-Mitterrand ce samedi matin.<\/span><\/span><\/strong><\/span><\/h2>\n<p><!--more--><\/p>\n<p lang=\"fr-FR\"><span style=\"font-family: Calibri, sans-serif;\"><span style=\"font-size: large;\">Cette ann\u00e9e, l&rsquo;accent s&rsquo;est port\u00e9 sur les d\u00e9marches en mati\u00e8re de biodiversit\u00e9 et de protection de l&rsquo;environnement. Que ce soit la pr\u00e9sence de mat\u00e9riel d\u00e9montrant une d\u00e9marche \u00e9cologique (r\u00e9cup\u00e9rateurs d&rsquo;eau de pluie, h\u00f4tels \u00e0 insectes, etc.), ou par le choix du fleurissement (vivaces, plantes potag\u00e8res, etc.). Ces petits \u00ab\u00a0plus\u00a0\u00bb ayant pu faire la diff\u00e9rence lors de la notation du jury.<\/span><\/span><\/p>\n<p lang=\"fr-FR\"><span style=\"font-family: Calibri, sans-serif;\"><span style=\"font-size: large;\">36 participants \u00e9taient en lice pour cette 72\u00e8me \u00e9dition, avec respectivement 19 inscrits pour la cat\u00e9gorie \u00ab\u00a0Maisons\u00a0\u00bb et 17 pour la cat\u00e9gorie \u00ab\u00a0Balcons\u00a0\u00bb. Parmi eux, 6 sont les heureux laur\u00e9ats des prix exceptionnels, qui s&rsquo;accompagnent de ch\u00e8ques-cadeaux \u00ab\u00a0Cad&rsquo;UDAC\u00a0\u00bb. Des ch\u00e8ques de montants allant de 70 euros, pour le troisi\u00e8me prix exceptionnel de la cat\u00e9gorie \u00ab\u00a0Balons\u00a0\u00bb, \u00e0 400 euros pour le premier prix exceptionnel de la cat\u00e9gorie \u00ab\u00a0Maisons\u00a0\u00bb. Ils ont \u00e9galement re\u00e7u un dipl\u00f4me ainsi qu&rsquo;une plante offerte par des fleuristes d\u00e9odatiens, comme l&rsquo;ensemble des 3 premiers laur\u00e9ats des autres prix.<\/span><\/span><\/p>\n<h3><strong><span style=\"font-family: Calibri, sans-serif;\"><span style=\"font-size: large;\">Retrouvez ci-dessous la liste de l\u2019ensemble des laur\u00e9ats de la <span lang=\"fr-FR\">72\u00e8me<\/span> \u00e9dition du concours floral communal de Saint-Di\u00e9-des-Vosges :<\/span><\/span><\/strong><\/h3>\n<p><span style=\"font-family: Calibri, sans-serif;\"><span style=\"font-size: large;\">&#8211;<\/span><\/span><\/p>\n<h3><strong><span style=\"font-family: Calibri, sans-serif;\"><span style=\"font-size: large;\">Cat\u00e9gorie \u00ab Maisons \u00bb<\/span><\/span><\/strong><\/h3>\n<div id=\"attachment_172024\" style=\"width: 810px\" class=\"wp-caption aligncenter\"><a href=\"\/2021\/09\/Gilbert-TIHAY-1er-prix-exceptionnel-Maisons.jpg\" target=\"_blank\" rel=\"noopener\"><img decoding=\"async\" aria-describedby=\"caption-attachment-172024\" class=\"wp-image-172024 size-full\" src=\"\/2021\/09\/Gilbert-TIHAY-1er-prix-exceptionnel-Maisons.jpg\" alt=\"Gilbert TIHAY 1er prix exceptionnel Maisons\" width=\"800\" height=\"600\" \/><\/a><p id=\"caption-attachment-172024\" class=\"wp-caption-text\">Gilbert Tihay, premier prix exceptionnel de la cat\u00e9gorie \u00ab\u00a0Maisons\u00a0\u00bb.<\/p><\/div>\n<ul>\n<li><span style=\"font-family: Calibri, sans-serif;\"><span style=\"font-size: large;\"><strong>Prix exceptionnels :<\/strong> <\/span><\/span><\/li>\n<\/ul>\n<ol>\n<ol>\n<li><span style=\"font-family: Calibri, sans-serif;\"><span style=\"font-size: large;\">Gilbert Tihay \u2013 400 euros; <\/span><\/span><\/li>\n<li><span style=\"font-family: Calibri, sans-serif;\"><span style=\"font-size: large;\">Christian Morlot \u2013 250 euros; <\/span><\/span><\/li>\n<li><span style=\"font-family: Calibri, sans-serif;\"><span style=\"font-size: large;\">Nadine Mathis \u2013 150 euros. <\/span><\/span><\/li>\n<\/ol>\n<\/ol>\n<ul>\n<li><strong><span style=\"font-family: Calibri, sans-serif;\"><span style=\"font-size: large;\">Grand Prix de s\u00e9lection : <\/span><\/span><\/strong><\/li>\n<\/ul>\n<ol>\n<ol>\n<li><span style=\"font-family: Calibri, sans-serif;\"><span style=\"font-size: large;\">No\u00ebl Gaxotte;<\/span><\/span><\/li>\n<li><span style=\"font-family: Calibri, sans-serif;\"><span style=\"font-size: large;\">Dani\u00e8le Meltz-G\u00e9rard;<\/span><\/span><\/li>\n<li><span style=\"font-family: Calibri, sans-serif;\"><span style=\"font-size: large;\">Chantal Kopp;<\/span><\/span><\/li>\n<li><span style=\"font-family: Calibri, sans-serif;\"><span style=\"font-size: large;\">Corinne Gros;<\/span><\/span><\/li>\n<\/ol>\n<\/ol>\n<ul>\n<li><strong><span style=\"font-family: Calibri, sans-serif;\"><span style=\"font-size: large;\">Prix de s\u00e9lection : <\/span><\/span><\/strong><\/li>\n<\/ul>\n<ol>\n<ol>\n<li><span style=\"font-family: Calibri, sans-serif;\"><span style=\"font-size: large;\">Jacqueline Rayot-Rittre;<\/span><\/span><\/li>\n<li><span style=\"font-family: Calibri, sans-serif;\"><span style=\"font-size: large;\">Danielle Vanner;<\/span><\/span><\/li>\n<li><span style=\"font-family: Calibri, sans-serif;\"><span style=\"font-size: large;\">Jo\u00eblle Bernard;<\/span><\/span><\/li>\n<li><span style=\"font-family: Calibri, sans-serif;\"><span style=\"font-size: large;\">Yvette Dalle;<\/span><\/span><\/li>\n<li><span style=\"font-family: Calibri, sans-serif;\"><span style=\"font-size: large;\">Roger Binda.<\/span><\/span><\/li>\n<\/ol>\n<\/ol>\n<ul>\n<li><strong><span style=\"font-family: Calibri, sans-serif;\"><span style=\"font-size: large;\">Prix premi\u00e8re s\u00e9rie : <\/span><\/span><\/strong><\/li>\n<\/ul>\n<ol>\n<ol>\n<li><span style=\"font-family: Calibri, sans-serif;\"><span style=\"font-size: large;\">Andr\u00e9e Riotte;<\/span><\/span><\/li>\n<li><span style=\"font-family: Calibri, sans-serif;\"><span style=\"font-size: large;\">Val\u00e9rie Rolacher;<\/span><\/span><\/li>\n<li><span style=\"font-family: Calibri, sans-serif;\"><span style=\"font-size: large;\">Fran\u00e7ois Kerpen;<\/span><\/span><\/li>\n<li><span style=\"font-family: Calibri, sans-serif;\"><span style=\"font-size: large;\">Georgia Schmitt.<\/span><\/span><\/li>\n<\/ol>\n<\/ol>\n<ul>\n<li><strong><span style=\"font-family: Calibri, sans-serif;\"><span style=\"font-size: large;\">Prix deuxi\u00e8me s\u00e9rie : <\/span><\/span><\/strong><\/li>\n<\/ul>\n<ol>\n<ol>\n<li><span style=\"font-family: Calibri, sans-serif;\"><span style=\"font-size: large;\">Christine Ferry;<\/span><\/span><\/li>\n<li><span style=\"font-family: Calibri, sans-serif;\"><span style=\"font-size: large;\">Brigitte Storrer;<\/span><\/span><\/li>\n<li><span style=\"font-family: Calibri, sans-serif;\"><span style=\"font-size: large;\">Marie-Evelyne Desevaux.<\/span><\/span><\/li>\n<\/ol>\n<\/ol>\n<p>\u2013<\/p>\n<h3><strong><span style=\"font-family: Calibri, sans-serif;\"><span style=\"font-size: large;\">Cat\u00e9gorie \u00ab Balcons \u00bb<\/span><\/span><\/strong><\/h3>\n<div id=\"attachment_172023\" style=\"width: 810px\" class=\"wp-caption aligncenter\"><a href=\"\/2021\/09\/France-GODEL-1er-prix-exceptionnel-Balcons.jpg\" target=\"_blank\" rel=\"noopener\"><img decoding=\"async\" aria-describedby=\"caption-attachment-172023\" class=\"wp-image-172023 size-full\" src=\"\/2021\/09\/France-GODEL-1er-prix-exceptionnel-Balcons.jpg\" alt=\"France GODEL 1er prix exceptionnel Balcons\" width=\"800\" height=\"534\" \/><\/a><p id=\"caption-attachment-172023\" class=\"wp-caption-text\">France Godel, premier prix exceptionnel pour la cat\u00e9gorie \u00ab\u00a0Balcons\u00a0\u00bb.<\/p><\/div>\n<ul>\n<li><strong><span style=\"font-family: Calibri, sans-serif;\"><span style=\"font-size: large;\">Prix exceptionnels : <\/span><\/span><\/strong><\/li>\n<\/ul>\n<ol>\n<ol>\n<li><span style=\"font-family: Calibri, sans-serif;\"><span style=\"font-size: large;\">France Godel \u2013 200 euros;<\/span><\/span><\/li>\n<li><span style=\"font-family: Calibri, sans-serif;\"><span style=\"font-size: large;\">Josette Ziegler \u2013 120 euros;<\/span><\/span><\/li>\n<li><span style=\"font-family: Calibri, sans-serif;\"><span style=\"font-size: large;\">Jean-Marie Kondratow \u2013 70 euros.<\/span><\/span><\/li>\n<\/ol>\n<\/ol>\n<ul>\n<li><strong><span style=\"font-family: Calibri, sans-serif;\"><span style=\"font-size: large;\">Grand prix de s\u00e9lection : <\/span><\/span><\/strong><\/li>\n<\/ul>\n<ol>\n<ol>\n<li><span style=\"font-family: Calibri, sans-serif;\"><span style=\"font-size: large;\">Jo\u00eblle Ziegler;<\/span><\/span><\/li>\n<li><span style=\"font-family: Calibri, sans-serif;\"><span style=\"font-size: large;\">Jean-Jacques Richard;<\/span><\/span><\/li>\n<li><span style=\"font-family: Calibri, sans-serif;\"><span style=\"font-size: large;\">Emilie Perrot;<\/span><\/span><\/li>\n<li><span style=\"font-family: Calibri, sans-serif;\"><span style=\"font-size: large;\">Ana\u00efs Thomas;<\/span><\/span><\/li>\n<li><span style=\"font-family: Calibri, sans-serif;\"><span style=\"font-size: large;\">Sabine Cuny.<\/span><\/span><\/li>\n<\/ol>\n<\/ol>\n<ul>\n<li><strong><span style=\"font-family: Calibri, sans-serif;\"><span style=\"font-size: large;\">Prix de s\u00e9lection : <\/span><\/span><\/strong><\/li>\n<\/ul>\n<ol>\n<ol>\n<li><span style=\"font-family: Calibri, sans-serif;\"><span style=\"font-size: large;\">St\u00e9phanie Bedez;<\/span><\/span><\/li>\n<li><span style=\"font-family: Calibri, sans-serif;\"><span style=\"font-size: large;\">Dominique Threnli;<\/span><\/span><\/li>\n<li><span style=\"font-family: Calibri, sans-serif;\"><span style=\"font-size: large;\">Ginette Le-Luc;<\/span><\/span><\/li>\n<li><span style=\"font-family: Calibri, sans-serif;\"><span style=\"font-size: large;\">Yolande Caro;<\/span><\/span><\/li>\n<li><span style=\"font-family: Calibri, sans-serif;\"><span style=\"font-size: large;\">Rolande Rouillon;<\/span><\/span><\/li>\n<li><span style=\"font-family: Calibri, sans-serif;\"><span style=\"font-size: large;\">Evelyne Fleurentdidier.<\/span><\/span><\/li>\n<\/ol>\n<\/ol>\n<ul>\n<li><strong><span style=\"font-family: Calibri, sans-serif;\"><span style=\"font-size: large;\">Prix premi\u00e8re s\u00e9rie : <\/span><\/span><\/strong><\/li>\n<\/ul>\n<ol>\n<ol>\n<li><span style=\"font-family: Calibri, sans-serif;\"><span style=\"font-size: large;\">Fran\u00e7ois Roussel;<\/span><\/span><\/li>\n<li><span style=\"font-family: Calibri, sans-serif;\"><span style=\"font-size: large;\">Sylvie Durant;<\/span><\/span><\/li>\n<li><span style=\"font-family: Calibri, sans-serif;\"><span style=\"font-size: large;\">Danielle Antoine.<\/span><\/span><\/li>\n<\/ol>\n<\/ol>\n<p>J.J.<\/p>\n","protected":false},"excerpt":{"rendered":"<p>Un peu plus de 2 mois apr\u00e8s la tourn\u00e9e du jury (lire notre article), les laur\u00e9ats du 72\u00e8me concours floral [&hellip;]<\/p>\n","protected":false},"author":44,"featured_media":43296,"comment_status":"open","ping_status":"open","sticky":false,"template":"","format":"standard","meta":{"footnotes":""},"categories":[460,2915],"tags":[8228,7502,3089,3240],"class_list":["post-43295","post","type-post","status-publish","format-standard","has-post-thumbnail","hentry","category-a-la-une","category-saint-die-son-canton","tag-72eme-concours-floral-communal-de-saint-die-des-vosges","tag-concours-floral-communal","tag-espace-francois-mitterrand","tag-ville-de-saint-die-des-vosges"],"acf":[],"yoast_head":"<!-- This site is optimized with the Yoast SEO plugin v22.5 - https:\/\/yoast.com\/wordpress\/plugins\/seo\/ -->\n<title>Le 72\u00e8me concours floral communal de Saint-Di\u00e9-des-Vosges a ses laur\u00e9ats - Saint Die Info<\/title>\n<meta name=\"robots\" content=\"index, follow, max-snippet:-1, max-image-preview:large, max-video-preview:-1\" \/>\n<link rel=\"canonical\" href=\"https:\/\/vosgesinfo.fr\/saintdieinfo\/2021\/09\/72eme-concours-floral-communal-de-saint-die-vosges-a-laureats\/\" \/>\n<meta name=\"twitter:card\" content=\"summary_large_image\" \/>\n<meta name=\"twitter:title\" content=\"Le 72\u00e8me concours floral communal de Saint-Di\u00e9-des-Vosges a ses laur\u00e9ats - Saint Die Info\" \/>\n<meta name=\"twitter:description\" content=\"Un peu plus de 2 mois apr\u00e8s la tourn\u00e9e du jury (lire notre article), les laur\u00e9ats du 72\u00e8me concours floral [&hellip;]\" \/>\n<meta name=\"twitter:image\" content=\"https:\/\/vosgesinfo.fr\/app\/uploads\/sites\/4\/2024\/08\/202109gilbert-tihay-1er-prix-exceptionnel-maisons.jpg\" \/>\n<meta name=\"twitter:creator\" content=\"@VosgesInfo88\" \/>\n<meta name=\"twitter:site\" content=\"@VosgesInfo88\" \/>\n<meta name=\"twitter:label1\" content=\"\u00c9crit par\" \/>\n\t<meta name=\"twitter:data1\" content=\"la r\u00e9daction\" \/>\n\t<meta name=\"twitter:label2\" content=\"Dur\u00e9e de lecture estim\u00e9e\" \/>\n\t<meta name=\"twitter:data2\" content=\"2 minutes\" \/>\n<script type=\"application\/ld+json\" class=\"yoast-schema-graph\">{\"@context\":\"https:\/\/schema.org\",\"@graph\":[{\"@type\":\"Article\",\"@id\":\"https:\/\/vosgesinfo.fr\/saintdieinfo\/2021\/09\/72eme-concours-floral-communal-de-saint-die-vosges-a-laureats\/#article\",\"isPartOf\":{\"@id\":\"https:\/\/vosgesinfo.fr\/saintdieinfo\/2021\/09\/72eme-concours-floral-communal-de-saint-die-vosges-a-laureats\/\"},\"author\":{\"name\":\"la r\u00e9daction\",\"@id\":\"https:\/\/vosgesinfo.fr\/saintdieinfo\/#\/schema\/person\/faee6704a21f3977511db84bd1cd450f\"},\"headline\":\"Le 72\u00e8me concours floral communal de Saint-Di\u00e9-des-Vosges a ses laur\u00e9ats\",\"datePublished\":\"2021-09-18T13:22:15+00:00\",\"dateModified\":\"2021-09-18T13:22:15+00:00\",\"mainEntityOfPage\":{\"@id\":\"https:\/\/vosgesinfo.fr\/saintdieinfo\/2021\/09\/72eme-concours-floral-communal-de-saint-die-vosges-a-laureats\/\"},\"wordCount\":435,\"commentCount\":0,\"publisher\":{\"@id\":\"https:\/\/vosgesinfo.fr\/saintdieinfo\/#organization\"},\"image\":{\"@id\":\"https:\/\/vosgesinfo.fr\/saintdieinfo\/2021\/09\/72eme-concours-floral-communal-de-saint-die-vosges-a-laureats\/#primaryimage\"},\"thumbnailUrl\":\"https:\/\/vosgesinfo.fr\/app\/uploads\/sites\/4\/2024\/08\/202109gilbert-tihay-1er-prix-exceptionnel-maisons.jpg\",\"keywords\":[\"72\u00e8me Concours Floral Communal de Saint-Di\u00e9-des-Vosges\",\"Concours floral communal\",\"Espace Fran\u00e7ois-Mitterrand\",\"Ville de Saint-Di\u00e9-des-Vosges\"],\"articleSection\":[\"A la Une\",\"Saint-Di\u00e9-des-Vosges et son Agglom\u00e9ration\"],\"inLanguage\":\"fr-FR\",\"potentialAction\":[{\"@type\":\"CommentAction\",\"name\":\"Comment\",\"target\":[\"https:\/\/vosgesinfo.fr\/saintdieinfo\/2021\/09\/72eme-concours-floral-communal-de-saint-die-vosges-a-laureats\/#respond\"]}]},{\"@type\":\"WebPage\",\"@id\":\"https:\/\/vosgesinfo.fr\/saintdieinfo\/2021\/09\/72eme-concours-floral-communal-de-saint-die-vosges-a-laureats\/\",\"url\":\"https:\/\/vosgesinfo.fr\/saintdieinfo\/2021\/09\/72eme-concours-floral-communal-de-saint-die-vosges-a-laureats\/\",\"name\":\"Le 72\u00e8me concours floral communal de Saint-Di\u00e9-des-Vosges a ses laur\u00e9ats - Saint Die Info\",\"isPartOf\":{\"@id\":\"https:\/\/vosgesinfo.fr\/saintdieinfo\/#website\"},\"primaryImageOfPage\":{\"@id\":\"https:\/\/vosgesinfo.fr\/saintdieinfo\/2021\/09\/72eme-concours-floral-communal-de-saint-die-vosges-a-laureats\/#primaryimage\"},\"image\":{\"@id\":\"https:\/\/vosgesinfo.fr\/saintdieinfo\/2021\/09\/72eme-concours-floral-communal-de-saint-die-vosges-a-laureats\/#primaryimage\"},\"thumbnailUrl\":\"https:\/\/vosgesinfo.fr\/app\/uploads\/sites\/4\/2024\/08\/202109gilbert-tihay-1er-prix-exceptionnel-maisons.jpg\",\"datePublished\":\"2021-09-18T13:22:15+00:00\",\"dateModified\":\"2021-09-18T13:22:15+00:00\",\"breadcrumb\":{\"@id\":\"https:\/\/vosgesinfo.fr\/saintdieinfo\/2021\/09\/72eme-concours-floral-communal-de-saint-die-vosges-a-laureats\/#breadcrumb\"},\"inLanguage\":\"fr-FR\",\"potentialAction\":[{\"@type\":\"ReadAction\",\"target\":[\"https:\/\/vosgesinfo.fr\/saintdieinfo\/2021\/09\/72eme-concours-floral-communal-de-saint-die-vosges-a-laureats\/\"]}]},{\"@type\":\"ImageObject\",\"inLanguage\":\"fr-FR\",\"@id\":\"https:\/\/vosgesinfo.fr\/saintdieinfo\/2021\/09\/72eme-concours-floral-communal-de-saint-die-vosges-a-laureats\/#primaryimage\",\"url\":\"https:\/\/vosgesinfo.fr\/app\/uploads\/sites\/4\/2024\/08\/202109gilbert-tihay-1er-prix-exceptionnel-maisons.jpg\",\"contentUrl\":\"https:\/\/vosgesinfo.fr\/app\/uploads\/sites\/4\/2024\/08\/202109gilbert-tihay-1er-prix-exceptionnel-maisons.jpg\",\"width\":800,\"height\":600},{\"@type\":\"BreadcrumbList\",\"@id\":\"https:\/\/vosgesinfo.fr\/saintdieinfo\/2021\/09\/72eme-concours-floral-communal-de-saint-die-vosges-a-laureats\/#breadcrumb\",\"itemListElement\":[{\"@type\":\"ListItem\",\"position\":1,\"name\":\"Home\",\"item\":\"https:\/\/vosgesinfo.fr\/saintdieinfo\/\"},{\"@type\":\"ListItem\",\"position\":2,\"name\":\"Le 72\u00e8me concours floral communal de Saint-Di\u00e9-des-Vosges a ses laur\u00e9ats\"}]},{\"@type\":\"WebSite\",\"@id\":\"https:\/\/vosgesinfo.fr\/saintdieinfo\/#website\",\"url\":\"https:\/\/vosgesinfo.fr\/saintdieinfo\/\",\"name\":\"Saint Die Info\",\"description\":\"Toute l&#039;actualit\u00e9 de Saint-Di\u00e9-Des-Vosges\",\"publisher\":{\"@id\":\"https:\/\/vosgesinfo.fr\/saintdieinfo\/#organization\"},\"alternateName\":\"Toute l'actualit\u00e9 de Saint-Di\u00e9-Des-Vosges\",\"potentialAction\":[{\"@type\":\"SearchAction\",\"target\":{\"@type\":\"EntryPoint\",\"urlTemplate\":\"https:\/\/vosgesinfo.fr\/saintdieinfo\/?s={search_term_string}\"},\"query-input\":\"required name=search_term_string\"}],\"inLanguage\":\"fr-FR\"},{\"@type\":\"Organization\",\"@id\":\"https:\/\/vosgesinfo.fr\/saintdieinfo\/#organization\",\"name\":\"Saint Die Info\",\"url\":\"https:\/\/vosgesinfo.fr\/saintdieinfo\/\",\"logo\":{\"@type\":\"ImageObject\",\"inLanguage\":\"fr-FR\",\"@id\":\"https:\/\/vosgesinfo.fr\/saintdieinfo\/#\/schema\/logo\/image\/\",\"url\":\"https:\/\/vosgesinfo.fr\/app\/uploads\/sites\/4\/2024\/02\/logo-sdi.jpg\",\"contentUrl\":\"https:\/\/vosgesinfo.fr\/app\/uploads\/sites\/4\/2024\/02\/logo-sdi.jpg\",\"width\":600,\"height\":600,\"caption\":\"Saint Die Info\"},\"image\":{\"@id\":\"https:\/\/vosgesinfo.fr\/saintdieinfo\/#\/schema\/logo\/image\/\"},\"sameAs\":[\"https:\/\/www.facebook.com\/Saintdieinfofr\",\"https:\/\/x.com\/VosgesInfo88\",\"https:\/\/www.youtube.com\/@vosgesinfo\"]},{\"@type\":\"Person\",\"@id\":\"https:\/\/vosgesinfo.fr\/saintdieinfo\/#\/schema\/person\/faee6704a21f3977511db84bd1cd450f\",\"name\":\"la r\u00e9daction\",\"image\":{\"@type\":\"ImageObject\",\"inLanguage\":\"fr-FR\",\"@id\":\"https:\/\/vosgesinfo.fr\/saintdieinfo\/#\/schema\/person\/image\/\",\"url\":\"https:\/\/secure.gravatar.com\/avatar\/6673d8bc6a9c17fa9a453eaa3448de834fa308c2ec9635b7aa99441a7c8d2cf6?s=96&d=mm&r=g\",\"contentUrl\":\"https:\/\/secure.gravatar.com\/avatar\/6673d8bc6a9c17fa9a453eaa3448de834fa308c2ec9635b7aa99441a7c8d2cf6?s=96&d=mm&r=g\",\"caption\":\"la r\u00e9daction\"},\"url\":\"https:\/\/vosgesinfo.fr\/saintdieinfo\/author\/redac\/\"}]}<\/script>\n<!-- \/ Yoast SEO plugin. -->","yoast_head_json":{"title":"Le 72\u00e8me concours floral communal de Saint-Di\u00e9-des-Vosges a ses laur\u00e9ats - Saint Die Info","robots":{"index":"index","follow":"follow","max-snippet":"max-snippet:-1","max-image-preview":"max-image-preview:large","max-video-preview":"max-video-preview:-1"},"canonical":"https:\/\/vosgesinfo.fr\/saintdieinfo\/2021\/09\/72eme-concours-floral-communal-de-saint-die-vosges-a-laureats\/","twitter_card":"summary_large_image","twitter_title":"Le 72\u00e8me concours floral communal de Saint-Di\u00e9-des-Vosges a ses laur\u00e9ats - Saint Die Info","twitter_description":"Un peu plus de 2 mois apr\u00e8s la tourn\u00e9e du jury (lire notre article), les laur\u00e9ats du 72\u00e8me concours floral [&hellip;]","twitter_image":"https:\/\/vosgesinfo.fr\/app\/uploads\/sites\/4\/2024\/08\/202109gilbert-tihay-1er-prix-exceptionnel-maisons.jpg","twitter_creator":"@VosgesInfo88","twitter_site":"@VosgesInfo88","twitter_misc":{"\u00c9crit par":"la r\u00e9daction","Dur\u00e9e de lecture estim\u00e9e":"2 minutes"},"schema":{"@context":"https:\/\/schema.org","@graph":[{"@type":"Article","@id":"https:\/\/vosgesinfo.fr\/saintdieinfo\/2021\/09\/72eme-concours-floral-communal-de-saint-die-vosges-a-laureats\/#article","isPartOf":{"@id":"https:\/\/vosgesinfo.fr\/saintdieinfo\/2021\/09\/72eme-concours-floral-communal-de-saint-die-vosges-a-laureats\/"},"author":{"name":"la r\u00e9daction","@id":"https:\/\/vosgesinfo.fr\/saintdieinfo\/#\/schema\/person\/faee6704a21f3977511db84bd1cd450f"},"headline":"Le 72\u00e8me concours floral communal de Saint-Di\u00e9-des-Vosges a ses laur\u00e9ats","datePublished":"2021-09-18T13:22:15+00:00","dateModified":"2021-09-18T13:22:15+00:00","mainEntityOfPage":{"@id":"https:\/\/vosgesinfo.fr\/saintdieinfo\/2021\/09\/72eme-concours-floral-communal-de-saint-die-vosges-a-laureats\/"},"wordCount":435,"commentCount":0,"publisher":{"@id":"https:\/\/vosgesinfo.fr\/saintdieinfo\/#organization"},"image":{"@id":"https:\/\/vosgesinfo.fr\/saintdieinfo\/2021\/09\/72eme-concours-floral-communal-de-saint-die-vosges-a-laureats\/#primaryimage"},"thumbnailUrl":"https:\/\/vosgesinfo.fr\/app\/uploads\/sites\/4\/2024\/08\/202109gilbert-tihay-1er-prix-exceptionnel-maisons.jpg","keywords":["72\u00e8me Concours Floral Communal de Saint-Di\u00e9-des-Vosges","Concours floral communal","Espace Fran\u00e7ois-Mitterrand","Ville de Saint-Di\u00e9-des-Vosges"],"articleSection":["A la Une","Saint-Di\u00e9-des-Vosges et son Agglom\u00e9ration"],"inLanguage":"fr-FR","potentialAction":[{"@type":"CommentAction","name":"Comment","target":["https:\/\/vosgesinfo.fr\/saintdieinfo\/2021\/09\/72eme-concours-floral-communal-de-saint-die-vosges-a-laureats\/#respond"]}]},{"@type":"WebPage","@id":"https:\/\/vosgesinfo.fr\/saintdieinfo\/2021\/09\/72eme-concours-floral-communal-de-saint-die-vosges-a-laureats\/","url":"https:\/\/vosgesinfo.fr\/saintdieinfo\/2021\/09\/72eme-concours-floral-communal-de-saint-die-vosges-a-laureats\/","name":"Le 72\u00e8me concours floral communal de Saint-Di\u00e9-des-Vosges a ses laur\u00e9ats - Saint Die Info","isPartOf":{"@id":"https:\/\/vosgesinfo.fr\/saintdieinfo\/#website"},"primaryImageOfPage":{"@id":"https:\/\/vosgesinfo.fr\/saintdieinfo\/2021\/09\/72eme-concours-floral-communal-de-saint-die-vosges-a-laureats\/#primaryimage"},"image":{"@id":"https:\/\/vosgesinfo.fr\/saintdieinfo\/2021\/09\/72eme-concours-floral-communal-de-saint-die-vosges-a-laureats\/#primaryimage"},"thumbnailUrl":"https:\/\/vosgesinfo.fr\/app\/uploads\/sites\/4\/2024\/08\/202109gilbert-tihay-1er-prix-exceptionnel-maisons.jpg","datePublished":"2021-09-18T13:22:15+00:00","dateModified":"2021-09-18T13:22:15+00:00","breadcrumb":{"@id":"https:\/\/vosgesinfo.fr\/saintdieinfo\/2021\/09\/72eme-concours-floral-communal-de-saint-die-vosges-a-laureats\/#breadcrumb"},"inLanguage":"fr-FR","potentialAction":[{"@type":"ReadAction","target":["https:\/\/vosgesinfo.fr\/saintdieinfo\/2021\/09\/72eme-concours-floral-communal-de-saint-die-vosges-a-laureats\/"]}]},{"@type":"ImageObject","inLanguage":"fr-FR","@id":"https:\/\/vosgesinfo.fr\/saintdieinfo\/2021\/09\/72eme-concours-floral-communal-de-saint-die-vosges-a-laureats\/#primaryimage","url":"https:\/\/vosgesinfo.fr\/app\/uploads\/sites\/4\/2024\/08\/202109gilbert-tihay-1er-prix-exceptionnel-maisons.jpg","contentUrl":"https:\/\/vosgesinfo.fr\/app\/uploads\/sites\/4\/2024\/08\/202109gilbert-tihay-1er-prix-exceptionnel-maisons.jpg","width":800,"height":600},{"@type":"BreadcrumbList","@id":"https:\/\/vosgesinfo.fr\/saintdieinfo\/2021\/09\/72eme-concours-floral-communal-de-saint-die-vosges-a-laureats\/#breadcrumb","itemListElement":[{"@type":"ListItem","position":1,"name":"Home","item":"https:\/\/vosgesinfo.fr\/saintdieinfo\/"},{"@type":"ListItem","position":2,"name":"Le 72\u00e8me concours floral communal de Saint-Di\u00e9-des-Vosges a ses laur\u00e9ats"}]},{"@type":"WebSite","@id":"https:\/\/vosgesinfo.fr\/saintdieinfo\/#website","url":"https:\/\/vosgesinfo.fr\/saintdieinfo\/","name":"Saint Die Info","description":"Toute l&#039;actualit\u00e9 de Saint-Di\u00e9-Des-Vosges","publisher":{"@id":"https:\/\/vosgesinfo.fr\/saintdieinfo\/#organization"},"alternateName":"Toute l'actualit\u00e9 de Saint-Di\u00e9-Des-Vosges","potentialAction":[{"@type":"SearchAction","target":{"@type":"EntryPoint","urlTemplate":"https:\/\/vosgesinfo.fr\/saintdieinfo\/?s={search_term_string}"},"query-input":"required name=search_term_string"}],"inLanguage":"fr-FR"},{"@type":"Organization","@id":"https:\/\/vosgesinfo.fr\/saintdieinfo\/#organization","name":"Saint Die Info","url":"https:\/\/vosgesinfo.fr\/saintdieinfo\/","logo":{"@type":"ImageObject","inLanguage":"fr-FR","@id":"https:\/\/vosgesinfo.fr\/saintdieinfo\/#\/schema\/logo\/image\/","url":"https:\/\/vosgesinfo.fr\/app\/uploads\/sites\/4\/2024\/02\/logo-sdi.jpg","contentUrl":"https:\/\/vosgesinfo.fr\/app\/uploads\/sites\/4\/2024\/02\/logo-sdi.jpg","width":600,"height":600,"caption":"Saint Die Info"},"image":{"@id":"https:\/\/vosgesinfo.fr\/saintdieinfo\/#\/schema\/logo\/image\/"},"sameAs":["https:\/\/www.facebook.com\/Saintdieinfofr","https:\/\/x.com\/VosgesInfo88","https:\/\/www.youtube.com\/@vosgesinfo"]},{"@type":"Person","@id":"https:\/\/vosgesinfo.fr\/saintdieinfo\/#\/schema\/person\/faee6704a21f3977511db84bd1cd450f","name":"la r\u00e9daction","image":{"@type":"ImageObject","inLanguage":"fr-FR","@id":"https:\/\/vosgesinfo.fr\/saintdieinfo\/#\/schema\/person\/image\/","url":"https:\/\/secure.gravatar.com\/avatar\/6673d8bc6a9c17fa9a453eaa3448de834fa308c2ec9635b7aa99441a7c8d2cf6?s=96&d=mm&r=g","contentUrl":"https:\/\/secure.gravatar.com\/avatar\/6673d8bc6a9c17fa9a453eaa3448de834fa308c2ec9635b7aa99441a7c8d2cf6?s=96&d=mm&r=g","caption":"la r\u00e9daction"},"url":"https:\/\/vosgesinfo.fr\/saintdieinfo\/author\/redac\/"}]}},"_links":{"self":[{"href":"https:\/\/vosgesinfo.fr\/saintdieinfo\/wp-json\/wp\/v2\/posts\/43295","targetHints":{"allow":["GET"]}}],"collection":[{"href":"https:\/\/vosgesinfo.fr\/saintdieinfo\/wp-json\/wp\/v2\/posts"}],"about":[{"href":"https:\/\/vosgesinfo.fr\/saintdieinfo\/wp-json\/wp\/v2\/types\/post"}],"author":[{"embeddable":true,"href":"https:\/\/vosgesinfo.fr\/saintdieinfo\/wp-json\/wp\/v2\/users\/44"}],"replies":[{"embeddable":true,"href":"https:\/\/vosgesinfo.fr\/saintdieinfo\/wp-json\/wp\/v2\/comments?post=43295"}],"version-history":[{"count":0,"href":"https:\/\/vosgesinfo.fr\/saintdieinfo\/wp-json\/wp\/v2\/posts\/43295\/revisions"}],"wp:featuredmedia":[{"embeddable":true,"href":"https:\/\/vosgesinfo.fr\/saintdieinfo\/wp-json\/wp\/v2\/media\/43296"}],"wp:attachment":[{"href":"https:\/\/vosgesinfo.fr\/saintdieinfo\/wp-json\/wp\/v2\/media?parent=43295"}],"wp:term":[{"taxonomy":"category","embeddable":true,"href":"https:\/\/vosgesinfo.fr\/saintdieinfo\/wp-json\/wp\/v2\/categories?post=43295"},{"taxonomy":"post_tag","embeddable":true,"href":"https:\/\/vosgesinfo.fr\/saintdieinfo\/wp-json\/wp\/v2\/tags?post=43295"}],"curies":[{"name":"wp","href":"https:\/\/api.w.org\/{rel}","templated":true}]}}