{"id":43328,"date":"2021-09-20T16:56:25","date_gmt":"2021-09-20T14:56:25","guid":{"rendered":"https:\/\/vosgesinfo.fr\/saintdieinfo\/2021\/09\/vosges-vetetiste-de-18-ans-grievement-blesse-planche-cloutee\/"},"modified":"2021-09-20T16:56:25","modified_gmt":"2021-09-20T14:56:25","slug":"vosges-vetetiste-de-18-ans-grievement-blesse-planche-cloutee","status":"publish","type":"post","link":"https:\/\/vosgesinfo.fr\/saintdieinfo\/2021\/09\/vosges-vetetiste-de-18-ans-grievement-blesse-planche-cloutee\/","title":{"rendered":"Vosges \u2013 Un v\u00e9t\u00e9tiste de 18 ans gri\u00e8vement bless\u00e9 par une planche clout\u00e9e"},"content":{"rendered":"<div id=\"attachment_172062\" style=\"width: 652px\" class=\"wp-caption aligncenter\"><a href=\"\/2021\/09\/Vetetiste-planche-de-bois-vosges-accident.2jpg.jpg\"><img decoding=\"async\" aria-describedby=\"caption-attachment-172062\" class=\"size-full wp-image-172062\" src=\"\/2021\/09\/Vetetiste-planche-de-bois-vosges-accident.2jpg.jpg\" alt=\"Photographie PGM de Hohrod\" width=\"642\" height=\"800\" \/><\/a><p id=\"caption-attachment-172062\" class=\"wp-caption-text\">Photographie PGM de Hohrod<\/p><\/div>\n<p>&nbsp;<\/p>\n<h2>Un jeune v\u00e9t\u00e9tiste de 18 ans a \u00e9t\u00e9 gri\u00e8vement bless\u00e9 \u00e0 la suite d\u2019une chute contre un arbre provoqu\u00e9e par une planche clout\u00e9e qui a crev\u00e9 ses pneus.\u00a0Parti de jour, il a perdu plusieurs fois connaissance avant de parvenir dans le noir \u00e0 tra\u00eener son corps bless\u00e9 jusqu\u2019\u00e0 trouver du r\u00e9seau t\u00e9l\u00e9phonique.<\/h2>\n<p>G\u00e9olocalis\u00e9 par les gendarmes vers le lieu-dit Engelberg sur les hauteurs de Wegscheid pr\u00e8s de Masevaux, il est secouru par le Peloton de gendarmerie de Montagne de HOHROD projet\u00e9 \u00e0 bord de l\u2019h\u00e9licopt\u00e8re Dragon 67.<br \/>\nAvec l\u2019appui de pompiers, d\u2019un m\u00e9decin du SAMU et des membres de sa famille, il a re\u00e7u les premiers soins de ses blessures constat\u00e9es ult\u00e9rieurement \u00e0 l\u2019h\u00f4pital de Mulhouse\u00a0: traumatismes cr\u00e2nien, faciaux et abdominaux dont une fracture du foi et une petite h\u00e9morragie c\u00e9r\u00e9brale.<\/p>\n<p>Sur les tensions existantes concernant le partage des activit\u00e9s sur le massif Vosgien, la ligne rouge vient d\u2019\u00eatre franchie !<br \/>\nUne enqu\u00eate a \u00e9t\u00e9 ouverte par la gendarmerie de Masevaux-Niederbruck en lien avec le PGM de Hohrod et la victime a d\u00e9pos\u00e9 plainte.<\/p>\n<p>Toute personne disposant d\u2019informations sur ce fait o\u00f9 sur des pi\u00e8ges similaires est invit\u00e9e \u00e0 le signaler \u00e0 la gendarmerie<\/p>\n","protected":false},"excerpt":{"rendered":"<p>&nbsp; Un jeune v\u00e9t\u00e9tiste de 18 ans a \u00e9t\u00e9 gri\u00e8vement bless\u00e9 \u00e0 la suite d\u2019une chute contre un arbre provoqu\u00e9e [&hellip;]<\/p>\n","protected":false},"author":44,"featured_media":43329,"comment_status":"open","ping_status":"open","sticky":false,"template":"","format":"standard","meta":{"footnotes":""},"categories":[460,2924,18],"tags":[],"class_list":["post-43328","post","type-post","status-publish","format-standard","has-post-thumbnail","hentry","category-a-la-une","category-fait-divers","category-vosges"],"acf":[],"yoast_head":"<!-- This site is optimized with the Yoast SEO plugin v22.5 - https:\/\/yoast.com\/wordpress\/plugins\/seo\/ -->\n<title>Vosges \u2013 Un v\u00e9t\u00e9tiste de 18 ans gri\u00e8vement bless\u00e9 par une planche clout\u00e9e - Saint Die Info<\/title>\n<meta name=\"robots\" content=\"index, follow, max-snippet:-1, max-image-preview:large, max-video-preview:-1\" \/>\n<link rel=\"canonical\" href=\"https:\/\/vosgesinfo.fr\/saintdieinfo\/2021\/09\/vosges-vetetiste-de-18-ans-grievement-blesse-planche-cloutee\/\" \/>\n<meta name=\"twitter:card\" content=\"summary_large_image\" \/>\n<meta name=\"twitter:title\" content=\"Vosges \u2013 Un v\u00e9t\u00e9tiste de 18 ans gri\u00e8vement bless\u00e9 par une planche clout\u00e9e - Saint Die Info\" \/>\n<meta name=\"twitter:description\" content=\"&nbsp; Un jeune v\u00e9t\u00e9tiste de 18 ans a \u00e9t\u00e9 gri\u00e8vement bless\u00e9 \u00e0 la suite d\u2019une chute contre un arbre provoqu\u00e9e [&hellip;]\" \/>\n<meta name=\"twitter:image\" content=\"https:\/\/vosgesinfo.fr\/app\/uploads\/sites\/4\/2024\/08\/202109vetetiste-planche-de-bois-vosges-accident.2jpg.jpg\" \/>\n<meta name=\"twitter:creator\" content=\"@VosgesInfo88\" \/>\n<meta name=\"twitter:site\" content=\"@VosgesInfo88\" \/>\n<meta name=\"twitter:label1\" content=\"\u00c9crit par\" \/>\n\t<meta name=\"twitter:data1\" content=\"la r\u00e9daction\" \/>\n\t<meta name=\"twitter:label2\" content=\"Dur\u00e9e de lecture estim\u00e9e\" \/>\n\t<meta name=\"twitter:data2\" content=\"1 minute\" \/>\n<script type=\"application\/ld+json\" class=\"yoast-schema-graph\">{\"@context\":\"https:\/\/schema.org\",\"@graph\":[{\"@type\":\"Article\",\"@id\":\"https:\/\/vosgesinfo.fr\/saintdieinfo\/2021\/09\/vosges-vetetiste-de-18-ans-grievement-blesse-planche-cloutee\/#article\",\"isPartOf\":{\"@id\":\"https:\/\/vosgesinfo.fr\/saintdieinfo\/2021\/09\/vosges-vetetiste-de-18-ans-grievement-blesse-planche-cloutee\/\"},\"author\":{\"name\":\"la r\u00e9daction\",\"@id\":\"https:\/\/vosgesinfo.fr\/saintdieinfo\/#\/schema\/person\/faee6704a21f3977511db84bd1cd450f\"},\"headline\":\"Vosges \u2013 Un v\u00e9t\u00e9tiste de 18 ans gri\u00e8vement bless\u00e9 par une planche clout\u00e9e\",\"datePublished\":\"2021-09-20T14:56:25+00:00\",\"dateModified\":\"2021-09-20T14:56:25+00:00\",\"mainEntityOfPage\":{\"@id\":\"https:\/\/vosgesinfo.fr\/saintdieinfo\/2021\/09\/vosges-vetetiste-de-18-ans-grievement-blesse-planche-cloutee\/\"},\"wordCount\":247,\"commentCount\":0,\"publisher\":{\"@id\":\"https:\/\/vosgesinfo.fr\/saintdieinfo\/#organization\"},\"image\":{\"@id\":\"https:\/\/vosgesinfo.fr\/saintdieinfo\/2021\/09\/vosges-vetetiste-de-18-ans-grievement-blesse-planche-cloutee\/#primaryimage\"},\"thumbnailUrl\":\"https:\/\/vosgesinfo.fr\/app\/uploads\/sites\/4\/2024\/08\/202109vetetiste-planche-de-bois-vosges-accident.2jpg.jpg\",\"articleSection\":[\"A la Une\",\"Fait Divers\",\"Vosges\"],\"inLanguage\":\"fr-FR\",\"potentialAction\":[{\"@type\":\"CommentAction\",\"name\":\"Comment\",\"target\":[\"https:\/\/vosgesinfo.fr\/saintdieinfo\/2021\/09\/vosges-vetetiste-de-18-ans-grievement-blesse-planche-cloutee\/#respond\"]}]},{\"@type\":\"WebPage\",\"@id\":\"https:\/\/vosgesinfo.fr\/saintdieinfo\/2021\/09\/vosges-vetetiste-de-18-ans-grievement-blesse-planche-cloutee\/\",\"url\":\"https:\/\/vosgesinfo.fr\/saintdieinfo\/2021\/09\/vosges-vetetiste-de-18-ans-grievement-blesse-planche-cloutee\/\",\"name\":\"Vosges \u2013 Un v\u00e9t\u00e9tiste de 18 ans gri\u00e8vement bless\u00e9 par une planche clout\u00e9e - Saint Die Info\",\"isPartOf\":{\"@id\":\"https:\/\/vosgesinfo.fr\/saintdieinfo\/#website\"},\"primaryImageOfPage\":{\"@id\":\"https:\/\/vosgesinfo.fr\/saintdieinfo\/2021\/09\/vosges-vetetiste-de-18-ans-grievement-blesse-planche-cloutee\/#primaryimage\"},\"image\":{\"@id\":\"https:\/\/vosgesinfo.fr\/saintdieinfo\/2021\/09\/vosges-vetetiste-de-18-ans-grievement-blesse-planche-cloutee\/#primaryimage\"},\"thumbnailUrl\":\"https:\/\/vosgesinfo.fr\/app\/uploads\/sites\/4\/2024\/08\/202109vetetiste-planche-de-bois-vosges-accident.2jpg.jpg\",\"datePublished\":\"2021-09-20T14:56:25+00:00\",\"dateModified\":\"2021-09-20T14:56:25+00:00\",\"breadcrumb\":{\"@id\":\"https:\/\/vosgesinfo.fr\/saintdieinfo\/2021\/09\/vosges-vetetiste-de-18-ans-grievement-blesse-planche-cloutee\/#breadcrumb\"},\"inLanguage\":\"fr-FR\",\"potentialAction\":[{\"@type\":\"ReadAction\",\"target\":[\"https:\/\/vosgesinfo.fr\/saintdieinfo\/2021\/09\/vosges-vetetiste-de-18-ans-grievement-blesse-planche-cloutee\/\"]}]},{\"@type\":\"ImageObject\",\"inLanguage\":\"fr-FR\",\"@id\":\"https:\/\/vosgesinfo.fr\/saintdieinfo\/2021\/09\/vosges-vetetiste-de-18-ans-grievement-blesse-planche-cloutee\/#primaryimage\",\"url\":\"https:\/\/vosgesinfo.fr\/app\/uploads\/sites\/4\/2024\/08\/202109vetetiste-planche-de-bois-vosges-accident.2jpg.jpg\",\"contentUrl\":\"https:\/\/vosgesinfo.fr\/app\/uploads\/sites\/4\/2024\/08\/202109vetetiste-planche-de-bois-vosges-accident.2jpg.jpg\",\"width\":642,\"height\":800},{\"@type\":\"BreadcrumbList\",\"@id\":\"https:\/\/vosgesinfo.fr\/saintdieinfo\/2021\/09\/vosges-vetetiste-de-18-ans-grievement-blesse-planche-cloutee\/#breadcrumb\",\"itemListElement\":[{\"@type\":\"ListItem\",\"position\":1,\"name\":\"Home\",\"item\":\"https:\/\/vosgesinfo.fr\/saintdieinfo\/\"},{\"@type\":\"ListItem\",\"position\":2,\"name\":\"Vosges \u2013 Un v\u00e9t\u00e9tiste de 18 ans gri\u00e8vement bless\u00e9 par une planche clout\u00e9e\"}]},{\"@type\":\"WebSite\",\"@id\":\"https:\/\/vosgesinfo.fr\/saintdieinfo\/#website\",\"url\":\"https:\/\/vosgesinfo.fr\/saintdieinfo\/\",\"name\":\"Saint Die Info\",\"description\":\"Toute l&#039;actualit\u00e9 de Saint-Di\u00e9-Des-Vosges\",\"publisher\":{\"@id\":\"https:\/\/vosgesinfo.fr\/saintdieinfo\/#organization\"},\"alternateName\":\"Toute l'actualit\u00e9 de Saint-Di\u00e9-Des-Vosges\",\"potentialAction\":[{\"@type\":\"SearchAction\",\"target\":{\"@type\":\"EntryPoint\",\"urlTemplate\":\"https:\/\/vosgesinfo.fr\/saintdieinfo\/?s={search_term_string}\"},\"query-input\":\"required name=search_term_string\"}],\"inLanguage\":\"fr-FR\"},{\"@type\":\"Organization\",\"@id\":\"https:\/\/vosgesinfo.fr\/saintdieinfo\/#organization\",\"name\":\"Saint Die Info\",\"url\":\"https:\/\/vosgesinfo.fr\/saintdieinfo\/\",\"logo\":{\"@type\":\"ImageObject\",\"inLanguage\":\"fr-FR\",\"@id\":\"https:\/\/vosgesinfo.fr\/saintdieinfo\/#\/schema\/logo\/image\/\",\"url\":\"https:\/\/vosgesinfo.fr\/app\/uploads\/sites\/4\/2024\/02\/logo-sdi.jpg\",\"contentUrl\":\"https:\/\/vosgesinfo.fr\/app\/uploads\/sites\/4\/2024\/02\/logo-sdi.jpg\",\"width\":600,\"height\":600,\"caption\":\"Saint Die Info\"},\"image\":{\"@id\":\"https:\/\/vosgesinfo.fr\/saintdieinfo\/#\/schema\/logo\/image\/\"},\"sameAs\":[\"https:\/\/www.facebook.com\/Saintdieinfofr\",\"https:\/\/x.com\/VosgesInfo88\",\"https:\/\/www.youtube.com\/@vosgesinfo\"]},{\"@type\":\"Person\",\"@id\":\"https:\/\/vosgesinfo.fr\/saintdieinfo\/#\/schema\/person\/faee6704a21f3977511db84bd1cd450f\",\"name\":\"la r\u00e9daction\",\"image\":{\"@type\":\"ImageObject\",\"inLanguage\":\"fr-FR\",\"@id\":\"https:\/\/vosgesinfo.fr\/saintdieinfo\/#\/schema\/person\/image\/\",\"url\":\"https:\/\/secure.gravatar.com\/avatar\/6673d8bc6a9c17fa9a453eaa3448de834fa308c2ec9635b7aa99441a7c8d2cf6?s=96&d=mm&r=g\",\"contentUrl\":\"https:\/\/secure.gravatar.com\/avatar\/6673d8bc6a9c17fa9a453eaa3448de834fa308c2ec9635b7aa99441a7c8d2cf6?s=96&d=mm&r=g\",\"caption\":\"la r\u00e9daction\"},\"url\":\"https:\/\/vosgesinfo.fr\/saintdieinfo\/author\/redac\/\"}]}<\/script>\n<!-- \/ Yoast SEO plugin. -->","yoast_head_json":{"title":"Vosges \u2013 Un v\u00e9t\u00e9tiste de 18 ans gri\u00e8vement bless\u00e9 par une planche clout\u00e9e - Saint Die Info","robots":{"index":"index","follow":"follow","max-snippet":"max-snippet:-1","max-image-preview":"max-image-preview:large","max-video-preview":"max-video-preview:-1"},"canonical":"https:\/\/vosgesinfo.fr\/saintdieinfo\/2021\/09\/vosges-vetetiste-de-18-ans-grievement-blesse-planche-cloutee\/","twitter_card":"summary_large_image","twitter_title":"Vosges \u2013 Un v\u00e9t\u00e9tiste de 18 ans gri\u00e8vement bless\u00e9 par une planche clout\u00e9e - Saint Die Info","twitter_description":"&nbsp; Un jeune v\u00e9t\u00e9tiste de 18 ans a \u00e9t\u00e9 gri\u00e8vement bless\u00e9 \u00e0 la suite d\u2019une chute contre un arbre provoqu\u00e9e [&hellip;]","twitter_image":"https:\/\/vosgesinfo.fr\/app\/uploads\/sites\/4\/2024\/08\/202109vetetiste-planche-de-bois-vosges-accident.2jpg.jpg","twitter_creator":"@VosgesInfo88","twitter_site":"@VosgesInfo88","twitter_misc":{"\u00c9crit par":"la r\u00e9daction","Dur\u00e9e de lecture estim\u00e9e":"1 minute"},"schema":{"@context":"https:\/\/schema.org","@graph":[{"@type":"Article","@id":"https:\/\/vosgesinfo.fr\/saintdieinfo\/2021\/09\/vosges-vetetiste-de-18-ans-grievement-blesse-planche-cloutee\/#article","isPartOf":{"@id":"https:\/\/vosgesinfo.fr\/saintdieinfo\/2021\/09\/vosges-vetetiste-de-18-ans-grievement-blesse-planche-cloutee\/"},"author":{"name":"la r\u00e9daction","@id":"https:\/\/vosgesinfo.fr\/saintdieinfo\/#\/schema\/person\/faee6704a21f3977511db84bd1cd450f"},"headline":"Vosges \u2013 Un v\u00e9t\u00e9tiste de 18 ans gri\u00e8vement bless\u00e9 par une planche clout\u00e9e","datePublished":"2021-09-20T14:56:25+00:00","dateModified":"2021-09-20T14:56:25+00:00","mainEntityOfPage":{"@id":"https:\/\/vosgesinfo.fr\/saintdieinfo\/2021\/09\/vosges-vetetiste-de-18-ans-grievement-blesse-planche-cloutee\/"},"wordCount":247,"commentCount":0,"publisher":{"@id":"https:\/\/vosgesinfo.fr\/saintdieinfo\/#organization"},"image":{"@id":"https:\/\/vosgesinfo.fr\/saintdieinfo\/2021\/09\/vosges-vetetiste-de-18-ans-grievement-blesse-planche-cloutee\/#primaryimage"},"thumbnailUrl":"https:\/\/vosgesinfo.fr\/app\/uploads\/sites\/4\/2024\/08\/202109vetetiste-planche-de-bois-vosges-accident.2jpg.jpg","articleSection":["A la Une","Fait Divers","Vosges"],"inLanguage":"fr-FR","potentialAction":[{"@type":"CommentAction","name":"Comment","target":["https:\/\/vosgesinfo.fr\/saintdieinfo\/2021\/09\/vosges-vetetiste-de-18-ans-grievement-blesse-planche-cloutee\/#respond"]}]},{"@type":"WebPage","@id":"https:\/\/vosgesinfo.fr\/saintdieinfo\/2021\/09\/vosges-vetetiste-de-18-ans-grievement-blesse-planche-cloutee\/","url":"https:\/\/vosgesinfo.fr\/saintdieinfo\/2021\/09\/vosges-vetetiste-de-18-ans-grievement-blesse-planche-cloutee\/","name":"Vosges \u2013 Un v\u00e9t\u00e9tiste de 18 ans gri\u00e8vement bless\u00e9 par une planche clout\u00e9e - Saint Die Info","isPartOf":{"@id":"https:\/\/vosgesinfo.fr\/saintdieinfo\/#website"},"primaryImageOfPage":{"@id":"https:\/\/vosgesinfo.fr\/saintdieinfo\/2021\/09\/vosges-vetetiste-de-18-ans-grievement-blesse-planche-cloutee\/#primaryimage"},"image":{"@id":"https:\/\/vosgesinfo.fr\/saintdieinfo\/2021\/09\/vosges-vetetiste-de-18-ans-grievement-blesse-planche-cloutee\/#primaryimage"},"thumbnailUrl":"https:\/\/vosgesinfo.fr\/app\/uploads\/sites\/4\/2024\/08\/202109vetetiste-planche-de-bois-vosges-accident.2jpg.jpg","datePublished":"2021-09-20T14:56:25+00:00","dateModified":"2021-09-20T14:56:25+00:00","breadcrumb":{"@id":"https:\/\/vosgesinfo.fr\/saintdieinfo\/2021\/09\/vosges-vetetiste-de-18-ans-grievement-blesse-planche-cloutee\/#breadcrumb"},"inLanguage":"fr-FR","potentialAction":[{"@type":"ReadAction","target":["https:\/\/vosgesinfo.fr\/saintdieinfo\/2021\/09\/vosges-vetetiste-de-18-ans-grievement-blesse-planche-cloutee\/"]}]},{"@type":"ImageObject","inLanguage":"fr-FR","@id":"https:\/\/vosgesinfo.fr\/saintdieinfo\/2021\/09\/vosges-vetetiste-de-18-ans-grievement-blesse-planche-cloutee\/#primaryimage","url":"https:\/\/vosgesinfo.fr\/app\/uploads\/sites\/4\/2024\/08\/202109vetetiste-planche-de-bois-vosges-accident.2jpg.jpg","contentUrl":"https:\/\/vosgesinfo.fr\/app\/uploads\/sites\/4\/2024\/08\/202109vetetiste-planche-de-bois-vosges-accident.2jpg.jpg","width":642,"height":800},{"@type":"BreadcrumbList","@id":"https:\/\/vosgesinfo.fr\/saintdieinfo\/2021\/09\/vosges-vetetiste-de-18-ans-grievement-blesse-planche-cloutee\/#breadcrumb","itemListElement":[{"@type":"ListItem","position":1,"name":"Home","item":"https:\/\/vosgesinfo.fr\/saintdieinfo\/"},{"@type":"ListItem","position":2,"name":"Vosges \u2013 Un v\u00e9t\u00e9tiste de 18 ans gri\u00e8vement bless\u00e9 par une planche clout\u00e9e"}]},{"@type":"WebSite","@id":"https:\/\/vosgesinfo.fr\/saintdieinfo\/#website","url":"https:\/\/vosgesinfo.fr\/saintdieinfo\/","name":"Saint Die Info","description":"Toute l&#039;actualit\u00e9 de Saint-Di\u00e9-Des-Vosges","publisher":{"@id":"https:\/\/vosgesinfo.fr\/saintdieinfo\/#organization"},"alternateName":"Toute l'actualit\u00e9 de Saint-Di\u00e9-Des-Vosges","potentialAction":[{"@type":"SearchAction","target":{"@type":"EntryPoint","urlTemplate":"https:\/\/vosgesinfo.fr\/saintdieinfo\/?s={search_term_string}"},"query-input":"required name=search_term_string"}],"inLanguage":"fr-FR"},{"@type":"Organization","@id":"https:\/\/vosgesinfo.fr\/saintdieinfo\/#organization","name":"Saint Die Info","url":"https:\/\/vosgesinfo.fr\/saintdieinfo\/","logo":{"@type":"ImageObject","inLanguage":"fr-FR","@id":"https:\/\/vosgesinfo.fr\/saintdieinfo\/#\/schema\/logo\/image\/","url":"https:\/\/vosgesinfo.fr\/app\/uploads\/sites\/4\/2024\/02\/logo-sdi.jpg","contentUrl":"https:\/\/vosgesinfo.fr\/app\/uploads\/sites\/4\/2024\/02\/logo-sdi.jpg","width":600,"height":600,"caption":"Saint Die Info"},"image":{"@id":"https:\/\/vosgesinfo.fr\/saintdieinfo\/#\/schema\/logo\/image\/"},"sameAs":["https:\/\/www.facebook.com\/Saintdieinfofr","https:\/\/x.com\/VosgesInfo88","https:\/\/www.youtube.com\/@vosgesinfo"]},{"@type":"Person","@id":"https:\/\/vosgesinfo.fr\/saintdieinfo\/#\/schema\/person\/faee6704a21f3977511db84bd1cd450f","name":"la r\u00e9daction","image":{"@type":"ImageObject","inLanguage":"fr-FR","@id":"https:\/\/vosgesinfo.fr\/saintdieinfo\/#\/schema\/person\/image\/","url":"https:\/\/secure.gravatar.com\/avatar\/6673d8bc6a9c17fa9a453eaa3448de834fa308c2ec9635b7aa99441a7c8d2cf6?s=96&d=mm&r=g","contentUrl":"https:\/\/secure.gravatar.com\/avatar\/6673d8bc6a9c17fa9a453eaa3448de834fa308c2ec9635b7aa99441a7c8d2cf6?s=96&d=mm&r=g","caption":"la r\u00e9daction"},"url":"https:\/\/vosgesinfo.fr\/saintdieinfo\/author\/redac\/"}]}},"_links":{"self":[{"href":"https:\/\/vosgesinfo.fr\/saintdieinfo\/wp-json\/wp\/v2\/posts\/43328","targetHints":{"allow":["GET"]}}],"collection":[{"href":"https:\/\/vosgesinfo.fr\/saintdieinfo\/wp-json\/wp\/v2\/posts"}],"about":[{"href":"https:\/\/vosgesinfo.fr\/saintdieinfo\/wp-json\/wp\/v2\/types\/post"}],"author":[{"embeddable":true,"href":"https:\/\/vosgesinfo.fr\/saintdieinfo\/wp-json\/wp\/v2\/users\/44"}],"replies":[{"embeddable":true,"href":"https:\/\/vosgesinfo.fr\/saintdieinfo\/wp-json\/wp\/v2\/comments?post=43328"}],"version-history":[{"count":0,"href":"https:\/\/vosgesinfo.fr\/saintdieinfo\/wp-json\/wp\/v2\/posts\/43328\/revisions"}],"wp:featuredmedia":[{"embeddable":true,"href":"https:\/\/vosgesinfo.fr\/saintdieinfo\/wp-json\/wp\/v2\/media\/43329"}],"wp:attachment":[{"href":"https:\/\/vosgesinfo.fr\/saintdieinfo\/wp-json\/wp\/v2\/media?parent=43328"}],"wp:term":[{"taxonomy":"category","embeddable":true,"href":"https:\/\/vosgesinfo.fr\/saintdieinfo\/wp-json\/wp\/v2\/categories?post=43328"},{"taxonomy":"post_tag","embeddable":true,"href":"https:\/\/vosgesinfo.fr\/saintdieinfo\/wp-json\/wp\/v2\/tags?post=43328"}],"curies":[{"name":"wp","href":"https:\/\/api.w.org\/{rel}","templated":true}]}}