{"id":43560,"date":"2021-10-01T08:49:37","date_gmt":"2021-10-01T06:49:37","guid":{"rendered":"https:\/\/vosgesinfo.fr\/saintdieinfo\/2021\/10\/fig-ballons-vosges-a-velo-theme-de-carte-ign-geante-festival\/"},"modified":"2021-10-01T08:49:37","modified_gmt":"2021-10-01T06:49:37","slug":"fig-ballons-vosges-a-velo-theme-de-carte-ign-geante-festival","status":"publish","type":"post","link":"https:\/\/vosgesinfo.fr\/saintdieinfo\/2021\/10\/fig-ballons-vosges-a-velo-theme-de-carte-ign-geante-festival\/","title":{"rendered":"FIG \u2013 \u00ab Les Ballons des Vosges \u00e0 v\u00e9lo\u00a0\u00bb, th\u00e8me de la carte IGN g\u00e9ante du festival"},"content":{"rendered":"<p><a href=\"\/2021\/10\/FIG-Inauguration_Carte_IGN_Gare_SNCF-11.jpg\" target=\"_blank\" rel=\"noopener\"><img decoding=\"async\" class=\"aligncenter wp-image-172448 size-full\" src=\"\/2021\/10\/FIG-Inauguration_Carte_IGN_Gare_SNCF-11.jpg\" alt=\"FIG-Inauguration_Carte_IGN_Gare_SNCF (11)\" width=\"800\" height=\"600\" \/><\/a><\/p>\n<h2><span style=\"font-size: 14pt;\"><strong>Moment incontournable, l&rsquo;inauguration de la carte IGN g\u00e9ante sur le sol de la gare SNCF constitue, officieusement, le lancement du Festival International de G\u00e9ographie de Saint-Di\u00e9-des-Vosges.<\/strong><\/span><\/h2>\n<p><!--more--><\/p>\n<p>Ce qui a \u00e9t\u00e9 rappel\u00e9 ce vendredi matin sur les coups de 10h par le maire David Valence, lors de l&rsquo;inauguration de la carte du 32\u00e8me FIG. 23\u00e8me en date, elle pr\u00e9sente cette ann\u00e9e un panorama des activit\u00e9s nature sur le territoire des Ballons des Vosges, tout particuli\u00e8rement celles li\u00e9es au v\u00e9lo. Itin\u00e9raires Cyclotourisme et VTT, emplacements des bornes de recharge v\u00e9lo \u00e9lectrique&#8230; cette carte \u00e0 l&rsquo;\u00e9chelle 1: 30 000 a \u00e9t\u00e9 r\u00e9alis\u00e9e en partenariat avec Tourisme Hautes Vosges. Elle est \u00e0 d\u00e9couvrir durant toute la dur\u00e9e du festival, mais aussi en format traditionnel sur le stand de l&rsquo;IGN \u00e0 l&rsquo;Espace G\u00e9o-Num\u00e9rique, install\u00e9 au sein de l&rsquo;Espace Fran\u00e7ois-Mitterrand.<\/p>\n<p>J.J.<\/p>\n\n","protected":false},"excerpt":{"rendered":"<p>Moment incontournable, l&rsquo;inauguration de la carte IGN g\u00e9ante sur le sol de la gare SNCF constitue, officieusement, le lancement du [&hellip;]<\/p>\n","protected":false},"author":44,"featured_media":43561,"comment_status":"open","ping_status":"open","sticky":false,"template":"","format":"standard","meta":{"footnotes":""},"categories":[460,7847,2915],"tags":[8197,4261,3551,9000,3553,9001,9002],"class_list":["post-43560","post","type-post","status-publish","format-standard","has-post-thumbnail","hentry","category-a-la-une","category-art-culture","category-saint-die-son-canton","tag-32eme-festival-international-de-geographie-de-saint-die-des-vosges","tag-ballons-des-vosges","tag-carte-ign-geante","tag-gare-sncf","tag-ign","tag-les-ballons-des-vosges-a-velo","tag-tourisme-hautes-vosges"],"acf":[],"yoast_head":"<!-- This site is optimized with the Yoast SEO plugin v22.5 - https:\/\/yoast.com\/wordpress\/plugins\/seo\/ -->\n<title>FIG \u2013 \u00ab Les Ballons des Vosges \u00e0 v\u00e9lo\u00a0\u00bb, th\u00e8me de la carte IGN g\u00e9ante du festival - Saint Die Info<\/title>\n<meta name=\"robots\" content=\"index, follow, max-snippet:-1, max-image-preview:large, max-video-preview:-1\" \/>\n<link rel=\"canonical\" href=\"https:\/\/vosgesinfo.fr\/saintdieinfo\/2021\/10\/fig-ballons-vosges-a-velo-theme-de-carte-ign-geante-festival\/\" \/>\n<meta name=\"twitter:card\" content=\"summary_large_image\" \/>\n<meta name=\"twitter:title\" content=\"FIG \u2013 \u00ab Les Ballons des Vosges \u00e0 v\u00e9lo\u00a0\u00bb, th\u00e8me de la carte IGN g\u00e9ante du festival - Saint Die Info\" \/>\n<meta name=\"twitter:description\" content=\"Moment incontournable, l&rsquo;inauguration de la carte IGN g\u00e9ante sur le sol de la gare SNCF constitue, officieusement, le lancement du [&hellip;]\" \/>\n<meta name=\"twitter:image\" content=\"https:\/\/vosgesinfo.fr\/app\/uploads\/sites\/4\/2024\/08\/202110fig-inauguration-carte-ign-gare-sncf-11.jpg\" \/>\n<meta name=\"twitter:creator\" content=\"@VosgesInfo88\" \/>\n<meta name=\"twitter:site\" content=\"@VosgesInfo88\" \/>\n<meta name=\"twitter:label1\" content=\"\u00c9crit par\" \/>\n\t<meta name=\"twitter:data1\" content=\"la r\u00e9daction\" \/>\n\t<meta name=\"twitter:label2\" content=\"Dur\u00e9e de lecture estim\u00e9e\" \/>\n\t<meta name=\"twitter:data2\" content=\"1 minute\" \/>\n<script type=\"application\/ld+json\" class=\"yoast-schema-graph\">{\"@context\":\"https:\/\/schema.org\",\"@graph\":[{\"@type\":\"Article\",\"@id\":\"https:\/\/vosgesinfo.fr\/saintdieinfo\/2021\/10\/fig-ballons-vosges-a-velo-theme-de-carte-ign-geante-festival\/#article\",\"isPartOf\":{\"@id\":\"https:\/\/vosgesinfo.fr\/saintdieinfo\/2021\/10\/fig-ballons-vosges-a-velo-theme-de-carte-ign-geante-festival\/\"},\"author\":{\"name\":\"la r\u00e9daction\",\"@id\":\"https:\/\/vosgesinfo.fr\/saintdieinfo\/#\/schema\/person\/faee6704a21f3977511db84bd1cd450f\"},\"headline\":\"FIG \u2013 \u00ab Les Ballons des Vosges \u00e0 v\u00e9lo\u00a0\u00bb, th\u00e8me de la carte IGN g\u00e9ante du festival\",\"datePublished\":\"2021-10-01T06:49:37+00:00\",\"dateModified\":\"2021-10-01T06:49:37+00:00\",\"mainEntityOfPage\":{\"@id\":\"https:\/\/vosgesinfo.fr\/saintdieinfo\/2021\/10\/fig-ballons-vosges-a-velo-theme-de-carte-ign-geante-festival\/\"},\"wordCount\":175,\"commentCount\":0,\"publisher\":{\"@id\":\"https:\/\/vosgesinfo.fr\/saintdieinfo\/#organization\"},\"image\":{\"@id\":\"https:\/\/vosgesinfo.fr\/saintdieinfo\/2021\/10\/fig-ballons-vosges-a-velo-theme-de-carte-ign-geante-festival\/#primaryimage\"},\"thumbnailUrl\":\"https:\/\/vosgesinfo.fr\/app\/uploads\/sites\/4\/2024\/08\/202110fig-inauguration-carte-ign-gare-sncf-11.jpg\",\"keywords\":[\"32\u00e8me Festival International de G\u00e9ographie de Saint-Di\u00e9-des-Vosges\",\"Ballons des Vosges\",\"Carte IGN g\u00e9ante\",\"Gare SNCF\",\"IGN\",\"Les Ballons des Vosges \u00e0 v\u00e9lo\",\"Tourisme Hautes Vosges\"],\"articleSection\":[\"A la Une\",\"Culture\",\"Saint-Di\u00e9-des-Vosges et son Agglom\u00e9ration\"],\"inLanguage\":\"fr-FR\",\"potentialAction\":[{\"@type\":\"CommentAction\",\"name\":\"Comment\",\"target\":[\"https:\/\/vosgesinfo.fr\/saintdieinfo\/2021\/10\/fig-ballons-vosges-a-velo-theme-de-carte-ign-geante-festival\/#respond\"]}]},{\"@type\":\"WebPage\",\"@id\":\"https:\/\/vosgesinfo.fr\/saintdieinfo\/2021\/10\/fig-ballons-vosges-a-velo-theme-de-carte-ign-geante-festival\/\",\"url\":\"https:\/\/vosgesinfo.fr\/saintdieinfo\/2021\/10\/fig-ballons-vosges-a-velo-theme-de-carte-ign-geante-festival\/\",\"name\":\"FIG \u2013 \u00ab Les Ballons des Vosges \u00e0 v\u00e9lo\u00a0\u00bb, th\u00e8me de la carte IGN g\u00e9ante du festival - Saint Die Info\",\"isPartOf\":{\"@id\":\"https:\/\/vosgesinfo.fr\/saintdieinfo\/#website\"},\"primaryImageOfPage\":{\"@id\":\"https:\/\/vosgesinfo.fr\/saintdieinfo\/2021\/10\/fig-ballons-vosges-a-velo-theme-de-carte-ign-geante-festival\/#primaryimage\"},\"image\":{\"@id\":\"https:\/\/vosgesinfo.fr\/saintdieinfo\/2021\/10\/fig-ballons-vosges-a-velo-theme-de-carte-ign-geante-festival\/#primaryimage\"},\"thumbnailUrl\":\"https:\/\/vosgesinfo.fr\/app\/uploads\/sites\/4\/2024\/08\/202110fig-inauguration-carte-ign-gare-sncf-11.jpg\",\"datePublished\":\"2021-10-01T06:49:37+00:00\",\"dateModified\":\"2021-10-01T06:49:37+00:00\",\"breadcrumb\":{\"@id\":\"https:\/\/vosgesinfo.fr\/saintdieinfo\/2021\/10\/fig-ballons-vosges-a-velo-theme-de-carte-ign-geante-festival\/#breadcrumb\"},\"inLanguage\":\"fr-FR\",\"potentialAction\":[{\"@type\":\"ReadAction\",\"target\":[\"https:\/\/vosgesinfo.fr\/saintdieinfo\/2021\/10\/fig-ballons-vosges-a-velo-theme-de-carte-ign-geante-festival\/\"]}]},{\"@type\":\"ImageObject\",\"inLanguage\":\"fr-FR\",\"@id\":\"https:\/\/vosgesinfo.fr\/saintdieinfo\/2021\/10\/fig-ballons-vosges-a-velo-theme-de-carte-ign-geante-festival\/#primaryimage\",\"url\":\"https:\/\/vosgesinfo.fr\/app\/uploads\/sites\/4\/2024\/08\/202110fig-inauguration-carte-ign-gare-sncf-11.jpg\",\"contentUrl\":\"https:\/\/vosgesinfo.fr\/app\/uploads\/sites\/4\/2024\/08\/202110fig-inauguration-carte-ign-gare-sncf-11.jpg\",\"width\":800,\"height\":600},{\"@type\":\"BreadcrumbList\",\"@id\":\"https:\/\/vosgesinfo.fr\/saintdieinfo\/2021\/10\/fig-ballons-vosges-a-velo-theme-de-carte-ign-geante-festival\/#breadcrumb\",\"itemListElement\":[{\"@type\":\"ListItem\",\"position\":1,\"name\":\"Home\",\"item\":\"https:\/\/vosgesinfo.fr\/saintdieinfo\/\"},{\"@type\":\"ListItem\",\"position\":2,\"name\":\"FIG \u2013 \u00ab Les Ballons des Vosges \u00e0 v\u00e9lo\u00a0\u00bb, th\u00e8me de la carte IGN g\u00e9ante du festival\"}]},{\"@type\":\"WebSite\",\"@id\":\"https:\/\/vosgesinfo.fr\/saintdieinfo\/#website\",\"url\":\"https:\/\/vosgesinfo.fr\/saintdieinfo\/\",\"name\":\"Saint Die Info\",\"description\":\"Toute l&#039;actualit\u00e9 de Saint-Di\u00e9-Des-Vosges\",\"publisher\":{\"@id\":\"https:\/\/vosgesinfo.fr\/saintdieinfo\/#organization\"},\"alternateName\":\"Toute l'actualit\u00e9 de Saint-Di\u00e9-Des-Vosges\",\"potentialAction\":[{\"@type\":\"SearchAction\",\"target\":{\"@type\":\"EntryPoint\",\"urlTemplate\":\"https:\/\/vosgesinfo.fr\/saintdieinfo\/?s={search_term_string}\"},\"query-input\":\"required name=search_term_string\"}],\"inLanguage\":\"fr-FR\"},{\"@type\":\"Organization\",\"@id\":\"https:\/\/vosgesinfo.fr\/saintdieinfo\/#organization\",\"name\":\"Saint Die Info\",\"url\":\"https:\/\/vosgesinfo.fr\/saintdieinfo\/\",\"logo\":{\"@type\":\"ImageObject\",\"inLanguage\":\"fr-FR\",\"@id\":\"https:\/\/vosgesinfo.fr\/saintdieinfo\/#\/schema\/logo\/image\/\",\"url\":\"https:\/\/vosgesinfo.fr\/app\/uploads\/sites\/4\/2024\/02\/logo-sdi.jpg\",\"contentUrl\":\"https:\/\/vosgesinfo.fr\/app\/uploads\/sites\/4\/2024\/02\/logo-sdi.jpg\",\"width\":600,\"height\":600,\"caption\":\"Saint Die Info\"},\"image\":{\"@id\":\"https:\/\/vosgesinfo.fr\/saintdieinfo\/#\/schema\/logo\/image\/\"},\"sameAs\":[\"https:\/\/www.facebook.com\/Saintdieinfofr\",\"https:\/\/x.com\/VosgesInfo88\",\"https:\/\/www.youtube.com\/@vosgesinfo\"]},{\"@type\":\"Person\",\"@id\":\"https:\/\/vosgesinfo.fr\/saintdieinfo\/#\/schema\/person\/faee6704a21f3977511db84bd1cd450f\",\"name\":\"la r\u00e9daction\",\"image\":{\"@type\":\"ImageObject\",\"inLanguage\":\"fr-FR\",\"@id\":\"https:\/\/vosgesinfo.fr\/saintdieinfo\/#\/schema\/person\/image\/\",\"url\":\"https:\/\/secure.gravatar.com\/avatar\/6673d8bc6a9c17fa9a453eaa3448de834fa308c2ec9635b7aa99441a7c8d2cf6?s=96&d=mm&r=g\",\"contentUrl\":\"https:\/\/secure.gravatar.com\/avatar\/6673d8bc6a9c17fa9a453eaa3448de834fa308c2ec9635b7aa99441a7c8d2cf6?s=96&d=mm&r=g\",\"caption\":\"la r\u00e9daction\"},\"url\":\"https:\/\/vosgesinfo.fr\/saintdieinfo\/author\/redac\/\"}]}<\/script>\n<!-- \/ Yoast SEO plugin. -->","yoast_head_json":{"title":"FIG \u2013 \u00ab Les Ballons des Vosges \u00e0 v\u00e9lo\u00a0\u00bb, th\u00e8me de la carte IGN g\u00e9ante du festival - Saint Die Info","robots":{"index":"index","follow":"follow","max-snippet":"max-snippet:-1","max-image-preview":"max-image-preview:large","max-video-preview":"max-video-preview:-1"},"canonical":"https:\/\/vosgesinfo.fr\/saintdieinfo\/2021\/10\/fig-ballons-vosges-a-velo-theme-de-carte-ign-geante-festival\/","twitter_card":"summary_large_image","twitter_title":"FIG \u2013 \u00ab Les Ballons des Vosges \u00e0 v\u00e9lo\u00a0\u00bb, th\u00e8me de la carte IGN g\u00e9ante du festival - Saint Die Info","twitter_description":"Moment incontournable, l&rsquo;inauguration de la carte IGN g\u00e9ante sur le sol de la gare SNCF constitue, officieusement, le lancement du [&hellip;]","twitter_image":"https:\/\/vosgesinfo.fr\/app\/uploads\/sites\/4\/2024\/08\/202110fig-inauguration-carte-ign-gare-sncf-11.jpg","twitter_creator":"@VosgesInfo88","twitter_site":"@VosgesInfo88","twitter_misc":{"\u00c9crit par":"la r\u00e9daction","Dur\u00e9e de lecture estim\u00e9e":"1 minute"},"schema":{"@context":"https:\/\/schema.org","@graph":[{"@type":"Article","@id":"https:\/\/vosgesinfo.fr\/saintdieinfo\/2021\/10\/fig-ballons-vosges-a-velo-theme-de-carte-ign-geante-festival\/#article","isPartOf":{"@id":"https:\/\/vosgesinfo.fr\/saintdieinfo\/2021\/10\/fig-ballons-vosges-a-velo-theme-de-carte-ign-geante-festival\/"},"author":{"name":"la r\u00e9daction","@id":"https:\/\/vosgesinfo.fr\/saintdieinfo\/#\/schema\/person\/faee6704a21f3977511db84bd1cd450f"},"headline":"FIG \u2013 \u00ab Les Ballons des Vosges \u00e0 v\u00e9lo\u00a0\u00bb, th\u00e8me de la carte IGN g\u00e9ante du festival","datePublished":"2021-10-01T06:49:37+00:00","dateModified":"2021-10-01T06:49:37+00:00","mainEntityOfPage":{"@id":"https:\/\/vosgesinfo.fr\/saintdieinfo\/2021\/10\/fig-ballons-vosges-a-velo-theme-de-carte-ign-geante-festival\/"},"wordCount":175,"commentCount":0,"publisher":{"@id":"https:\/\/vosgesinfo.fr\/saintdieinfo\/#organization"},"image":{"@id":"https:\/\/vosgesinfo.fr\/saintdieinfo\/2021\/10\/fig-ballons-vosges-a-velo-theme-de-carte-ign-geante-festival\/#primaryimage"},"thumbnailUrl":"https:\/\/vosgesinfo.fr\/app\/uploads\/sites\/4\/2024\/08\/202110fig-inauguration-carte-ign-gare-sncf-11.jpg","keywords":["32\u00e8me Festival International de G\u00e9ographie de Saint-Di\u00e9-des-Vosges","Ballons des Vosges","Carte IGN g\u00e9ante","Gare SNCF","IGN","Les Ballons des Vosges \u00e0 v\u00e9lo","Tourisme Hautes Vosges"],"articleSection":["A la Une","Culture","Saint-Di\u00e9-des-Vosges et son Agglom\u00e9ration"],"inLanguage":"fr-FR","potentialAction":[{"@type":"CommentAction","name":"Comment","target":["https:\/\/vosgesinfo.fr\/saintdieinfo\/2021\/10\/fig-ballons-vosges-a-velo-theme-de-carte-ign-geante-festival\/#respond"]}]},{"@type":"WebPage","@id":"https:\/\/vosgesinfo.fr\/saintdieinfo\/2021\/10\/fig-ballons-vosges-a-velo-theme-de-carte-ign-geante-festival\/","url":"https:\/\/vosgesinfo.fr\/saintdieinfo\/2021\/10\/fig-ballons-vosges-a-velo-theme-de-carte-ign-geante-festival\/","name":"FIG \u2013 \u00ab Les Ballons des Vosges \u00e0 v\u00e9lo\u00a0\u00bb, th\u00e8me de la carte IGN g\u00e9ante du festival - Saint Die Info","isPartOf":{"@id":"https:\/\/vosgesinfo.fr\/saintdieinfo\/#website"},"primaryImageOfPage":{"@id":"https:\/\/vosgesinfo.fr\/saintdieinfo\/2021\/10\/fig-ballons-vosges-a-velo-theme-de-carte-ign-geante-festival\/#primaryimage"},"image":{"@id":"https:\/\/vosgesinfo.fr\/saintdieinfo\/2021\/10\/fig-ballons-vosges-a-velo-theme-de-carte-ign-geante-festival\/#primaryimage"},"thumbnailUrl":"https:\/\/vosgesinfo.fr\/app\/uploads\/sites\/4\/2024\/08\/202110fig-inauguration-carte-ign-gare-sncf-11.jpg","datePublished":"2021-10-01T06:49:37+00:00","dateModified":"2021-10-01T06:49:37+00:00","breadcrumb":{"@id":"https:\/\/vosgesinfo.fr\/saintdieinfo\/2021\/10\/fig-ballons-vosges-a-velo-theme-de-carte-ign-geante-festival\/#breadcrumb"},"inLanguage":"fr-FR","potentialAction":[{"@type":"ReadAction","target":["https:\/\/vosgesinfo.fr\/saintdieinfo\/2021\/10\/fig-ballons-vosges-a-velo-theme-de-carte-ign-geante-festival\/"]}]},{"@type":"ImageObject","inLanguage":"fr-FR","@id":"https:\/\/vosgesinfo.fr\/saintdieinfo\/2021\/10\/fig-ballons-vosges-a-velo-theme-de-carte-ign-geante-festival\/#primaryimage","url":"https:\/\/vosgesinfo.fr\/app\/uploads\/sites\/4\/2024\/08\/202110fig-inauguration-carte-ign-gare-sncf-11.jpg","contentUrl":"https:\/\/vosgesinfo.fr\/app\/uploads\/sites\/4\/2024\/08\/202110fig-inauguration-carte-ign-gare-sncf-11.jpg","width":800,"height":600},{"@type":"BreadcrumbList","@id":"https:\/\/vosgesinfo.fr\/saintdieinfo\/2021\/10\/fig-ballons-vosges-a-velo-theme-de-carte-ign-geante-festival\/#breadcrumb","itemListElement":[{"@type":"ListItem","position":1,"name":"Home","item":"https:\/\/vosgesinfo.fr\/saintdieinfo\/"},{"@type":"ListItem","position":2,"name":"FIG \u2013 \u00ab Les Ballons des Vosges \u00e0 v\u00e9lo\u00a0\u00bb, th\u00e8me de la carte IGN g\u00e9ante du festival"}]},{"@type":"WebSite","@id":"https:\/\/vosgesinfo.fr\/saintdieinfo\/#website","url":"https:\/\/vosgesinfo.fr\/saintdieinfo\/","name":"Saint Die Info","description":"Toute l&#039;actualit\u00e9 de Saint-Di\u00e9-Des-Vosges","publisher":{"@id":"https:\/\/vosgesinfo.fr\/saintdieinfo\/#organization"},"alternateName":"Toute l'actualit\u00e9 de Saint-Di\u00e9-Des-Vosges","potentialAction":[{"@type":"SearchAction","target":{"@type":"EntryPoint","urlTemplate":"https:\/\/vosgesinfo.fr\/saintdieinfo\/?s={search_term_string}"},"query-input":"required name=search_term_string"}],"inLanguage":"fr-FR"},{"@type":"Organization","@id":"https:\/\/vosgesinfo.fr\/saintdieinfo\/#organization","name":"Saint Die Info","url":"https:\/\/vosgesinfo.fr\/saintdieinfo\/","logo":{"@type":"ImageObject","inLanguage":"fr-FR","@id":"https:\/\/vosgesinfo.fr\/saintdieinfo\/#\/schema\/logo\/image\/","url":"https:\/\/vosgesinfo.fr\/app\/uploads\/sites\/4\/2024\/02\/logo-sdi.jpg","contentUrl":"https:\/\/vosgesinfo.fr\/app\/uploads\/sites\/4\/2024\/02\/logo-sdi.jpg","width":600,"height":600,"caption":"Saint Die Info"},"image":{"@id":"https:\/\/vosgesinfo.fr\/saintdieinfo\/#\/schema\/logo\/image\/"},"sameAs":["https:\/\/www.facebook.com\/Saintdieinfofr","https:\/\/x.com\/VosgesInfo88","https:\/\/www.youtube.com\/@vosgesinfo"]},{"@type":"Person","@id":"https:\/\/vosgesinfo.fr\/saintdieinfo\/#\/schema\/person\/faee6704a21f3977511db84bd1cd450f","name":"la r\u00e9daction","image":{"@type":"ImageObject","inLanguage":"fr-FR","@id":"https:\/\/vosgesinfo.fr\/saintdieinfo\/#\/schema\/person\/image\/","url":"https:\/\/secure.gravatar.com\/avatar\/6673d8bc6a9c17fa9a453eaa3448de834fa308c2ec9635b7aa99441a7c8d2cf6?s=96&d=mm&r=g","contentUrl":"https:\/\/secure.gravatar.com\/avatar\/6673d8bc6a9c17fa9a453eaa3448de834fa308c2ec9635b7aa99441a7c8d2cf6?s=96&d=mm&r=g","caption":"la r\u00e9daction"},"url":"https:\/\/vosgesinfo.fr\/saintdieinfo\/author\/redac\/"}]}},"_links":{"self":[{"href":"https:\/\/vosgesinfo.fr\/saintdieinfo\/wp-json\/wp\/v2\/posts\/43560","targetHints":{"allow":["GET"]}}],"collection":[{"href":"https:\/\/vosgesinfo.fr\/saintdieinfo\/wp-json\/wp\/v2\/posts"}],"about":[{"href":"https:\/\/vosgesinfo.fr\/saintdieinfo\/wp-json\/wp\/v2\/types\/post"}],"author":[{"embeddable":true,"href":"https:\/\/vosgesinfo.fr\/saintdieinfo\/wp-json\/wp\/v2\/users\/44"}],"replies":[{"embeddable":true,"href":"https:\/\/vosgesinfo.fr\/saintdieinfo\/wp-json\/wp\/v2\/comments?post=43560"}],"version-history":[{"count":0,"href":"https:\/\/vosgesinfo.fr\/saintdieinfo\/wp-json\/wp\/v2\/posts\/43560\/revisions"}],"wp:featuredmedia":[{"embeddable":true,"href":"https:\/\/vosgesinfo.fr\/saintdieinfo\/wp-json\/wp\/v2\/media\/43561"}],"wp:attachment":[{"href":"https:\/\/vosgesinfo.fr\/saintdieinfo\/wp-json\/wp\/v2\/media?parent=43560"}],"wp:term":[{"taxonomy":"category","embeddable":true,"href":"https:\/\/vosgesinfo.fr\/saintdieinfo\/wp-json\/wp\/v2\/categories?post=43560"},{"taxonomy":"post_tag","embeddable":true,"href":"https:\/\/vosgesinfo.fr\/saintdieinfo\/wp-json\/wp\/v2\/tags?post=43560"}],"curies":[{"name":"wp","href":"https:\/\/api.w.org\/{rel}","templated":true}]}}