{"id":43562,"date":"2021-10-01T10:46:11","date_gmt":"2021-10-01T08:46:11","guid":{"rendered":"https:\/\/vosgesinfo.fr\/saintdieinfo\/2021\/10\/fig-plus-de-100-auteurs-a-retrouver-salon-livre\/"},"modified":"2021-10-01T10:46:11","modified_gmt":"2021-10-01T08:46:11","slug":"fig-plus-de-100-auteurs-a-retrouver-salon-livre","status":"publish","type":"post","link":"https:\/\/vosgesinfo.fr\/saintdieinfo\/2021\/10\/fig-plus-de-100-auteurs-a-retrouver-salon-livre\/","title":{"rendered":"FIG \u2013 Plus de 100 auteurs \u00e0 retrouver sur le Salon du Livre"},"content":{"rendered":"<p><a href=\"\/2021\/10\/FIG_Inauguration_Salon_du_Livre-3.jpg\" target=\"_blank\" rel=\"noopener\"><img decoding=\"async\" class=\"aligncenter wp-image-172453 size-full\" src=\"\/2021\/10\/FIG_Inauguration_Salon_du_Livre-3.jpg\" alt=\"FIG_Inauguration_Salon_du_Livre (3)\" width=\"800\" height=\"600\" \/><\/a><\/p>\n<h2><span style=\"font-size: 14pt;\"><strong>Le 32\u00e8me Festival International de G\u00e9ographie s&rsquo;est ouvert ce vendredi matin. Seconde inauguration de la matin\u00e9e, apr\u00e8s la carte g\u00e9ant IGN \u00e0 la gare SNCF (<a href=\"https:\/\/saintdieinfo.fr\/2021\/10\/fig-ballons-vosges-a-velo-theme-de-carte-ign-geante-festival\/\" target=\"_blank\" rel=\"noopener\">lire notre article<\/a>), l&rsquo;inauguration du Salon du Livre par son coordinateur Olivier Huguenot et le maire David Valence.<\/strong><\/span><\/h2>\n<p><!--more--><\/p>\n<p>Deuxi\u00e8me salon litt\u00e9raire de Lorraine, apr\u00e8s le Livre dans la Place de Nancy, le Salon du Livre du FIG accueille pour son \u00e9dition 2021, dans un chapiteau de 1500 m\u00b2 situ\u00e9 au parc Jean-Mansuy, 105 auteurs, une soixantaine d&rsquo;\u00e9diteurs et 4 libraires. Romanciers, g\u00e9ographes, historiens et illustrateurs, \u00e9diteurs de sciences humaines et de voyage&#8230; il y en a pour \u2013 presque \u2013 tous les go\u00fbts litt\u00e9raires, adulte comme jeunesse. Sans oublier les rencontres et d\u00e9dicaces qui rythmeront aujourd&rsquo;hui et ce week-end le Salon du Livre, qui est pr\u00e9sid\u00e9 cette ann\u00e9e par Catherine Dolto. L&rsquo;\u00e9diteur invit\u00e9 \u00e9tant les Editions du CNRS.<\/p>\n<p>J.J.<\/p>\n\n","protected":false},"excerpt":{"rendered":"<p>Le 32\u00e8me Festival International de G\u00e9ographie s&rsquo;est ouvert ce vendredi matin. Seconde inauguration de la matin\u00e9e, apr\u00e8s la carte g\u00e9ant [&hellip;]<\/p>\n","protected":false},"author":44,"featured_media":43563,"comment_status":"open","ping_status":"open","sticky":false,"template":"","format":"standard","meta":{"footnotes":""},"categories":[460,7847,8090,2915],"tags":[8197,9003,9004,3095,9005],"class_list":["post-43562","post","type-post","status-publish","format-standard","has-post-thumbnail","hentry","category-a-la-une","category-art-culture","category-litterature","category-saint-die-son-canton","tag-32eme-festival-international-de-geographie-de-saint-die-des-vosges","tag-catherine-dolto","tag-inauguration-du-salon-du-livre","tag-parc-jean-mansuy","tag-salon-du-livre-du-festival-international-de-geographie-de-saint-die-des-vosges"],"acf":[],"yoast_head":"<!-- This site is optimized with the Yoast SEO plugin v22.5 - https:\/\/yoast.com\/wordpress\/plugins\/seo\/ -->\n<title>FIG \u2013 Plus de 100 auteurs \u00e0 retrouver sur le Salon du Livre - Saint Die Info<\/title>\n<meta name=\"robots\" content=\"index, follow, max-snippet:-1, max-image-preview:large, max-video-preview:-1\" \/>\n<link rel=\"canonical\" href=\"https:\/\/vosgesinfo.fr\/saintdieinfo\/2021\/10\/fig-plus-de-100-auteurs-a-retrouver-salon-livre\/\" \/>\n<meta name=\"twitter:card\" content=\"summary_large_image\" \/>\n<meta name=\"twitter:title\" content=\"FIG \u2013 Plus de 100 auteurs \u00e0 retrouver sur le Salon du Livre - Saint Die Info\" \/>\n<meta name=\"twitter:description\" content=\"Le 32\u00e8me Festival International de G\u00e9ographie s&rsquo;est ouvert ce vendredi matin. Seconde inauguration de la matin\u00e9e, apr\u00e8s la carte g\u00e9ant [&hellip;]\" \/>\n<meta name=\"twitter:image\" content=\"https:\/\/vosgesinfo.fr\/app\/uploads\/sites\/4\/2024\/08\/202110fig-inauguration-salon-du-livre-3.jpg\" \/>\n<meta name=\"twitter:creator\" content=\"@VosgesInfo88\" \/>\n<meta name=\"twitter:site\" content=\"@VosgesInfo88\" \/>\n<meta name=\"twitter:label1\" content=\"\u00c9crit par\" \/>\n\t<meta name=\"twitter:data1\" content=\"la r\u00e9daction\" \/>\n\t<meta name=\"twitter:label2\" content=\"Dur\u00e9e de lecture estim\u00e9e\" \/>\n\t<meta name=\"twitter:data2\" content=\"1 minute\" \/>\n<script type=\"application\/ld+json\" class=\"yoast-schema-graph\">{\"@context\":\"https:\/\/schema.org\",\"@graph\":[{\"@type\":\"Article\",\"@id\":\"https:\/\/vosgesinfo.fr\/saintdieinfo\/2021\/10\/fig-plus-de-100-auteurs-a-retrouver-salon-livre\/#article\",\"isPartOf\":{\"@id\":\"https:\/\/vosgesinfo.fr\/saintdieinfo\/2021\/10\/fig-plus-de-100-auteurs-a-retrouver-salon-livre\/\"},\"author\":{\"name\":\"la r\u00e9daction\",\"@id\":\"https:\/\/vosgesinfo.fr\/saintdieinfo\/#\/schema\/person\/faee6704a21f3977511db84bd1cd450f\"},\"headline\":\"FIG \u2013 Plus de 100 auteurs \u00e0 retrouver sur le Salon du Livre\",\"datePublished\":\"2021-10-01T08:46:11+00:00\",\"dateModified\":\"2021-10-01T08:46:11+00:00\",\"mainEntityOfPage\":{\"@id\":\"https:\/\/vosgesinfo.fr\/saintdieinfo\/2021\/10\/fig-plus-de-100-auteurs-a-retrouver-salon-livre\/\"},\"wordCount\":172,\"commentCount\":0,\"publisher\":{\"@id\":\"https:\/\/vosgesinfo.fr\/saintdieinfo\/#organization\"},\"image\":{\"@id\":\"https:\/\/vosgesinfo.fr\/saintdieinfo\/2021\/10\/fig-plus-de-100-auteurs-a-retrouver-salon-livre\/#primaryimage\"},\"thumbnailUrl\":\"https:\/\/vosgesinfo.fr\/app\/uploads\/sites\/4\/2024\/08\/202110fig-inauguration-salon-du-livre-3.jpg\",\"keywords\":[\"32\u00e8me Festival International de G\u00e9ographie de Saint-Di\u00e9-des-Vosges\",\"Catherine Dolto\",\"Inauguration du Salon du Livre\",\"Parc Jean-Mansuy\",\"Salon du Livre du Festival International de G\u00e9ographie de Saint-Di\u00e9-des-Vosges\"],\"articleSection\":[\"A la Une\",\"Culture\",\"Litt\u00e9rature\",\"Saint-Di\u00e9-des-Vosges et son Agglom\u00e9ration\"],\"inLanguage\":\"fr-FR\",\"potentialAction\":[{\"@type\":\"CommentAction\",\"name\":\"Comment\",\"target\":[\"https:\/\/vosgesinfo.fr\/saintdieinfo\/2021\/10\/fig-plus-de-100-auteurs-a-retrouver-salon-livre\/#respond\"]}]},{\"@type\":\"WebPage\",\"@id\":\"https:\/\/vosgesinfo.fr\/saintdieinfo\/2021\/10\/fig-plus-de-100-auteurs-a-retrouver-salon-livre\/\",\"url\":\"https:\/\/vosgesinfo.fr\/saintdieinfo\/2021\/10\/fig-plus-de-100-auteurs-a-retrouver-salon-livre\/\",\"name\":\"FIG \u2013 Plus de 100 auteurs \u00e0 retrouver sur le Salon du Livre - Saint Die Info\",\"isPartOf\":{\"@id\":\"https:\/\/vosgesinfo.fr\/saintdieinfo\/#website\"},\"primaryImageOfPage\":{\"@id\":\"https:\/\/vosgesinfo.fr\/saintdieinfo\/2021\/10\/fig-plus-de-100-auteurs-a-retrouver-salon-livre\/#primaryimage\"},\"image\":{\"@id\":\"https:\/\/vosgesinfo.fr\/saintdieinfo\/2021\/10\/fig-plus-de-100-auteurs-a-retrouver-salon-livre\/#primaryimage\"},\"thumbnailUrl\":\"https:\/\/vosgesinfo.fr\/app\/uploads\/sites\/4\/2024\/08\/202110fig-inauguration-salon-du-livre-3.jpg\",\"datePublished\":\"2021-10-01T08:46:11+00:00\",\"dateModified\":\"2021-10-01T08:46:11+00:00\",\"breadcrumb\":{\"@id\":\"https:\/\/vosgesinfo.fr\/saintdieinfo\/2021\/10\/fig-plus-de-100-auteurs-a-retrouver-salon-livre\/#breadcrumb\"},\"inLanguage\":\"fr-FR\",\"potentialAction\":[{\"@type\":\"ReadAction\",\"target\":[\"https:\/\/vosgesinfo.fr\/saintdieinfo\/2021\/10\/fig-plus-de-100-auteurs-a-retrouver-salon-livre\/\"]}]},{\"@type\":\"ImageObject\",\"inLanguage\":\"fr-FR\",\"@id\":\"https:\/\/vosgesinfo.fr\/saintdieinfo\/2021\/10\/fig-plus-de-100-auteurs-a-retrouver-salon-livre\/#primaryimage\",\"url\":\"https:\/\/vosgesinfo.fr\/app\/uploads\/sites\/4\/2024\/08\/202110fig-inauguration-salon-du-livre-3.jpg\",\"contentUrl\":\"https:\/\/vosgesinfo.fr\/app\/uploads\/sites\/4\/2024\/08\/202110fig-inauguration-salon-du-livre-3.jpg\",\"width\":800,\"height\":600},{\"@type\":\"BreadcrumbList\",\"@id\":\"https:\/\/vosgesinfo.fr\/saintdieinfo\/2021\/10\/fig-plus-de-100-auteurs-a-retrouver-salon-livre\/#breadcrumb\",\"itemListElement\":[{\"@type\":\"ListItem\",\"position\":1,\"name\":\"Home\",\"item\":\"https:\/\/vosgesinfo.fr\/saintdieinfo\/\"},{\"@type\":\"ListItem\",\"position\":2,\"name\":\"FIG \u2013 Plus de 100 auteurs \u00e0 retrouver sur le Salon du Livre\"}]},{\"@type\":\"WebSite\",\"@id\":\"https:\/\/vosgesinfo.fr\/saintdieinfo\/#website\",\"url\":\"https:\/\/vosgesinfo.fr\/saintdieinfo\/\",\"name\":\"Saint Die Info\",\"description\":\"Toute l&#039;actualit\u00e9 de Saint-Di\u00e9-Des-Vosges\",\"publisher\":{\"@id\":\"https:\/\/vosgesinfo.fr\/saintdieinfo\/#organization\"},\"alternateName\":\"Toute l'actualit\u00e9 de Saint-Di\u00e9-Des-Vosges\",\"potentialAction\":[{\"@type\":\"SearchAction\",\"target\":{\"@type\":\"EntryPoint\",\"urlTemplate\":\"https:\/\/vosgesinfo.fr\/saintdieinfo\/?s={search_term_string}\"},\"query-input\":\"required name=search_term_string\"}],\"inLanguage\":\"fr-FR\"},{\"@type\":\"Organization\",\"@id\":\"https:\/\/vosgesinfo.fr\/saintdieinfo\/#organization\",\"name\":\"Saint Die Info\",\"url\":\"https:\/\/vosgesinfo.fr\/saintdieinfo\/\",\"logo\":{\"@type\":\"ImageObject\",\"inLanguage\":\"fr-FR\",\"@id\":\"https:\/\/vosgesinfo.fr\/saintdieinfo\/#\/schema\/logo\/image\/\",\"url\":\"https:\/\/vosgesinfo.fr\/app\/uploads\/sites\/4\/2024\/02\/logo-sdi.jpg\",\"contentUrl\":\"https:\/\/vosgesinfo.fr\/app\/uploads\/sites\/4\/2024\/02\/logo-sdi.jpg\",\"width\":600,\"height\":600,\"caption\":\"Saint Die Info\"},\"image\":{\"@id\":\"https:\/\/vosgesinfo.fr\/saintdieinfo\/#\/schema\/logo\/image\/\"},\"sameAs\":[\"https:\/\/www.facebook.com\/Saintdieinfofr\",\"https:\/\/x.com\/VosgesInfo88\",\"https:\/\/www.youtube.com\/@vosgesinfo\"]},{\"@type\":\"Person\",\"@id\":\"https:\/\/vosgesinfo.fr\/saintdieinfo\/#\/schema\/person\/faee6704a21f3977511db84bd1cd450f\",\"name\":\"la r\u00e9daction\",\"image\":{\"@type\":\"ImageObject\",\"inLanguage\":\"fr-FR\",\"@id\":\"https:\/\/vosgesinfo.fr\/saintdieinfo\/#\/schema\/person\/image\/\",\"url\":\"https:\/\/secure.gravatar.com\/avatar\/6673d8bc6a9c17fa9a453eaa3448de834fa308c2ec9635b7aa99441a7c8d2cf6?s=96&d=mm&r=g\",\"contentUrl\":\"https:\/\/secure.gravatar.com\/avatar\/6673d8bc6a9c17fa9a453eaa3448de834fa308c2ec9635b7aa99441a7c8d2cf6?s=96&d=mm&r=g\",\"caption\":\"la r\u00e9daction\"},\"url\":\"https:\/\/vosgesinfo.fr\/saintdieinfo\/author\/redac\/\"}]}<\/script>\n<!-- \/ Yoast SEO plugin. -->","yoast_head_json":{"title":"FIG \u2013 Plus de 100 auteurs \u00e0 retrouver sur le Salon du Livre - Saint Die Info","robots":{"index":"index","follow":"follow","max-snippet":"max-snippet:-1","max-image-preview":"max-image-preview:large","max-video-preview":"max-video-preview:-1"},"canonical":"https:\/\/vosgesinfo.fr\/saintdieinfo\/2021\/10\/fig-plus-de-100-auteurs-a-retrouver-salon-livre\/","twitter_card":"summary_large_image","twitter_title":"FIG \u2013 Plus de 100 auteurs \u00e0 retrouver sur le Salon du Livre - Saint Die Info","twitter_description":"Le 32\u00e8me Festival International de G\u00e9ographie s&rsquo;est ouvert ce vendredi matin. Seconde inauguration de la matin\u00e9e, apr\u00e8s la carte g\u00e9ant [&hellip;]","twitter_image":"https:\/\/vosgesinfo.fr\/app\/uploads\/sites\/4\/2024\/08\/202110fig-inauguration-salon-du-livre-3.jpg","twitter_creator":"@VosgesInfo88","twitter_site":"@VosgesInfo88","twitter_misc":{"\u00c9crit par":"la r\u00e9daction","Dur\u00e9e de lecture estim\u00e9e":"1 minute"},"schema":{"@context":"https:\/\/schema.org","@graph":[{"@type":"Article","@id":"https:\/\/vosgesinfo.fr\/saintdieinfo\/2021\/10\/fig-plus-de-100-auteurs-a-retrouver-salon-livre\/#article","isPartOf":{"@id":"https:\/\/vosgesinfo.fr\/saintdieinfo\/2021\/10\/fig-plus-de-100-auteurs-a-retrouver-salon-livre\/"},"author":{"name":"la r\u00e9daction","@id":"https:\/\/vosgesinfo.fr\/saintdieinfo\/#\/schema\/person\/faee6704a21f3977511db84bd1cd450f"},"headline":"FIG \u2013 Plus de 100 auteurs \u00e0 retrouver sur le Salon du Livre","datePublished":"2021-10-01T08:46:11+00:00","dateModified":"2021-10-01T08:46:11+00:00","mainEntityOfPage":{"@id":"https:\/\/vosgesinfo.fr\/saintdieinfo\/2021\/10\/fig-plus-de-100-auteurs-a-retrouver-salon-livre\/"},"wordCount":172,"commentCount":0,"publisher":{"@id":"https:\/\/vosgesinfo.fr\/saintdieinfo\/#organization"},"image":{"@id":"https:\/\/vosgesinfo.fr\/saintdieinfo\/2021\/10\/fig-plus-de-100-auteurs-a-retrouver-salon-livre\/#primaryimage"},"thumbnailUrl":"https:\/\/vosgesinfo.fr\/app\/uploads\/sites\/4\/2024\/08\/202110fig-inauguration-salon-du-livre-3.jpg","keywords":["32\u00e8me Festival International de G\u00e9ographie de Saint-Di\u00e9-des-Vosges","Catherine Dolto","Inauguration du Salon du Livre","Parc Jean-Mansuy","Salon du Livre du Festival International de G\u00e9ographie de Saint-Di\u00e9-des-Vosges"],"articleSection":["A la Une","Culture","Litt\u00e9rature","Saint-Di\u00e9-des-Vosges et son Agglom\u00e9ration"],"inLanguage":"fr-FR","potentialAction":[{"@type":"CommentAction","name":"Comment","target":["https:\/\/vosgesinfo.fr\/saintdieinfo\/2021\/10\/fig-plus-de-100-auteurs-a-retrouver-salon-livre\/#respond"]}]},{"@type":"WebPage","@id":"https:\/\/vosgesinfo.fr\/saintdieinfo\/2021\/10\/fig-plus-de-100-auteurs-a-retrouver-salon-livre\/","url":"https:\/\/vosgesinfo.fr\/saintdieinfo\/2021\/10\/fig-plus-de-100-auteurs-a-retrouver-salon-livre\/","name":"FIG \u2013 Plus de 100 auteurs \u00e0 retrouver sur le Salon du Livre - Saint Die Info","isPartOf":{"@id":"https:\/\/vosgesinfo.fr\/saintdieinfo\/#website"},"primaryImageOfPage":{"@id":"https:\/\/vosgesinfo.fr\/saintdieinfo\/2021\/10\/fig-plus-de-100-auteurs-a-retrouver-salon-livre\/#primaryimage"},"image":{"@id":"https:\/\/vosgesinfo.fr\/saintdieinfo\/2021\/10\/fig-plus-de-100-auteurs-a-retrouver-salon-livre\/#primaryimage"},"thumbnailUrl":"https:\/\/vosgesinfo.fr\/app\/uploads\/sites\/4\/2024\/08\/202110fig-inauguration-salon-du-livre-3.jpg","datePublished":"2021-10-01T08:46:11+00:00","dateModified":"2021-10-01T08:46:11+00:00","breadcrumb":{"@id":"https:\/\/vosgesinfo.fr\/saintdieinfo\/2021\/10\/fig-plus-de-100-auteurs-a-retrouver-salon-livre\/#breadcrumb"},"inLanguage":"fr-FR","potentialAction":[{"@type":"ReadAction","target":["https:\/\/vosgesinfo.fr\/saintdieinfo\/2021\/10\/fig-plus-de-100-auteurs-a-retrouver-salon-livre\/"]}]},{"@type":"ImageObject","inLanguage":"fr-FR","@id":"https:\/\/vosgesinfo.fr\/saintdieinfo\/2021\/10\/fig-plus-de-100-auteurs-a-retrouver-salon-livre\/#primaryimage","url":"https:\/\/vosgesinfo.fr\/app\/uploads\/sites\/4\/2024\/08\/202110fig-inauguration-salon-du-livre-3.jpg","contentUrl":"https:\/\/vosgesinfo.fr\/app\/uploads\/sites\/4\/2024\/08\/202110fig-inauguration-salon-du-livre-3.jpg","width":800,"height":600},{"@type":"BreadcrumbList","@id":"https:\/\/vosgesinfo.fr\/saintdieinfo\/2021\/10\/fig-plus-de-100-auteurs-a-retrouver-salon-livre\/#breadcrumb","itemListElement":[{"@type":"ListItem","position":1,"name":"Home","item":"https:\/\/vosgesinfo.fr\/saintdieinfo\/"},{"@type":"ListItem","position":2,"name":"FIG \u2013 Plus de 100 auteurs \u00e0 retrouver sur le Salon du Livre"}]},{"@type":"WebSite","@id":"https:\/\/vosgesinfo.fr\/saintdieinfo\/#website","url":"https:\/\/vosgesinfo.fr\/saintdieinfo\/","name":"Saint Die Info","description":"Toute l&#039;actualit\u00e9 de Saint-Di\u00e9-Des-Vosges","publisher":{"@id":"https:\/\/vosgesinfo.fr\/saintdieinfo\/#organization"},"alternateName":"Toute l'actualit\u00e9 de Saint-Di\u00e9-Des-Vosges","potentialAction":[{"@type":"SearchAction","target":{"@type":"EntryPoint","urlTemplate":"https:\/\/vosgesinfo.fr\/saintdieinfo\/?s={search_term_string}"},"query-input":"required name=search_term_string"}],"inLanguage":"fr-FR"},{"@type":"Organization","@id":"https:\/\/vosgesinfo.fr\/saintdieinfo\/#organization","name":"Saint Die Info","url":"https:\/\/vosgesinfo.fr\/saintdieinfo\/","logo":{"@type":"ImageObject","inLanguage":"fr-FR","@id":"https:\/\/vosgesinfo.fr\/saintdieinfo\/#\/schema\/logo\/image\/","url":"https:\/\/vosgesinfo.fr\/app\/uploads\/sites\/4\/2024\/02\/logo-sdi.jpg","contentUrl":"https:\/\/vosgesinfo.fr\/app\/uploads\/sites\/4\/2024\/02\/logo-sdi.jpg","width":600,"height":600,"caption":"Saint Die Info"},"image":{"@id":"https:\/\/vosgesinfo.fr\/saintdieinfo\/#\/schema\/logo\/image\/"},"sameAs":["https:\/\/www.facebook.com\/Saintdieinfofr","https:\/\/x.com\/VosgesInfo88","https:\/\/www.youtube.com\/@vosgesinfo"]},{"@type":"Person","@id":"https:\/\/vosgesinfo.fr\/saintdieinfo\/#\/schema\/person\/faee6704a21f3977511db84bd1cd450f","name":"la r\u00e9daction","image":{"@type":"ImageObject","inLanguage":"fr-FR","@id":"https:\/\/vosgesinfo.fr\/saintdieinfo\/#\/schema\/person\/image\/","url":"https:\/\/secure.gravatar.com\/avatar\/6673d8bc6a9c17fa9a453eaa3448de834fa308c2ec9635b7aa99441a7c8d2cf6?s=96&d=mm&r=g","contentUrl":"https:\/\/secure.gravatar.com\/avatar\/6673d8bc6a9c17fa9a453eaa3448de834fa308c2ec9635b7aa99441a7c8d2cf6?s=96&d=mm&r=g","caption":"la r\u00e9daction"},"url":"https:\/\/vosgesinfo.fr\/saintdieinfo\/author\/redac\/"}]}},"_links":{"self":[{"href":"https:\/\/vosgesinfo.fr\/saintdieinfo\/wp-json\/wp\/v2\/posts\/43562","targetHints":{"allow":["GET"]}}],"collection":[{"href":"https:\/\/vosgesinfo.fr\/saintdieinfo\/wp-json\/wp\/v2\/posts"}],"about":[{"href":"https:\/\/vosgesinfo.fr\/saintdieinfo\/wp-json\/wp\/v2\/types\/post"}],"author":[{"embeddable":true,"href":"https:\/\/vosgesinfo.fr\/saintdieinfo\/wp-json\/wp\/v2\/users\/44"}],"replies":[{"embeddable":true,"href":"https:\/\/vosgesinfo.fr\/saintdieinfo\/wp-json\/wp\/v2\/comments?post=43562"}],"version-history":[{"count":0,"href":"https:\/\/vosgesinfo.fr\/saintdieinfo\/wp-json\/wp\/v2\/posts\/43562\/revisions"}],"wp:featuredmedia":[{"embeddable":true,"href":"https:\/\/vosgesinfo.fr\/saintdieinfo\/wp-json\/wp\/v2\/media\/43563"}],"wp:attachment":[{"href":"https:\/\/vosgesinfo.fr\/saintdieinfo\/wp-json\/wp\/v2\/media?parent=43562"}],"wp:term":[{"taxonomy":"category","embeddable":true,"href":"https:\/\/vosgesinfo.fr\/saintdieinfo\/wp-json\/wp\/v2\/categories?post=43562"},{"taxonomy":"post_tag","embeddable":true,"href":"https:\/\/vosgesinfo.fr\/saintdieinfo\/wp-json\/wp\/v2\/tags?post=43562"}],"curies":[{"name":"wp","href":"https:\/\/api.w.org\/{rel}","templated":true}]}}