{"id":43583,"date":"2021-10-01T19:09:27","date_gmt":"2021-10-01T17:09:27","guid":{"rendered":"https:\/\/vosgesinfo.fr\/saintdieinfo\/2021\/10\/fig-32eme-festival-international-de-geographie-de-saint-die-vosges-a-ete-inaugure\/"},"modified":"2021-10-01T19:09:27","modified_gmt":"2021-10-01T17:09:27","slug":"fig-32eme-festival-international-de-geographie-de-saint-die-vosges-a-ete-inaugure","status":"publish","type":"post","link":"https:\/\/vosgesinfo.fr\/saintdieinfo\/2021\/10\/fig-32eme-festival-international-de-geographie-de-saint-die-vosges-a-ete-inaugure\/","title":{"rendered":"FIG \u2013 Le 32\u00e8me Festival International de G\u00e9ographie de Saint-Di\u00e9-des-Vosges a \u00e9t\u00e9 inaugur\u00e9"},"content":{"rendered":"<div id=\"attachment_172479\" style=\"width: 810px\" class=\"wp-caption aligncenter\"><a href=\"\/2021\/10\/FIG-Grand_Entretien_Inaugural-3.jpg\" target=\"_blank\" rel=\"noopener\"><img decoding=\"async\" aria-describedby=\"caption-attachment-172479\" class=\"wp-image-172479 size-full\" src=\"\/2021\/10\/FIG-Grand_Entretien_Inaugural-3.jpg\" alt=\"FIG-Grand_Entretien_Inaugural (3)\" width=\"800\" height=\"534\" \/><\/a><p id=\"caption-attachment-172479\" class=\"wp-caption-text\">(Photographies Marc Fourniquet)<\/p><\/div>\n<h2><span style=\"font-size: 14pt;\"><strong>Le 32\u00e8me Festival International de G\u00e9ographie de Saint-Di\u00e9-des-Vosges s&rsquo;est ouvert ce vendredi matin, mais c&rsquo;est en fin de journ\u00e9e que cette \u00e9dition 2021 a \u00e9t\u00e9 officiellement inaugur\u00e9e, \u00e0 l&rsquo;Espace Georges-Sadoul, par un grand entretien de Georges Vigarello.<\/strong><\/span><\/h2>\n<p><!--more--><\/p>\n<p>Historien du corps et auteur de nombreuses publications sur le sport, Georges Vigarello est le pr\u00e9sident du festival cette ann\u00e9e. Dipl\u00f4m\u00e9 de l&rsquo;Ecole normale sup\u00e9rieure d&rsquo;\u00e9ducation physique, sa th\u00e8se d&rsquo;histoire \u00ab\u00a0Le Corps redress\u00e9\u00a0\u00bb le fait conna\u00eetre, du monde universitaire mais aussi du public.<\/p>\n<p>Autour du th\u00e8me \u00ab\u00a0Corps\u00a0\u00bb et du territoire invit\u00e9 Europe(s), ce 32\u00e8me FIG concentre 176 rendez-vous\u00a0: conf\u00e9rences, tables rondes, rencontres, caf\u00e9s g\u00e9o et litt\u00e9raires&#8230; sans compter les expositions, projections, films, spectacles ainsi que les salons G\u00e9onum\u00e9rique, de la Gastronomie et du Livre. L&rsquo;int\u00e9gralit\u00e9 du programme est \u00e0 t\u00e9l\u00e9charger sur <strong><a href=\"https:\/\/www.fig.saint-die-des-vosges.fr\/images\/00_Homepage\/actu_2021\/FIG_2021_Programme_WEB.pdf\" target=\"_blank\" rel=\"noopener\">le site du festival.<\/a><\/strong><\/p>\n<p>J.J.<\/p>\n\n","protected":false},"excerpt":{"rendered":"<p>Le 32\u00e8me Festival International de G\u00e9ographie de Saint-Di\u00e9-des-Vosges s&rsquo;est ouvert ce vendredi matin, mais c&rsquo;est en fin de journ\u00e9e que [&hellip;]<\/p>\n","protected":false},"author":44,"featured_media":43584,"comment_status":"open","ping_status":"open","sticky":false,"template":"","format":"standard","meta":{"footnotes":""},"categories":[460,7847,2915],"tags":[8197,3559,8273],"class_list":["post-43583","post","type-post","status-publish","format-standard","has-post-thumbnail","hentry","category-a-la-une","category-art-culture","category-saint-die-son-canton","tag-32eme-festival-international-de-geographie-de-saint-die-des-vosges","tag-espace-georges-sadoul","tag-georges-vigarello"],"acf":[],"yoast_head":"<!-- This site is optimized with the Yoast SEO plugin v22.5 - https:\/\/yoast.com\/wordpress\/plugins\/seo\/ -->\n<title>FIG \u2013 Le 32\u00e8me Festival International de G\u00e9ographie de Saint-Di\u00e9-des-Vosges a \u00e9t\u00e9 inaugur\u00e9 - Saint Die Info<\/title>\n<meta name=\"robots\" content=\"index, follow, max-snippet:-1, max-image-preview:large, max-video-preview:-1\" \/>\n<link rel=\"canonical\" href=\"https:\/\/vosgesinfo.fr\/saintdieinfo\/2021\/10\/fig-32eme-festival-international-de-geographie-de-saint-die-vosges-a-ete-inaugure\/\" \/>\n<meta name=\"twitter:card\" content=\"summary_large_image\" \/>\n<meta name=\"twitter:title\" content=\"FIG \u2013 Le 32\u00e8me Festival International de G\u00e9ographie de Saint-Di\u00e9-des-Vosges a \u00e9t\u00e9 inaugur\u00e9 - Saint Die Info\" \/>\n<meta name=\"twitter:description\" content=\"Le 32\u00e8me Festival International de G\u00e9ographie de Saint-Di\u00e9-des-Vosges s&rsquo;est ouvert ce vendredi matin, mais c&rsquo;est en fin de journ\u00e9e que [&hellip;]\" \/>\n<meta name=\"twitter:image\" content=\"https:\/\/vosgesinfo.fr\/app\/uploads\/sites\/4\/2024\/08\/202110fig-grand-entretien-inaugural-3.jpg\" \/>\n<meta name=\"twitter:creator\" content=\"@VosgesInfo88\" \/>\n<meta name=\"twitter:site\" content=\"@VosgesInfo88\" \/>\n<meta name=\"twitter:label1\" content=\"\u00c9crit par\" \/>\n\t<meta name=\"twitter:data1\" content=\"la r\u00e9daction\" \/>\n\t<meta name=\"twitter:label2\" content=\"Dur\u00e9e de lecture estim\u00e9e\" \/>\n\t<meta name=\"twitter:data2\" content=\"1 minute\" \/>\n<script type=\"application\/ld+json\" class=\"yoast-schema-graph\">{\"@context\":\"https:\/\/schema.org\",\"@graph\":[{\"@type\":\"Article\",\"@id\":\"https:\/\/vosgesinfo.fr\/saintdieinfo\/2021\/10\/fig-32eme-festival-international-de-geographie-de-saint-die-vosges-a-ete-inaugure\/#article\",\"isPartOf\":{\"@id\":\"https:\/\/vosgesinfo.fr\/saintdieinfo\/2021\/10\/fig-32eme-festival-international-de-geographie-de-saint-die-vosges-a-ete-inaugure\/\"},\"author\":{\"name\":\"la r\u00e9daction\",\"@id\":\"https:\/\/vosgesinfo.fr\/saintdieinfo\/#\/schema\/person\/faee6704a21f3977511db84bd1cd450f\"},\"headline\":\"FIG \u2013 Le 32\u00e8me Festival International de G\u00e9ographie de Saint-Di\u00e9-des-Vosges a \u00e9t\u00e9 inaugur\u00e9\",\"datePublished\":\"2021-10-01T17:09:27+00:00\",\"dateModified\":\"2021-10-01T17:09:27+00:00\",\"mainEntityOfPage\":{\"@id\":\"https:\/\/vosgesinfo.fr\/saintdieinfo\/2021\/10\/fig-32eme-festival-international-de-geographie-de-saint-die-vosges-a-ete-inaugure\/\"},\"wordCount\":188,\"commentCount\":0,\"publisher\":{\"@id\":\"https:\/\/vosgesinfo.fr\/saintdieinfo\/#organization\"},\"image\":{\"@id\":\"https:\/\/vosgesinfo.fr\/saintdieinfo\/2021\/10\/fig-32eme-festival-international-de-geographie-de-saint-die-vosges-a-ete-inaugure\/#primaryimage\"},\"thumbnailUrl\":\"https:\/\/vosgesinfo.fr\/app\/uploads\/sites\/4\/2024\/08\/202110fig-grand-entretien-inaugural-3.jpg\",\"keywords\":[\"32\u00e8me Festival International de G\u00e9ographie de Saint-Di\u00e9-des-Vosges\",\"Espace Georges-Sadoul\",\"Georges Vigarello\"],\"articleSection\":[\"A la Une\",\"Culture\",\"Saint-Di\u00e9-des-Vosges et son Agglom\u00e9ration\"],\"inLanguage\":\"fr-FR\",\"potentialAction\":[{\"@type\":\"CommentAction\",\"name\":\"Comment\",\"target\":[\"https:\/\/vosgesinfo.fr\/saintdieinfo\/2021\/10\/fig-32eme-festival-international-de-geographie-de-saint-die-vosges-a-ete-inaugure\/#respond\"]}]},{\"@type\":\"WebPage\",\"@id\":\"https:\/\/vosgesinfo.fr\/saintdieinfo\/2021\/10\/fig-32eme-festival-international-de-geographie-de-saint-die-vosges-a-ete-inaugure\/\",\"url\":\"https:\/\/vosgesinfo.fr\/saintdieinfo\/2021\/10\/fig-32eme-festival-international-de-geographie-de-saint-die-vosges-a-ete-inaugure\/\",\"name\":\"FIG \u2013 Le 32\u00e8me Festival International de G\u00e9ographie de Saint-Di\u00e9-des-Vosges a \u00e9t\u00e9 inaugur\u00e9 - Saint Die Info\",\"isPartOf\":{\"@id\":\"https:\/\/vosgesinfo.fr\/saintdieinfo\/#website\"},\"primaryImageOfPage\":{\"@id\":\"https:\/\/vosgesinfo.fr\/saintdieinfo\/2021\/10\/fig-32eme-festival-international-de-geographie-de-saint-die-vosges-a-ete-inaugure\/#primaryimage\"},\"image\":{\"@id\":\"https:\/\/vosgesinfo.fr\/saintdieinfo\/2021\/10\/fig-32eme-festival-international-de-geographie-de-saint-die-vosges-a-ete-inaugure\/#primaryimage\"},\"thumbnailUrl\":\"https:\/\/vosgesinfo.fr\/app\/uploads\/sites\/4\/2024\/08\/202110fig-grand-entretien-inaugural-3.jpg\",\"datePublished\":\"2021-10-01T17:09:27+00:00\",\"dateModified\":\"2021-10-01T17:09:27+00:00\",\"breadcrumb\":{\"@id\":\"https:\/\/vosgesinfo.fr\/saintdieinfo\/2021\/10\/fig-32eme-festival-international-de-geographie-de-saint-die-vosges-a-ete-inaugure\/#breadcrumb\"},\"inLanguage\":\"fr-FR\",\"potentialAction\":[{\"@type\":\"ReadAction\",\"target\":[\"https:\/\/vosgesinfo.fr\/saintdieinfo\/2021\/10\/fig-32eme-festival-international-de-geographie-de-saint-die-vosges-a-ete-inaugure\/\"]}]},{\"@type\":\"ImageObject\",\"inLanguage\":\"fr-FR\",\"@id\":\"https:\/\/vosgesinfo.fr\/saintdieinfo\/2021\/10\/fig-32eme-festival-international-de-geographie-de-saint-die-vosges-a-ete-inaugure\/#primaryimage\",\"url\":\"https:\/\/vosgesinfo.fr\/app\/uploads\/sites\/4\/2024\/08\/202110fig-grand-entretien-inaugural-3.jpg\",\"contentUrl\":\"https:\/\/vosgesinfo.fr\/app\/uploads\/sites\/4\/2024\/08\/202110fig-grand-entretien-inaugural-3.jpg\",\"width\":800,\"height\":534},{\"@type\":\"BreadcrumbList\",\"@id\":\"https:\/\/vosgesinfo.fr\/saintdieinfo\/2021\/10\/fig-32eme-festival-international-de-geographie-de-saint-die-vosges-a-ete-inaugure\/#breadcrumb\",\"itemListElement\":[{\"@type\":\"ListItem\",\"position\":1,\"name\":\"Home\",\"item\":\"https:\/\/vosgesinfo.fr\/saintdieinfo\/\"},{\"@type\":\"ListItem\",\"position\":2,\"name\":\"FIG \u2013 Le 32\u00e8me Festival International de G\u00e9ographie de Saint-Di\u00e9-des-Vosges a \u00e9t\u00e9 inaugur\u00e9\"}]},{\"@type\":\"WebSite\",\"@id\":\"https:\/\/vosgesinfo.fr\/saintdieinfo\/#website\",\"url\":\"https:\/\/vosgesinfo.fr\/saintdieinfo\/\",\"name\":\"Saint Die Info\",\"description\":\"Toute l&#039;actualit\u00e9 de Saint-Di\u00e9-Des-Vosges\",\"publisher\":{\"@id\":\"https:\/\/vosgesinfo.fr\/saintdieinfo\/#organization\"},\"alternateName\":\"Toute l'actualit\u00e9 de Saint-Di\u00e9-Des-Vosges\",\"potentialAction\":[{\"@type\":\"SearchAction\",\"target\":{\"@type\":\"EntryPoint\",\"urlTemplate\":\"https:\/\/vosgesinfo.fr\/saintdieinfo\/?s={search_term_string}\"},\"query-input\":\"required name=search_term_string\"}],\"inLanguage\":\"fr-FR\"},{\"@type\":\"Organization\",\"@id\":\"https:\/\/vosgesinfo.fr\/saintdieinfo\/#organization\",\"name\":\"Saint Die Info\",\"url\":\"https:\/\/vosgesinfo.fr\/saintdieinfo\/\",\"logo\":{\"@type\":\"ImageObject\",\"inLanguage\":\"fr-FR\",\"@id\":\"https:\/\/vosgesinfo.fr\/saintdieinfo\/#\/schema\/logo\/image\/\",\"url\":\"https:\/\/vosgesinfo.fr\/app\/uploads\/sites\/4\/2024\/02\/logo-sdi.jpg\",\"contentUrl\":\"https:\/\/vosgesinfo.fr\/app\/uploads\/sites\/4\/2024\/02\/logo-sdi.jpg\",\"width\":600,\"height\":600,\"caption\":\"Saint Die Info\"},\"image\":{\"@id\":\"https:\/\/vosgesinfo.fr\/saintdieinfo\/#\/schema\/logo\/image\/\"},\"sameAs\":[\"https:\/\/www.facebook.com\/Saintdieinfofr\",\"https:\/\/x.com\/VosgesInfo88\",\"https:\/\/www.youtube.com\/@vosgesinfo\"]},{\"@type\":\"Person\",\"@id\":\"https:\/\/vosgesinfo.fr\/saintdieinfo\/#\/schema\/person\/faee6704a21f3977511db84bd1cd450f\",\"name\":\"la r\u00e9daction\",\"image\":{\"@type\":\"ImageObject\",\"inLanguage\":\"fr-FR\",\"@id\":\"https:\/\/vosgesinfo.fr\/saintdieinfo\/#\/schema\/person\/image\/\",\"url\":\"https:\/\/secure.gravatar.com\/avatar\/6673d8bc6a9c17fa9a453eaa3448de834fa308c2ec9635b7aa99441a7c8d2cf6?s=96&d=mm&r=g\",\"contentUrl\":\"https:\/\/secure.gravatar.com\/avatar\/6673d8bc6a9c17fa9a453eaa3448de834fa308c2ec9635b7aa99441a7c8d2cf6?s=96&d=mm&r=g\",\"caption\":\"la r\u00e9daction\"},\"url\":\"https:\/\/vosgesinfo.fr\/saintdieinfo\/author\/redac\/\"}]}<\/script>\n<!-- \/ Yoast SEO plugin. -->","yoast_head_json":{"title":"FIG \u2013 Le 32\u00e8me Festival International de G\u00e9ographie de Saint-Di\u00e9-des-Vosges a \u00e9t\u00e9 inaugur\u00e9 - Saint Die Info","robots":{"index":"index","follow":"follow","max-snippet":"max-snippet:-1","max-image-preview":"max-image-preview:large","max-video-preview":"max-video-preview:-1"},"canonical":"https:\/\/vosgesinfo.fr\/saintdieinfo\/2021\/10\/fig-32eme-festival-international-de-geographie-de-saint-die-vosges-a-ete-inaugure\/","twitter_card":"summary_large_image","twitter_title":"FIG \u2013 Le 32\u00e8me Festival International de G\u00e9ographie de Saint-Di\u00e9-des-Vosges a \u00e9t\u00e9 inaugur\u00e9 - Saint Die Info","twitter_description":"Le 32\u00e8me Festival International de G\u00e9ographie de Saint-Di\u00e9-des-Vosges s&rsquo;est ouvert ce vendredi matin, mais c&rsquo;est en fin de journ\u00e9e que [&hellip;]","twitter_image":"https:\/\/vosgesinfo.fr\/app\/uploads\/sites\/4\/2024\/08\/202110fig-grand-entretien-inaugural-3.jpg","twitter_creator":"@VosgesInfo88","twitter_site":"@VosgesInfo88","twitter_misc":{"\u00c9crit par":"la r\u00e9daction","Dur\u00e9e de lecture estim\u00e9e":"1 minute"},"schema":{"@context":"https:\/\/schema.org","@graph":[{"@type":"Article","@id":"https:\/\/vosgesinfo.fr\/saintdieinfo\/2021\/10\/fig-32eme-festival-international-de-geographie-de-saint-die-vosges-a-ete-inaugure\/#article","isPartOf":{"@id":"https:\/\/vosgesinfo.fr\/saintdieinfo\/2021\/10\/fig-32eme-festival-international-de-geographie-de-saint-die-vosges-a-ete-inaugure\/"},"author":{"name":"la r\u00e9daction","@id":"https:\/\/vosgesinfo.fr\/saintdieinfo\/#\/schema\/person\/faee6704a21f3977511db84bd1cd450f"},"headline":"FIG \u2013 Le 32\u00e8me Festival International de G\u00e9ographie de Saint-Di\u00e9-des-Vosges a \u00e9t\u00e9 inaugur\u00e9","datePublished":"2021-10-01T17:09:27+00:00","dateModified":"2021-10-01T17:09:27+00:00","mainEntityOfPage":{"@id":"https:\/\/vosgesinfo.fr\/saintdieinfo\/2021\/10\/fig-32eme-festival-international-de-geographie-de-saint-die-vosges-a-ete-inaugure\/"},"wordCount":188,"commentCount":0,"publisher":{"@id":"https:\/\/vosgesinfo.fr\/saintdieinfo\/#organization"},"image":{"@id":"https:\/\/vosgesinfo.fr\/saintdieinfo\/2021\/10\/fig-32eme-festival-international-de-geographie-de-saint-die-vosges-a-ete-inaugure\/#primaryimage"},"thumbnailUrl":"https:\/\/vosgesinfo.fr\/app\/uploads\/sites\/4\/2024\/08\/202110fig-grand-entretien-inaugural-3.jpg","keywords":["32\u00e8me Festival International de G\u00e9ographie de Saint-Di\u00e9-des-Vosges","Espace Georges-Sadoul","Georges Vigarello"],"articleSection":["A la Une","Culture","Saint-Di\u00e9-des-Vosges et son Agglom\u00e9ration"],"inLanguage":"fr-FR","potentialAction":[{"@type":"CommentAction","name":"Comment","target":["https:\/\/vosgesinfo.fr\/saintdieinfo\/2021\/10\/fig-32eme-festival-international-de-geographie-de-saint-die-vosges-a-ete-inaugure\/#respond"]}]},{"@type":"WebPage","@id":"https:\/\/vosgesinfo.fr\/saintdieinfo\/2021\/10\/fig-32eme-festival-international-de-geographie-de-saint-die-vosges-a-ete-inaugure\/","url":"https:\/\/vosgesinfo.fr\/saintdieinfo\/2021\/10\/fig-32eme-festival-international-de-geographie-de-saint-die-vosges-a-ete-inaugure\/","name":"FIG \u2013 Le 32\u00e8me Festival International de G\u00e9ographie de Saint-Di\u00e9-des-Vosges a \u00e9t\u00e9 inaugur\u00e9 - Saint Die Info","isPartOf":{"@id":"https:\/\/vosgesinfo.fr\/saintdieinfo\/#website"},"primaryImageOfPage":{"@id":"https:\/\/vosgesinfo.fr\/saintdieinfo\/2021\/10\/fig-32eme-festival-international-de-geographie-de-saint-die-vosges-a-ete-inaugure\/#primaryimage"},"image":{"@id":"https:\/\/vosgesinfo.fr\/saintdieinfo\/2021\/10\/fig-32eme-festival-international-de-geographie-de-saint-die-vosges-a-ete-inaugure\/#primaryimage"},"thumbnailUrl":"https:\/\/vosgesinfo.fr\/app\/uploads\/sites\/4\/2024\/08\/202110fig-grand-entretien-inaugural-3.jpg","datePublished":"2021-10-01T17:09:27+00:00","dateModified":"2021-10-01T17:09:27+00:00","breadcrumb":{"@id":"https:\/\/vosgesinfo.fr\/saintdieinfo\/2021\/10\/fig-32eme-festival-international-de-geographie-de-saint-die-vosges-a-ete-inaugure\/#breadcrumb"},"inLanguage":"fr-FR","potentialAction":[{"@type":"ReadAction","target":["https:\/\/vosgesinfo.fr\/saintdieinfo\/2021\/10\/fig-32eme-festival-international-de-geographie-de-saint-die-vosges-a-ete-inaugure\/"]}]},{"@type":"ImageObject","inLanguage":"fr-FR","@id":"https:\/\/vosgesinfo.fr\/saintdieinfo\/2021\/10\/fig-32eme-festival-international-de-geographie-de-saint-die-vosges-a-ete-inaugure\/#primaryimage","url":"https:\/\/vosgesinfo.fr\/app\/uploads\/sites\/4\/2024\/08\/202110fig-grand-entretien-inaugural-3.jpg","contentUrl":"https:\/\/vosgesinfo.fr\/app\/uploads\/sites\/4\/2024\/08\/202110fig-grand-entretien-inaugural-3.jpg","width":800,"height":534},{"@type":"BreadcrumbList","@id":"https:\/\/vosgesinfo.fr\/saintdieinfo\/2021\/10\/fig-32eme-festival-international-de-geographie-de-saint-die-vosges-a-ete-inaugure\/#breadcrumb","itemListElement":[{"@type":"ListItem","position":1,"name":"Home","item":"https:\/\/vosgesinfo.fr\/saintdieinfo\/"},{"@type":"ListItem","position":2,"name":"FIG \u2013 Le 32\u00e8me Festival International de G\u00e9ographie de Saint-Di\u00e9-des-Vosges a \u00e9t\u00e9 inaugur\u00e9"}]},{"@type":"WebSite","@id":"https:\/\/vosgesinfo.fr\/saintdieinfo\/#website","url":"https:\/\/vosgesinfo.fr\/saintdieinfo\/","name":"Saint Die Info","description":"Toute l&#039;actualit\u00e9 de Saint-Di\u00e9-Des-Vosges","publisher":{"@id":"https:\/\/vosgesinfo.fr\/saintdieinfo\/#organization"},"alternateName":"Toute l'actualit\u00e9 de Saint-Di\u00e9-Des-Vosges","potentialAction":[{"@type":"SearchAction","target":{"@type":"EntryPoint","urlTemplate":"https:\/\/vosgesinfo.fr\/saintdieinfo\/?s={search_term_string}"},"query-input":"required name=search_term_string"}],"inLanguage":"fr-FR"},{"@type":"Organization","@id":"https:\/\/vosgesinfo.fr\/saintdieinfo\/#organization","name":"Saint Die Info","url":"https:\/\/vosgesinfo.fr\/saintdieinfo\/","logo":{"@type":"ImageObject","inLanguage":"fr-FR","@id":"https:\/\/vosgesinfo.fr\/saintdieinfo\/#\/schema\/logo\/image\/","url":"https:\/\/vosgesinfo.fr\/app\/uploads\/sites\/4\/2024\/02\/logo-sdi.jpg","contentUrl":"https:\/\/vosgesinfo.fr\/app\/uploads\/sites\/4\/2024\/02\/logo-sdi.jpg","width":600,"height":600,"caption":"Saint Die Info"},"image":{"@id":"https:\/\/vosgesinfo.fr\/saintdieinfo\/#\/schema\/logo\/image\/"},"sameAs":["https:\/\/www.facebook.com\/Saintdieinfofr","https:\/\/x.com\/VosgesInfo88","https:\/\/www.youtube.com\/@vosgesinfo"]},{"@type":"Person","@id":"https:\/\/vosgesinfo.fr\/saintdieinfo\/#\/schema\/person\/faee6704a21f3977511db84bd1cd450f","name":"la r\u00e9daction","image":{"@type":"ImageObject","inLanguage":"fr-FR","@id":"https:\/\/vosgesinfo.fr\/saintdieinfo\/#\/schema\/person\/image\/","url":"https:\/\/secure.gravatar.com\/avatar\/6673d8bc6a9c17fa9a453eaa3448de834fa308c2ec9635b7aa99441a7c8d2cf6?s=96&d=mm&r=g","contentUrl":"https:\/\/secure.gravatar.com\/avatar\/6673d8bc6a9c17fa9a453eaa3448de834fa308c2ec9635b7aa99441a7c8d2cf6?s=96&d=mm&r=g","caption":"la r\u00e9daction"},"url":"https:\/\/vosgesinfo.fr\/saintdieinfo\/author\/redac\/"}]}},"_links":{"self":[{"href":"https:\/\/vosgesinfo.fr\/saintdieinfo\/wp-json\/wp\/v2\/posts\/43583","targetHints":{"allow":["GET"]}}],"collection":[{"href":"https:\/\/vosgesinfo.fr\/saintdieinfo\/wp-json\/wp\/v2\/posts"}],"about":[{"href":"https:\/\/vosgesinfo.fr\/saintdieinfo\/wp-json\/wp\/v2\/types\/post"}],"author":[{"embeddable":true,"href":"https:\/\/vosgesinfo.fr\/saintdieinfo\/wp-json\/wp\/v2\/users\/44"}],"replies":[{"embeddable":true,"href":"https:\/\/vosgesinfo.fr\/saintdieinfo\/wp-json\/wp\/v2\/comments?post=43583"}],"version-history":[{"count":0,"href":"https:\/\/vosgesinfo.fr\/saintdieinfo\/wp-json\/wp\/v2\/posts\/43583\/revisions"}],"wp:featuredmedia":[{"embeddable":true,"href":"https:\/\/vosgesinfo.fr\/saintdieinfo\/wp-json\/wp\/v2\/media\/43584"}],"wp:attachment":[{"href":"https:\/\/vosgesinfo.fr\/saintdieinfo\/wp-json\/wp\/v2\/media?parent=43583"}],"wp:term":[{"taxonomy":"category","embeddable":true,"href":"https:\/\/vosgesinfo.fr\/saintdieinfo\/wp-json\/wp\/v2\/categories?post=43583"},{"taxonomy":"post_tag","embeddable":true,"href":"https:\/\/vosgesinfo.fr\/saintdieinfo\/wp-json\/wp\/v2\/tags?post=43583"}],"curies":[{"name":"wp","href":"https:\/\/api.w.org\/{rel}","templated":true}]}}