{"id":43589,"date":"2021-10-02T10:29:50","date_gmt":"2021-10-02T08:29:50","guid":{"rendered":"https:\/\/vosgesinfo.fr\/saintdieinfo\/2021\/10\/jour-de-nuit-nuit-deodatie\/"},"modified":"2021-10-02T10:29:50","modified_gmt":"2021-10-02T08:29:50","slug":"jour-de-nuit-nuit-deodatie","status":"publish","type":"post","link":"https:\/\/vosgesinfo.fr\/saintdieinfo\/2021\/10\/jour-de-nuit-nuit-deodatie\/","title":{"rendered":"Le Jour de la Nuit la nuit en D\u00e9odatie"},"content":{"rendered":"<p><a href=\"\/2021\/10\/Jour_de_la_Nuit_D\u00e9odatie.jpg\" target=\"_blank\" rel=\"noopener\"><img decoding=\"async\" class=\"aligncenter wp-image-172489 size-full\" src=\"\/2021\/10\/Jour_de_la_Nuit_D\u00e9odatie.jpg\" alt=\"Jour_de_la_Nuit_D\u00e9odatie\" width=\"800\" height=\"451\" \/><\/a><\/p>\n<h2><span style=\"font-size: 14pt;\"><strong>Le vendredi 8 et samedi 9 octobre 2021 aura lieu le Jour de la Nuit en D\u00e9odatie. Cet \u00e9v\u00e8nement national de sensibilisation \u00e0 la pollution lumineuse se tient pour la troisi\u00e8me ann\u00e9e en D\u00e9odatie. Il s\u2019agit de d\u00e9couvrir la biodiversit\u00e9 nocturne, le ciel \u00e9toil\u00e9 et les \u00e9conomies d\u2019\u00e9nergie r\u00e9alisables sur l\u2019\u00e9clairage public.<\/strong><\/span><\/h2>\n<p><!--more--><\/p>\n<h3><span style=\"font-size: 12pt;\"><strong>Le programme sur 17 communes du territoire<\/strong><\/span><\/h3>\n<p><strong>Le vendredi 8 octobre :<\/strong><\/p>\n<ul>\n<li>Champ-le-Duc : balade nocturne de d\u00e9couverte de la biodiversit\u00e9 nocturne \u00e0 20h devant la mairie, sur inscriptions uniquement ;<\/li>\n<li>Coinches : balade nocturne cont\u00e9e \u00e0 19h45 devant la salle communale ;<\/li>\n<li><a name=\"page3R_mcid26\"><\/a>L\u00e9panges-sur-Vologne : plan\u00e9tarium mobile \u00e0 partir de 19h \u00e0 l\u2019\u00e9cole \u00e9l\u00e9mentaire, sur inscriptions uniquement ;<\/li>\n<\/ul>\n<p><strong>Le samedi 9 octobre :<\/strong><\/p>\n<ul>\n<li>Bruy\u00e8res : animations sur la biodiversit\u00e9 nocturne et le ciel \u00e9toil\u00e9 \u00e0 partir de 19h45 \u00e0 la montagne des fourmis, sur inscriptions uniquement ;<\/li>\n<li>Corcieux : animations sur la biodiversit\u00e9 nocturne et le ciel \u00e9toil\u00e9 \u00e0 partir de 18h30 devant la mairie ;<\/li>\n<li>Fraize et Plainfaing : balade th\u00e9\u00e2tralis\u00e9e sur la biodiversit\u00e9 sur la voie verte, sur inscriptions uniquement ;<\/li>\n<li>Frapelle : balade\/conf\u00e9rence sur la biodiversit\u00e9 nocturne \u00e0 20h devant la mairie ;<\/li>\n<li>Jussarupt : balade sur les sons de la nuit \u00e0 20h devant la mairie, sur inscriptions uniquement ;<\/li>\n<li>La Chapelle-devant-Bruy\u00e8res : projection du documentaire \u00ab Lumi\u00e8res sur la ville \u00bb \u00e0 partir de 20h \u00e0 la salle des f\u00eates ;<\/li>\n<li>La Grande Fosse : exposition, observations et conf\u00e9rence sur le ciel \u00e9toil\u00e9 \u00e0 partir de 14h salle du conseil et salles des f\u00eates ;<\/li>\n<li>Moyenmoutier : conf\u00e9rence\/balade sur la biodiversit\u00e9 nocturne \u00e0 20h salle des associations ;<\/li>\n<li>Sainte-Marguerite : balade sur la biodiversit\u00e9 nocturne \u00e0 20h devant la mairie, sur inscriptions uniquement ;<\/li>\n<li>Saint-L\u00e9onard : balade sur la biodiversit\u00e9 nocturne \u00e0 20h devant la mairie, sur inscriptions uniquement ;<\/li>\n<li>Saint-Di\u00e9-des-Vosges : spectacle de jonglerie enflamm\u00e9 comment\u00e9 sur les \u00e9conomies d\u2019\u00e9nergie \u00e0 20h place Jules Ferry ;<\/li>\n<li>Taintrux : projection d\u2019un documentaire sur les chauves-souris \u00e0 20h \u00e0 la salle des f\u00eates ;<\/li>\n<li>Vienville : balade sur la biodiversit\u00e9 nocturne \u00e0 20h devant la mairie, sur inscriptions uniquement.<\/li>\n<\/ul>\n<h3><span style=\"font-size: 12pt;\"><strong>Un \u00e9v\u00e9nement gratuit avec extinction partielle de l\u2019\u00e9clairage public<\/strong> <\/span><\/h3>\n<p>Toutes ces animations (\u00e0 l\u2019initiative du Pays de la D\u00e9odatie et co-organis\u00e9es par les communes) sont gratuites. En parall\u00e8le, les communes participent \u00e0 cette nuit d\u2019extinction totale ou partielle de l\u2019\u00e9clairage public.<\/p>\n<h3><span style=\"font-size: 12pt;\"><strong>Informations compl\u00e9mentaires et inscriptions :<\/strong><\/span><\/h3>\n<p><strong>03.29.56.91.14<\/strong> ou <strong><a href=\"mailto:fmattio@deodatie.com\" target=\"_blank\" rel=\"noopener\">fmattio@deodatie.com<\/a><\/strong><\/p>\n","protected":false},"excerpt":{"rendered":"<p>Le vendredi 8 et samedi 9 octobre 2021 aura lieu le Jour de la Nuit en D\u00e9odatie. Cet \u00e9v\u00e8nement national [&hellip;]<\/p>\n","protected":false},"author":44,"featured_media":43590,"comment_status":"open","ping_status":"open","sticky":false,"template":"","format":"standard","meta":{"footnotes":""},"categories":[460,2915,18],"tags":[9009,3507],"class_list":["post-43589","post","type-post","status-publish","format-standard","has-post-thumbnail","hentry","category-a-la-une","category-saint-die-son-canton","category-vosges","tag-jour-de-la-nuit-en-deodatie","tag-petr-du-pays-de-la-deodatie"],"acf":[],"yoast_head":"<!-- This site is optimized with the Yoast SEO plugin v22.5 - https:\/\/yoast.com\/wordpress\/plugins\/seo\/ -->\n<title>Le Jour de la Nuit la nuit en D\u00e9odatie - Saint Die Info<\/title>\n<meta name=\"robots\" content=\"index, follow, max-snippet:-1, max-image-preview:large, max-video-preview:-1\" \/>\n<link rel=\"canonical\" href=\"https:\/\/vosgesinfo.fr\/saintdieinfo\/2021\/10\/jour-de-nuit-nuit-deodatie\/\" \/>\n<meta name=\"twitter:card\" content=\"summary_large_image\" \/>\n<meta name=\"twitter:title\" content=\"Le Jour de la Nuit la nuit en D\u00e9odatie - Saint Die Info\" \/>\n<meta name=\"twitter:description\" content=\"Le vendredi 8 et samedi 9 octobre 2021 aura lieu le Jour de la Nuit en D\u00e9odatie. Cet \u00e9v\u00e8nement national [&hellip;]\" \/>\n<meta name=\"twitter:image\" content=\"https:\/\/vosgesinfo.fr\/app\/uploads\/sites\/4\/2024\/08\/202110jour-de-la-nuit-deodatie.jpg\" \/>\n<meta name=\"twitter:creator\" content=\"@VosgesInfo88\" \/>\n<meta name=\"twitter:site\" content=\"@VosgesInfo88\" \/>\n<meta name=\"twitter:label1\" content=\"\u00c9crit par\" \/>\n\t<meta name=\"twitter:data1\" content=\"la r\u00e9daction\" \/>\n\t<meta name=\"twitter:label2\" content=\"Dur\u00e9e de lecture estim\u00e9e\" \/>\n\t<meta name=\"twitter:data2\" content=\"2 minutes\" \/>\n<script type=\"application\/ld+json\" class=\"yoast-schema-graph\">{\"@context\":\"https:\/\/schema.org\",\"@graph\":[{\"@type\":\"Article\",\"@id\":\"https:\/\/vosgesinfo.fr\/saintdieinfo\/2021\/10\/jour-de-nuit-nuit-deodatie\/#article\",\"isPartOf\":{\"@id\":\"https:\/\/vosgesinfo.fr\/saintdieinfo\/2021\/10\/jour-de-nuit-nuit-deodatie\/\"},\"author\":{\"name\":\"la r\u00e9daction\",\"@id\":\"https:\/\/vosgesinfo.fr\/saintdieinfo\/#\/schema\/person\/faee6704a21f3977511db84bd1cd450f\"},\"headline\":\"Le Jour de la Nuit la nuit en D\u00e9odatie\",\"datePublished\":\"2021-10-02T08:29:50+00:00\",\"dateModified\":\"2021-10-02T08:29:50+00:00\",\"mainEntityOfPage\":{\"@id\":\"https:\/\/vosgesinfo.fr\/saintdieinfo\/2021\/10\/jour-de-nuit-nuit-deodatie\/\"},\"wordCount\":383,\"commentCount\":0,\"publisher\":{\"@id\":\"https:\/\/vosgesinfo.fr\/saintdieinfo\/#organization\"},\"image\":{\"@id\":\"https:\/\/vosgesinfo.fr\/saintdieinfo\/2021\/10\/jour-de-nuit-nuit-deodatie\/#primaryimage\"},\"thumbnailUrl\":\"https:\/\/vosgesinfo.fr\/app\/uploads\/sites\/4\/2024\/08\/202110jour-de-la-nuit-deodatie.jpg\",\"keywords\":[\"Jour de la Nuit en D\u00e9odatie\",\"PETR du Pays de la D\u00e9odatie\"],\"articleSection\":[\"A la Une\",\"Saint-Di\u00e9-des-Vosges et son Agglom\u00e9ration\",\"Vosges\"],\"inLanguage\":\"fr-FR\",\"potentialAction\":[{\"@type\":\"CommentAction\",\"name\":\"Comment\",\"target\":[\"https:\/\/vosgesinfo.fr\/saintdieinfo\/2021\/10\/jour-de-nuit-nuit-deodatie\/#respond\"]}]},{\"@type\":\"WebPage\",\"@id\":\"https:\/\/vosgesinfo.fr\/saintdieinfo\/2021\/10\/jour-de-nuit-nuit-deodatie\/\",\"url\":\"https:\/\/vosgesinfo.fr\/saintdieinfo\/2021\/10\/jour-de-nuit-nuit-deodatie\/\",\"name\":\"Le Jour de la Nuit la nuit en D\u00e9odatie - Saint Die Info\",\"isPartOf\":{\"@id\":\"https:\/\/vosgesinfo.fr\/saintdieinfo\/#website\"},\"primaryImageOfPage\":{\"@id\":\"https:\/\/vosgesinfo.fr\/saintdieinfo\/2021\/10\/jour-de-nuit-nuit-deodatie\/#primaryimage\"},\"image\":{\"@id\":\"https:\/\/vosgesinfo.fr\/saintdieinfo\/2021\/10\/jour-de-nuit-nuit-deodatie\/#primaryimage\"},\"thumbnailUrl\":\"https:\/\/vosgesinfo.fr\/app\/uploads\/sites\/4\/2024\/08\/202110jour-de-la-nuit-deodatie.jpg\",\"datePublished\":\"2021-10-02T08:29:50+00:00\",\"dateModified\":\"2021-10-02T08:29:50+00:00\",\"breadcrumb\":{\"@id\":\"https:\/\/vosgesinfo.fr\/saintdieinfo\/2021\/10\/jour-de-nuit-nuit-deodatie\/#breadcrumb\"},\"inLanguage\":\"fr-FR\",\"potentialAction\":[{\"@type\":\"ReadAction\",\"target\":[\"https:\/\/vosgesinfo.fr\/saintdieinfo\/2021\/10\/jour-de-nuit-nuit-deodatie\/\"]}]},{\"@type\":\"ImageObject\",\"inLanguage\":\"fr-FR\",\"@id\":\"https:\/\/vosgesinfo.fr\/saintdieinfo\/2021\/10\/jour-de-nuit-nuit-deodatie\/#primaryimage\",\"url\":\"https:\/\/vosgesinfo.fr\/app\/uploads\/sites\/4\/2024\/08\/202110jour-de-la-nuit-deodatie.jpg\",\"contentUrl\":\"https:\/\/vosgesinfo.fr\/app\/uploads\/sites\/4\/2024\/08\/202110jour-de-la-nuit-deodatie.jpg\",\"width\":800,\"height\":451},{\"@type\":\"BreadcrumbList\",\"@id\":\"https:\/\/vosgesinfo.fr\/saintdieinfo\/2021\/10\/jour-de-nuit-nuit-deodatie\/#breadcrumb\",\"itemListElement\":[{\"@type\":\"ListItem\",\"position\":1,\"name\":\"Home\",\"item\":\"https:\/\/vosgesinfo.fr\/saintdieinfo\/\"},{\"@type\":\"ListItem\",\"position\":2,\"name\":\"Le Jour de la Nuit la nuit en D\u00e9odatie\"}]},{\"@type\":\"WebSite\",\"@id\":\"https:\/\/vosgesinfo.fr\/saintdieinfo\/#website\",\"url\":\"https:\/\/vosgesinfo.fr\/saintdieinfo\/\",\"name\":\"Saint Die Info\",\"description\":\"Toute l&#039;actualit\u00e9 de Saint-Di\u00e9-Des-Vosges\",\"publisher\":{\"@id\":\"https:\/\/vosgesinfo.fr\/saintdieinfo\/#organization\"},\"alternateName\":\"Toute l'actualit\u00e9 de Saint-Di\u00e9-Des-Vosges\",\"potentialAction\":[{\"@type\":\"SearchAction\",\"target\":{\"@type\":\"EntryPoint\",\"urlTemplate\":\"https:\/\/vosgesinfo.fr\/saintdieinfo\/?s={search_term_string}\"},\"query-input\":\"required name=search_term_string\"}],\"inLanguage\":\"fr-FR\"},{\"@type\":\"Organization\",\"@id\":\"https:\/\/vosgesinfo.fr\/saintdieinfo\/#organization\",\"name\":\"Saint Die Info\",\"url\":\"https:\/\/vosgesinfo.fr\/saintdieinfo\/\",\"logo\":{\"@type\":\"ImageObject\",\"inLanguage\":\"fr-FR\",\"@id\":\"https:\/\/vosgesinfo.fr\/saintdieinfo\/#\/schema\/logo\/image\/\",\"url\":\"https:\/\/vosgesinfo.fr\/app\/uploads\/sites\/4\/2024\/02\/logo-sdi.jpg\",\"contentUrl\":\"https:\/\/vosgesinfo.fr\/app\/uploads\/sites\/4\/2024\/02\/logo-sdi.jpg\",\"width\":600,\"height\":600,\"caption\":\"Saint Die Info\"},\"image\":{\"@id\":\"https:\/\/vosgesinfo.fr\/saintdieinfo\/#\/schema\/logo\/image\/\"},\"sameAs\":[\"https:\/\/www.facebook.com\/Saintdieinfofr\",\"https:\/\/x.com\/VosgesInfo88\",\"https:\/\/www.youtube.com\/@vosgesinfo\"]},{\"@type\":\"Person\",\"@id\":\"https:\/\/vosgesinfo.fr\/saintdieinfo\/#\/schema\/person\/faee6704a21f3977511db84bd1cd450f\",\"name\":\"la r\u00e9daction\",\"image\":{\"@type\":\"ImageObject\",\"inLanguage\":\"fr-FR\",\"@id\":\"https:\/\/vosgesinfo.fr\/saintdieinfo\/#\/schema\/person\/image\/\",\"url\":\"https:\/\/secure.gravatar.com\/avatar\/6673d8bc6a9c17fa9a453eaa3448de834fa308c2ec9635b7aa99441a7c8d2cf6?s=96&d=mm&r=g\",\"contentUrl\":\"https:\/\/secure.gravatar.com\/avatar\/6673d8bc6a9c17fa9a453eaa3448de834fa308c2ec9635b7aa99441a7c8d2cf6?s=96&d=mm&r=g\",\"caption\":\"la r\u00e9daction\"},\"url\":\"https:\/\/vosgesinfo.fr\/saintdieinfo\/author\/redac\/\"}]}<\/script>\n<!-- \/ Yoast SEO plugin. -->","yoast_head_json":{"title":"Le Jour de la Nuit la nuit en D\u00e9odatie - Saint Die Info","robots":{"index":"index","follow":"follow","max-snippet":"max-snippet:-1","max-image-preview":"max-image-preview:large","max-video-preview":"max-video-preview:-1"},"canonical":"https:\/\/vosgesinfo.fr\/saintdieinfo\/2021\/10\/jour-de-nuit-nuit-deodatie\/","twitter_card":"summary_large_image","twitter_title":"Le Jour de la Nuit la nuit en D\u00e9odatie - Saint Die Info","twitter_description":"Le vendredi 8 et samedi 9 octobre 2021 aura lieu le Jour de la Nuit en D\u00e9odatie. Cet \u00e9v\u00e8nement national [&hellip;]","twitter_image":"https:\/\/vosgesinfo.fr\/app\/uploads\/sites\/4\/2024\/08\/202110jour-de-la-nuit-deodatie.jpg","twitter_creator":"@VosgesInfo88","twitter_site":"@VosgesInfo88","twitter_misc":{"\u00c9crit par":"la r\u00e9daction","Dur\u00e9e de lecture estim\u00e9e":"2 minutes"},"schema":{"@context":"https:\/\/schema.org","@graph":[{"@type":"Article","@id":"https:\/\/vosgesinfo.fr\/saintdieinfo\/2021\/10\/jour-de-nuit-nuit-deodatie\/#article","isPartOf":{"@id":"https:\/\/vosgesinfo.fr\/saintdieinfo\/2021\/10\/jour-de-nuit-nuit-deodatie\/"},"author":{"name":"la r\u00e9daction","@id":"https:\/\/vosgesinfo.fr\/saintdieinfo\/#\/schema\/person\/faee6704a21f3977511db84bd1cd450f"},"headline":"Le Jour de la Nuit la nuit en D\u00e9odatie","datePublished":"2021-10-02T08:29:50+00:00","dateModified":"2021-10-02T08:29:50+00:00","mainEntityOfPage":{"@id":"https:\/\/vosgesinfo.fr\/saintdieinfo\/2021\/10\/jour-de-nuit-nuit-deodatie\/"},"wordCount":383,"commentCount":0,"publisher":{"@id":"https:\/\/vosgesinfo.fr\/saintdieinfo\/#organization"},"image":{"@id":"https:\/\/vosgesinfo.fr\/saintdieinfo\/2021\/10\/jour-de-nuit-nuit-deodatie\/#primaryimage"},"thumbnailUrl":"https:\/\/vosgesinfo.fr\/app\/uploads\/sites\/4\/2024\/08\/202110jour-de-la-nuit-deodatie.jpg","keywords":["Jour de la Nuit en D\u00e9odatie","PETR du Pays de la D\u00e9odatie"],"articleSection":["A la Une","Saint-Di\u00e9-des-Vosges et son Agglom\u00e9ration","Vosges"],"inLanguage":"fr-FR","potentialAction":[{"@type":"CommentAction","name":"Comment","target":["https:\/\/vosgesinfo.fr\/saintdieinfo\/2021\/10\/jour-de-nuit-nuit-deodatie\/#respond"]}]},{"@type":"WebPage","@id":"https:\/\/vosgesinfo.fr\/saintdieinfo\/2021\/10\/jour-de-nuit-nuit-deodatie\/","url":"https:\/\/vosgesinfo.fr\/saintdieinfo\/2021\/10\/jour-de-nuit-nuit-deodatie\/","name":"Le Jour de la Nuit la nuit en D\u00e9odatie - Saint Die Info","isPartOf":{"@id":"https:\/\/vosgesinfo.fr\/saintdieinfo\/#website"},"primaryImageOfPage":{"@id":"https:\/\/vosgesinfo.fr\/saintdieinfo\/2021\/10\/jour-de-nuit-nuit-deodatie\/#primaryimage"},"image":{"@id":"https:\/\/vosgesinfo.fr\/saintdieinfo\/2021\/10\/jour-de-nuit-nuit-deodatie\/#primaryimage"},"thumbnailUrl":"https:\/\/vosgesinfo.fr\/app\/uploads\/sites\/4\/2024\/08\/202110jour-de-la-nuit-deodatie.jpg","datePublished":"2021-10-02T08:29:50+00:00","dateModified":"2021-10-02T08:29:50+00:00","breadcrumb":{"@id":"https:\/\/vosgesinfo.fr\/saintdieinfo\/2021\/10\/jour-de-nuit-nuit-deodatie\/#breadcrumb"},"inLanguage":"fr-FR","potentialAction":[{"@type":"ReadAction","target":["https:\/\/vosgesinfo.fr\/saintdieinfo\/2021\/10\/jour-de-nuit-nuit-deodatie\/"]}]},{"@type":"ImageObject","inLanguage":"fr-FR","@id":"https:\/\/vosgesinfo.fr\/saintdieinfo\/2021\/10\/jour-de-nuit-nuit-deodatie\/#primaryimage","url":"https:\/\/vosgesinfo.fr\/app\/uploads\/sites\/4\/2024\/08\/202110jour-de-la-nuit-deodatie.jpg","contentUrl":"https:\/\/vosgesinfo.fr\/app\/uploads\/sites\/4\/2024\/08\/202110jour-de-la-nuit-deodatie.jpg","width":800,"height":451},{"@type":"BreadcrumbList","@id":"https:\/\/vosgesinfo.fr\/saintdieinfo\/2021\/10\/jour-de-nuit-nuit-deodatie\/#breadcrumb","itemListElement":[{"@type":"ListItem","position":1,"name":"Home","item":"https:\/\/vosgesinfo.fr\/saintdieinfo\/"},{"@type":"ListItem","position":2,"name":"Le Jour de la Nuit la nuit en D\u00e9odatie"}]},{"@type":"WebSite","@id":"https:\/\/vosgesinfo.fr\/saintdieinfo\/#website","url":"https:\/\/vosgesinfo.fr\/saintdieinfo\/","name":"Saint Die Info","description":"Toute l&#039;actualit\u00e9 de Saint-Di\u00e9-Des-Vosges","publisher":{"@id":"https:\/\/vosgesinfo.fr\/saintdieinfo\/#organization"},"alternateName":"Toute l'actualit\u00e9 de Saint-Di\u00e9-Des-Vosges","potentialAction":[{"@type":"SearchAction","target":{"@type":"EntryPoint","urlTemplate":"https:\/\/vosgesinfo.fr\/saintdieinfo\/?s={search_term_string}"},"query-input":"required name=search_term_string"}],"inLanguage":"fr-FR"},{"@type":"Organization","@id":"https:\/\/vosgesinfo.fr\/saintdieinfo\/#organization","name":"Saint Die Info","url":"https:\/\/vosgesinfo.fr\/saintdieinfo\/","logo":{"@type":"ImageObject","inLanguage":"fr-FR","@id":"https:\/\/vosgesinfo.fr\/saintdieinfo\/#\/schema\/logo\/image\/","url":"https:\/\/vosgesinfo.fr\/app\/uploads\/sites\/4\/2024\/02\/logo-sdi.jpg","contentUrl":"https:\/\/vosgesinfo.fr\/app\/uploads\/sites\/4\/2024\/02\/logo-sdi.jpg","width":600,"height":600,"caption":"Saint Die Info"},"image":{"@id":"https:\/\/vosgesinfo.fr\/saintdieinfo\/#\/schema\/logo\/image\/"},"sameAs":["https:\/\/www.facebook.com\/Saintdieinfofr","https:\/\/x.com\/VosgesInfo88","https:\/\/www.youtube.com\/@vosgesinfo"]},{"@type":"Person","@id":"https:\/\/vosgesinfo.fr\/saintdieinfo\/#\/schema\/person\/faee6704a21f3977511db84bd1cd450f","name":"la r\u00e9daction","image":{"@type":"ImageObject","inLanguage":"fr-FR","@id":"https:\/\/vosgesinfo.fr\/saintdieinfo\/#\/schema\/person\/image\/","url":"https:\/\/secure.gravatar.com\/avatar\/6673d8bc6a9c17fa9a453eaa3448de834fa308c2ec9635b7aa99441a7c8d2cf6?s=96&d=mm&r=g","contentUrl":"https:\/\/secure.gravatar.com\/avatar\/6673d8bc6a9c17fa9a453eaa3448de834fa308c2ec9635b7aa99441a7c8d2cf6?s=96&d=mm&r=g","caption":"la r\u00e9daction"},"url":"https:\/\/vosgesinfo.fr\/saintdieinfo\/author\/redac\/"}]}},"_links":{"self":[{"href":"https:\/\/vosgesinfo.fr\/saintdieinfo\/wp-json\/wp\/v2\/posts\/43589","targetHints":{"allow":["GET"]}}],"collection":[{"href":"https:\/\/vosgesinfo.fr\/saintdieinfo\/wp-json\/wp\/v2\/posts"}],"about":[{"href":"https:\/\/vosgesinfo.fr\/saintdieinfo\/wp-json\/wp\/v2\/types\/post"}],"author":[{"embeddable":true,"href":"https:\/\/vosgesinfo.fr\/saintdieinfo\/wp-json\/wp\/v2\/users\/44"}],"replies":[{"embeddable":true,"href":"https:\/\/vosgesinfo.fr\/saintdieinfo\/wp-json\/wp\/v2\/comments?post=43589"}],"version-history":[{"count":0,"href":"https:\/\/vosgesinfo.fr\/saintdieinfo\/wp-json\/wp\/v2\/posts\/43589\/revisions"}],"wp:featuredmedia":[{"embeddable":true,"href":"https:\/\/vosgesinfo.fr\/saintdieinfo\/wp-json\/wp\/v2\/media\/43590"}],"wp:attachment":[{"href":"https:\/\/vosgesinfo.fr\/saintdieinfo\/wp-json\/wp\/v2\/media?parent=43589"}],"wp:term":[{"taxonomy":"category","embeddable":true,"href":"https:\/\/vosgesinfo.fr\/saintdieinfo\/wp-json\/wp\/v2\/categories?post=43589"},{"taxonomy":"post_tag","embeddable":true,"href":"https:\/\/vosgesinfo.fr\/saintdieinfo\/wp-json\/wp\/v2\/tags?post=43589"}],"curies":[{"name":"wp","href":"https:\/\/api.w.org\/{rel}","templated":true}]}}