{"id":43608,"date":"2021-10-02T13:14:34","date_gmt":"2021-10-02T11:14:34","guid":{"rendered":"https:\/\/vosgesinfo.fr\/saintdieinfo\/2021\/10\/fig-suis-monde-de-julieta-canepa-pierre-ducrozet-stephane-kiehl-laureats-prix-amerigo-vespucci-jeunesse\/"},"modified":"2021-10-02T13:14:34","modified_gmt":"2021-10-02T11:14:34","slug":"fig-suis-monde-de-julieta-canepa-pierre-ducrozet-stephane-kiehl-laureats-prix-amerigo-vespucci-jeunesse","status":"publish","type":"post","link":"https:\/\/vosgesinfo.fr\/saintdieinfo\/2021\/10\/fig-suis-monde-de-julieta-canepa-pierre-ducrozet-stephane-kiehl-laureats-prix-amerigo-vespucci-jeunesse\/","title":{"rendered":"FIG &#8211; \u00ab\u00a0Je suis au monde\u00a0\u00bb de Julieta Canepa, Pierre Ducrozet et St\u00e9phane Kiehl, laur\u00e9ats du prix Amerigo-Vespucci Jeunesse"},"content":{"rendered":"<p><a href=\"\/2021\/10\/FIG-Prix_Amerigo-Vespucci_Jeunesse-2.jpg\" target=\"_blank\" rel=\"noopener\"><img decoding=\"async\" class=\"aligncenter wp-image-172512 size-full\" src=\"\/2021\/10\/FIG-Prix_Amerigo-Vespucci_Jeunesse-2.jpg\" alt=\"FIG-Prix_Amerigo-Vespucci_Jeunesse (2)\" width=\"800\" height=\"600\" \/><\/a><\/p>\n<h2><span style=\"font-size: 14pt;\"><strong>Parrain\u00e9 par la Mutuelle Assurance de l&rsquo;Education \u2013 MAE \u2013 le prix Amerigo-Vespucci Jeunesse a \u00e9t\u00e9 attribu\u00e9 cette ann\u00e9e \u00e0 Julieta Canepa, Pierre Ducrozet et St\u00e9phane Kiehl, pour leur ouvrage intitul\u00e9 \u00ab\u00a0Je suis au monde\u00a0\u00bb.<\/strong><\/span><\/h2>\n<p><!--more--><\/p>\n<p>C&rsquo;est ce samedi du temps de midi que Julieta Canepa et Pierre Ducrozet ont re\u00e7u leur prix, au Grand Salon de l&rsquo;H\u00f4tel de Ville, accompagn\u00e9 d&rsquo;un ch\u00e8que de 1500 euros. Paru en mars 2021 aux \u00e9ditions Actes Sud Junior, \u00ab\u00a0Je suis au monde\u00a0\u00bb propose une plong\u00e9e dans la biodiversit\u00e9, le monde du vivant, et une r\u00e9flexion autour de la place de l&rsquo;\u00eatre humain dans cet exemble. Le texte se d\u00e9compose en 6 grandes immersions po\u00e9tiques et scientifiques, dans la barri\u00e8re de Corail, la jungle amazonienne, le march\u00e9 de Barcelone, le continent plastique ou la banquise.<\/p>\n<p>J.J.<\/p>\n\n","protected":false},"excerpt":{"rendered":"<p>Parrain\u00e9 par la Mutuelle Assurance de l&rsquo;Education \u2013 MAE \u2013 le prix Amerigo-Vespucci Jeunesse a \u00e9t\u00e9 attribu\u00e9 cette ann\u00e9e \u00e0 [&hellip;]<\/p>\n","protected":false},"author":44,"featured_media":43609,"comment_status":"open","ping_status":"open","sticky":false,"template":"","format":"standard","meta":{"footnotes":""},"categories":[460,7847,8090,2915],"tags":[8197,9020,9021,9022,9023,9024,9025],"class_list":["post-43608","post","type-post","status-publish","format-standard","has-post-thumbnail","hentry","category-a-la-une","category-art-culture","category-litterature","category-saint-die-son-canton","tag-32eme-festival-international-de-geographie-de-saint-die-des-vosges","tag-je-suis-au-monde","tag-julieta-canepa","tag-pierre-ducrozet","tag-prix-amerigo-vespucci-jeunesse","tag-prix-amerigo-vespucci-jeunesse-2021","tag-stephane-kiehl"],"acf":[],"yoast_head":"<!-- This site is optimized with the Yoast SEO plugin v22.5 - https:\/\/yoast.com\/wordpress\/plugins\/seo\/ -->\n<title>FIG - \u00ab\u00a0Je suis au monde\u00a0\u00bb de Julieta Canepa, Pierre Ducrozet et St\u00e9phane Kiehl, laur\u00e9ats du prix Amerigo-Vespucci Jeunesse - Saint Die Info<\/title>\n<meta name=\"robots\" content=\"index, follow, max-snippet:-1, max-image-preview:large, max-video-preview:-1\" \/>\n<link rel=\"canonical\" href=\"https:\/\/vosgesinfo.fr\/saintdieinfo\/2021\/10\/fig-suis-monde-de-julieta-canepa-pierre-ducrozet-stephane-kiehl-laureats-prix-amerigo-vespucci-jeunesse\/\" \/>\n<meta name=\"twitter:card\" content=\"summary_large_image\" \/>\n<meta name=\"twitter:title\" content=\"FIG - \u00ab\u00a0Je suis au monde\u00a0\u00bb de Julieta Canepa, Pierre Ducrozet et St\u00e9phane Kiehl, laur\u00e9ats du prix Amerigo-Vespucci Jeunesse - Saint Die Info\" \/>\n<meta name=\"twitter:description\" content=\"Parrain\u00e9 par la Mutuelle Assurance de l&rsquo;Education \u2013 MAE \u2013 le prix Amerigo-Vespucci Jeunesse a \u00e9t\u00e9 attribu\u00e9 cette ann\u00e9e \u00e0 [&hellip;]\" \/>\n<meta name=\"twitter:image\" content=\"https:\/\/vosgesinfo.fr\/app\/uploads\/sites\/4\/2024\/08\/202110fig-prix-amerigo-vespucci-jeunesse-2.jpg\" \/>\n<meta name=\"twitter:creator\" content=\"@VosgesInfo88\" \/>\n<meta name=\"twitter:site\" content=\"@VosgesInfo88\" \/>\n<meta name=\"twitter:label1\" content=\"\u00c9crit par\" \/>\n\t<meta name=\"twitter:data1\" content=\"la r\u00e9daction\" \/>\n\t<meta name=\"twitter:label2\" content=\"Dur\u00e9e de lecture estim\u00e9e\" \/>\n\t<meta name=\"twitter:data2\" content=\"1 minute\" \/>\n<script type=\"application\/ld+json\" class=\"yoast-schema-graph\">{\"@context\":\"https:\/\/schema.org\",\"@graph\":[{\"@type\":\"Article\",\"@id\":\"https:\/\/vosgesinfo.fr\/saintdieinfo\/2021\/10\/fig-suis-monde-de-julieta-canepa-pierre-ducrozet-stephane-kiehl-laureats-prix-amerigo-vespucci-jeunesse\/#article\",\"isPartOf\":{\"@id\":\"https:\/\/vosgesinfo.fr\/saintdieinfo\/2021\/10\/fig-suis-monde-de-julieta-canepa-pierre-ducrozet-stephane-kiehl-laureats-prix-amerigo-vespucci-jeunesse\/\"},\"author\":{\"name\":\"la r\u00e9daction\",\"@id\":\"https:\/\/vosgesinfo.fr\/saintdieinfo\/#\/schema\/person\/faee6704a21f3977511db84bd1cd450f\"},\"headline\":\"FIG &#8211; \u00ab\u00a0Je suis au monde\u00a0\u00bb de Julieta Canepa, Pierre Ducrozet et St\u00e9phane Kiehl, laur\u00e9ats du prix Amerigo-Vespucci Jeunesse\",\"datePublished\":\"2021-10-02T11:14:34+00:00\",\"dateModified\":\"2021-10-02T11:14:34+00:00\",\"mainEntityOfPage\":{\"@id\":\"https:\/\/vosgesinfo.fr\/saintdieinfo\/2021\/10\/fig-suis-monde-de-julieta-canepa-pierre-ducrozet-stephane-kiehl-laureats-prix-amerigo-vespucci-jeunesse\/\"},\"wordCount\":168,\"commentCount\":0,\"publisher\":{\"@id\":\"https:\/\/vosgesinfo.fr\/saintdieinfo\/#organization\"},\"image\":{\"@id\":\"https:\/\/vosgesinfo.fr\/saintdieinfo\/2021\/10\/fig-suis-monde-de-julieta-canepa-pierre-ducrozet-stephane-kiehl-laureats-prix-amerigo-vespucci-jeunesse\/#primaryimage\"},\"thumbnailUrl\":\"https:\/\/vosgesinfo.fr\/app\/uploads\/sites\/4\/2024\/08\/202110fig-prix-amerigo-vespucci-jeunesse-2.jpg\",\"keywords\":[\"32\u00e8me Festival International de G\u00e9ographie de Saint-Di\u00e9-des-Vosges\",\"Je suis au monde\",\"Julieta Canepa\",\"Pierre Ducrozet\",\"Prix Amerigo-Vespucci Jeunesse\",\"Prix Amerigo-Vespucci Jeunesse 2021\",\"St\u00e9phane Kiehl\"],\"articleSection\":[\"A la Une\",\"Culture\",\"Litt\u00e9rature\",\"Saint-Di\u00e9-des-Vosges et son Agglom\u00e9ration\"],\"inLanguage\":\"fr-FR\",\"potentialAction\":[{\"@type\":\"CommentAction\",\"name\":\"Comment\",\"target\":[\"https:\/\/vosgesinfo.fr\/saintdieinfo\/2021\/10\/fig-suis-monde-de-julieta-canepa-pierre-ducrozet-stephane-kiehl-laureats-prix-amerigo-vespucci-jeunesse\/#respond\"]}]},{\"@type\":\"WebPage\",\"@id\":\"https:\/\/vosgesinfo.fr\/saintdieinfo\/2021\/10\/fig-suis-monde-de-julieta-canepa-pierre-ducrozet-stephane-kiehl-laureats-prix-amerigo-vespucci-jeunesse\/\",\"url\":\"https:\/\/vosgesinfo.fr\/saintdieinfo\/2021\/10\/fig-suis-monde-de-julieta-canepa-pierre-ducrozet-stephane-kiehl-laureats-prix-amerigo-vespucci-jeunesse\/\",\"name\":\"FIG - \u00ab\u00a0Je suis au monde\u00a0\u00bb de Julieta Canepa, Pierre Ducrozet et St\u00e9phane Kiehl, laur\u00e9ats du prix Amerigo-Vespucci Jeunesse - Saint Die Info\",\"isPartOf\":{\"@id\":\"https:\/\/vosgesinfo.fr\/saintdieinfo\/#website\"},\"primaryImageOfPage\":{\"@id\":\"https:\/\/vosgesinfo.fr\/saintdieinfo\/2021\/10\/fig-suis-monde-de-julieta-canepa-pierre-ducrozet-stephane-kiehl-laureats-prix-amerigo-vespucci-jeunesse\/#primaryimage\"},\"image\":{\"@id\":\"https:\/\/vosgesinfo.fr\/saintdieinfo\/2021\/10\/fig-suis-monde-de-julieta-canepa-pierre-ducrozet-stephane-kiehl-laureats-prix-amerigo-vespucci-jeunesse\/#primaryimage\"},\"thumbnailUrl\":\"https:\/\/vosgesinfo.fr\/app\/uploads\/sites\/4\/2024\/08\/202110fig-prix-amerigo-vespucci-jeunesse-2.jpg\",\"datePublished\":\"2021-10-02T11:14:34+00:00\",\"dateModified\":\"2021-10-02T11:14:34+00:00\",\"breadcrumb\":{\"@id\":\"https:\/\/vosgesinfo.fr\/saintdieinfo\/2021\/10\/fig-suis-monde-de-julieta-canepa-pierre-ducrozet-stephane-kiehl-laureats-prix-amerigo-vespucci-jeunesse\/#breadcrumb\"},\"inLanguage\":\"fr-FR\",\"potentialAction\":[{\"@type\":\"ReadAction\",\"target\":[\"https:\/\/vosgesinfo.fr\/saintdieinfo\/2021\/10\/fig-suis-monde-de-julieta-canepa-pierre-ducrozet-stephane-kiehl-laureats-prix-amerigo-vespucci-jeunesse\/\"]}]},{\"@type\":\"ImageObject\",\"inLanguage\":\"fr-FR\",\"@id\":\"https:\/\/vosgesinfo.fr\/saintdieinfo\/2021\/10\/fig-suis-monde-de-julieta-canepa-pierre-ducrozet-stephane-kiehl-laureats-prix-amerigo-vespucci-jeunesse\/#primaryimage\",\"url\":\"https:\/\/vosgesinfo.fr\/app\/uploads\/sites\/4\/2024\/08\/202110fig-prix-amerigo-vespucci-jeunesse-2.jpg\",\"contentUrl\":\"https:\/\/vosgesinfo.fr\/app\/uploads\/sites\/4\/2024\/08\/202110fig-prix-amerigo-vespucci-jeunesse-2.jpg\",\"width\":800,\"height\":600},{\"@type\":\"BreadcrumbList\",\"@id\":\"https:\/\/vosgesinfo.fr\/saintdieinfo\/2021\/10\/fig-suis-monde-de-julieta-canepa-pierre-ducrozet-stephane-kiehl-laureats-prix-amerigo-vespucci-jeunesse\/#breadcrumb\",\"itemListElement\":[{\"@type\":\"ListItem\",\"position\":1,\"name\":\"Home\",\"item\":\"https:\/\/vosgesinfo.fr\/saintdieinfo\/\"},{\"@type\":\"ListItem\",\"position\":2,\"name\":\"FIG &#8211; \u00ab\u00a0Je suis au monde\u00a0\u00bb de Julieta Canepa, Pierre Ducrozet et St\u00e9phane Kiehl, laur\u00e9ats du prix Amerigo-Vespucci Jeunesse\"}]},{\"@type\":\"WebSite\",\"@id\":\"https:\/\/vosgesinfo.fr\/saintdieinfo\/#website\",\"url\":\"https:\/\/vosgesinfo.fr\/saintdieinfo\/\",\"name\":\"Saint Die Info\",\"description\":\"Toute l&#039;actualit\u00e9 de Saint-Di\u00e9-Des-Vosges\",\"publisher\":{\"@id\":\"https:\/\/vosgesinfo.fr\/saintdieinfo\/#organization\"},\"alternateName\":\"Toute l'actualit\u00e9 de Saint-Di\u00e9-Des-Vosges\",\"potentialAction\":[{\"@type\":\"SearchAction\",\"target\":{\"@type\":\"EntryPoint\",\"urlTemplate\":\"https:\/\/vosgesinfo.fr\/saintdieinfo\/?s={search_term_string}\"},\"query-input\":\"required name=search_term_string\"}],\"inLanguage\":\"fr-FR\"},{\"@type\":\"Organization\",\"@id\":\"https:\/\/vosgesinfo.fr\/saintdieinfo\/#organization\",\"name\":\"Saint Die Info\",\"url\":\"https:\/\/vosgesinfo.fr\/saintdieinfo\/\",\"logo\":{\"@type\":\"ImageObject\",\"inLanguage\":\"fr-FR\",\"@id\":\"https:\/\/vosgesinfo.fr\/saintdieinfo\/#\/schema\/logo\/image\/\",\"url\":\"https:\/\/vosgesinfo.fr\/app\/uploads\/sites\/4\/2024\/02\/logo-sdi.jpg\",\"contentUrl\":\"https:\/\/vosgesinfo.fr\/app\/uploads\/sites\/4\/2024\/02\/logo-sdi.jpg\",\"width\":600,\"height\":600,\"caption\":\"Saint Die Info\"},\"image\":{\"@id\":\"https:\/\/vosgesinfo.fr\/saintdieinfo\/#\/schema\/logo\/image\/\"},\"sameAs\":[\"https:\/\/www.facebook.com\/Saintdieinfofr\",\"https:\/\/x.com\/VosgesInfo88\",\"https:\/\/www.youtube.com\/@vosgesinfo\"]},{\"@type\":\"Person\",\"@id\":\"https:\/\/vosgesinfo.fr\/saintdieinfo\/#\/schema\/person\/faee6704a21f3977511db84bd1cd450f\",\"name\":\"la r\u00e9daction\",\"image\":{\"@type\":\"ImageObject\",\"inLanguage\":\"fr-FR\",\"@id\":\"https:\/\/vosgesinfo.fr\/saintdieinfo\/#\/schema\/person\/image\/\",\"url\":\"https:\/\/secure.gravatar.com\/avatar\/6673d8bc6a9c17fa9a453eaa3448de834fa308c2ec9635b7aa99441a7c8d2cf6?s=96&d=mm&r=g\",\"contentUrl\":\"https:\/\/secure.gravatar.com\/avatar\/6673d8bc6a9c17fa9a453eaa3448de834fa308c2ec9635b7aa99441a7c8d2cf6?s=96&d=mm&r=g\",\"caption\":\"la r\u00e9daction\"},\"url\":\"https:\/\/vosgesinfo.fr\/saintdieinfo\/author\/redac\/\"}]}<\/script>\n<!-- \/ Yoast SEO plugin. -->","yoast_head_json":{"title":"FIG - \u00ab\u00a0Je suis au monde\u00a0\u00bb de Julieta Canepa, Pierre Ducrozet et St\u00e9phane Kiehl, laur\u00e9ats du prix Amerigo-Vespucci Jeunesse - Saint Die Info","robots":{"index":"index","follow":"follow","max-snippet":"max-snippet:-1","max-image-preview":"max-image-preview:large","max-video-preview":"max-video-preview:-1"},"canonical":"https:\/\/vosgesinfo.fr\/saintdieinfo\/2021\/10\/fig-suis-monde-de-julieta-canepa-pierre-ducrozet-stephane-kiehl-laureats-prix-amerigo-vespucci-jeunesse\/","twitter_card":"summary_large_image","twitter_title":"FIG - \u00ab\u00a0Je suis au monde\u00a0\u00bb de Julieta Canepa, Pierre Ducrozet et St\u00e9phane Kiehl, laur\u00e9ats du prix Amerigo-Vespucci Jeunesse - Saint Die Info","twitter_description":"Parrain\u00e9 par la Mutuelle Assurance de l&rsquo;Education \u2013 MAE \u2013 le prix Amerigo-Vespucci Jeunesse a \u00e9t\u00e9 attribu\u00e9 cette ann\u00e9e \u00e0 [&hellip;]","twitter_image":"https:\/\/vosgesinfo.fr\/app\/uploads\/sites\/4\/2024\/08\/202110fig-prix-amerigo-vespucci-jeunesse-2.jpg","twitter_creator":"@VosgesInfo88","twitter_site":"@VosgesInfo88","twitter_misc":{"\u00c9crit par":"la r\u00e9daction","Dur\u00e9e de lecture estim\u00e9e":"1 minute"},"schema":{"@context":"https:\/\/schema.org","@graph":[{"@type":"Article","@id":"https:\/\/vosgesinfo.fr\/saintdieinfo\/2021\/10\/fig-suis-monde-de-julieta-canepa-pierre-ducrozet-stephane-kiehl-laureats-prix-amerigo-vespucci-jeunesse\/#article","isPartOf":{"@id":"https:\/\/vosgesinfo.fr\/saintdieinfo\/2021\/10\/fig-suis-monde-de-julieta-canepa-pierre-ducrozet-stephane-kiehl-laureats-prix-amerigo-vespucci-jeunesse\/"},"author":{"name":"la r\u00e9daction","@id":"https:\/\/vosgesinfo.fr\/saintdieinfo\/#\/schema\/person\/faee6704a21f3977511db84bd1cd450f"},"headline":"FIG &#8211; \u00ab\u00a0Je suis au monde\u00a0\u00bb de Julieta Canepa, Pierre Ducrozet et St\u00e9phane Kiehl, laur\u00e9ats du prix Amerigo-Vespucci Jeunesse","datePublished":"2021-10-02T11:14:34+00:00","dateModified":"2021-10-02T11:14:34+00:00","mainEntityOfPage":{"@id":"https:\/\/vosgesinfo.fr\/saintdieinfo\/2021\/10\/fig-suis-monde-de-julieta-canepa-pierre-ducrozet-stephane-kiehl-laureats-prix-amerigo-vespucci-jeunesse\/"},"wordCount":168,"commentCount":0,"publisher":{"@id":"https:\/\/vosgesinfo.fr\/saintdieinfo\/#organization"},"image":{"@id":"https:\/\/vosgesinfo.fr\/saintdieinfo\/2021\/10\/fig-suis-monde-de-julieta-canepa-pierre-ducrozet-stephane-kiehl-laureats-prix-amerigo-vespucci-jeunesse\/#primaryimage"},"thumbnailUrl":"https:\/\/vosgesinfo.fr\/app\/uploads\/sites\/4\/2024\/08\/202110fig-prix-amerigo-vespucci-jeunesse-2.jpg","keywords":["32\u00e8me Festival International de G\u00e9ographie de Saint-Di\u00e9-des-Vosges","Je suis au monde","Julieta Canepa","Pierre Ducrozet","Prix Amerigo-Vespucci Jeunesse","Prix Amerigo-Vespucci Jeunesse 2021","St\u00e9phane Kiehl"],"articleSection":["A la Une","Culture","Litt\u00e9rature","Saint-Di\u00e9-des-Vosges et son Agglom\u00e9ration"],"inLanguage":"fr-FR","potentialAction":[{"@type":"CommentAction","name":"Comment","target":["https:\/\/vosgesinfo.fr\/saintdieinfo\/2021\/10\/fig-suis-monde-de-julieta-canepa-pierre-ducrozet-stephane-kiehl-laureats-prix-amerigo-vespucci-jeunesse\/#respond"]}]},{"@type":"WebPage","@id":"https:\/\/vosgesinfo.fr\/saintdieinfo\/2021\/10\/fig-suis-monde-de-julieta-canepa-pierre-ducrozet-stephane-kiehl-laureats-prix-amerigo-vespucci-jeunesse\/","url":"https:\/\/vosgesinfo.fr\/saintdieinfo\/2021\/10\/fig-suis-monde-de-julieta-canepa-pierre-ducrozet-stephane-kiehl-laureats-prix-amerigo-vespucci-jeunesse\/","name":"FIG - \u00ab\u00a0Je suis au monde\u00a0\u00bb de Julieta Canepa, Pierre Ducrozet et St\u00e9phane Kiehl, laur\u00e9ats du prix Amerigo-Vespucci Jeunesse - Saint Die Info","isPartOf":{"@id":"https:\/\/vosgesinfo.fr\/saintdieinfo\/#website"},"primaryImageOfPage":{"@id":"https:\/\/vosgesinfo.fr\/saintdieinfo\/2021\/10\/fig-suis-monde-de-julieta-canepa-pierre-ducrozet-stephane-kiehl-laureats-prix-amerigo-vespucci-jeunesse\/#primaryimage"},"image":{"@id":"https:\/\/vosgesinfo.fr\/saintdieinfo\/2021\/10\/fig-suis-monde-de-julieta-canepa-pierre-ducrozet-stephane-kiehl-laureats-prix-amerigo-vespucci-jeunesse\/#primaryimage"},"thumbnailUrl":"https:\/\/vosgesinfo.fr\/app\/uploads\/sites\/4\/2024\/08\/202110fig-prix-amerigo-vespucci-jeunesse-2.jpg","datePublished":"2021-10-02T11:14:34+00:00","dateModified":"2021-10-02T11:14:34+00:00","breadcrumb":{"@id":"https:\/\/vosgesinfo.fr\/saintdieinfo\/2021\/10\/fig-suis-monde-de-julieta-canepa-pierre-ducrozet-stephane-kiehl-laureats-prix-amerigo-vespucci-jeunesse\/#breadcrumb"},"inLanguage":"fr-FR","potentialAction":[{"@type":"ReadAction","target":["https:\/\/vosgesinfo.fr\/saintdieinfo\/2021\/10\/fig-suis-monde-de-julieta-canepa-pierre-ducrozet-stephane-kiehl-laureats-prix-amerigo-vespucci-jeunesse\/"]}]},{"@type":"ImageObject","inLanguage":"fr-FR","@id":"https:\/\/vosgesinfo.fr\/saintdieinfo\/2021\/10\/fig-suis-monde-de-julieta-canepa-pierre-ducrozet-stephane-kiehl-laureats-prix-amerigo-vespucci-jeunesse\/#primaryimage","url":"https:\/\/vosgesinfo.fr\/app\/uploads\/sites\/4\/2024\/08\/202110fig-prix-amerigo-vespucci-jeunesse-2.jpg","contentUrl":"https:\/\/vosgesinfo.fr\/app\/uploads\/sites\/4\/2024\/08\/202110fig-prix-amerigo-vespucci-jeunesse-2.jpg","width":800,"height":600},{"@type":"BreadcrumbList","@id":"https:\/\/vosgesinfo.fr\/saintdieinfo\/2021\/10\/fig-suis-monde-de-julieta-canepa-pierre-ducrozet-stephane-kiehl-laureats-prix-amerigo-vespucci-jeunesse\/#breadcrumb","itemListElement":[{"@type":"ListItem","position":1,"name":"Home","item":"https:\/\/vosgesinfo.fr\/saintdieinfo\/"},{"@type":"ListItem","position":2,"name":"FIG &#8211; \u00ab\u00a0Je suis au monde\u00a0\u00bb de Julieta Canepa, Pierre Ducrozet et St\u00e9phane Kiehl, laur\u00e9ats du prix Amerigo-Vespucci Jeunesse"}]},{"@type":"WebSite","@id":"https:\/\/vosgesinfo.fr\/saintdieinfo\/#website","url":"https:\/\/vosgesinfo.fr\/saintdieinfo\/","name":"Saint Die Info","description":"Toute l&#039;actualit\u00e9 de Saint-Di\u00e9-Des-Vosges","publisher":{"@id":"https:\/\/vosgesinfo.fr\/saintdieinfo\/#organization"},"alternateName":"Toute l'actualit\u00e9 de Saint-Di\u00e9-Des-Vosges","potentialAction":[{"@type":"SearchAction","target":{"@type":"EntryPoint","urlTemplate":"https:\/\/vosgesinfo.fr\/saintdieinfo\/?s={search_term_string}"},"query-input":"required name=search_term_string"}],"inLanguage":"fr-FR"},{"@type":"Organization","@id":"https:\/\/vosgesinfo.fr\/saintdieinfo\/#organization","name":"Saint Die Info","url":"https:\/\/vosgesinfo.fr\/saintdieinfo\/","logo":{"@type":"ImageObject","inLanguage":"fr-FR","@id":"https:\/\/vosgesinfo.fr\/saintdieinfo\/#\/schema\/logo\/image\/","url":"https:\/\/vosgesinfo.fr\/app\/uploads\/sites\/4\/2024\/02\/logo-sdi.jpg","contentUrl":"https:\/\/vosgesinfo.fr\/app\/uploads\/sites\/4\/2024\/02\/logo-sdi.jpg","width":600,"height":600,"caption":"Saint Die Info"},"image":{"@id":"https:\/\/vosgesinfo.fr\/saintdieinfo\/#\/schema\/logo\/image\/"},"sameAs":["https:\/\/www.facebook.com\/Saintdieinfofr","https:\/\/x.com\/VosgesInfo88","https:\/\/www.youtube.com\/@vosgesinfo"]},{"@type":"Person","@id":"https:\/\/vosgesinfo.fr\/saintdieinfo\/#\/schema\/person\/faee6704a21f3977511db84bd1cd450f","name":"la r\u00e9daction","image":{"@type":"ImageObject","inLanguage":"fr-FR","@id":"https:\/\/vosgesinfo.fr\/saintdieinfo\/#\/schema\/person\/image\/","url":"https:\/\/secure.gravatar.com\/avatar\/6673d8bc6a9c17fa9a453eaa3448de834fa308c2ec9635b7aa99441a7c8d2cf6?s=96&d=mm&r=g","contentUrl":"https:\/\/secure.gravatar.com\/avatar\/6673d8bc6a9c17fa9a453eaa3448de834fa308c2ec9635b7aa99441a7c8d2cf6?s=96&d=mm&r=g","caption":"la r\u00e9daction"},"url":"https:\/\/vosgesinfo.fr\/saintdieinfo\/author\/redac\/"}]}},"_links":{"self":[{"href":"https:\/\/vosgesinfo.fr\/saintdieinfo\/wp-json\/wp\/v2\/posts\/43608","targetHints":{"allow":["GET"]}}],"collection":[{"href":"https:\/\/vosgesinfo.fr\/saintdieinfo\/wp-json\/wp\/v2\/posts"}],"about":[{"href":"https:\/\/vosgesinfo.fr\/saintdieinfo\/wp-json\/wp\/v2\/types\/post"}],"author":[{"embeddable":true,"href":"https:\/\/vosgesinfo.fr\/saintdieinfo\/wp-json\/wp\/v2\/users\/44"}],"replies":[{"embeddable":true,"href":"https:\/\/vosgesinfo.fr\/saintdieinfo\/wp-json\/wp\/v2\/comments?post=43608"}],"version-history":[{"count":0,"href":"https:\/\/vosgesinfo.fr\/saintdieinfo\/wp-json\/wp\/v2\/posts\/43608\/revisions"}],"wp:featuredmedia":[{"embeddable":true,"href":"https:\/\/vosgesinfo.fr\/saintdieinfo\/wp-json\/wp\/v2\/media\/43609"}],"wp:attachment":[{"href":"https:\/\/vosgesinfo.fr\/saintdieinfo\/wp-json\/wp\/v2\/media?parent=43608"}],"wp:term":[{"taxonomy":"category","embeddable":true,"href":"https:\/\/vosgesinfo.fr\/saintdieinfo\/wp-json\/wp\/v2\/categories?post=43608"},{"taxonomy":"post_tag","embeddable":true,"href":"https:\/\/vosgesinfo.fr\/saintdieinfo\/wp-json\/wp\/v2\/tags?post=43608"}],"curies":[{"name":"wp","href":"https:\/\/api.w.org\/{rel}","templated":true}]}}