{"id":43841,"date":"2021-10-08T07:57:13","date_gmt":"2021-10-08T05:57:13","guid":{"rendered":"https:\/\/vosgesinfo.fr\/saintdieinfo\/2021\/10\/vosges-policier-renverse-a-razimont-de-lheroine-retrouvee-vehicule\/"},"modified":"2021-10-08T07:57:13","modified_gmt":"2021-10-08T05:57:13","slug":"vosges-policier-renverse-a-razimont-de-lheroine-retrouvee-vehicule","status":"publish","type":"post","link":"https:\/\/vosgesinfo.fr\/saintdieinfo\/2021\/10\/vosges-policier-renverse-a-razimont-de-lheroine-retrouvee-vehicule\/","title":{"rendered":"Vosges \u2013 Policier renvers\u00e9 \u00e0 Razimont : de l\u2019h\u00e9ro\u00efne retrouv\u00e9e dans le v\u00e9hicule"},"content":{"rendered":"<div id=\"attachment_172834\" style=\"width: 810px\" class=\"wp-caption aligncenter\"><a href=\"\/2021\/10\/procureur-nicolas-heitz-1.jpg\" target=\"_blank\" rel=\"noopener\"><img decoding=\"async\" aria-describedby=\"caption-attachment-172834\" class=\"wp-image-172834 size-full\" src=\"\/2021\/10\/procureur-nicolas-heitz-1.jpg\" alt=\"procureur-nicolas-heitz-1\" width=\"800\" height=\"600\" \/><\/a><p id=\"caption-attachment-172834\" class=\"wp-caption-text\">Le Procureur de la R\u00e9publique.<\/p><\/div>\n<h2><span style=\"font-size: 14pt;\"><strong>Nous vous en parlions, une course-poursuite a eu lieu mardi soir, vers 18h entre deux jeunes hommes et des policiers d\u2019Epinal. Un fonctionnaire de police a \u00e9t\u00e9 bless\u00e9. Les policiers ont d\u00e9couvert de l\u2019h\u00e9ro\u00efne dans le tableau de bord. Ils ont \u00e9t\u00e9 inculp\u00e9s pour tentative de meurtre.\u00a0<\/strong><\/span><\/h2>\n<p><!--more--><\/p>\n<p>Un policier d\u2019Epinal a \u00e9t\u00e9 bless\u00e9 \u00e0 la jambe ce mardi 5 octobre soir lors d\u2019une course-poursuite dans le secteur de Razimont. Le v\u00e9hicule avait \u00e9t\u00e9 rep\u00e9r\u00e9 par les fonctionnaires de police sur la route Nationale 57. Les jeunes \u00e0 bord d\u2019une Clio, ont alors emprunt\u00e9 la sortie Razimont \u00e0 Epinal, direction le centre-ville d\u2019Epinal. A l\u2019int\u00e9rieur du v\u00e9hicule, deux jeunes hommes originaires de Toul (Meurthe-et-Moselle). Les jeunes auraient voulu \u00e9chapper \u00e0 un contr\u00f4le de police. Ils tentent alors de s\u2019\u00e9chapper et foncent dans les policiers.<\/p>\n<h3>Cinq coups de feu tir\u00e9s<\/h3>\n<p>L\u2019un des policiers est alors bless\u00e9 au niveau de la jambe. Il est transport\u00e9 \u00e0 l\u2019h\u00f4pital.\u00a0<em>\u00ab\u00a0Le conducteur de la Clio, levait dans un premier temps les mains. Il avan\u00e7ait ensuite doucement pour acc\u00e9l\u00e9rer subitement et fortement en direction d\u2019un premier policier. Un second policier \u00e9tait alors heurt\u00e9 violemment au niveau de la jambe gauche. Le v\u00e9hicule roulait ensuite sur sa cheville gauche\u00a0\u00bb<\/em> explique le procureur de la R\u00e9publique des Vosges. Deux policiers ont alors fait usage de leur arme de service pour immobiliser les jeunes. Cinq coups de\u00a0feu ont \u00e9t\u00e9 tir\u00e9s.<\/p>\n<p>La suite de l&rsquo;article : <a href=\"https:\/\/epinalinfos.fr\/2021\/10\/policier-renverse-a-razimont-de-lheroine-retrouvee-vehicule\/\" target=\"_blank\" rel=\"noopener\">https:\/\/epinalinfos.fr\/2021\/10\/policier-renverse-a-razimont-de-lheroine-retrouvee-vehicule\/<\/a><\/p>\n","protected":false},"excerpt":{"rendered":"<p>Nous vous en parlions, une course-poursuite a eu lieu mardi soir, vers 18h entre deux jeunes hommes et des policiers [&hellip;]<\/p>\n","protected":false},"author":44,"featured_media":43842,"comment_status":"open","ping_status":"open","sticky":false,"template":"","format":"standard","meta":{"footnotes":""},"categories":[460,2924,18],"tags":[8213,9111,1203,624],"class_list":["post-43841","post","type-post","status-publish","format-standard","has-post-thumbnail","hentry","category-a-la-une","category-fait-divers","category-vosges","tag-nicolas-heitz","tag-policier-depinal-blesse","tag-procureur-de-la-republique","tag-razimont"],"acf":[],"yoast_head":"<!-- This site is optimized with the Yoast SEO plugin v22.5 - https:\/\/yoast.com\/wordpress\/plugins\/seo\/ -->\n<title>Vosges \u2013 Policier renvers\u00e9 \u00e0 Razimont : de l\u2019h\u00e9ro\u00efne retrouv\u00e9e dans le v\u00e9hicule - Saint Die Info<\/title>\n<meta name=\"robots\" content=\"index, follow, max-snippet:-1, max-image-preview:large, max-video-preview:-1\" \/>\n<link rel=\"canonical\" href=\"https:\/\/vosgesinfo.fr\/saintdieinfo\/2021\/10\/vosges-policier-renverse-a-razimont-de-lheroine-retrouvee-vehicule\/\" \/>\n<meta name=\"twitter:card\" content=\"summary_large_image\" \/>\n<meta name=\"twitter:title\" content=\"Vosges \u2013 Policier renvers\u00e9 \u00e0 Razimont : de l\u2019h\u00e9ro\u00efne retrouv\u00e9e dans le v\u00e9hicule - Saint Die Info\" \/>\n<meta name=\"twitter:description\" content=\"Nous vous en parlions, une course-poursuite a eu lieu mardi soir, vers 18h entre deux jeunes hommes et des policiers [&hellip;]\" \/>\n<meta name=\"twitter:image\" content=\"https:\/\/vosgesinfo.fr\/app\/uploads\/sites\/4\/2024\/08\/202110procureur-nicolas-heitz-1-1.jpg\" \/>\n<meta name=\"twitter:creator\" content=\"@VosgesInfo88\" \/>\n<meta name=\"twitter:site\" content=\"@VosgesInfo88\" \/>\n<meta name=\"twitter:label1\" content=\"\u00c9crit par\" \/>\n\t<meta name=\"twitter:data1\" content=\"la r\u00e9daction\" \/>\n\t<meta name=\"twitter:label2\" content=\"Dur\u00e9e de lecture estim\u00e9e\" \/>\n\t<meta name=\"twitter:data2\" content=\"1 minute\" \/>\n<script type=\"application\/ld+json\" class=\"yoast-schema-graph\">{\"@context\":\"https:\/\/schema.org\",\"@graph\":[{\"@type\":\"Article\",\"@id\":\"https:\/\/vosgesinfo.fr\/saintdieinfo\/2021\/10\/vosges-policier-renverse-a-razimont-de-lheroine-retrouvee-vehicule\/#article\",\"isPartOf\":{\"@id\":\"https:\/\/vosgesinfo.fr\/saintdieinfo\/2021\/10\/vosges-policier-renverse-a-razimont-de-lheroine-retrouvee-vehicule\/\"},\"author\":{\"name\":\"la r\u00e9daction\",\"@id\":\"https:\/\/vosgesinfo.fr\/saintdieinfo\/#\/schema\/person\/faee6704a21f3977511db84bd1cd450f\"},\"headline\":\"Vosges \u2013 Policier renvers\u00e9 \u00e0 Razimont : de l\u2019h\u00e9ro\u00efne retrouv\u00e9e dans le v\u00e9hicule\",\"datePublished\":\"2021-10-08T05:57:13+00:00\",\"dateModified\":\"2021-10-08T05:57:13+00:00\",\"mainEntityOfPage\":{\"@id\":\"https:\/\/vosgesinfo.fr\/saintdieinfo\/2021\/10\/vosges-policier-renverse-a-razimont-de-lheroine-retrouvee-vehicule\/\"},\"wordCount\":289,\"commentCount\":0,\"publisher\":{\"@id\":\"https:\/\/vosgesinfo.fr\/saintdieinfo\/#organization\"},\"image\":{\"@id\":\"https:\/\/vosgesinfo.fr\/saintdieinfo\/2021\/10\/vosges-policier-renverse-a-razimont-de-lheroine-retrouvee-vehicule\/#primaryimage\"},\"thumbnailUrl\":\"https:\/\/vosgesinfo.fr\/app\/uploads\/sites\/4\/2024\/08\/202110procureur-nicolas-heitz-1-1.jpg\",\"keywords\":[\"Nicolas Heitz\",\"Policier d'Epinal bless\u00e9\",\"procureur de la R\u00e9publique\",\"Razimont\"],\"articleSection\":[\"A la Une\",\"Fait Divers\",\"Vosges\"],\"inLanguage\":\"fr-FR\",\"potentialAction\":[{\"@type\":\"CommentAction\",\"name\":\"Comment\",\"target\":[\"https:\/\/vosgesinfo.fr\/saintdieinfo\/2021\/10\/vosges-policier-renverse-a-razimont-de-lheroine-retrouvee-vehicule\/#respond\"]}]},{\"@type\":\"WebPage\",\"@id\":\"https:\/\/vosgesinfo.fr\/saintdieinfo\/2021\/10\/vosges-policier-renverse-a-razimont-de-lheroine-retrouvee-vehicule\/\",\"url\":\"https:\/\/vosgesinfo.fr\/saintdieinfo\/2021\/10\/vosges-policier-renverse-a-razimont-de-lheroine-retrouvee-vehicule\/\",\"name\":\"Vosges \u2013 Policier renvers\u00e9 \u00e0 Razimont : de l\u2019h\u00e9ro\u00efne retrouv\u00e9e dans le v\u00e9hicule - Saint Die Info\",\"isPartOf\":{\"@id\":\"https:\/\/vosgesinfo.fr\/saintdieinfo\/#website\"},\"primaryImageOfPage\":{\"@id\":\"https:\/\/vosgesinfo.fr\/saintdieinfo\/2021\/10\/vosges-policier-renverse-a-razimont-de-lheroine-retrouvee-vehicule\/#primaryimage\"},\"image\":{\"@id\":\"https:\/\/vosgesinfo.fr\/saintdieinfo\/2021\/10\/vosges-policier-renverse-a-razimont-de-lheroine-retrouvee-vehicule\/#primaryimage\"},\"thumbnailUrl\":\"https:\/\/vosgesinfo.fr\/app\/uploads\/sites\/4\/2024\/08\/202110procureur-nicolas-heitz-1-1.jpg\",\"datePublished\":\"2021-10-08T05:57:13+00:00\",\"dateModified\":\"2021-10-08T05:57:13+00:00\",\"breadcrumb\":{\"@id\":\"https:\/\/vosgesinfo.fr\/saintdieinfo\/2021\/10\/vosges-policier-renverse-a-razimont-de-lheroine-retrouvee-vehicule\/#breadcrumb\"},\"inLanguage\":\"fr-FR\",\"potentialAction\":[{\"@type\":\"ReadAction\",\"target\":[\"https:\/\/vosgesinfo.fr\/saintdieinfo\/2021\/10\/vosges-policier-renverse-a-razimont-de-lheroine-retrouvee-vehicule\/\"]}]},{\"@type\":\"ImageObject\",\"inLanguage\":\"fr-FR\",\"@id\":\"https:\/\/vosgesinfo.fr\/saintdieinfo\/2021\/10\/vosges-policier-renverse-a-razimont-de-lheroine-retrouvee-vehicule\/#primaryimage\",\"url\":\"https:\/\/vosgesinfo.fr\/app\/uploads\/sites\/4\/2024\/08\/202110procureur-nicolas-heitz-1-1.jpg\",\"contentUrl\":\"https:\/\/vosgesinfo.fr\/app\/uploads\/sites\/4\/2024\/08\/202110procureur-nicolas-heitz-1-1.jpg\",\"width\":800,\"height\":600},{\"@type\":\"BreadcrumbList\",\"@id\":\"https:\/\/vosgesinfo.fr\/saintdieinfo\/2021\/10\/vosges-policier-renverse-a-razimont-de-lheroine-retrouvee-vehicule\/#breadcrumb\",\"itemListElement\":[{\"@type\":\"ListItem\",\"position\":1,\"name\":\"Home\",\"item\":\"https:\/\/vosgesinfo.fr\/saintdieinfo\/\"},{\"@type\":\"ListItem\",\"position\":2,\"name\":\"Vosges \u2013 Policier renvers\u00e9 \u00e0 Razimont : de l\u2019h\u00e9ro\u00efne retrouv\u00e9e dans le v\u00e9hicule\"}]},{\"@type\":\"WebSite\",\"@id\":\"https:\/\/vosgesinfo.fr\/saintdieinfo\/#website\",\"url\":\"https:\/\/vosgesinfo.fr\/saintdieinfo\/\",\"name\":\"Saint Die Info\",\"description\":\"Toute l&#039;actualit\u00e9 de Saint-Di\u00e9-Des-Vosges\",\"publisher\":{\"@id\":\"https:\/\/vosgesinfo.fr\/saintdieinfo\/#organization\"},\"alternateName\":\"Toute l'actualit\u00e9 de Saint-Di\u00e9-Des-Vosges\",\"potentialAction\":[{\"@type\":\"SearchAction\",\"target\":{\"@type\":\"EntryPoint\",\"urlTemplate\":\"https:\/\/vosgesinfo.fr\/saintdieinfo\/?s={search_term_string}\"},\"query-input\":\"required name=search_term_string\"}],\"inLanguage\":\"fr-FR\"},{\"@type\":\"Organization\",\"@id\":\"https:\/\/vosgesinfo.fr\/saintdieinfo\/#organization\",\"name\":\"Saint Die Info\",\"url\":\"https:\/\/vosgesinfo.fr\/saintdieinfo\/\",\"logo\":{\"@type\":\"ImageObject\",\"inLanguage\":\"fr-FR\",\"@id\":\"https:\/\/vosgesinfo.fr\/saintdieinfo\/#\/schema\/logo\/image\/\",\"url\":\"https:\/\/vosgesinfo.fr\/app\/uploads\/sites\/4\/2024\/02\/logo-sdi.jpg\",\"contentUrl\":\"https:\/\/vosgesinfo.fr\/app\/uploads\/sites\/4\/2024\/02\/logo-sdi.jpg\",\"width\":600,\"height\":600,\"caption\":\"Saint Die Info\"},\"image\":{\"@id\":\"https:\/\/vosgesinfo.fr\/saintdieinfo\/#\/schema\/logo\/image\/\"},\"sameAs\":[\"https:\/\/www.facebook.com\/Saintdieinfofr\",\"https:\/\/x.com\/VosgesInfo88\",\"https:\/\/www.youtube.com\/@vosgesinfo\"]},{\"@type\":\"Person\",\"@id\":\"https:\/\/vosgesinfo.fr\/saintdieinfo\/#\/schema\/person\/faee6704a21f3977511db84bd1cd450f\",\"name\":\"la r\u00e9daction\",\"image\":{\"@type\":\"ImageObject\",\"inLanguage\":\"fr-FR\",\"@id\":\"https:\/\/vosgesinfo.fr\/saintdieinfo\/#\/schema\/person\/image\/\",\"url\":\"https:\/\/secure.gravatar.com\/avatar\/6673d8bc6a9c17fa9a453eaa3448de834fa308c2ec9635b7aa99441a7c8d2cf6?s=96&d=mm&r=g\",\"contentUrl\":\"https:\/\/secure.gravatar.com\/avatar\/6673d8bc6a9c17fa9a453eaa3448de834fa308c2ec9635b7aa99441a7c8d2cf6?s=96&d=mm&r=g\",\"caption\":\"la r\u00e9daction\"},\"url\":\"https:\/\/vosgesinfo.fr\/saintdieinfo\/author\/redac\/\"}]}<\/script>\n<!-- \/ Yoast SEO plugin. -->","yoast_head_json":{"title":"Vosges \u2013 Policier renvers\u00e9 \u00e0 Razimont : de l\u2019h\u00e9ro\u00efne retrouv\u00e9e dans le v\u00e9hicule - Saint Die Info","robots":{"index":"index","follow":"follow","max-snippet":"max-snippet:-1","max-image-preview":"max-image-preview:large","max-video-preview":"max-video-preview:-1"},"canonical":"https:\/\/vosgesinfo.fr\/saintdieinfo\/2021\/10\/vosges-policier-renverse-a-razimont-de-lheroine-retrouvee-vehicule\/","twitter_card":"summary_large_image","twitter_title":"Vosges \u2013 Policier renvers\u00e9 \u00e0 Razimont : de l\u2019h\u00e9ro\u00efne retrouv\u00e9e dans le v\u00e9hicule - Saint Die Info","twitter_description":"Nous vous en parlions, une course-poursuite a eu lieu mardi soir, vers 18h entre deux jeunes hommes et des policiers [&hellip;]","twitter_image":"https:\/\/vosgesinfo.fr\/app\/uploads\/sites\/4\/2024\/08\/202110procureur-nicolas-heitz-1-1.jpg","twitter_creator":"@VosgesInfo88","twitter_site":"@VosgesInfo88","twitter_misc":{"\u00c9crit par":"la r\u00e9daction","Dur\u00e9e de lecture estim\u00e9e":"1 minute"},"schema":{"@context":"https:\/\/schema.org","@graph":[{"@type":"Article","@id":"https:\/\/vosgesinfo.fr\/saintdieinfo\/2021\/10\/vosges-policier-renverse-a-razimont-de-lheroine-retrouvee-vehicule\/#article","isPartOf":{"@id":"https:\/\/vosgesinfo.fr\/saintdieinfo\/2021\/10\/vosges-policier-renverse-a-razimont-de-lheroine-retrouvee-vehicule\/"},"author":{"name":"la r\u00e9daction","@id":"https:\/\/vosgesinfo.fr\/saintdieinfo\/#\/schema\/person\/faee6704a21f3977511db84bd1cd450f"},"headline":"Vosges \u2013 Policier renvers\u00e9 \u00e0 Razimont : de l\u2019h\u00e9ro\u00efne retrouv\u00e9e dans le v\u00e9hicule","datePublished":"2021-10-08T05:57:13+00:00","dateModified":"2021-10-08T05:57:13+00:00","mainEntityOfPage":{"@id":"https:\/\/vosgesinfo.fr\/saintdieinfo\/2021\/10\/vosges-policier-renverse-a-razimont-de-lheroine-retrouvee-vehicule\/"},"wordCount":289,"commentCount":0,"publisher":{"@id":"https:\/\/vosgesinfo.fr\/saintdieinfo\/#organization"},"image":{"@id":"https:\/\/vosgesinfo.fr\/saintdieinfo\/2021\/10\/vosges-policier-renverse-a-razimont-de-lheroine-retrouvee-vehicule\/#primaryimage"},"thumbnailUrl":"https:\/\/vosgesinfo.fr\/app\/uploads\/sites\/4\/2024\/08\/202110procureur-nicolas-heitz-1-1.jpg","keywords":["Nicolas Heitz","Policier d'Epinal bless\u00e9","procureur de la R\u00e9publique","Razimont"],"articleSection":["A la Une","Fait Divers","Vosges"],"inLanguage":"fr-FR","potentialAction":[{"@type":"CommentAction","name":"Comment","target":["https:\/\/vosgesinfo.fr\/saintdieinfo\/2021\/10\/vosges-policier-renverse-a-razimont-de-lheroine-retrouvee-vehicule\/#respond"]}]},{"@type":"WebPage","@id":"https:\/\/vosgesinfo.fr\/saintdieinfo\/2021\/10\/vosges-policier-renverse-a-razimont-de-lheroine-retrouvee-vehicule\/","url":"https:\/\/vosgesinfo.fr\/saintdieinfo\/2021\/10\/vosges-policier-renverse-a-razimont-de-lheroine-retrouvee-vehicule\/","name":"Vosges \u2013 Policier renvers\u00e9 \u00e0 Razimont : de l\u2019h\u00e9ro\u00efne retrouv\u00e9e dans le v\u00e9hicule - Saint Die Info","isPartOf":{"@id":"https:\/\/vosgesinfo.fr\/saintdieinfo\/#website"},"primaryImageOfPage":{"@id":"https:\/\/vosgesinfo.fr\/saintdieinfo\/2021\/10\/vosges-policier-renverse-a-razimont-de-lheroine-retrouvee-vehicule\/#primaryimage"},"image":{"@id":"https:\/\/vosgesinfo.fr\/saintdieinfo\/2021\/10\/vosges-policier-renverse-a-razimont-de-lheroine-retrouvee-vehicule\/#primaryimage"},"thumbnailUrl":"https:\/\/vosgesinfo.fr\/app\/uploads\/sites\/4\/2024\/08\/202110procureur-nicolas-heitz-1-1.jpg","datePublished":"2021-10-08T05:57:13+00:00","dateModified":"2021-10-08T05:57:13+00:00","breadcrumb":{"@id":"https:\/\/vosgesinfo.fr\/saintdieinfo\/2021\/10\/vosges-policier-renverse-a-razimont-de-lheroine-retrouvee-vehicule\/#breadcrumb"},"inLanguage":"fr-FR","potentialAction":[{"@type":"ReadAction","target":["https:\/\/vosgesinfo.fr\/saintdieinfo\/2021\/10\/vosges-policier-renverse-a-razimont-de-lheroine-retrouvee-vehicule\/"]}]},{"@type":"ImageObject","inLanguage":"fr-FR","@id":"https:\/\/vosgesinfo.fr\/saintdieinfo\/2021\/10\/vosges-policier-renverse-a-razimont-de-lheroine-retrouvee-vehicule\/#primaryimage","url":"https:\/\/vosgesinfo.fr\/app\/uploads\/sites\/4\/2024\/08\/202110procureur-nicolas-heitz-1-1.jpg","contentUrl":"https:\/\/vosgesinfo.fr\/app\/uploads\/sites\/4\/2024\/08\/202110procureur-nicolas-heitz-1-1.jpg","width":800,"height":600},{"@type":"BreadcrumbList","@id":"https:\/\/vosgesinfo.fr\/saintdieinfo\/2021\/10\/vosges-policier-renverse-a-razimont-de-lheroine-retrouvee-vehicule\/#breadcrumb","itemListElement":[{"@type":"ListItem","position":1,"name":"Home","item":"https:\/\/vosgesinfo.fr\/saintdieinfo\/"},{"@type":"ListItem","position":2,"name":"Vosges \u2013 Policier renvers\u00e9 \u00e0 Razimont : de l\u2019h\u00e9ro\u00efne retrouv\u00e9e dans le v\u00e9hicule"}]},{"@type":"WebSite","@id":"https:\/\/vosgesinfo.fr\/saintdieinfo\/#website","url":"https:\/\/vosgesinfo.fr\/saintdieinfo\/","name":"Saint Die Info","description":"Toute l&#039;actualit\u00e9 de Saint-Di\u00e9-Des-Vosges","publisher":{"@id":"https:\/\/vosgesinfo.fr\/saintdieinfo\/#organization"},"alternateName":"Toute l'actualit\u00e9 de Saint-Di\u00e9-Des-Vosges","potentialAction":[{"@type":"SearchAction","target":{"@type":"EntryPoint","urlTemplate":"https:\/\/vosgesinfo.fr\/saintdieinfo\/?s={search_term_string}"},"query-input":"required name=search_term_string"}],"inLanguage":"fr-FR"},{"@type":"Organization","@id":"https:\/\/vosgesinfo.fr\/saintdieinfo\/#organization","name":"Saint Die Info","url":"https:\/\/vosgesinfo.fr\/saintdieinfo\/","logo":{"@type":"ImageObject","inLanguage":"fr-FR","@id":"https:\/\/vosgesinfo.fr\/saintdieinfo\/#\/schema\/logo\/image\/","url":"https:\/\/vosgesinfo.fr\/app\/uploads\/sites\/4\/2024\/02\/logo-sdi.jpg","contentUrl":"https:\/\/vosgesinfo.fr\/app\/uploads\/sites\/4\/2024\/02\/logo-sdi.jpg","width":600,"height":600,"caption":"Saint Die Info"},"image":{"@id":"https:\/\/vosgesinfo.fr\/saintdieinfo\/#\/schema\/logo\/image\/"},"sameAs":["https:\/\/www.facebook.com\/Saintdieinfofr","https:\/\/x.com\/VosgesInfo88","https:\/\/www.youtube.com\/@vosgesinfo"]},{"@type":"Person","@id":"https:\/\/vosgesinfo.fr\/saintdieinfo\/#\/schema\/person\/faee6704a21f3977511db84bd1cd450f","name":"la r\u00e9daction","image":{"@type":"ImageObject","inLanguage":"fr-FR","@id":"https:\/\/vosgesinfo.fr\/saintdieinfo\/#\/schema\/person\/image\/","url":"https:\/\/secure.gravatar.com\/avatar\/6673d8bc6a9c17fa9a453eaa3448de834fa308c2ec9635b7aa99441a7c8d2cf6?s=96&d=mm&r=g","contentUrl":"https:\/\/secure.gravatar.com\/avatar\/6673d8bc6a9c17fa9a453eaa3448de834fa308c2ec9635b7aa99441a7c8d2cf6?s=96&d=mm&r=g","caption":"la r\u00e9daction"},"url":"https:\/\/vosgesinfo.fr\/saintdieinfo\/author\/redac\/"}]}},"_links":{"self":[{"href":"https:\/\/vosgesinfo.fr\/saintdieinfo\/wp-json\/wp\/v2\/posts\/43841","targetHints":{"allow":["GET"]}}],"collection":[{"href":"https:\/\/vosgesinfo.fr\/saintdieinfo\/wp-json\/wp\/v2\/posts"}],"about":[{"href":"https:\/\/vosgesinfo.fr\/saintdieinfo\/wp-json\/wp\/v2\/types\/post"}],"author":[{"embeddable":true,"href":"https:\/\/vosgesinfo.fr\/saintdieinfo\/wp-json\/wp\/v2\/users\/44"}],"replies":[{"embeddable":true,"href":"https:\/\/vosgesinfo.fr\/saintdieinfo\/wp-json\/wp\/v2\/comments?post=43841"}],"version-history":[{"count":0,"href":"https:\/\/vosgesinfo.fr\/saintdieinfo\/wp-json\/wp\/v2\/posts\/43841\/revisions"}],"wp:featuredmedia":[{"embeddable":true,"href":"https:\/\/vosgesinfo.fr\/saintdieinfo\/wp-json\/wp\/v2\/media\/43842"}],"wp:attachment":[{"href":"https:\/\/vosgesinfo.fr\/saintdieinfo\/wp-json\/wp\/v2\/media?parent=43841"}],"wp:term":[{"taxonomy":"category","embeddable":true,"href":"https:\/\/vosgesinfo.fr\/saintdieinfo\/wp-json\/wp\/v2\/categories?post=43841"},{"taxonomy":"post_tag","embeddable":true,"href":"https:\/\/vosgesinfo.fr\/saintdieinfo\/wp-json\/wp\/v2\/tags?post=43841"}],"curies":[{"name":"wp","href":"https:\/\/api.w.org\/{rel}","templated":true}]}}