{"id":43843,"date":"2021-10-08T09:14:25","date_gmt":"2021-10-08T07:14:25","guid":{"rendered":"https:\/\/vosgesinfo.fr\/saintdieinfo\/2021\/10\/maltraitance-animale-dominique-franiatte-president-de-nom-animaux-ne-decolere\/"},"modified":"2021-10-08T09:14:25","modified_gmt":"2021-10-08T07:14:25","slug":"maltraitance-animale-dominique-franiatte-president-de-nom-animaux-ne-decolere","status":"publish","type":"post","link":"https:\/\/vosgesinfo.fr\/saintdieinfo\/2021\/10\/maltraitance-animale-dominique-franiatte-president-de-nom-animaux-ne-decolere\/","title":{"rendered":"Maltraitance animale \u2013 Dominique Franiatte, pr\u00e9sident de Au Nom Des Animaux, ne d\u00e9col\u00e8re pas"},"content":{"rendered":"<div id=\"attachment_115069\" style=\"width: 1010px\" class=\"wp-caption aligncenter\"><a href=\"\/2017\/12\/Portrait_Dominique_Franiatte_Inspecteur_30MA.jpg\" target=\"_blank\" rel=\"noopener\"><img decoding=\"async\" aria-describedby=\"caption-attachment-115069\" class=\"wp-image-115069 size-full\" src=\"\/2017\/12\/Portrait_Dominique_Franiatte_Inspecteur_30MA.jpg\" alt=\"Portrait_Dominique_Franiatte_Inspecteur_30MA\" width=\"1000\" height=\"667\" \/><\/a><p id=\"caption-attachment-115069\" class=\"wp-caption-text\">Dominique Franiatte est pr\u00e9sident de l&rsquo;association Au Nom Des Animaux et inspecteur pour la Fondation 30 Millions d&rsquo;Amis. (Archive)<\/p><\/div>\n<h2><span style=\"font-size: 14pt;\"><strong>Apr\u00e8s 11 mois d&rsquo;enqu\u00eate, plus de 300 animaux ont \u00e9t\u00e9 sauv\u00e9s \u00e0 la fin du mois dernier dans la commune de La Forge, pr\u00e8s de G\u00e9rardmer, par des associations de protection animale dont l&rsquo;association d\u00e9odatienne Au Nom Des Animaux (lire nos articles <a href=\"https:\/\/saintdieinfo.fr\/2021\/09\/vosges-plus-de-300-animaux-sauves-associations-dont-nom-animaux\/\" target=\"_blank\" rel=\"noopener\">ici<\/a> et <a href=\"https:\/\/saintdieinfo.fr\/2021\/10\/vosges-sauvetage-danimaux-nouvelles-volailles-sauvees-jeudi\/\" target=\"_blank\" rel=\"noopener\">ici<\/a>).<\/strong><\/span><\/h2>\n<p><!--more--><\/p>\n<p>Pour autant, Dominique Franiatte, pr\u00e9sident de ANDA et inspecteur 30 Millions d&rsquo;Amis, ne d\u00e9col\u00e8re pas. <em>\u00ab\u00a0Les premiers signalements datent de 2015, mais rien n&rsquo;avait \u00e9t\u00e9 fait. Les choses ont boug\u00e9 apr\u00e8s le signalement de Jonathan Lepaul, du Refuge de Grimlock, en novembre 2020. C&rsquo;\u00e9tait d&rsquo;autant plus compliqu\u00e9 pour lui de faire ce signalement que la personne concern\u00e9e est de sa famille. Il a fallu cette grande mobilisation inter-associations ainsi que des Fondations 30 Millions d&rsquo;Amis et Brigitte Bardot pour que les services de l&rsquo;Etat prennent les choses en main. Les services v\u00e9t\u00e9rinaires \u00e9taient d\u00e9j\u00e0 au courant de la situation. Tout comme l&rsquo;ARS car ce monsieur, atteint des syndromes de Diog\u00e8ne et de No\u00e9, vendait de la viande impropre \u00e0 la consommation.\u00a0\u00bb<\/em><\/p>\n<p>Et d&rsquo;ajouter, <em>\u00ab\u00a0ce que je retiens, c&rsquo;est que les services de l&rsquo;Etat n&rsquo;ont pas boug\u00e9 durant des ann\u00e9es, mais qu&rsquo;ils \u00e9taient bien l\u00e0 le jour de l&rsquo;intervention. Le maire aurait aussi pu porter plainte, mais il ne l&rsquo;a pas fait. Il a laiss\u00e9 les choses se d\u00e9grader pendant 6 ans, depuis le premier signalement de 2015. Et puis on ne doit pas oublier la mis\u00e8re humaine, cet homme vivait avec son p\u00e8re de plus de 80 ans en fauteuil roulant, qui vivait au milieu des ordures. \u00bb<\/em><\/p>\n<p>Dominique Franiatte tient cependant \u00e0 remercier le gendarme de la brigade de G\u00e9rardmer en charge du dossier. <em>\u00ab\u00a0Nous avons \u00e9t\u00e9 \u00e9norm\u00e9ment soutenus par cette personne, qui a constitu\u00e9 un dossier en b\u00e9ton. 11 mois d&rsquo;enqu\u00eate, cela peut para\u00eetre long. Mais dans ce cas de figure, c&rsquo;est plut\u00f4t rapide et c&rsquo;est notamment gr\u00e2ce \u00e0 ce gendarme.\u00a0Je tiens \u00e9galement \u00e0 remercier la trentaine de b\u00e9n\u00e9voles mobilis\u00e9s le jour de l&rsquo;intervention, dont certains ont pris une journ\u00e9e de cong\u00e9 pour aider les animaux. Le travail inter-associatif a pay\u00e9, et on ne peut que s&rsquo;en f\u00e9liciter. \u00bb<\/em><\/p>\n<p>Le jugement de cette affaire de maltraitance animale sera prononc\u00e9 le 17 d\u00e9cembre prochain \u00e0 Epinal. <em>\u00ab\u00a0Les associations ayant particip\u00e9 \u00e0 l&rsquo;intervention se porteront parties-civiles, tout comme les Fondations 30 Millions d&rsquo;Amis et Brigitte Bardot\u00a0\u00bb<\/em> pr\u00e9cise Dominique Franiatte, qui rappelle que ANDA recherche toujours des familles d&rsquo;accueil. Renseignements et contact sur <strong><a href=\"https:\/\/www.facebook.com\/AU-NOM-DES-ANIMAUX-547246802420183\" target=\"_blank\" rel=\"noopener\">la page Facebook de l&rsquo;association.<\/a><\/strong><\/p>\n<p>J.J.<\/p>\n<div id=\"attachment_172841\" style=\"width: 810px\" class=\"wp-caption aligncenter\"><a href=\"\/2021\/10\/animaux-sauvetage-Vosges4.jpg\" target=\"_blank\" rel=\"noopener\"><img decoding=\"async\" aria-describedby=\"caption-attachment-172841\" class=\"wp-image-172841 size-full\" src=\"\/2021\/10\/animaux-sauvetage-Vosges4.jpg\" alt=\"animaux-sauvetage-Vosges4\" width=\"800\" height=\"364\" \/><\/a><p id=\"caption-attachment-172841\" class=\"wp-caption-text\">La maison des Forges lorsque l&rsquo;intervention a eu lieu, fin septembre. (Photographie Au Nom Des Animaux)<\/p><\/div>\n","protected":false},"excerpt":{"rendered":"<p>Apr\u00e8s 11 mois d&rsquo;enqu\u00eate, plus de 300 animaux ont \u00e9t\u00e9 sauv\u00e9s \u00e0 la fin du mois dernier dans la commune [&hellip;]<\/p>\n","protected":false},"author":44,"featured_media":43844,"comment_status":"open","ping_status":"open","sticky":false,"template":"","format":"standard","meta":{"footnotes":""},"categories":[460,2924,17,18],"tags":[3167,9112,7165,540,5472],"class_list":["post-43843","post","type-post","status-publish","format-standard","has-post-thumbnail","hentry","category-a-la-une","category-fait-divers","category-vie-associative","category-vosges","tag-au-nom-des-animaux","tag-dominique-franiatte","tag-fondation-30-millions-damis","tag-les-forges","tag-maltraitance-animale"],"acf":[],"yoast_head":"<!-- This site is optimized with the Yoast SEO plugin v22.5 - https:\/\/yoast.com\/wordpress\/plugins\/seo\/ -->\n<title>Maltraitance animale \u2013 Dominique Franiatte, pr\u00e9sident de Au Nom Des Animaux, ne d\u00e9col\u00e8re pas - Saint Die Info<\/title>\n<meta name=\"robots\" content=\"index, follow, max-snippet:-1, max-image-preview:large, max-video-preview:-1\" \/>\n<link rel=\"canonical\" href=\"https:\/\/vosgesinfo.fr\/saintdieinfo\/2021\/10\/maltraitance-animale-dominique-franiatte-president-de-nom-animaux-ne-decolere\/\" \/>\n<meta name=\"twitter:card\" content=\"summary_large_image\" \/>\n<meta name=\"twitter:title\" content=\"Maltraitance animale \u2013 Dominique Franiatte, pr\u00e9sident de Au Nom Des Animaux, ne d\u00e9col\u00e8re pas - Saint Die Info\" \/>\n<meta name=\"twitter:description\" content=\"Apr\u00e8s 11 mois d&rsquo;enqu\u00eate, plus de 300 animaux ont \u00e9t\u00e9 sauv\u00e9s \u00e0 la fin du mois dernier dans la commune [&hellip;]\" \/>\n<meta name=\"twitter:image\" content=\"https:\/\/vosgesinfo.fr\/app\/uploads\/sites\/4\/2024\/08\/201712portrait-dominique-franiatte-inspecteur-30ma.jpg\" \/>\n<meta name=\"twitter:creator\" content=\"@VosgesInfo88\" \/>\n<meta name=\"twitter:site\" content=\"@VosgesInfo88\" \/>\n<meta name=\"twitter:label1\" content=\"\u00c9crit par\" \/>\n\t<meta name=\"twitter:data1\" content=\"la r\u00e9daction\" \/>\n\t<meta name=\"twitter:label2\" content=\"Dur\u00e9e de lecture estim\u00e9e\" \/>\n\t<meta name=\"twitter:data2\" content=\"2 minutes\" \/>\n<script type=\"application\/ld+json\" class=\"yoast-schema-graph\">{\"@context\":\"https:\/\/schema.org\",\"@graph\":[{\"@type\":\"Article\",\"@id\":\"https:\/\/vosgesinfo.fr\/saintdieinfo\/2021\/10\/maltraitance-animale-dominique-franiatte-president-de-nom-animaux-ne-decolere\/#article\",\"isPartOf\":{\"@id\":\"https:\/\/vosgesinfo.fr\/saintdieinfo\/2021\/10\/maltraitance-animale-dominique-franiatte-president-de-nom-animaux-ne-decolere\/\"},\"author\":{\"name\":\"la r\u00e9daction\",\"@id\":\"https:\/\/vosgesinfo.fr\/saintdieinfo\/#\/schema\/person\/faee6704a21f3977511db84bd1cd450f\"},\"headline\":\"Maltraitance animale \u2013 Dominique Franiatte, pr\u00e9sident de Au Nom Des Animaux, ne d\u00e9col\u00e8re pas\",\"datePublished\":\"2021-10-08T07:14:25+00:00\",\"dateModified\":\"2021-10-08T07:14:25+00:00\",\"mainEntityOfPage\":{\"@id\":\"https:\/\/vosgesinfo.fr\/saintdieinfo\/2021\/10\/maltraitance-animale-dominique-franiatte-president-de-nom-animaux-ne-decolere\/\"},\"wordCount\":510,\"commentCount\":0,\"publisher\":{\"@id\":\"https:\/\/vosgesinfo.fr\/saintdieinfo\/#organization\"},\"image\":{\"@id\":\"https:\/\/vosgesinfo.fr\/saintdieinfo\/2021\/10\/maltraitance-animale-dominique-franiatte-president-de-nom-animaux-ne-decolere\/#primaryimage\"},\"thumbnailUrl\":\"https:\/\/vosgesinfo.fr\/app\/uploads\/sites\/4\/2024\/08\/201712portrait-dominique-franiatte-inspecteur-30ma.jpg\",\"keywords\":[\"Au nom des animaux\",\"Dominique Franiatte\",\"Fondation 30 Millions d'Amis\",\"Les Forges\",\"Maltraitance animale\"],\"articleSection\":[\"A la Une\",\"Fait Divers\",\"Vie Associative\",\"Vosges\"],\"inLanguage\":\"fr-FR\",\"potentialAction\":[{\"@type\":\"CommentAction\",\"name\":\"Comment\",\"target\":[\"https:\/\/vosgesinfo.fr\/saintdieinfo\/2021\/10\/maltraitance-animale-dominique-franiatte-president-de-nom-animaux-ne-decolere\/#respond\"]}]},{\"@type\":\"WebPage\",\"@id\":\"https:\/\/vosgesinfo.fr\/saintdieinfo\/2021\/10\/maltraitance-animale-dominique-franiatte-president-de-nom-animaux-ne-decolere\/\",\"url\":\"https:\/\/vosgesinfo.fr\/saintdieinfo\/2021\/10\/maltraitance-animale-dominique-franiatte-president-de-nom-animaux-ne-decolere\/\",\"name\":\"Maltraitance animale \u2013 Dominique Franiatte, pr\u00e9sident de Au Nom Des Animaux, ne d\u00e9col\u00e8re pas - Saint Die Info\",\"isPartOf\":{\"@id\":\"https:\/\/vosgesinfo.fr\/saintdieinfo\/#website\"},\"primaryImageOfPage\":{\"@id\":\"https:\/\/vosgesinfo.fr\/saintdieinfo\/2021\/10\/maltraitance-animale-dominique-franiatte-president-de-nom-animaux-ne-decolere\/#primaryimage\"},\"image\":{\"@id\":\"https:\/\/vosgesinfo.fr\/saintdieinfo\/2021\/10\/maltraitance-animale-dominique-franiatte-president-de-nom-animaux-ne-decolere\/#primaryimage\"},\"thumbnailUrl\":\"https:\/\/vosgesinfo.fr\/app\/uploads\/sites\/4\/2024\/08\/201712portrait-dominique-franiatte-inspecteur-30ma.jpg\",\"datePublished\":\"2021-10-08T07:14:25+00:00\",\"dateModified\":\"2021-10-08T07:14:25+00:00\",\"breadcrumb\":{\"@id\":\"https:\/\/vosgesinfo.fr\/saintdieinfo\/2021\/10\/maltraitance-animale-dominique-franiatte-president-de-nom-animaux-ne-decolere\/#breadcrumb\"},\"inLanguage\":\"fr-FR\",\"potentialAction\":[{\"@type\":\"ReadAction\",\"target\":[\"https:\/\/vosgesinfo.fr\/saintdieinfo\/2021\/10\/maltraitance-animale-dominique-franiatte-president-de-nom-animaux-ne-decolere\/\"]}]},{\"@type\":\"ImageObject\",\"inLanguage\":\"fr-FR\",\"@id\":\"https:\/\/vosgesinfo.fr\/saintdieinfo\/2021\/10\/maltraitance-animale-dominique-franiatte-president-de-nom-animaux-ne-decolere\/#primaryimage\",\"url\":\"https:\/\/vosgesinfo.fr\/app\/uploads\/sites\/4\/2024\/08\/201712portrait-dominique-franiatte-inspecteur-30ma.jpg\",\"contentUrl\":\"https:\/\/vosgesinfo.fr\/app\/uploads\/sites\/4\/2024\/08\/201712portrait-dominique-franiatte-inspecteur-30ma.jpg\",\"width\":1000,\"height\":667},{\"@type\":\"BreadcrumbList\",\"@id\":\"https:\/\/vosgesinfo.fr\/saintdieinfo\/2021\/10\/maltraitance-animale-dominique-franiatte-president-de-nom-animaux-ne-decolere\/#breadcrumb\",\"itemListElement\":[{\"@type\":\"ListItem\",\"position\":1,\"name\":\"Home\",\"item\":\"https:\/\/vosgesinfo.fr\/saintdieinfo\/\"},{\"@type\":\"ListItem\",\"position\":2,\"name\":\"Maltraitance animale \u2013 Dominique Franiatte, pr\u00e9sident de Au Nom Des Animaux, ne d\u00e9col\u00e8re pas\"}]},{\"@type\":\"WebSite\",\"@id\":\"https:\/\/vosgesinfo.fr\/saintdieinfo\/#website\",\"url\":\"https:\/\/vosgesinfo.fr\/saintdieinfo\/\",\"name\":\"Saint Die Info\",\"description\":\"Toute l&#039;actualit\u00e9 de Saint-Di\u00e9-Des-Vosges\",\"publisher\":{\"@id\":\"https:\/\/vosgesinfo.fr\/saintdieinfo\/#organization\"},\"alternateName\":\"Toute l'actualit\u00e9 de Saint-Di\u00e9-Des-Vosges\",\"potentialAction\":[{\"@type\":\"SearchAction\",\"target\":{\"@type\":\"EntryPoint\",\"urlTemplate\":\"https:\/\/vosgesinfo.fr\/saintdieinfo\/?s={search_term_string}\"},\"query-input\":\"required name=search_term_string\"}],\"inLanguage\":\"fr-FR\"},{\"@type\":\"Organization\",\"@id\":\"https:\/\/vosgesinfo.fr\/saintdieinfo\/#organization\",\"name\":\"Saint Die Info\",\"url\":\"https:\/\/vosgesinfo.fr\/saintdieinfo\/\",\"logo\":{\"@type\":\"ImageObject\",\"inLanguage\":\"fr-FR\",\"@id\":\"https:\/\/vosgesinfo.fr\/saintdieinfo\/#\/schema\/logo\/image\/\",\"url\":\"https:\/\/vosgesinfo.fr\/app\/uploads\/sites\/4\/2024\/02\/logo-sdi.jpg\",\"contentUrl\":\"https:\/\/vosgesinfo.fr\/app\/uploads\/sites\/4\/2024\/02\/logo-sdi.jpg\",\"width\":600,\"height\":600,\"caption\":\"Saint Die Info\"},\"image\":{\"@id\":\"https:\/\/vosgesinfo.fr\/saintdieinfo\/#\/schema\/logo\/image\/\"},\"sameAs\":[\"https:\/\/www.facebook.com\/Saintdieinfofr\",\"https:\/\/x.com\/VosgesInfo88\",\"https:\/\/www.youtube.com\/@vosgesinfo\"]},{\"@type\":\"Person\",\"@id\":\"https:\/\/vosgesinfo.fr\/saintdieinfo\/#\/schema\/person\/faee6704a21f3977511db84bd1cd450f\",\"name\":\"la r\u00e9daction\",\"image\":{\"@type\":\"ImageObject\",\"inLanguage\":\"fr-FR\",\"@id\":\"https:\/\/vosgesinfo.fr\/saintdieinfo\/#\/schema\/person\/image\/\",\"url\":\"https:\/\/secure.gravatar.com\/avatar\/6673d8bc6a9c17fa9a453eaa3448de834fa308c2ec9635b7aa99441a7c8d2cf6?s=96&d=mm&r=g\",\"contentUrl\":\"https:\/\/secure.gravatar.com\/avatar\/6673d8bc6a9c17fa9a453eaa3448de834fa308c2ec9635b7aa99441a7c8d2cf6?s=96&d=mm&r=g\",\"caption\":\"la r\u00e9daction\"},\"url\":\"https:\/\/vosgesinfo.fr\/saintdieinfo\/author\/redac\/\"}]}<\/script>\n<!-- \/ Yoast SEO plugin. -->","yoast_head_json":{"title":"Maltraitance animale \u2013 Dominique Franiatte, pr\u00e9sident de Au Nom Des Animaux, ne d\u00e9col\u00e8re pas - Saint Die Info","robots":{"index":"index","follow":"follow","max-snippet":"max-snippet:-1","max-image-preview":"max-image-preview:large","max-video-preview":"max-video-preview:-1"},"canonical":"https:\/\/vosgesinfo.fr\/saintdieinfo\/2021\/10\/maltraitance-animale-dominique-franiatte-president-de-nom-animaux-ne-decolere\/","twitter_card":"summary_large_image","twitter_title":"Maltraitance animale \u2013 Dominique Franiatte, pr\u00e9sident de Au Nom Des Animaux, ne d\u00e9col\u00e8re pas - Saint Die Info","twitter_description":"Apr\u00e8s 11 mois d&rsquo;enqu\u00eate, plus de 300 animaux ont \u00e9t\u00e9 sauv\u00e9s \u00e0 la fin du mois dernier dans la commune [&hellip;]","twitter_image":"https:\/\/vosgesinfo.fr\/app\/uploads\/sites\/4\/2024\/08\/201712portrait-dominique-franiatte-inspecteur-30ma.jpg","twitter_creator":"@VosgesInfo88","twitter_site":"@VosgesInfo88","twitter_misc":{"\u00c9crit par":"la r\u00e9daction","Dur\u00e9e de lecture estim\u00e9e":"2 minutes"},"schema":{"@context":"https:\/\/schema.org","@graph":[{"@type":"Article","@id":"https:\/\/vosgesinfo.fr\/saintdieinfo\/2021\/10\/maltraitance-animale-dominique-franiatte-president-de-nom-animaux-ne-decolere\/#article","isPartOf":{"@id":"https:\/\/vosgesinfo.fr\/saintdieinfo\/2021\/10\/maltraitance-animale-dominique-franiatte-president-de-nom-animaux-ne-decolere\/"},"author":{"name":"la r\u00e9daction","@id":"https:\/\/vosgesinfo.fr\/saintdieinfo\/#\/schema\/person\/faee6704a21f3977511db84bd1cd450f"},"headline":"Maltraitance animale \u2013 Dominique Franiatte, pr\u00e9sident de Au Nom Des Animaux, ne d\u00e9col\u00e8re pas","datePublished":"2021-10-08T07:14:25+00:00","dateModified":"2021-10-08T07:14:25+00:00","mainEntityOfPage":{"@id":"https:\/\/vosgesinfo.fr\/saintdieinfo\/2021\/10\/maltraitance-animale-dominique-franiatte-president-de-nom-animaux-ne-decolere\/"},"wordCount":510,"commentCount":0,"publisher":{"@id":"https:\/\/vosgesinfo.fr\/saintdieinfo\/#organization"},"image":{"@id":"https:\/\/vosgesinfo.fr\/saintdieinfo\/2021\/10\/maltraitance-animale-dominique-franiatte-president-de-nom-animaux-ne-decolere\/#primaryimage"},"thumbnailUrl":"https:\/\/vosgesinfo.fr\/app\/uploads\/sites\/4\/2024\/08\/201712portrait-dominique-franiatte-inspecteur-30ma.jpg","keywords":["Au nom des animaux","Dominique Franiatte","Fondation 30 Millions d'Amis","Les Forges","Maltraitance animale"],"articleSection":["A la Une","Fait Divers","Vie Associative","Vosges"],"inLanguage":"fr-FR","potentialAction":[{"@type":"CommentAction","name":"Comment","target":["https:\/\/vosgesinfo.fr\/saintdieinfo\/2021\/10\/maltraitance-animale-dominique-franiatte-president-de-nom-animaux-ne-decolere\/#respond"]}]},{"@type":"WebPage","@id":"https:\/\/vosgesinfo.fr\/saintdieinfo\/2021\/10\/maltraitance-animale-dominique-franiatte-president-de-nom-animaux-ne-decolere\/","url":"https:\/\/vosgesinfo.fr\/saintdieinfo\/2021\/10\/maltraitance-animale-dominique-franiatte-president-de-nom-animaux-ne-decolere\/","name":"Maltraitance animale \u2013 Dominique Franiatte, pr\u00e9sident de Au Nom Des Animaux, ne d\u00e9col\u00e8re pas - Saint Die Info","isPartOf":{"@id":"https:\/\/vosgesinfo.fr\/saintdieinfo\/#website"},"primaryImageOfPage":{"@id":"https:\/\/vosgesinfo.fr\/saintdieinfo\/2021\/10\/maltraitance-animale-dominique-franiatte-president-de-nom-animaux-ne-decolere\/#primaryimage"},"image":{"@id":"https:\/\/vosgesinfo.fr\/saintdieinfo\/2021\/10\/maltraitance-animale-dominique-franiatte-president-de-nom-animaux-ne-decolere\/#primaryimage"},"thumbnailUrl":"https:\/\/vosgesinfo.fr\/app\/uploads\/sites\/4\/2024\/08\/201712portrait-dominique-franiatte-inspecteur-30ma.jpg","datePublished":"2021-10-08T07:14:25+00:00","dateModified":"2021-10-08T07:14:25+00:00","breadcrumb":{"@id":"https:\/\/vosgesinfo.fr\/saintdieinfo\/2021\/10\/maltraitance-animale-dominique-franiatte-president-de-nom-animaux-ne-decolere\/#breadcrumb"},"inLanguage":"fr-FR","potentialAction":[{"@type":"ReadAction","target":["https:\/\/vosgesinfo.fr\/saintdieinfo\/2021\/10\/maltraitance-animale-dominique-franiatte-president-de-nom-animaux-ne-decolere\/"]}]},{"@type":"ImageObject","inLanguage":"fr-FR","@id":"https:\/\/vosgesinfo.fr\/saintdieinfo\/2021\/10\/maltraitance-animale-dominique-franiatte-president-de-nom-animaux-ne-decolere\/#primaryimage","url":"https:\/\/vosgesinfo.fr\/app\/uploads\/sites\/4\/2024\/08\/201712portrait-dominique-franiatte-inspecteur-30ma.jpg","contentUrl":"https:\/\/vosgesinfo.fr\/app\/uploads\/sites\/4\/2024\/08\/201712portrait-dominique-franiatte-inspecteur-30ma.jpg","width":1000,"height":667},{"@type":"BreadcrumbList","@id":"https:\/\/vosgesinfo.fr\/saintdieinfo\/2021\/10\/maltraitance-animale-dominique-franiatte-president-de-nom-animaux-ne-decolere\/#breadcrumb","itemListElement":[{"@type":"ListItem","position":1,"name":"Home","item":"https:\/\/vosgesinfo.fr\/saintdieinfo\/"},{"@type":"ListItem","position":2,"name":"Maltraitance animale \u2013 Dominique Franiatte, pr\u00e9sident de Au Nom Des Animaux, ne d\u00e9col\u00e8re pas"}]},{"@type":"WebSite","@id":"https:\/\/vosgesinfo.fr\/saintdieinfo\/#website","url":"https:\/\/vosgesinfo.fr\/saintdieinfo\/","name":"Saint Die Info","description":"Toute l&#039;actualit\u00e9 de Saint-Di\u00e9-Des-Vosges","publisher":{"@id":"https:\/\/vosgesinfo.fr\/saintdieinfo\/#organization"},"alternateName":"Toute l'actualit\u00e9 de Saint-Di\u00e9-Des-Vosges","potentialAction":[{"@type":"SearchAction","target":{"@type":"EntryPoint","urlTemplate":"https:\/\/vosgesinfo.fr\/saintdieinfo\/?s={search_term_string}"},"query-input":"required name=search_term_string"}],"inLanguage":"fr-FR"},{"@type":"Organization","@id":"https:\/\/vosgesinfo.fr\/saintdieinfo\/#organization","name":"Saint Die Info","url":"https:\/\/vosgesinfo.fr\/saintdieinfo\/","logo":{"@type":"ImageObject","inLanguage":"fr-FR","@id":"https:\/\/vosgesinfo.fr\/saintdieinfo\/#\/schema\/logo\/image\/","url":"https:\/\/vosgesinfo.fr\/app\/uploads\/sites\/4\/2024\/02\/logo-sdi.jpg","contentUrl":"https:\/\/vosgesinfo.fr\/app\/uploads\/sites\/4\/2024\/02\/logo-sdi.jpg","width":600,"height":600,"caption":"Saint Die Info"},"image":{"@id":"https:\/\/vosgesinfo.fr\/saintdieinfo\/#\/schema\/logo\/image\/"},"sameAs":["https:\/\/www.facebook.com\/Saintdieinfofr","https:\/\/x.com\/VosgesInfo88","https:\/\/www.youtube.com\/@vosgesinfo"]},{"@type":"Person","@id":"https:\/\/vosgesinfo.fr\/saintdieinfo\/#\/schema\/person\/faee6704a21f3977511db84bd1cd450f","name":"la r\u00e9daction","image":{"@type":"ImageObject","inLanguage":"fr-FR","@id":"https:\/\/vosgesinfo.fr\/saintdieinfo\/#\/schema\/person\/image\/","url":"https:\/\/secure.gravatar.com\/avatar\/6673d8bc6a9c17fa9a453eaa3448de834fa308c2ec9635b7aa99441a7c8d2cf6?s=96&d=mm&r=g","contentUrl":"https:\/\/secure.gravatar.com\/avatar\/6673d8bc6a9c17fa9a453eaa3448de834fa308c2ec9635b7aa99441a7c8d2cf6?s=96&d=mm&r=g","caption":"la r\u00e9daction"},"url":"https:\/\/vosgesinfo.fr\/saintdieinfo\/author\/redac\/"}]}},"_links":{"self":[{"href":"https:\/\/vosgesinfo.fr\/saintdieinfo\/wp-json\/wp\/v2\/posts\/43843","targetHints":{"allow":["GET"]}}],"collection":[{"href":"https:\/\/vosgesinfo.fr\/saintdieinfo\/wp-json\/wp\/v2\/posts"}],"about":[{"href":"https:\/\/vosgesinfo.fr\/saintdieinfo\/wp-json\/wp\/v2\/types\/post"}],"author":[{"embeddable":true,"href":"https:\/\/vosgesinfo.fr\/saintdieinfo\/wp-json\/wp\/v2\/users\/44"}],"replies":[{"embeddable":true,"href":"https:\/\/vosgesinfo.fr\/saintdieinfo\/wp-json\/wp\/v2\/comments?post=43843"}],"version-history":[{"count":0,"href":"https:\/\/vosgesinfo.fr\/saintdieinfo\/wp-json\/wp\/v2\/posts\/43843\/revisions"}],"wp:featuredmedia":[{"embeddable":true,"href":"https:\/\/vosgesinfo.fr\/saintdieinfo\/wp-json\/wp\/v2\/media\/43844"}],"wp:attachment":[{"href":"https:\/\/vosgesinfo.fr\/saintdieinfo\/wp-json\/wp\/v2\/media?parent=43843"}],"wp:term":[{"taxonomy":"category","embeddable":true,"href":"https:\/\/vosgesinfo.fr\/saintdieinfo\/wp-json\/wp\/v2\/categories?post=43843"},{"taxonomy":"post_tag","embeddable":true,"href":"https:\/\/vosgesinfo.fr\/saintdieinfo\/wp-json\/wp\/v2\/tags?post=43843"}],"curies":[{"name":"wp","href":"https:\/\/api.w.org\/{rel}","templated":true}]}}