{"id":43935,"date":"2021-10-12T16:34:54","date_gmt":"2021-10-12T14:34:54","guid":{"rendered":"https:\/\/vosgesinfo.fr\/saintdieinfo\/2021\/10\/vosges-rencontre-de-body-painting-cadre-imaginales\/"},"modified":"2021-10-12T16:34:54","modified_gmt":"2021-10-12T14:34:54","slug":"vosges-rencontre-de-body-painting-cadre-imaginales","status":"publish","type":"post","link":"https:\/\/vosgesinfo.fr\/saintdieinfo\/2021\/10\/vosges-rencontre-de-body-painting-cadre-imaginales\/","title":{"rendered":"Vosges \u2013 Rencontre de body-painting dans le cadre des Imaginales"},"content":{"rendered":"<h2><a href=\"\/2021\/10\/Bodypainting-epinal.jpg\" target=\"_blank\" rel=\"noopener\"><img decoding=\"async\" class=\"aligncenter wp-image-172996 size-full\" src=\"\/2021\/10\/Bodypainting-epinal.jpg\" alt=\"Bodypainting-epinal\" width=\"800\" height=\"534\" \/><\/a><\/h2>\n<h2><span style=\"font-size: 14pt;\"><strong>A l\u2019occasion du festival Les Imaginales d\u2019Epinal, aura lieu la 8\u00e8 Rencontre Bodypainting France. Ce\u00a0grand rassemblement annuel de Bodypainting, peinture sur corps, est la plus importante manifestation de cette pratique artistique en France et l\u2019un des plus grand en Europe. Rendez-vous le samedi 16 et le dimanche 17 octobre \u00e0 la Maison Romaine d\u2019Epinal pour voir la r\u00e9alisation des oeuvres en direct. Des\u00a0d\u00e9ambulations sont aussi pr\u00e9vues.<\/strong><\/span><\/h2>\n<p><!--more--><\/p>\n<p>La 8\u00e8 Rencontre Body Painting aura lieu \u00e0 Epinal les samedi 16 et dimanche 17 octobre \u00e0 l\u2019occasion du festival Les Imaginales. Il r\u00e9unit 30 Artistes et 30 mod\u00e8les, ainsi que de nombreuses coiffeuses et photographes. L\u2019occasion pour le public de d\u00e9couvrir cet art vivant o\u00f9 l\u2019humain devient la toile, des pieds \u00e0 la t\u00eate : camouflage dans un d\u00e9cor, m\u00e9tamorphoses, illusions d\u2019optique et transformations seront de mise.<\/p>\n<p>Gr\u00e2ce \u00e0 l\u2019association spinalienne les Pygmalions, le body painting sera, une fois de plus, \u00e9troitement associ\u00e9 aux Imaginales et pr\u00e9sentera des oeuvres autour du th\u00e8me \u00ab\u00a0Fronti\u00e8res\u00a0\u00bb.<\/p>\n<p>C.K.N.<\/p>\n<p><a href=\"\/2021\/10\/rencontre-body-painting-france-Epinal-.jpg\" target=\"_blank\" rel=\"noopener\"><img decoding=\"async\" class=\"aligncenter wp-image-172997 size-full\" src=\"\/2021\/10\/rencontre-body-painting-france-Epinal-.jpg\" alt=\"rencontre-body-painting-france-Epinal-\" width=\"570\" height=\"800\" \/><\/a><\/p>\n","protected":false},"excerpt":{"rendered":"<p>A l\u2019occasion du festival Les Imaginales d\u2019Epinal, aura lieu la 8\u00e8 Rencontre Bodypainting France. Ce\u00a0grand rassemblement annuel de Bodypainting, peinture [&hellip;]<\/p>\n","protected":false},"author":44,"featured_media":43936,"comment_status":"open","ping_status":"open","sticky":false,"template":"","format":"standard","meta":{"footnotes":""},"categories":[460,20,18],"tags":[9151,1802,41,9152,9153],"class_list":["post-43935","post","type-post","status-publish","format-standard","has-post-thumbnail","hentry","category-a-la-une","category-loisirs","category-vosges","tag-8eme-rencontre-bodypainting-france","tag-bodypainting","tag-epinal","tag-les-imaginales","tag-maison-romaine-depinal"],"acf":[],"yoast_head":"<!-- This site is optimized with the Yoast SEO plugin v22.5 - https:\/\/yoast.com\/wordpress\/plugins\/seo\/ -->\n<title>Vosges \u2013 Rencontre de body-painting dans le cadre des Imaginales - Saint Die Info<\/title>\n<meta name=\"robots\" content=\"index, follow, max-snippet:-1, max-image-preview:large, max-video-preview:-1\" \/>\n<link rel=\"canonical\" href=\"https:\/\/vosgesinfo.fr\/saintdieinfo\/2021\/10\/vosges-rencontre-de-body-painting-cadre-imaginales\/\" \/>\n<meta name=\"twitter:card\" content=\"summary_large_image\" \/>\n<meta name=\"twitter:title\" content=\"Vosges \u2013 Rencontre de body-painting dans le cadre des Imaginales - Saint Die Info\" \/>\n<meta name=\"twitter:description\" content=\"A l\u2019occasion du festival Les Imaginales d\u2019Epinal, aura lieu la 8\u00e8 Rencontre Bodypainting France. Ce\u00a0grand rassemblement annuel de Bodypainting, peinture [&hellip;]\" \/>\n<meta name=\"twitter:image\" content=\"https:\/\/vosgesinfo.fr\/app\/uploads\/sites\/4\/2024\/08\/202110bodypainting-epinal.jpg\" \/>\n<meta name=\"twitter:creator\" content=\"@VosgesInfo88\" \/>\n<meta name=\"twitter:site\" content=\"@VosgesInfo88\" \/>\n<meta name=\"twitter:label1\" content=\"\u00c9crit par\" \/>\n\t<meta name=\"twitter:data1\" content=\"la r\u00e9daction\" \/>\n\t<meta name=\"twitter:label2\" content=\"Dur\u00e9e de lecture estim\u00e9e\" \/>\n\t<meta name=\"twitter:data2\" content=\"1 minute\" \/>\n<script type=\"application\/ld+json\" class=\"yoast-schema-graph\">{\"@context\":\"https:\/\/schema.org\",\"@graph\":[{\"@type\":\"Article\",\"@id\":\"https:\/\/vosgesinfo.fr\/saintdieinfo\/2021\/10\/vosges-rencontre-de-body-painting-cadre-imaginales\/#article\",\"isPartOf\":{\"@id\":\"https:\/\/vosgesinfo.fr\/saintdieinfo\/2021\/10\/vosges-rencontre-de-body-painting-cadre-imaginales\/\"},\"author\":{\"name\":\"la r\u00e9daction\",\"@id\":\"https:\/\/vosgesinfo.fr\/saintdieinfo\/#\/schema\/person\/faee6704a21f3977511db84bd1cd450f\"},\"headline\":\"Vosges \u2013 Rencontre de body-painting dans le cadre des Imaginales\",\"datePublished\":\"2021-10-12T14:34:54+00:00\",\"dateModified\":\"2021-10-12T14:34:54+00:00\",\"mainEntityOfPage\":{\"@id\":\"https:\/\/vosgesinfo.fr\/saintdieinfo\/2021\/10\/vosges-rencontre-de-body-painting-cadre-imaginales\/\"},\"wordCount\":182,\"commentCount\":0,\"publisher\":{\"@id\":\"https:\/\/vosgesinfo.fr\/saintdieinfo\/#organization\"},\"image\":{\"@id\":\"https:\/\/vosgesinfo.fr\/saintdieinfo\/2021\/10\/vosges-rencontre-de-body-painting-cadre-imaginales\/#primaryimage\"},\"thumbnailUrl\":\"https:\/\/vosgesinfo.fr\/app\/uploads\/sites\/4\/2024\/08\/202110bodypainting-epinal.jpg\",\"keywords\":[\"8\u00e8me Rencontre Bodypainting France\",\"Bodypainting\",\"Epinal\",\"Les Imaginales\",\"Maison Romaine d'Epinal\"],\"articleSection\":[\"A la Une\",\"Loisirs\",\"Vosges\"],\"inLanguage\":\"fr-FR\",\"potentialAction\":[{\"@type\":\"CommentAction\",\"name\":\"Comment\",\"target\":[\"https:\/\/vosgesinfo.fr\/saintdieinfo\/2021\/10\/vosges-rencontre-de-body-painting-cadre-imaginales\/#respond\"]}]},{\"@type\":\"WebPage\",\"@id\":\"https:\/\/vosgesinfo.fr\/saintdieinfo\/2021\/10\/vosges-rencontre-de-body-painting-cadre-imaginales\/\",\"url\":\"https:\/\/vosgesinfo.fr\/saintdieinfo\/2021\/10\/vosges-rencontre-de-body-painting-cadre-imaginales\/\",\"name\":\"Vosges \u2013 Rencontre de body-painting dans le cadre des Imaginales - Saint Die Info\",\"isPartOf\":{\"@id\":\"https:\/\/vosgesinfo.fr\/saintdieinfo\/#website\"},\"primaryImageOfPage\":{\"@id\":\"https:\/\/vosgesinfo.fr\/saintdieinfo\/2021\/10\/vosges-rencontre-de-body-painting-cadre-imaginales\/#primaryimage\"},\"image\":{\"@id\":\"https:\/\/vosgesinfo.fr\/saintdieinfo\/2021\/10\/vosges-rencontre-de-body-painting-cadre-imaginales\/#primaryimage\"},\"thumbnailUrl\":\"https:\/\/vosgesinfo.fr\/app\/uploads\/sites\/4\/2024\/08\/202110bodypainting-epinal.jpg\",\"datePublished\":\"2021-10-12T14:34:54+00:00\",\"dateModified\":\"2021-10-12T14:34:54+00:00\",\"breadcrumb\":{\"@id\":\"https:\/\/vosgesinfo.fr\/saintdieinfo\/2021\/10\/vosges-rencontre-de-body-painting-cadre-imaginales\/#breadcrumb\"},\"inLanguage\":\"fr-FR\",\"potentialAction\":[{\"@type\":\"ReadAction\",\"target\":[\"https:\/\/vosgesinfo.fr\/saintdieinfo\/2021\/10\/vosges-rencontre-de-body-painting-cadre-imaginales\/\"]}]},{\"@type\":\"ImageObject\",\"inLanguage\":\"fr-FR\",\"@id\":\"https:\/\/vosgesinfo.fr\/saintdieinfo\/2021\/10\/vosges-rencontre-de-body-painting-cadre-imaginales\/#primaryimage\",\"url\":\"https:\/\/vosgesinfo.fr\/app\/uploads\/sites\/4\/2024\/08\/202110bodypainting-epinal.jpg\",\"contentUrl\":\"https:\/\/vosgesinfo.fr\/app\/uploads\/sites\/4\/2024\/08\/202110bodypainting-epinal.jpg\",\"width\":800,\"height\":534},{\"@type\":\"BreadcrumbList\",\"@id\":\"https:\/\/vosgesinfo.fr\/saintdieinfo\/2021\/10\/vosges-rencontre-de-body-painting-cadre-imaginales\/#breadcrumb\",\"itemListElement\":[{\"@type\":\"ListItem\",\"position\":1,\"name\":\"Home\",\"item\":\"https:\/\/vosgesinfo.fr\/saintdieinfo\/\"},{\"@type\":\"ListItem\",\"position\":2,\"name\":\"Vosges \u2013 Rencontre de body-painting dans le cadre des Imaginales\"}]},{\"@type\":\"WebSite\",\"@id\":\"https:\/\/vosgesinfo.fr\/saintdieinfo\/#website\",\"url\":\"https:\/\/vosgesinfo.fr\/saintdieinfo\/\",\"name\":\"Saint Die Info\",\"description\":\"Toute l&#039;actualit\u00e9 de Saint-Di\u00e9-Des-Vosges\",\"publisher\":{\"@id\":\"https:\/\/vosgesinfo.fr\/saintdieinfo\/#organization\"},\"alternateName\":\"Toute l'actualit\u00e9 de Saint-Di\u00e9-Des-Vosges\",\"potentialAction\":[{\"@type\":\"SearchAction\",\"target\":{\"@type\":\"EntryPoint\",\"urlTemplate\":\"https:\/\/vosgesinfo.fr\/saintdieinfo\/?s={search_term_string}\"},\"query-input\":\"required name=search_term_string\"}],\"inLanguage\":\"fr-FR\"},{\"@type\":\"Organization\",\"@id\":\"https:\/\/vosgesinfo.fr\/saintdieinfo\/#organization\",\"name\":\"Saint Die Info\",\"url\":\"https:\/\/vosgesinfo.fr\/saintdieinfo\/\",\"logo\":{\"@type\":\"ImageObject\",\"inLanguage\":\"fr-FR\",\"@id\":\"https:\/\/vosgesinfo.fr\/saintdieinfo\/#\/schema\/logo\/image\/\",\"url\":\"https:\/\/vosgesinfo.fr\/app\/uploads\/sites\/4\/2024\/02\/logo-sdi.jpg\",\"contentUrl\":\"https:\/\/vosgesinfo.fr\/app\/uploads\/sites\/4\/2024\/02\/logo-sdi.jpg\",\"width\":600,\"height\":600,\"caption\":\"Saint Die Info\"},\"image\":{\"@id\":\"https:\/\/vosgesinfo.fr\/saintdieinfo\/#\/schema\/logo\/image\/\"},\"sameAs\":[\"https:\/\/www.facebook.com\/Saintdieinfofr\",\"https:\/\/x.com\/VosgesInfo88\",\"https:\/\/www.youtube.com\/@vosgesinfo\"]},{\"@type\":\"Person\",\"@id\":\"https:\/\/vosgesinfo.fr\/saintdieinfo\/#\/schema\/person\/faee6704a21f3977511db84bd1cd450f\",\"name\":\"la r\u00e9daction\",\"image\":{\"@type\":\"ImageObject\",\"inLanguage\":\"fr-FR\",\"@id\":\"https:\/\/vosgesinfo.fr\/saintdieinfo\/#\/schema\/person\/image\/\",\"url\":\"https:\/\/secure.gravatar.com\/avatar\/6673d8bc6a9c17fa9a453eaa3448de834fa308c2ec9635b7aa99441a7c8d2cf6?s=96&d=mm&r=g\",\"contentUrl\":\"https:\/\/secure.gravatar.com\/avatar\/6673d8bc6a9c17fa9a453eaa3448de834fa308c2ec9635b7aa99441a7c8d2cf6?s=96&d=mm&r=g\",\"caption\":\"la r\u00e9daction\"},\"url\":\"https:\/\/vosgesinfo.fr\/saintdieinfo\/author\/redac\/\"}]}<\/script>\n<!-- \/ Yoast SEO plugin. -->","yoast_head_json":{"title":"Vosges \u2013 Rencontre de body-painting dans le cadre des Imaginales - Saint Die Info","robots":{"index":"index","follow":"follow","max-snippet":"max-snippet:-1","max-image-preview":"max-image-preview:large","max-video-preview":"max-video-preview:-1"},"canonical":"https:\/\/vosgesinfo.fr\/saintdieinfo\/2021\/10\/vosges-rencontre-de-body-painting-cadre-imaginales\/","twitter_card":"summary_large_image","twitter_title":"Vosges \u2013 Rencontre de body-painting dans le cadre des Imaginales - Saint Die Info","twitter_description":"A l\u2019occasion du festival Les Imaginales d\u2019Epinal, aura lieu la 8\u00e8 Rencontre Bodypainting France. Ce\u00a0grand rassemblement annuel de Bodypainting, peinture [&hellip;]","twitter_image":"https:\/\/vosgesinfo.fr\/app\/uploads\/sites\/4\/2024\/08\/202110bodypainting-epinal.jpg","twitter_creator":"@VosgesInfo88","twitter_site":"@VosgesInfo88","twitter_misc":{"\u00c9crit par":"la r\u00e9daction","Dur\u00e9e de lecture estim\u00e9e":"1 minute"},"schema":{"@context":"https:\/\/schema.org","@graph":[{"@type":"Article","@id":"https:\/\/vosgesinfo.fr\/saintdieinfo\/2021\/10\/vosges-rencontre-de-body-painting-cadre-imaginales\/#article","isPartOf":{"@id":"https:\/\/vosgesinfo.fr\/saintdieinfo\/2021\/10\/vosges-rencontre-de-body-painting-cadre-imaginales\/"},"author":{"name":"la r\u00e9daction","@id":"https:\/\/vosgesinfo.fr\/saintdieinfo\/#\/schema\/person\/faee6704a21f3977511db84bd1cd450f"},"headline":"Vosges \u2013 Rencontre de body-painting dans le cadre des Imaginales","datePublished":"2021-10-12T14:34:54+00:00","dateModified":"2021-10-12T14:34:54+00:00","mainEntityOfPage":{"@id":"https:\/\/vosgesinfo.fr\/saintdieinfo\/2021\/10\/vosges-rencontre-de-body-painting-cadre-imaginales\/"},"wordCount":182,"commentCount":0,"publisher":{"@id":"https:\/\/vosgesinfo.fr\/saintdieinfo\/#organization"},"image":{"@id":"https:\/\/vosgesinfo.fr\/saintdieinfo\/2021\/10\/vosges-rencontre-de-body-painting-cadre-imaginales\/#primaryimage"},"thumbnailUrl":"https:\/\/vosgesinfo.fr\/app\/uploads\/sites\/4\/2024\/08\/202110bodypainting-epinal.jpg","keywords":["8\u00e8me Rencontre Bodypainting France","Bodypainting","Epinal","Les Imaginales","Maison Romaine d'Epinal"],"articleSection":["A la Une","Loisirs","Vosges"],"inLanguage":"fr-FR","potentialAction":[{"@type":"CommentAction","name":"Comment","target":["https:\/\/vosgesinfo.fr\/saintdieinfo\/2021\/10\/vosges-rencontre-de-body-painting-cadre-imaginales\/#respond"]}]},{"@type":"WebPage","@id":"https:\/\/vosgesinfo.fr\/saintdieinfo\/2021\/10\/vosges-rencontre-de-body-painting-cadre-imaginales\/","url":"https:\/\/vosgesinfo.fr\/saintdieinfo\/2021\/10\/vosges-rencontre-de-body-painting-cadre-imaginales\/","name":"Vosges \u2013 Rencontre de body-painting dans le cadre des Imaginales - Saint Die Info","isPartOf":{"@id":"https:\/\/vosgesinfo.fr\/saintdieinfo\/#website"},"primaryImageOfPage":{"@id":"https:\/\/vosgesinfo.fr\/saintdieinfo\/2021\/10\/vosges-rencontre-de-body-painting-cadre-imaginales\/#primaryimage"},"image":{"@id":"https:\/\/vosgesinfo.fr\/saintdieinfo\/2021\/10\/vosges-rencontre-de-body-painting-cadre-imaginales\/#primaryimage"},"thumbnailUrl":"https:\/\/vosgesinfo.fr\/app\/uploads\/sites\/4\/2024\/08\/202110bodypainting-epinal.jpg","datePublished":"2021-10-12T14:34:54+00:00","dateModified":"2021-10-12T14:34:54+00:00","breadcrumb":{"@id":"https:\/\/vosgesinfo.fr\/saintdieinfo\/2021\/10\/vosges-rencontre-de-body-painting-cadre-imaginales\/#breadcrumb"},"inLanguage":"fr-FR","potentialAction":[{"@type":"ReadAction","target":["https:\/\/vosgesinfo.fr\/saintdieinfo\/2021\/10\/vosges-rencontre-de-body-painting-cadre-imaginales\/"]}]},{"@type":"ImageObject","inLanguage":"fr-FR","@id":"https:\/\/vosgesinfo.fr\/saintdieinfo\/2021\/10\/vosges-rencontre-de-body-painting-cadre-imaginales\/#primaryimage","url":"https:\/\/vosgesinfo.fr\/app\/uploads\/sites\/4\/2024\/08\/202110bodypainting-epinal.jpg","contentUrl":"https:\/\/vosgesinfo.fr\/app\/uploads\/sites\/4\/2024\/08\/202110bodypainting-epinal.jpg","width":800,"height":534},{"@type":"BreadcrumbList","@id":"https:\/\/vosgesinfo.fr\/saintdieinfo\/2021\/10\/vosges-rencontre-de-body-painting-cadre-imaginales\/#breadcrumb","itemListElement":[{"@type":"ListItem","position":1,"name":"Home","item":"https:\/\/vosgesinfo.fr\/saintdieinfo\/"},{"@type":"ListItem","position":2,"name":"Vosges \u2013 Rencontre de body-painting dans le cadre des Imaginales"}]},{"@type":"WebSite","@id":"https:\/\/vosgesinfo.fr\/saintdieinfo\/#website","url":"https:\/\/vosgesinfo.fr\/saintdieinfo\/","name":"Saint Die Info","description":"Toute l&#039;actualit\u00e9 de Saint-Di\u00e9-Des-Vosges","publisher":{"@id":"https:\/\/vosgesinfo.fr\/saintdieinfo\/#organization"},"alternateName":"Toute l'actualit\u00e9 de Saint-Di\u00e9-Des-Vosges","potentialAction":[{"@type":"SearchAction","target":{"@type":"EntryPoint","urlTemplate":"https:\/\/vosgesinfo.fr\/saintdieinfo\/?s={search_term_string}"},"query-input":"required name=search_term_string"}],"inLanguage":"fr-FR"},{"@type":"Organization","@id":"https:\/\/vosgesinfo.fr\/saintdieinfo\/#organization","name":"Saint Die Info","url":"https:\/\/vosgesinfo.fr\/saintdieinfo\/","logo":{"@type":"ImageObject","inLanguage":"fr-FR","@id":"https:\/\/vosgesinfo.fr\/saintdieinfo\/#\/schema\/logo\/image\/","url":"https:\/\/vosgesinfo.fr\/app\/uploads\/sites\/4\/2024\/02\/logo-sdi.jpg","contentUrl":"https:\/\/vosgesinfo.fr\/app\/uploads\/sites\/4\/2024\/02\/logo-sdi.jpg","width":600,"height":600,"caption":"Saint Die Info"},"image":{"@id":"https:\/\/vosgesinfo.fr\/saintdieinfo\/#\/schema\/logo\/image\/"},"sameAs":["https:\/\/www.facebook.com\/Saintdieinfofr","https:\/\/x.com\/VosgesInfo88","https:\/\/www.youtube.com\/@vosgesinfo"]},{"@type":"Person","@id":"https:\/\/vosgesinfo.fr\/saintdieinfo\/#\/schema\/person\/faee6704a21f3977511db84bd1cd450f","name":"la r\u00e9daction","image":{"@type":"ImageObject","inLanguage":"fr-FR","@id":"https:\/\/vosgesinfo.fr\/saintdieinfo\/#\/schema\/person\/image\/","url":"https:\/\/secure.gravatar.com\/avatar\/6673d8bc6a9c17fa9a453eaa3448de834fa308c2ec9635b7aa99441a7c8d2cf6?s=96&d=mm&r=g","contentUrl":"https:\/\/secure.gravatar.com\/avatar\/6673d8bc6a9c17fa9a453eaa3448de834fa308c2ec9635b7aa99441a7c8d2cf6?s=96&d=mm&r=g","caption":"la r\u00e9daction"},"url":"https:\/\/vosgesinfo.fr\/saintdieinfo\/author\/redac\/"}]}},"_links":{"self":[{"href":"https:\/\/vosgesinfo.fr\/saintdieinfo\/wp-json\/wp\/v2\/posts\/43935","targetHints":{"allow":["GET"]}}],"collection":[{"href":"https:\/\/vosgesinfo.fr\/saintdieinfo\/wp-json\/wp\/v2\/posts"}],"about":[{"href":"https:\/\/vosgesinfo.fr\/saintdieinfo\/wp-json\/wp\/v2\/types\/post"}],"author":[{"embeddable":true,"href":"https:\/\/vosgesinfo.fr\/saintdieinfo\/wp-json\/wp\/v2\/users\/44"}],"replies":[{"embeddable":true,"href":"https:\/\/vosgesinfo.fr\/saintdieinfo\/wp-json\/wp\/v2\/comments?post=43935"}],"version-history":[{"count":0,"href":"https:\/\/vosgesinfo.fr\/saintdieinfo\/wp-json\/wp\/v2\/posts\/43935\/revisions"}],"wp:featuredmedia":[{"embeddable":true,"href":"https:\/\/vosgesinfo.fr\/saintdieinfo\/wp-json\/wp\/v2\/media\/43936"}],"wp:attachment":[{"href":"https:\/\/vosgesinfo.fr\/saintdieinfo\/wp-json\/wp\/v2\/media?parent=43935"}],"wp:term":[{"taxonomy":"category","embeddable":true,"href":"https:\/\/vosgesinfo.fr\/saintdieinfo\/wp-json\/wp\/v2\/categories?post=43935"},{"taxonomy":"post_tag","embeddable":true,"href":"https:\/\/vosgesinfo.fr\/saintdieinfo\/wp-json\/wp\/v2\/tags?post=43935"}],"curies":[{"name":"wp","href":"https:\/\/api.w.org\/{rel}","templated":true}]}}