{"id":43940,"date":"2021-10-12T19:10:45","date_gmt":"2021-10-12T17:10:45","guid":{"rendered":"https:\/\/vosgesinfo.fr\/saintdieinfo\/2021\/10\/salon-loisirs-creatifs-de-saint-die-vosges-retour-4eme-edition\/"},"modified":"2021-10-12T19:10:45","modified_gmt":"2021-10-12T17:10:45","slug":"salon-loisirs-creatifs-de-saint-die-vosges-retour-4eme-edition","status":"publish","type":"post","link":"https:\/\/vosgesinfo.fr\/saintdieinfo\/2021\/10\/salon-loisirs-creatifs-de-saint-die-vosges-retour-4eme-edition\/","title":{"rendered":"Le Salon des Loisirs Cr\u00e9atifs de Saint-Di\u00e9-des-Vosges fait son retour avec une 4\u00e8me \u00e9dition"},"content":{"rendered":"<div id=\"attachment_173005\" style=\"width: 810px\" class=\"wp-caption aligncenter\"><a href=\"\/2021\/10\/Pr\u00e9sentation_Salon_Loisirs_Cr\u00e9atifs-3.jpg\" target=\"_blank\" rel=\"noopener\"><img decoding=\"async\" aria-describedby=\"caption-attachment-173005\" class=\"wp-image-173005 size-full\" src=\"\/2021\/10\/Pr\u00e9sentation_Salon_Loisirs_Cr\u00e9atifs-3.jpg\" alt=\"Pr\u00e9sentation_Salon_Loisirs_Cr\u00e9atifs (3)\" width=\"800\" height=\"600\" \/><\/a><p id=\"caption-attachment-173005\" class=\"wp-caption-text\">Catherine Viry et Patricia David, chevilles ouvri\u00e8res du Salon des Loisirs Cr\u00e9atifs de Saint-Di\u00e9-des-Vosges.<\/p><\/div>\n<h2><span style=\"font-size: 14pt;\"><strong>Apr\u00e8s une parenth\u00e8se forc\u00e9e en raison de la crise sanitaire, le Salon des Loisirs Cr\u00e9atifs de Saint-Di\u00e9-des-Vosges fait son retour en cette ann\u00e9e 2021, avec une 3\u00e8me \u00e9dition les vendredi 19, samedi 20 et dimanche 21 novembre prochains \u00e0 l&rsquo;Espace Fran\u00e7ois-Mitterrand.<\/strong><\/span><\/h2>\n<p><!--more--><\/p>\n<p>Toujours organis\u00e9 par le club \u00ab\u00a0Aux Bons Points\u00a0\u00bb avec le soutien de la Ville, ce nouvel \u00e9pisode du Salon des Loisirs Cr\u00e9atifs r\u00e9unira 36 exposants, originaires de Saint-Di\u00e9-des-Vosges, des Vosges, du Grand Est, mais aussi de la R\u00e9gion Parisienne, de l&rsquo;Allier ou de la Dordogne. Scrapbooking, patchwork, broderie et cartes \u00e0 broder, points de croix, tricot, mercerie, collage, mosa\u00efque, boutons c\u00e9ramique, ruban et dentelle, arts du fil, taille bois, tissu, laine, feutrine&#8230; En clair et pour r\u00e9sumer, chaque amateur de loisirs cr\u00e9atifs y trouvera une nouvelle fois son compte. D&rsquo;autant plus que diff\u00e9rents ateliers seront propos\u00e9s sur le salon (inscriptions sur place) : mosa\u00efques, laine feutr\u00e9e, cartes en papier d\u00e9coup\u00e9 ou encore fabrication de marques page. Le tout sans oublier les d\u00e9monstrations sur les stands, qui seront assur\u00e9s par les exposants.<\/p>\n<p>Cette 4\u00e8me \u00e9dition apportera \u00e9galement son lot de nouveaut\u00e9s, avec une exposition des ouvrages des membres du club organisateur, ainsi que la pr\u00e9sence d&rsquo;un certain nombre de nouveaux exposants, dont la Coutellerie Henry \u2013 la derni\u00e8re coutellerie fran\u00e7aise \u2013 l&rsquo;illustratrice C\u00e9cile Kranzer, qui travaille le collage de papiers et r\u00e9alise des collections de cartes postales produites \u00e0 Colmar, ou Pierre Souvay et Corinne Hardanger, sp\u00e9cialis\u00e9s dans les dentelles au fuseau, les points de croix et le kumihimo, une forme japonaise de tressage.<\/p>\n<p>Comme l&rsquo;ont rappel\u00e9 ce mardi apr\u00e8s-midi Catherine Viry et Patricia David, les 2 chevilles ouvri\u00e8res de cette manifestation automnale, <em>\u00ab\u00a0l&rsquo;id\u00e9e derri\u00e8re le Salon des Loisirs Cr\u00e9atifs est de rassembler des professionnels proposant tout ce qu&rsquo;il faut pour cr\u00e9er \u00e0 la maison. Et ce juste avant la p\u00e9riode de No\u00ebl\u00a0\u00bb<\/em>. Une formule qui fonctionne, puisque le salon attire entre 4000 et 5000 personnes chaque ann\u00e9e. Ces derni\u00e8res de souligner \u00e9galement que l&rsquo;entr\u00e9e est gratuite, que de la restauration rapide sera propos\u00e9e via des <em>food-trucks,<\/em> et que le respect des r\u00e8gles sanitaires sera de mise \u00e0 l&rsquo;int\u00e9rieur du salon.<\/p>\n<p>Plus de renseignements sur <a href=\"https:\/\/salonloisirscreatifs.fr\/\" target=\"_blank\" rel=\"noopener\"><strong>https:\/\/salonloisirscreatifs.fr\/<\/strong><\/a>, <strong><a href=\"https:\/\/www.facebook.com\/clubauxbonspoints\/\" target=\"_blank\" rel=\"noopener\">https:\/\/www.facebook.com\/clubauxbonspoints\/<\/a><\/strong> et via l&rsquo;adresse <strong><a href=\"mailto:clubauxbonspoints@gmail.com\" target=\"_blank\" rel=\"noopener\">clubauxbonspoints@gmail.com<\/a><\/strong>.<\/p>\n<p>J.J.<\/p>\n<p><a href=\"\/2021\/10\/Pr\u00e9sentation_Salon_Loisirs_Cr\u00e9atifs-1.jpg\" target=\"_blank\" rel=\"noopener\"><img decoding=\"async\" class=\"aligncenter wp-image-173003 size-full\" src=\"\/2021\/10\/Pr\u00e9sentation_Salon_Loisirs_Cr\u00e9atifs-1.jpg\" alt=\"Pr\u00e9sentation_Salon_Loisirs_Cr\u00e9atifs (1)\" width=\"569\" height=\"800\" \/><\/a><a href=\"\/2021\/10\/Pr\u00e9sentation_Salon_Loisirs_Cr\u00e9atifs-2.jpg\" target=\"_blank\" rel=\"noopener\"><img decoding=\"async\" class=\"aligncenter wp-image-173004 size-full\" src=\"\/2021\/10\/Pr\u00e9sentation_Salon_Loisirs_Cr\u00e9atifs-2.jpg\" alt=\"Pr\u00e9sentation_Salon_Loisirs_Cr\u00e9atifs (2)\" width=\"569\" height=\"800\" \/><\/a><\/p>\n","protected":false},"excerpt":{"rendered":"<p>Apr\u00e8s une parenth\u00e8se forc\u00e9e en raison de la crise sanitaire, le Salon des Loisirs Cr\u00e9atifs de Saint-Di\u00e9-des-Vosges fait son retour [&hellip;]<\/p>\n","protected":false},"author":44,"featured_media":43941,"comment_status":"open","ping_status":"open","sticky":false,"template":"","format":"standard","meta":{"footnotes":""},"categories":[460,20,2915,17],"tags":[4725,3089,4891,4726],"class_list":["post-43940","post","type-post","status-publish","format-standard","has-post-thumbnail","hentry","category-a-la-une","category-loisirs","category-saint-die-son-canton","category-vie-associative","tag-club-aux-bons-points","tag-espace-francois-mitterrand","tag-loisirs-creatifs","tag-salon-des-loisirs-creatifs-de-saint-die-des-vosges"],"acf":[],"yoast_head":"<!-- This site is optimized with the Yoast SEO plugin v22.5 - https:\/\/yoast.com\/wordpress\/plugins\/seo\/ -->\n<title>Le Salon des Loisirs Cr\u00e9atifs de Saint-Di\u00e9-des-Vosges fait son retour avec une 4\u00e8me \u00e9dition - Saint Die Info<\/title>\n<meta name=\"robots\" content=\"index, follow, max-snippet:-1, max-image-preview:large, max-video-preview:-1\" \/>\n<link rel=\"canonical\" href=\"https:\/\/vosgesinfo.fr\/saintdieinfo\/2021\/10\/salon-loisirs-creatifs-de-saint-die-vosges-retour-4eme-edition\/\" \/>\n<meta name=\"twitter:card\" content=\"summary_large_image\" \/>\n<meta name=\"twitter:title\" content=\"Le Salon des Loisirs Cr\u00e9atifs de Saint-Di\u00e9-des-Vosges fait son retour avec une 4\u00e8me \u00e9dition - Saint Die Info\" \/>\n<meta name=\"twitter:description\" content=\"Apr\u00e8s une parenth\u00e8se forc\u00e9e en raison de la crise sanitaire, le Salon des Loisirs Cr\u00e9atifs de Saint-Di\u00e9-des-Vosges fait son retour [&hellip;]\" \/>\n<meta name=\"twitter:image\" content=\"https:\/\/vosgesinfo.fr\/app\/uploads\/sites\/4\/2024\/08\/202110presentation-salon-loisirs-creatifs-3.jpg\" \/>\n<meta name=\"twitter:creator\" content=\"@VosgesInfo88\" \/>\n<meta name=\"twitter:site\" content=\"@VosgesInfo88\" \/>\n<meta name=\"twitter:label1\" content=\"\u00c9crit par\" \/>\n\t<meta name=\"twitter:data1\" content=\"la r\u00e9daction\" \/>\n\t<meta name=\"twitter:label2\" content=\"Dur\u00e9e de lecture estim\u00e9e\" \/>\n\t<meta name=\"twitter:data2\" content=\"2 minutes\" \/>\n<script type=\"application\/ld+json\" class=\"yoast-schema-graph\">{\"@context\":\"https:\/\/schema.org\",\"@graph\":[{\"@type\":\"Article\",\"@id\":\"https:\/\/vosgesinfo.fr\/saintdieinfo\/2021\/10\/salon-loisirs-creatifs-de-saint-die-vosges-retour-4eme-edition\/#article\",\"isPartOf\":{\"@id\":\"https:\/\/vosgesinfo.fr\/saintdieinfo\/2021\/10\/salon-loisirs-creatifs-de-saint-die-vosges-retour-4eme-edition\/\"},\"author\":{\"name\":\"la r\u00e9daction\",\"@id\":\"https:\/\/vosgesinfo.fr\/saintdieinfo\/#\/schema\/person\/faee6704a21f3977511db84bd1cd450f\"},\"headline\":\"Le Salon des Loisirs Cr\u00e9atifs de Saint-Di\u00e9-des-Vosges fait son retour avec une 4\u00e8me \u00e9dition\",\"datePublished\":\"2021-10-12T17:10:45+00:00\",\"dateModified\":\"2021-10-12T17:10:45+00:00\",\"mainEntityOfPage\":{\"@id\":\"https:\/\/vosgesinfo.fr\/saintdieinfo\/2021\/10\/salon-loisirs-creatifs-de-saint-die-vosges-retour-4eme-edition\/\"},\"wordCount\":450,\"commentCount\":0,\"publisher\":{\"@id\":\"https:\/\/vosgesinfo.fr\/saintdieinfo\/#organization\"},\"image\":{\"@id\":\"https:\/\/vosgesinfo.fr\/saintdieinfo\/2021\/10\/salon-loisirs-creatifs-de-saint-die-vosges-retour-4eme-edition\/#primaryimage\"},\"thumbnailUrl\":\"https:\/\/vosgesinfo.fr\/app\/uploads\/sites\/4\/2024\/08\/202110presentation-salon-loisirs-creatifs-3.jpg\",\"keywords\":[\"Club Aux bons points\",\"Espace Fran\u00e7ois-Mitterrand\",\"Loisirs cr\u00e9atifs\",\"Salon des Loisirs Cr\u00e9atifs de Saint-Di\u00e9-des-Vosges\"],\"articleSection\":[\"A la Une\",\"Loisirs\",\"Saint-Di\u00e9-des-Vosges et son Agglom\u00e9ration\",\"Vie Associative\"],\"inLanguage\":\"fr-FR\",\"potentialAction\":[{\"@type\":\"CommentAction\",\"name\":\"Comment\",\"target\":[\"https:\/\/vosgesinfo.fr\/saintdieinfo\/2021\/10\/salon-loisirs-creatifs-de-saint-die-vosges-retour-4eme-edition\/#respond\"]}]},{\"@type\":\"WebPage\",\"@id\":\"https:\/\/vosgesinfo.fr\/saintdieinfo\/2021\/10\/salon-loisirs-creatifs-de-saint-die-vosges-retour-4eme-edition\/\",\"url\":\"https:\/\/vosgesinfo.fr\/saintdieinfo\/2021\/10\/salon-loisirs-creatifs-de-saint-die-vosges-retour-4eme-edition\/\",\"name\":\"Le Salon des Loisirs Cr\u00e9atifs de Saint-Di\u00e9-des-Vosges fait son retour avec une 4\u00e8me \u00e9dition - Saint Die Info\",\"isPartOf\":{\"@id\":\"https:\/\/vosgesinfo.fr\/saintdieinfo\/#website\"},\"primaryImageOfPage\":{\"@id\":\"https:\/\/vosgesinfo.fr\/saintdieinfo\/2021\/10\/salon-loisirs-creatifs-de-saint-die-vosges-retour-4eme-edition\/#primaryimage\"},\"image\":{\"@id\":\"https:\/\/vosgesinfo.fr\/saintdieinfo\/2021\/10\/salon-loisirs-creatifs-de-saint-die-vosges-retour-4eme-edition\/#primaryimage\"},\"thumbnailUrl\":\"https:\/\/vosgesinfo.fr\/app\/uploads\/sites\/4\/2024\/08\/202110presentation-salon-loisirs-creatifs-3.jpg\",\"datePublished\":\"2021-10-12T17:10:45+00:00\",\"dateModified\":\"2021-10-12T17:10:45+00:00\",\"breadcrumb\":{\"@id\":\"https:\/\/vosgesinfo.fr\/saintdieinfo\/2021\/10\/salon-loisirs-creatifs-de-saint-die-vosges-retour-4eme-edition\/#breadcrumb\"},\"inLanguage\":\"fr-FR\",\"potentialAction\":[{\"@type\":\"ReadAction\",\"target\":[\"https:\/\/vosgesinfo.fr\/saintdieinfo\/2021\/10\/salon-loisirs-creatifs-de-saint-die-vosges-retour-4eme-edition\/\"]}]},{\"@type\":\"ImageObject\",\"inLanguage\":\"fr-FR\",\"@id\":\"https:\/\/vosgesinfo.fr\/saintdieinfo\/2021\/10\/salon-loisirs-creatifs-de-saint-die-vosges-retour-4eme-edition\/#primaryimage\",\"url\":\"https:\/\/vosgesinfo.fr\/app\/uploads\/sites\/4\/2024\/08\/202110presentation-salon-loisirs-creatifs-3.jpg\",\"contentUrl\":\"https:\/\/vosgesinfo.fr\/app\/uploads\/sites\/4\/2024\/08\/202110presentation-salon-loisirs-creatifs-3.jpg\",\"width\":800,\"height\":600},{\"@type\":\"BreadcrumbList\",\"@id\":\"https:\/\/vosgesinfo.fr\/saintdieinfo\/2021\/10\/salon-loisirs-creatifs-de-saint-die-vosges-retour-4eme-edition\/#breadcrumb\",\"itemListElement\":[{\"@type\":\"ListItem\",\"position\":1,\"name\":\"Home\",\"item\":\"https:\/\/vosgesinfo.fr\/saintdieinfo\/\"},{\"@type\":\"ListItem\",\"position\":2,\"name\":\"Le Salon des Loisirs Cr\u00e9atifs de Saint-Di\u00e9-des-Vosges fait son retour avec une 4\u00e8me \u00e9dition\"}]},{\"@type\":\"WebSite\",\"@id\":\"https:\/\/vosgesinfo.fr\/saintdieinfo\/#website\",\"url\":\"https:\/\/vosgesinfo.fr\/saintdieinfo\/\",\"name\":\"Saint Die Info\",\"description\":\"Toute l&#039;actualit\u00e9 de Saint-Di\u00e9-Des-Vosges\",\"publisher\":{\"@id\":\"https:\/\/vosgesinfo.fr\/saintdieinfo\/#organization\"},\"alternateName\":\"Toute l'actualit\u00e9 de Saint-Di\u00e9-Des-Vosges\",\"potentialAction\":[{\"@type\":\"SearchAction\",\"target\":{\"@type\":\"EntryPoint\",\"urlTemplate\":\"https:\/\/vosgesinfo.fr\/saintdieinfo\/?s={search_term_string}\"},\"query-input\":\"required name=search_term_string\"}],\"inLanguage\":\"fr-FR\"},{\"@type\":\"Organization\",\"@id\":\"https:\/\/vosgesinfo.fr\/saintdieinfo\/#organization\",\"name\":\"Saint Die Info\",\"url\":\"https:\/\/vosgesinfo.fr\/saintdieinfo\/\",\"logo\":{\"@type\":\"ImageObject\",\"inLanguage\":\"fr-FR\",\"@id\":\"https:\/\/vosgesinfo.fr\/saintdieinfo\/#\/schema\/logo\/image\/\",\"url\":\"https:\/\/vosgesinfo.fr\/app\/uploads\/sites\/4\/2024\/02\/logo-sdi.jpg\",\"contentUrl\":\"https:\/\/vosgesinfo.fr\/app\/uploads\/sites\/4\/2024\/02\/logo-sdi.jpg\",\"width\":600,\"height\":600,\"caption\":\"Saint Die Info\"},\"image\":{\"@id\":\"https:\/\/vosgesinfo.fr\/saintdieinfo\/#\/schema\/logo\/image\/\"},\"sameAs\":[\"https:\/\/www.facebook.com\/Saintdieinfofr\",\"https:\/\/x.com\/VosgesInfo88\",\"https:\/\/www.youtube.com\/@vosgesinfo\"]},{\"@type\":\"Person\",\"@id\":\"https:\/\/vosgesinfo.fr\/saintdieinfo\/#\/schema\/person\/faee6704a21f3977511db84bd1cd450f\",\"name\":\"la r\u00e9daction\",\"image\":{\"@type\":\"ImageObject\",\"inLanguage\":\"fr-FR\",\"@id\":\"https:\/\/vosgesinfo.fr\/saintdieinfo\/#\/schema\/person\/image\/\",\"url\":\"https:\/\/secure.gravatar.com\/avatar\/6673d8bc6a9c17fa9a453eaa3448de834fa308c2ec9635b7aa99441a7c8d2cf6?s=96&d=mm&r=g\",\"contentUrl\":\"https:\/\/secure.gravatar.com\/avatar\/6673d8bc6a9c17fa9a453eaa3448de834fa308c2ec9635b7aa99441a7c8d2cf6?s=96&d=mm&r=g\",\"caption\":\"la r\u00e9daction\"},\"url\":\"https:\/\/vosgesinfo.fr\/saintdieinfo\/author\/redac\/\"}]}<\/script>\n<!-- \/ Yoast SEO plugin. -->","yoast_head_json":{"title":"Le Salon des Loisirs Cr\u00e9atifs de Saint-Di\u00e9-des-Vosges fait son retour avec une 4\u00e8me \u00e9dition - Saint Die Info","robots":{"index":"index","follow":"follow","max-snippet":"max-snippet:-1","max-image-preview":"max-image-preview:large","max-video-preview":"max-video-preview:-1"},"canonical":"https:\/\/vosgesinfo.fr\/saintdieinfo\/2021\/10\/salon-loisirs-creatifs-de-saint-die-vosges-retour-4eme-edition\/","twitter_card":"summary_large_image","twitter_title":"Le Salon des Loisirs Cr\u00e9atifs de Saint-Di\u00e9-des-Vosges fait son retour avec une 4\u00e8me \u00e9dition - Saint Die Info","twitter_description":"Apr\u00e8s une parenth\u00e8se forc\u00e9e en raison de la crise sanitaire, le Salon des Loisirs Cr\u00e9atifs de Saint-Di\u00e9-des-Vosges fait son retour [&hellip;]","twitter_image":"https:\/\/vosgesinfo.fr\/app\/uploads\/sites\/4\/2024\/08\/202110presentation-salon-loisirs-creatifs-3.jpg","twitter_creator":"@VosgesInfo88","twitter_site":"@VosgesInfo88","twitter_misc":{"\u00c9crit par":"la r\u00e9daction","Dur\u00e9e de lecture estim\u00e9e":"2 minutes"},"schema":{"@context":"https:\/\/schema.org","@graph":[{"@type":"Article","@id":"https:\/\/vosgesinfo.fr\/saintdieinfo\/2021\/10\/salon-loisirs-creatifs-de-saint-die-vosges-retour-4eme-edition\/#article","isPartOf":{"@id":"https:\/\/vosgesinfo.fr\/saintdieinfo\/2021\/10\/salon-loisirs-creatifs-de-saint-die-vosges-retour-4eme-edition\/"},"author":{"name":"la r\u00e9daction","@id":"https:\/\/vosgesinfo.fr\/saintdieinfo\/#\/schema\/person\/faee6704a21f3977511db84bd1cd450f"},"headline":"Le Salon des Loisirs Cr\u00e9atifs de Saint-Di\u00e9-des-Vosges fait son retour avec une 4\u00e8me \u00e9dition","datePublished":"2021-10-12T17:10:45+00:00","dateModified":"2021-10-12T17:10:45+00:00","mainEntityOfPage":{"@id":"https:\/\/vosgesinfo.fr\/saintdieinfo\/2021\/10\/salon-loisirs-creatifs-de-saint-die-vosges-retour-4eme-edition\/"},"wordCount":450,"commentCount":0,"publisher":{"@id":"https:\/\/vosgesinfo.fr\/saintdieinfo\/#organization"},"image":{"@id":"https:\/\/vosgesinfo.fr\/saintdieinfo\/2021\/10\/salon-loisirs-creatifs-de-saint-die-vosges-retour-4eme-edition\/#primaryimage"},"thumbnailUrl":"https:\/\/vosgesinfo.fr\/app\/uploads\/sites\/4\/2024\/08\/202110presentation-salon-loisirs-creatifs-3.jpg","keywords":["Club Aux bons points","Espace Fran\u00e7ois-Mitterrand","Loisirs cr\u00e9atifs","Salon des Loisirs Cr\u00e9atifs de Saint-Di\u00e9-des-Vosges"],"articleSection":["A la Une","Loisirs","Saint-Di\u00e9-des-Vosges et son Agglom\u00e9ration","Vie Associative"],"inLanguage":"fr-FR","potentialAction":[{"@type":"CommentAction","name":"Comment","target":["https:\/\/vosgesinfo.fr\/saintdieinfo\/2021\/10\/salon-loisirs-creatifs-de-saint-die-vosges-retour-4eme-edition\/#respond"]}]},{"@type":"WebPage","@id":"https:\/\/vosgesinfo.fr\/saintdieinfo\/2021\/10\/salon-loisirs-creatifs-de-saint-die-vosges-retour-4eme-edition\/","url":"https:\/\/vosgesinfo.fr\/saintdieinfo\/2021\/10\/salon-loisirs-creatifs-de-saint-die-vosges-retour-4eme-edition\/","name":"Le Salon des Loisirs Cr\u00e9atifs de Saint-Di\u00e9-des-Vosges fait son retour avec une 4\u00e8me \u00e9dition - Saint Die Info","isPartOf":{"@id":"https:\/\/vosgesinfo.fr\/saintdieinfo\/#website"},"primaryImageOfPage":{"@id":"https:\/\/vosgesinfo.fr\/saintdieinfo\/2021\/10\/salon-loisirs-creatifs-de-saint-die-vosges-retour-4eme-edition\/#primaryimage"},"image":{"@id":"https:\/\/vosgesinfo.fr\/saintdieinfo\/2021\/10\/salon-loisirs-creatifs-de-saint-die-vosges-retour-4eme-edition\/#primaryimage"},"thumbnailUrl":"https:\/\/vosgesinfo.fr\/app\/uploads\/sites\/4\/2024\/08\/202110presentation-salon-loisirs-creatifs-3.jpg","datePublished":"2021-10-12T17:10:45+00:00","dateModified":"2021-10-12T17:10:45+00:00","breadcrumb":{"@id":"https:\/\/vosgesinfo.fr\/saintdieinfo\/2021\/10\/salon-loisirs-creatifs-de-saint-die-vosges-retour-4eme-edition\/#breadcrumb"},"inLanguage":"fr-FR","potentialAction":[{"@type":"ReadAction","target":["https:\/\/vosgesinfo.fr\/saintdieinfo\/2021\/10\/salon-loisirs-creatifs-de-saint-die-vosges-retour-4eme-edition\/"]}]},{"@type":"ImageObject","inLanguage":"fr-FR","@id":"https:\/\/vosgesinfo.fr\/saintdieinfo\/2021\/10\/salon-loisirs-creatifs-de-saint-die-vosges-retour-4eme-edition\/#primaryimage","url":"https:\/\/vosgesinfo.fr\/app\/uploads\/sites\/4\/2024\/08\/202110presentation-salon-loisirs-creatifs-3.jpg","contentUrl":"https:\/\/vosgesinfo.fr\/app\/uploads\/sites\/4\/2024\/08\/202110presentation-salon-loisirs-creatifs-3.jpg","width":800,"height":600},{"@type":"BreadcrumbList","@id":"https:\/\/vosgesinfo.fr\/saintdieinfo\/2021\/10\/salon-loisirs-creatifs-de-saint-die-vosges-retour-4eme-edition\/#breadcrumb","itemListElement":[{"@type":"ListItem","position":1,"name":"Home","item":"https:\/\/vosgesinfo.fr\/saintdieinfo\/"},{"@type":"ListItem","position":2,"name":"Le Salon des Loisirs Cr\u00e9atifs de Saint-Di\u00e9-des-Vosges fait son retour avec une 4\u00e8me \u00e9dition"}]},{"@type":"WebSite","@id":"https:\/\/vosgesinfo.fr\/saintdieinfo\/#website","url":"https:\/\/vosgesinfo.fr\/saintdieinfo\/","name":"Saint Die Info","description":"Toute l&#039;actualit\u00e9 de Saint-Di\u00e9-Des-Vosges","publisher":{"@id":"https:\/\/vosgesinfo.fr\/saintdieinfo\/#organization"},"alternateName":"Toute l'actualit\u00e9 de Saint-Di\u00e9-Des-Vosges","potentialAction":[{"@type":"SearchAction","target":{"@type":"EntryPoint","urlTemplate":"https:\/\/vosgesinfo.fr\/saintdieinfo\/?s={search_term_string}"},"query-input":"required name=search_term_string"}],"inLanguage":"fr-FR"},{"@type":"Organization","@id":"https:\/\/vosgesinfo.fr\/saintdieinfo\/#organization","name":"Saint Die Info","url":"https:\/\/vosgesinfo.fr\/saintdieinfo\/","logo":{"@type":"ImageObject","inLanguage":"fr-FR","@id":"https:\/\/vosgesinfo.fr\/saintdieinfo\/#\/schema\/logo\/image\/","url":"https:\/\/vosgesinfo.fr\/app\/uploads\/sites\/4\/2024\/02\/logo-sdi.jpg","contentUrl":"https:\/\/vosgesinfo.fr\/app\/uploads\/sites\/4\/2024\/02\/logo-sdi.jpg","width":600,"height":600,"caption":"Saint Die Info"},"image":{"@id":"https:\/\/vosgesinfo.fr\/saintdieinfo\/#\/schema\/logo\/image\/"},"sameAs":["https:\/\/www.facebook.com\/Saintdieinfofr","https:\/\/x.com\/VosgesInfo88","https:\/\/www.youtube.com\/@vosgesinfo"]},{"@type":"Person","@id":"https:\/\/vosgesinfo.fr\/saintdieinfo\/#\/schema\/person\/faee6704a21f3977511db84bd1cd450f","name":"la r\u00e9daction","image":{"@type":"ImageObject","inLanguage":"fr-FR","@id":"https:\/\/vosgesinfo.fr\/saintdieinfo\/#\/schema\/person\/image\/","url":"https:\/\/secure.gravatar.com\/avatar\/6673d8bc6a9c17fa9a453eaa3448de834fa308c2ec9635b7aa99441a7c8d2cf6?s=96&d=mm&r=g","contentUrl":"https:\/\/secure.gravatar.com\/avatar\/6673d8bc6a9c17fa9a453eaa3448de834fa308c2ec9635b7aa99441a7c8d2cf6?s=96&d=mm&r=g","caption":"la r\u00e9daction"},"url":"https:\/\/vosgesinfo.fr\/saintdieinfo\/author\/redac\/"}]}},"_links":{"self":[{"href":"https:\/\/vosgesinfo.fr\/saintdieinfo\/wp-json\/wp\/v2\/posts\/43940","targetHints":{"allow":["GET"]}}],"collection":[{"href":"https:\/\/vosgesinfo.fr\/saintdieinfo\/wp-json\/wp\/v2\/posts"}],"about":[{"href":"https:\/\/vosgesinfo.fr\/saintdieinfo\/wp-json\/wp\/v2\/types\/post"}],"author":[{"embeddable":true,"href":"https:\/\/vosgesinfo.fr\/saintdieinfo\/wp-json\/wp\/v2\/users\/44"}],"replies":[{"embeddable":true,"href":"https:\/\/vosgesinfo.fr\/saintdieinfo\/wp-json\/wp\/v2\/comments?post=43940"}],"version-history":[{"count":0,"href":"https:\/\/vosgesinfo.fr\/saintdieinfo\/wp-json\/wp\/v2\/posts\/43940\/revisions"}],"wp:featuredmedia":[{"embeddable":true,"href":"https:\/\/vosgesinfo.fr\/saintdieinfo\/wp-json\/wp\/v2\/media\/43941"}],"wp:attachment":[{"href":"https:\/\/vosgesinfo.fr\/saintdieinfo\/wp-json\/wp\/v2\/media?parent=43940"}],"wp:term":[{"taxonomy":"category","embeddable":true,"href":"https:\/\/vosgesinfo.fr\/saintdieinfo\/wp-json\/wp\/v2\/categories?post=43940"},{"taxonomy":"post_tag","embeddable":true,"href":"https:\/\/vosgesinfo.fr\/saintdieinfo\/wp-json\/wp\/v2\/tags?post=43940"}],"curies":[{"name":"wp","href":"https:\/\/api.w.org\/{rel}","templated":true}]}}