{"id":43944,"date":"2021-10-12T19:54:59","date_gmt":"2021-10-12T17:54:59","guid":{"rendered":"https:\/\/vosgesinfo.fr\/saintdieinfo\/2021\/10\/reprise-repetitions-splenda-voce\/"},"modified":"2021-10-12T19:54:59","modified_gmt":"2021-10-12T17:54:59","slug":"reprise-repetitions-splenda-voce","status":"publish","type":"post","link":"https:\/\/vosgesinfo.fr\/saintdieinfo\/2021\/10\/reprise-repetitions-splenda-voce\/","title":{"rendered":"Reprise des r\u00e9p\u00e9titions pour Splenda Voce"},"content":{"rendered":"<div id=\"attachment_173010\" style=\"width: 810px\" class=\"wp-caption aligncenter\"><a href=\"\/2021\/10\/Photo-SV-articles-2021.jpg\" target=\"_blank\" rel=\"noopener\"><img decoding=\"async\" aria-describedby=\"caption-attachment-173010\" class=\"wp-image-173010 size-full\" src=\"\/2021\/10\/Photo-SV-articles-2021.jpg\" alt=\"Photo SV articles 2021\" width=\"800\" height=\"533\" \/><\/a><p id=\"caption-attachment-173010\" class=\"wp-caption-text\">(Photographie Splenda Voce)<\/p><\/div>\n<h2><span style=\"font-size: 14pt;\"><strong>Splenda Voce, ch\u0153ur d\u00e9partemental de femmes des Vosges a repris ses r\u00e9p\u00e9titions et se pr\u00e9pare pour une belle saison de concerts.<\/strong><\/span><\/h2>\n<p><!--more--><\/p>\n<p>Sous la direction de St\u00e9phanie EGRET, le ch\u0153ur se d\u00e9place \u00e0 Saint-Haon le Ch\u00e2tel, dans la Loire, pour son stage d\u2019automne. Au programme : Britten, Rossini, Bernstein et aussi des compositeurs africains, japonais ou du grand nord, pour un voyage musical autour du monde.<\/p>\n<p>Vous pourrez retrouver le ch\u0153ur en d\u00e9cembre\u00a0 Vittel et G\u00e9rardmer, en mars \u00e0 Fraize et Chantraine, en mai \u00e0 Bonvillet, Gugn\u00e9court et Taintrux.<\/p>\n<p>Le ch\u0153ur recrute. <em>\u00ab\u00a0Nous travaillons un week-end par mois, et individuellement ou en petits groupes entre temps. Splenda Voce est avant tout un ch\u0153ur de femmes mais aussi une formidable aventure humaine. N\u2019h\u00e9sitez pas \u00e0 nous contacter, \u00e0 venir \u00e0 l\u2019une de nos r\u00e9p\u00e9titions sur Epinal.\u00a0\u00bb<\/em><br \/>\nContact par mail, via l&rsquo;adresse <strong><a href=\"mailto:splendavoce@gmail.com\" target=\"_blank\" rel=\"noopener\">splendavoce@gmail.com<\/a><\/strong><\/p>\n","protected":false},"excerpt":{"rendered":"<p>Splenda Voce, ch\u0153ur d\u00e9partemental de femmes des Vosges a repris ses r\u00e9p\u00e9titions et se pr\u00e9pare pour une belle saison de [&hellip;]<\/p>\n","protected":false},"author":109,"featured_media":43945,"comment_status":"open","ping_status":"open","sticky":false,"template":"","format":"standard","meta":{"footnotes":""},"categories":[460,18],"tags":[9156,7754],"class_list":["post-43944","post","type-post","status-publish","format-standard","has-post-thumbnail","hentry","category-a-la-une","category-vosges","tag-choeur-departemental-de-femmes-des-vosges","tag-splenda-voce"],"acf":[],"yoast_head":"<!-- This site is optimized with the Yoast SEO plugin v22.5 - https:\/\/yoast.com\/wordpress\/plugins\/seo\/ -->\n<title>Reprise des r\u00e9p\u00e9titions pour Splenda Voce - Saint Die Info<\/title>\n<meta name=\"robots\" content=\"index, follow, max-snippet:-1, max-image-preview:large, max-video-preview:-1\" \/>\n<link rel=\"canonical\" href=\"https:\/\/vosgesinfo.fr\/saintdieinfo\/2021\/10\/reprise-repetitions-splenda-voce\/\" \/>\n<meta name=\"twitter:card\" content=\"summary_large_image\" \/>\n<meta name=\"twitter:title\" content=\"Reprise des r\u00e9p\u00e9titions pour Splenda Voce - Saint Die Info\" \/>\n<meta name=\"twitter:description\" content=\"Splenda Voce, ch\u0153ur d\u00e9partemental de femmes des Vosges a repris ses r\u00e9p\u00e9titions et se pr\u00e9pare pour une belle saison de [&hellip;]\" \/>\n<meta name=\"twitter:image\" content=\"https:\/\/vosgesinfo.fr\/app\/uploads\/sites\/4\/2024\/08\/202110photo-sv-articles-2021.jpg\" \/>\n<meta name=\"twitter:creator\" content=\"@VosgesInfo88\" \/>\n<meta name=\"twitter:site\" content=\"@VosgesInfo88\" \/>\n<meta name=\"twitter:label1\" content=\"\u00c9crit par\" \/>\n\t<meta name=\"twitter:data1\" content=\"Splenda Voce\" \/>\n\t<meta name=\"twitter:label2\" content=\"Dur\u00e9e de lecture estim\u00e9e\" \/>\n\t<meta name=\"twitter:data2\" content=\"1 minute\" \/>\n<script type=\"application\/ld+json\" class=\"yoast-schema-graph\">{\"@context\":\"https:\/\/schema.org\",\"@graph\":[{\"@type\":\"Article\",\"@id\":\"https:\/\/vosgesinfo.fr\/saintdieinfo\/2021\/10\/reprise-repetitions-splenda-voce\/#article\",\"isPartOf\":{\"@id\":\"https:\/\/vosgesinfo.fr\/saintdieinfo\/2021\/10\/reprise-repetitions-splenda-voce\/\"},\"author\":{\"name\":\"Splenda Voce\",\"@id\":\"https:\/\/vosgesinfo.fr\/saintdieinfo\/#\/schema\/person\/a20df085ad205004c4ce8bf65baada70\"},\"headline\":\"Reprise des r\u00e9p\u00e9titions pour Splenda Voce\",\"datePublished\":\"2021-10-12T17:54:59+00:00\",\"dateModified\":\"2021-10-12T17:54:59+00:00\",\"mainEntityOfPage\":{\"@id\":\"https:\/\/vosgesinfo.fr\/saintdieinfo\/2021\/10\/reprise-repetitions-splenda-voce\/\"},\"wordCount\":175,\"commentCount\":0,\"publisher\":{\"@id\":\"https:\/\/vosgesinfo.fr\/saintdieinfo\/#organization\"},\"image\":{\"@id\":\"https:\/\/vosgesinfo.fr\/saintdieinfo\/2021\/10\/reprise-repetitions-splenda-voce\/#primaryimage\"},\"thumbnailUrl\":\"https:\/\/vosgesinfo.fr\/app\/uploads\/sites\/4\/2024\/08\/202110photo-sv-articles-2021.jpg\",\"keywords\":[\"Choeur d\u00e9partemental de femmes des Vosges\",\"Splenda Voce\"],\"articleSection\":[\"A la Une\",\"Vosges\"],\"inLanguage\":\"fr-FR\",\"potentialAction\":[{\"@type\":\"CommentAction\",\"name\":\"Comment\",\"target\":[\"https:\/\/vosgesinfo.fr\/saintdieinfo\/2021\/10\/reprise-repetitions-splenda-voce\/#respond\"]}]},{\"@type\":\"WebPage\",\"@id\":\"https:\/\/vosgesinfo.fr\/saintdieinfo\/2021\/10\/reprise-repetitions-splenda-voce\/\",\"url\":\"https:\/\/vosgesinfo.fr\/saintdieinfo\/2021\/10\/reprise-repetitions-splenda-voce\/\",\"name\":\"Reprise des r\u00e9p\u00e9titions pour Splenda Voce - Saint Die Info\",\"isPartOf\":{\"@id\":\"https:\/\/vosgesinfo.fr\/saintdieinfo\/#website\"},\"primaryImageOfPage\":{\"@id\":\"https:\/\/vosgesinfo.fr\/saintdieinfo\/2021\/10\/reprise-repetitions-splenda-voce\/#primaryimage\"},\"image\":{\"@id\":\"https:\/\/vosgesinfo.fr\/saintdieinfo\/2021\/10\/reprise-repetitions-splenda-voce\/#primaryimage\"},\"thumbnailUrl\":\"https:\/\/vosgesinfo.fr\/app\/uploads\/sites\/4\/2024\/08\/202110photo-sv-articles-2021.jpg\",\"datePublished\":\"2021-10-12T17:54:59+00:00\",\"dateModified\":\"2021-10-12T17:54:59+00:00\",\"breadcrumb\":{\"@id\":\"https:\/\/vosgesinfo.fr\/saintdieinfo\/2021\/10\/reprise-repetitions-splenda-voce\/#breadcrumb\"},\"inLanguage\":\"fr-FR\",\"potentialAction\":[{\"@type\":\"ReadAction\",\"target\":[\"https:\/\/vosgesinfo.fr\/saintdieinfo\/2021\/10\/reprise-repetitions-splenda-voce\/\"]}]},{\"@type\":\"ImageObject\",\"inLanguage\":\"fr-FR\",\"@id\":\"https:\/\/vosgesinfo.fr\/saintdieinfo\/2021\/10\/reprise-repetitions-splenda-voce\/#primaryimage\",\"url\":\"https:\/\/vosgesinfo.fr\/app\/uploads\/sites\/4\/2024\/08\/202110photo-sv-articles-2021.jpg\",\"contentUrl\":\"https:\/\/vosgesinfo.fr\/app\/uploads\/sites\/4\/2024\/08\/202110photo-sv-articles-2021.jpg\",\"width\":800,\"height\":533},{\"@type\":\"BreadcrumbList\",\"@id\":\"https:\/\/vosgesinfo.fr\/saintdieinfo\/2021\/10\/reprise-repetitions-splenda-voce\/#breadcrumb\",\"itemListElement\":[{\"@type\":\"ListItem\",\"position\":1,\"name\":\"Home\",\"item\":\"https:\/\/vosgesinfo.fr\/saintdieinfo\/\"},{\"@type\":\"ListItem\",\"position\":2,\"name\":\"Reprise des r\u00e9p\u00e9titions pour Splenda Voce\"}]},{\"@type\":\"WebSite\",\"@id\":\"https:\/\/vosgesinfo.fr\/saintdieinfo\/#website\",\"url\":\"https:\/\/vosgesinfo.fr\/saintdieinfo\/\",\"name\":\"Saint Die Info\",\"description\":\"Toute l&#039;actualit\u00e9 de Saint-Di\u00e9-Des-Vosges\",\"publisher\":{\"@id\":\"https:\/\/vosgesinfo.fr\/saintdieinfo\/#organization\"},\"alternateName\":\"Toute l'actualit\u00e9 de Saint-Di\u00e9-Des-Vosges\",\"potentialAction\":[{\"@type\":\"SearchAction\",\"target\":{\"@type\":\"EntryPoint\",\"urlTemplate\":\"https:\/\/vosgesinfo.fr\/saintdieinfo\/?s={search_term_string}\"},\"query-input\":\"required name=search_term_string\"}],\"inLanguage\":\"fr-FR\"},{\"@type\":\"Organization\",\"@id\":\"https:\/\/vosgesinfo.fr\/saintdieinfo\/#organization\",\"name\":\"Saint Die Info\",\"url\":\"https:\/\/vosgesinfo.fr\/saintdieinfo\/\",\"logo\":{\"@type\":\"ImageObject\",\"inLanguage\":\"fr-FR\",\"@id\":\"https:\/\/vosgesinfo.fr\/saintdieinfo\/#\/schema\/logo\/image\/\",\"url\":\"https:\/\/vosgesinfo.fr\/app\/uploads\/sites\/4\/2024\/02\/logo-sdi.jpg\",\"contentUrl\":\"https:\/\/vosgesinfo.fr\/app\/uploads\/sites\/4\/2024\/02\/logo-sdi.jpg\",\"width\":600,\"height\":600,\"caption\":\"Saint Die Info\"},\"image\":{\"@id\":\"https:\/\/vosgesinfo.fr\/saintdieinfo\/#\/schema\/logo\/image\/\"},\"sameAs\":[\"https:\/\/www.facebook.com\/Saintdieinfofr\",\"https:\/\/x.com\/VosgesInfo88\",\"https:\/\/www.youtube.com\/@vosgesinfo\"]},{\"@type\":\"Person\",\"@id\":\"https:\/\/vosgesinfo.fr\/saintdieinfo\/#\/schema\/person\/a20df085ad205004c4ce8bf65baada70\",\"name\":\"Splenda Voce\",\"image\":{\"@type\":\"ImageObject\",\"inLanguage\":\"fr-FR\",\"@id\":\"https:\/\/vosgesinfo.fr\/saintdieinfo\/#\/schema\/person\/image\/\",\"url\":\"https:\/\/secure.gravatar.com\/avatar\/8c185e27a1e50c8983142acea55e3c5afdd3394bfe2db886f5ee00d43efb4914?s=96&d=mm&r=g\",\"contentUrl\":\"https:\/\/secure.gravatar.com\/avatar\/8c185e27a1e50c8983142acea55e3c5afdd3394bfe2db886f5ee00d43efb4914?s=96&d=mm&r=g\",\"caption\":\"Splenda Voce\"},\"url\":\"https:\/\/vosgesinfo.fr\/saintdieinfo\/author\/splenda-voce\/\"}]}<\/script>\n<!-- \/ Yoast SEO plugin. -->","yoast_head_json":{"title":"Reprise des r\u00e9p\u00e9titions pour Splenda Voce - Saint Die Info","robots":{"index":"index","follow":"follow","max-snippet":"max-snippet:-1","max-image-preview":"max-image-preview:large","max-video-preview":"max-video-preview:-1"},"canonical":"https:\/\/vosgesinfo.fr\/saintdieinfo\/2021\/10\/reprise-repetitions-splenda-voce\/","twitter_card":"summary_large_image","twitter_title":"Reprise des r\u00e9p\u00e9titions pour Splenda Voce - Saint Die Info","twitter_description":"Splenda Voce, ch\u0153ur d\u00e9partemental de femmes des Vosges a repris ses r\u00e9p\u00e9titions et se pr\u00e9pare pour une belle saison de [&hellip;]","twitter_image":"https:\/\/vosgesinfo.fr\/app\/uploads\/sites\/4\/2024\/08\/202110photo-sv-articles-2021.jpg","twitter_creator":"@VosgesInfo88","twitter_site":"@VosgesInfo88","twitter_misc":{"\u00c9crit par":"Splenda Voce","Dur\u00e9e de lecture estim\u00e9e":"1 minute"},"schema":{"@context":"https:\/\/schema.org","@graph":[{"@type":"Article","@id":"https:\/\/vosgesinfo.fr\/saintdieinfo\/2021\/10\/reprise-repetitions-splenda-voce\/#article","isPartOf":{"@id":"https:\/\/vosgesinfo.fr\/saintdieinfo\/2021\/10\/reprise-repetitions-splenda-voce\/"},"author":{"name":"Splenda Voce","@id":"https:\/\/vosgesinfo.fr\/saintdieinfo\/#\/schema\/person\/a20df085ad205004c4ce8bf65baada70"},"headline":"Reprise des r\u00e9p\u00e9titions pour Splenda Voce","datePublished":"2021-10-12T17:54:59+00:00","dateModified":"2021-10-12T17:54:59+00:00","mainEntityOfPage":{"@id":"https:\/\/vosgesinfo.fr\/saintdieinfo\/2021\/10\/reprise-repetitions-splenda-voce\/"},"wordCount":175,"commentCount":0,"publisher":{"@id":"https:\/\/vosgesinfo.fr\/saintdieinfo\/#organization"},"image":{"@id":"https:\/\/vosgesinfo.fr\/saintdieinfo\/2021\/10\/reprise-repetitions-splenda-voce\/#primaryimage"},"thumbnailUrl":"https:\/\/vosgesinfo.fr\/app\/uploads\/sites\/4\/2024\/08\/202110photo-sv-articles-2021.jpg","keywords":["Choeur d\u00e9partemental de femmes des Vosges","Splenda Voce"],"articleSection":["A la Une","Vosges"],"inLanguage":"fr-FR","potentialAction":[{"@type":"CommentAction","name":"Comment","target":["https:\/\/vosgesinfo.fr\/saintdieinfo\/2021\/10\/reprise-repetitions-splenda-voce\/#respond"]}]},{"@type":"WebPage","@id":"https:\/\/vosgesinfo.fr\/saintdieinfo\/2021\/10\/reprise-repetitions-splenda-voce\/","url":"https:\/\/vosgesinfo.fr\/saintdieinfo\/2021\/10\/reprise-repetitions-splenda-voce\/","name":"Reprise des r\u00e9p\u00e9titions pour Splenda Voce - Saint Die Info","isPartOf":{"@id":"https:\/\/vosgesinfo.fr\/saintdieinfo\/#website"},"primaryImageOfPage":{"@id":"https:\/\/vosgesinfo.fr\/saintdieinfo\/2021\/10\/reprise-repetitions-splenda-voce\/#primaryimage"},"image":{"@id":"https:\/\/vosgesinfo.fr\/saintdieinfo\/2021\/10\/reprise-repetitions-splenda-voce\/#primaryimage"},"thumbnailUrl":"https:\/\/vosgesinfo.fr\/app\/uploads\/sites\/4\/2024\/08\/202110photo-sv-articles-2021.jpg","datePublished":"2021-10-12T17:54:59+00:00","dateModified":"2021-10-12T17:54:59+00:00","breadcrumb":{"@id":"https:\/\/vosgesinfo.fr\/saintdieinfo\/2021\/10\/reprise-repetitions-splenda-voce\/#breadcrumb"},"inLanguage":"fr-FR","potentialAction":[{"@type":"ReadAction","target":["https:\/\/vosgesinfo.fr\/saintdieinfo\/2021\/10\/reprise-repetitions-splenda-voce\/"]}]},{"@type":"ImageObject","inLanguage":"fr-FR","@id":"https:\/\/vosgesinfo.fr\/saintdieinfo\/2021\/10\/reprise-repetitions-splenda-voce\/#primaryimage","url":"https:\/\/vosgesinfo.fr\/app\/uploads\/sites\/4\/2024\/08\/202110photo-sv-articles-2021.jpg","contentUrl":"https:\/\/vosgesinfo.fr\/app\/uploads\/sites\/4\/2024\/08\/202110photo-sv-articles-2021.jpg","width":800,"height":533},{"@type":"BreadcrumbList","@id":"https:\/\/vosgesinfo.fr\/saintdieinfo\/2021\/10\/reprise-repetitions-splenda-voce\/#breadcrumb","itemListElement":[{"@type":"ListItem","position":1,"name":"Home","item":"https:\/\/vosgesinfo.fr\/saintdieinfo\/"},{"@type":"ListItem","position":2,"name":"Reprise des r\u00e9p\u00e9titions pour Splenda Voce"}]},{"@type":"WebSite","@id":"https:\/\/vosgesinfo.fr\/saintdieinfo\/#website","url":"https:\/\/vosgesinfo.fr\/saintdieinfo\/","name":"Saint Die Info","description":"Toute l&#039;actualit\u00e9 de Saint-Di\u00e9-Des-Vosges","publisher":{"@id":"https:\/\/vosgesinfo.fr\/saintdieinfo\/#organization"},"alternateName":"Toute l'actualit\u00e9 de Saint-Di\u00e9-Des-Vosges","potentialAction":[{"@type":"SearchAction","target":{"@type":"EntryPoint","urlTemplate":"https:\/\/vosgesinfo.fr\/saintdieinfo\/?s={search_term_string}"},"query-input":"required name=search_term_string"}],"inLanguage":"fr-FR"},{"@type":"Organization","@id":"https:\/\/vosgesinfo.fr\/saintdieinfo\/#organization","name":"Saint Die Info","url":"https:\/\/vosgesinfo.fr\/saintdieinfo\/","logo":{"@type":"ImageObject","inLanguage":"fr-FR","@id":"https:\/\/vosgesinfo.fr\/saintdieinfo\/#\/schema\/logo\/image\/","url":"https:\/\/vosgesinfo.fr\/app\/uploads\/sites\/4\/2024\/02\/logo-sdi.jpg","contentUrl":"https:\/\/vosgesinfo.fr\/app\/uploads\/sites\/4\/2024\/02\/logo-sdi.jpg","width":600,"height":600,"caption":"Saint Die Info"},"image":{"@id":"https:\/\/vosgesinfo.fr\/saintdieinfo\/#\/schema\/logo\/image\/"},"sameAs":["https:\/\/www.facebook.com\/Saintdieinfofr","https:\/\/x.com\/VosgesInfo88","https:\/\/www.youtube.com\/@vosgesinfo"]},{"@type":"Person","@id":"https:\/\/vosgesinfo.fr\/saintdieinfo\/#\/schema\/person\/a20df085ad205004c4ce8bf65baada70","name":"Splenda Voce","image":{"@type":"ImageObject","inLanguage":"fr-FR","@id":"https:\/\/vosgesinfo.fr\/saintdieinfo\/#\/schema\/person\/image\/","url":"https:\/\/secure.gravatar.com\/avatar\/8c185e27a1e50c8983142acea55e3c5afdd3394bfe2db886f5ee00d43efb4914?s=96&d=mm&r=g","contentUrl":"https:\/\/secure.gravatar.com\/avatar\/8c185e27a1e50c8983142acea55e3c5afdd3394bfe2db886f5ee00d43efb4914?s=96&d=mm&r=g","caption":"Splenda Voce"},"url":"https:\/\/vosgesinfo.fr\/saintdieinfo\/author\/splenda-voce\/"}]}},"_links":{"self":[{"href":"https:\/\/vosgesinfo.fr\/saintdieinfo\/wp-json\/wp\/v2\/posts\/43944","targetHints":{"allow":["GET"]}}],"collection":[{"href":"https:\/\/vosgesinfo.fr\/saintdieinfo\/wp-json\/wp\/v2\/posts"}],"about":[{"href":"https:\/\/vosgesinfo.fr\/saintdieinfo\/wp-json\/wp\/v2\/types\/post"}],"author":[{"embeddable":true,"href":"https:\/\/vosgesinfo.fr\/saintdieinfo\/wp-json\/wp\/v2\/users\/109"}],"replies":[{"embeddable":true,"href":"https:\/\/vosgesinfo.fr\/saintdieinfo\/wp-json\/wp\/v2\/comments?post=43944"}],"version-history":[{"count":0,"href":"https:\/\/vosgesinfo.fr\/saintdieinfo\/wp-json\/wp\/v2\/posts\/43944\/revisions"}],"wp:featuredmedia":[{"embeddable":true,"href":"https:\/\/vosgesinfo.fr\/saintdieinfo\/wp-json\/wp\/v2\/media\/43945"}],"wp:attachment":[{"href":"https:\/\/vosgesinfo.fr\/saintdieinfo\/wp-json\/wp\/v2\/media?parent=43944"}],"wp:term":[{"taxonomy":"category","embeddable":true,"href":"https:\/\/vosgesinfo.fr\/saintdieinfo\/wp-json\/wp\/v2\/categories?post=43944"},{"taxonomy":"post_tag","embeddable":true,"href":"https:\/\/vosgesinfo.fr\/saintdieinfo\/wp-json\/wp\/v2\/tags?post=43944"}],"curies":[{"name":"wp","href":"https:\/\/api.w.org\/{rel}","templated":true}]}}