{"id":44102,"date":"2021-10-18T09:47:24","date_gmt":"2021-10-18T07:47:24","guid":{"rendered":"https:\/\/vosgesinfo.fr\/saintdieinfo\/2021\/10\/raon-letape-laureats-concours-de-poesie\/"},"modified":"2021-10-18T09:47:24","modified_gmt":"2021-10-18T07:47:24","slug":"raon-letape-laureats-concours-de-poesie","status":"publish","type":"post","link":"https:\/\/vosgesinfo.fr\/saintdieinfo\/2021\/10\/raon-letape-laureats-concours-de-poesie\/","title":{"rendered":"Raon-l&rsquo;Etape \u2013 Et les laur\u00e9ats du concours de po\u00e9sie sont&#8230;"},"content":{"rendered":"<div id=\"attachment_173234\" style=\"width: 715px\" class=\"wp-caption aligncenter\"><a href=\"\/2021\/10\/Raon-lEtape-Concours_Festival_Po\u00e9sie-3.jpg\" target=\"_blank\" rel=\"noopener\"><img decoding=\"async\" aria-describedby=\"caption-attachment-173234\" class=\"wp-image-173234 size-full\" src=\"\/2021\/10\/Raon-lEtape-Concours_Festival_Po\u00e9sie-3.jpg\" alt=\"Raon-l'Etape-Concours_Festival_Po\u00e9sie (3)\" width=\"705\" height=\"800\" \/><\/a><p id=\"caption-attachment-173234\" class=\"wp-caption-text\">(Photographies Ville de Raon-l&rsquo;Etape)<\/p><\/div>\n<h2><span style=\"font-size: 14pt;\"><strong>Vendredi dernier, le Salon d&rsquo;Honneur de l&rsquo;H\u00f4tel de Ville de Raon-l&rsquo;Etape a accueilli la remise des r\u00e9compenses des laur\u00e9ats du Festival de la Po\u00e9sie, qui faisait cette ann\u00e9e sa 4\u00e8me \u00e9dition.<\/strong><\/span><\/h2>\n<p><!--more--><\/p>\n<p>Christine Laval, repr\u00e9sentante de la pr\u00e9sidente de \u00ab\u00a0Po\u00e9sie et Libert\u00e9\u00a0\u00bb Marie Vincent, accompagn\u00e9e de la responsable du volet \u00ab\u00a0groupes scolaires et concours\u00a0\u00bb Elena Raigner et Jo\u00ebl Colin, adjoint \u00e0 la Culture, s&rsquo;est charg\u00e9e de remettre les r\u00e9compenses aux laur\u00e9ats suivants\u00a0:<\/p>\n<h3><span style=\"font-size: 12pt;\"><strong>Cat\u00e9gorie enfants<\/strong><\/span><\/h3>\n<ul>\n<li>1er prix\u00a0: Lison Colin\u00a0;<\/li>\n<li>2\u00e8me prix ex-aequo\u00a0: Lana Daab et Armand Gilet.<\/li>\n<\/ul>\n<h3><span style=\"font-size: 12pt;\"><strong>Cat\u00e9gorie coll\u00e9giens<\/strong><\/span><\/h3>\n<ul>\n<li>1er et 2\u00e8me prix ex-aequo\u00a0: Agathe Maillard et Tiphany Thorr.<\/li>\n<\/ul>\n<h3><span style=\"font-size: 12pt;\"><strong>Cat\u00e9gorie lyc\u00e9ens et adultes<\/strong><\/span><\/h3>\n<ul>\n<li>1er prix\u00a0: Fran\u00e7ois Pierrat\u00a0;<\/li>\n<li>2\u00e8me prix ex-aequo\u00a0: Anne-C\u00e9cile Maurice et Herv\u00e9 Boyer.<\/li>\n<\/ul>\n<p>La remise s&rsquo;est conclue par la lecture, par la secr\u00e9taire de \u00ab\u00a0Po\u00e9sie et Libert\u00e9\u00a0\u00bb Christelle Thebault, d&rsquo;oeuvres choisies des 6 po\u00e8tes qui seront invit\u00e9s pour l&rsquo;\u00e9dition 2022 du Festival de Po\u00e9sie.<\/p>\n<p>J.J.<\/p>\n\n","protected":false},"excerpt":{"rendered":"<p>Vendredi dernier, le Salon d&rsquo;Honneur de l&rsquo;H\u00f4tel de Ville de Raon-l&rsquo;Etape a accueilli la remise des r\u00e9compenses des laur\u00e9ats du [&hellip;]<\/p>\n","protected":false},"author":44,"featured_media":44103,"comment_status":"open","ping_status":"open","sticky":false,"template":"","format":"standard","meta":{"footnotes":""},"categories":[460,2915],"tags":[9215,9216,9217,2654],"class_list":["post-44102","post","type-post","status-publish","format-standard","has-post-thumbnail","hentry","category-a-la-une","category-saint-die-son-canton","tag-ceremonie-de-remise-des-recompenses","tag-festival-de-la-poesie-de-raon-letape","tag-poesie-et-liberte","tag-raon-letape"],"acf":[],"yoast_head":"<!-- This site is optimized with the Yoast SEO plugin v22.5 - https:\/\/yoast.com\/wordpress\/plugins\/seo\/ -->\n<title>Raon-l&#039;Etape \u2013 Et les laur\u00e9ats du concours de po\u00e9sie sont... - Saint Die Info<\/title>\n<meta name=\"robots\" content=\"index, follow, max-snippet:-1, max-image-preview:large, max-video-preview:-1\" \/>\n<link rel=\"canonical\" href=\"https:\/\/vosgesinfo.fr\/saintdieinfo\/2021\/10\/raon-letape-laureats-concours-de-poesie\/\" \/>\n<meta name=\"twitter:card\" content=\"summary_large_image\" \/>\n<meta name=\"twitter:title\" content=\"Raon-l&#039;Etape \u2013 Et les laur\u00e9ats du concours de po\u00e9sie sont... - Saint Die Info\" \/>\n<meta name=\"twitter:description\" content=\"Vendredi dernier, le Salon d&rsquo;Honneur de l&rsquo;H\u00f4tel de Ville de Raon-l&rsquo;Etape a accueilli la remise des r\u00e9compenses des laur\u00e9ats du [&hellip;]\" \/>\n<meta name=\"twitter:image\" content=\"https:\/\/vosgesinfo.fr\/app\/uploads\/sites\/4\/2024\/08\/202110raon-letape-concours-festival-poesie-3.jpg\" \/>\n<meta name=\"twitter:creator\" content=\"@VosgesInfo88\" \/>\n<meta name=\"twitter:site\" content=\"@VosgesInfo88\" \/>\n<meta name=\"twitter:label1\" content=\"\u00c9crit par\" \/>\n\t<meta name=\"twitter:data1\" content=\"la r\u00e9daction\" \/>\n\t<meta name=\"twitter:label2\" content=\"Dur\u00e9e de lecture estim\u00e9e\" \/>\n\t<meta name=\"twitter:data2\" content=\"1 minute\" \/>\n<script type=\"application\/ld+json\" class=\"yoast-schema-graph\">{\"@context\":\"https:\/\/schema.org\",\"@graph\":[{\"@type\":\"Article\",\"@id\":\"https:\/\/vosgesinfo.fr\/saintdieinfo\/2021\/10\/raon-letape-laureats-concours-de-poesie\/#article\",\"isPartOf\":{\"@id\":\"https:\/\/vosgesinfo.fr\/saintdieinfo\/2021\/10\/raon-letape-laureats-concours-de-poesie\/\"},\"author\":{\"name\":\"la r\u00e9daction\",\"@id\":\"https:\/\/vosgesinfo.fr\/saintdieinfo\/#\/schema\/person\/faee6704a21f3977511db84bd1cd450f\"},\"headline\":\"Raon-l&rsquo;Etape \u2013 Et les laur\u00e9ats du concours de po\u00e9sie sont&#8230;\",\"datePublished\":\"2021-10-18T07:47:24+00:00\",\"dateModified\":\"2021-10-18T07:47:24+00:00\",\"mainEntityOfPage\":{\"@id\":\"https:\/\/vosgesinfo.fr\/saintdieinfo\/2021\/10\/raon-letape-laureats-concours-de-poesie\/\"},\"wordCount\":205,\"commentCount\":0,\"publisher\":{\"@id\":\"https:\/\/vosgesinfo.fr\/saintdieinfo\/#organization\"},\"image\":{\"@id\":\"https:\/\/vosgesinfo.fr\/saintdieinfo\/2021\/10\/raon-letape-laureats-concours-de-poesie\/#primaryimage\"},\"thumbnailUrl\":\"https:\/\/vosgesinfo.fr\/app\/uploads\/sites\/4\/2024\/08\/202110raon-letape-concours-festival-poesie-3.jpg\",\"keywords\":[\"C\u00e9r\u00e9monie de remise des r\u00e9compenses\",\"Festival de la Po\u00e9sie de Raon-l'Etape\",\"Po\u00e9sie et Libert\u00e9\",\"Raon-l\u2019Etape\"],\"articleSection\":[\"A la Une\",\"Saint-Di\u00e9-des-Vosges et son Agglom\u00e9ration\"],\"inLanguage\":\"fr-FR\",\"potentialAction\":[{\"@type\":\"CommentAction\",\"name\":\"Comment\",\"target\":[\"https:\/\/vosgesinfo.fr\/saintdieinfo\/2021\/10\/raon-letape-laureats-concours-de-poesie\/#respond\"]}]},{\"@type\":\"WebPage\",\"@id\":\"https:\/\/vosgesinfo.fr\/saintdieinfo\/2021\/10\/raon-letape-laureats-concours-de-poesie\/\",\"url\":\"https:\/\/vosgesinfo.fr\/saintdieinfo\/2021\/10\/raon-letape-laureats-concours-de-poesie\/\",\"name\":\"Raon-l'Etape \u2013 Et les laur\u00e9ats du concours de po\u00e9sie sont... - Saint Die Info\",\"isPartOf\":{\"@id\":\"https:\/\/vosgesinfo.fr\/saintdieinfo\/#website\"},\"primaryImageOfPage\":{\"@id\":\"https:\/\/vosgesinfo.fr\/saintdieinfo\/2021\/10\/raon-letape-laureats-concours-de-poesie\/#primaryimage\"},\"image\":{\"@id\":\"https:\/\/vosgesinfo.fr\/saintdieinfo\/2021\/10\/raon-letape-laureats-concours-de-poesie\/#primaryimage\"},\"thumbnailUrl\":\"https:\/\/vosgesinfo.fr\/app\/uploads\/sites\/4\/2024\/08\/202110raon-letape-concours-festival-poesie-3.jpg\",\"datePublished\":\"2021-10-18T07:47:24+00:00\",\"dateModified\":\"2021-10-18T07:47:24+00:00\",\"breadcrumb\":{\"@id\":\"https:\/\/vosgesinfo.fr\/saintdieinfo\/2021\/10\/raon-letape-laureats-concours-de-poesie\/#breadcrumb\"},\"inLanguage\":\"fr-FR\",\"potentialAction\":[{\"@type\":\"ReadAction\",\"target\":[\"https:\/\/vosgesinfo.fr\/saintdieinfo\/2021\/10\/raon-letape-laureats-concours-de-poesie\/\"]}]},{\"@type\":\"ImageObject\",\"inLanguage\":\"fr-FR\",\"@id\":\"https:\/\/vosgesinfo.fr\/saintdieinfo\/2021\/10\/raon-letape-laureats-concours-de-poesie\/#primaryimage\",\"url\":\"https:\/\/vosgesinfo.fr\/app\/uploads\/sites\/4\/2024\/08\/202110raon-letape-concours-festival-poesie-3.jpg\",\"contentUrl\":\"https:\/\/vosgesinfo.fr\/app\/uploads\/sites\/4\/2024\/08\/202110raon-letape-concours-festival-poesie-3.jpg\",\"width\":705,\"height\":800},{\"@type\":\"BreadcrumbList\",\"@id\":\"https:\/\/vosgesinfo.fr\/saintdieinfo\/2021\/10\/raon-letape-laureats-concours-de-poesie\/#breadcrumb\",\"itemListElement\":[{\"@type\":\"ListItem\",\"position\":1,\"name\":\"Home\",\"item\":\"https:\/\/vosgesinfo.fr\/saintdieinfo\/\"},{\"@type\":\"ListItem\",\"position\":2,\"name\":\"Raon-l&rsquo;Etape \u2013 Et les laur\u00e9ats du concours de po\u00e9sie sont&#8230;\"}]},{\"@type\":\"WebSite\",\"@id\":\"https:\/\/vosgesinfo.fr\/saintdieinfo\/#website\",\"url\":\"https:\/\/vosgesinfo.fr\/saintdieinfo\/\",\"name\":\"Saint Die Info\",\"description\":\"Toute l&#039;actualit\u00e9 de Saint-Di\u00e9-Des-Vosges\",\"publisher\":{\"@id\":\"https:\/\/vosgesinfo.fr\/saintdieinfo\/#organization\"},\"alternateName\":\"Toute l'actualit\u00e9 de Saint-Di\u00e9-Des-Vosges\",\"potentialAction\":[{\"@type\":\"SearchAction\",\"target\":{\"@type\":\"EntryPoint\",\"urlTemplate\":\"https:\/\/vosgesinfo.fr\/saintdieinfo\/?s={search_term_string}\"},\"query-input\":\"required name=search_term_string\"}],\"inLanguage\":\"fr-FR\"},{\"@type\":\"Organization\",\"@id\":\"https:\/\/vosgesinfo.fr\/saintdieinfo\/#organization\",\"name\":\"Saint Die Info\",\"url\":\"https:\/\/vosgesinfo.fr\/saintdieinfo\/\",\"logo\":{\"@type\":\"ImageObject\",\"inLanguage\":\"fr-FR\",\"@id\":\"https:\/\/vosgesinfo.fr\/saintdieinfo\/#\/schema\/logo\/image\/\",\"url\":\"https:\/\/vosgesinfo.fr\/app\/uploads\/sites\/4\/2024\/02\/logo-sdi.jpg\",\"contentUrl\":\"https:\/\/vosgesinfo.fr\/app\/uploads\/sites\/4\/2024\/02\/logo-sdi.jpg\",\"width\":600,\"height\":600,\"caption\":\"Saint Die Info\"},\"image\":{\"@id\":\"https:\/\/vosgesinfo.fr\/saintdieinfo\/#\/schema\/logo\/image\/\"},\"sameAs\":[\"https:\/\/www.facebook.com\/Saintdieinfofr\",\"https:\/\/x.com\/VosgesInfo88\",\"https:\/\/www.youtube.com\/@vosgesinfo\"]},{\"@type\":\"Person\",\"@id\":\"https:\/\/vosgesinfo.fr\/saintdieinfo\/#\/schema\/person\/faee6704a21f3977511db84bd1cd450f\",\"name\":\"la r\u00e9daction\",\"image\":{\"@type\":\"ImageObject\",\"inLanguage\":\"fr-FR\",\"@id\":\"https:\/\/vosgesinfo.fr\/saintdieinfo\/#\/schema\/person\/image\/\",\"url\":\"https:\/\/secure.gravatar.com\/avatar\/6673d8bc6a9c17fa9a453eaa3448de834fa308c2ec9635b7aa99441a7c8d2cf6?s=96&d=mm&r=g\",\"contentUrl\":\"https:\/\/secure.gravatar.com\/avatar\/6673d8bc6a9c17fa9a453eaa3448de834fa308c2ec9635b7aa99441a7c8d2cf6?s=96&d=mm&r=g\",\"caption\":\"la r\u00e9daction\"},\"url\":\"https:\/\/vosgesinfo.fr\/saintdieinfo\/author\/redac\/\"}]}<\/script>\n<!-- \/ Yoast SEO plugin. -->","yoast_head_json":{"title":"Raon-l'Etape \u2013 Et les laur\u00e9ats du concours de po\u00e9sie sont... - Saint Die Info","robots":{"index":"index","follow":"follow","max-snippet":"max-snippet:-1","max-image-preview":"max-image-preview:large","max-video-preview":"max-video-preview:-1"},"canonical":"https:\/\/vosgesinfo.fr\/saintdieinfo\/2021\/10\/raon-letape-laureats-concours-de-poesie\/","twitter_card":"summary_large_image","twitter_title":"Raon-l'Etape \u2013 Et les laur\u00e9ats du concours de po\u00e9sie sont... - Saint Die Info","twitter_description":"Vendredi dernier, le Salon d&rsquo;Honneur de l&rsquo;H\u00f4tel de Ville de Raon-l&rsquo;Etape a accueilli la remise des r\u00e9compenses des laur\u00e9ats du [&hellip;]","twitter_image":"https:\/\/vosgesinfo.fr\/app\/uploads\/sites\/4\/2024\/08\/202110raon-letape-concours-festival-poesie-3.jpg","twitter_creator":"@VosgesInfo88","twitter_site":"@VosgesInfo88","twitter_misc":{"\u00c9crit par":"la r\u00e9daction","Dur\u00e9e de lecture estim\u00e9e":"1 minute"},"schema":{"@context":"https:\/\/schema.org","@graph":[{"@type":"Article","@id":"https:\/\/vosgesinfo.fr\/saintdieinfo\/2021\/10\/raon-letape-laureats-concours-de-poesie\/#article","isPartOf":{"@id":"https:\/\/vosgesinfo.fr\/saintdieinfo\/2021\/10\/raon-letape-laureats-concours-de-poesie\/"},"author":{"name":"la r\u00e9daction","@id":"https:\/\/vosgesinfo.fr\/saintdieinfo\/#\/schema\/person\/faee6704a21f3977511db84bd1cd450f"},"headline":"Raon-l&rsquo;Etape \u2013 Et les laur\u00e9ats du concours de po\u00e9sie sont&#8230;","datePublished":"2021-10-18T07:47:24+00:00","dateModified":"2021-10-18T07:47:24+00:00","mainEntityOfPage":{"@id":"https:\/\/vosgesinfo.fr\/saintdieinfo\/2021\/10\/raon-letape-laureats-concours-de-poesie\/"},"wordCount":205,"commentCount":0,"publisher":{"@id":"https:\/\/vosgesinfo.fr\/saintdieinfo\/#organization"},"image":{"@id":"https:\/\/vosgesinfo.fr\/saintdieinfo\/2021\/10\/raon-letape-laureats-concours-de-poesie\/#primaryimage"},"thumbnailUrl":"https:\/\/vosgesinfo.fr\/app\/uploads\/sites\/4\/2024\/08\/202110raon-letape-concours-festival-poesie-3.jpg","keywords":["C\u00e9r\u00e9monie de remise des r\u00e9compenses","Festival de la Po\u00e9sie de Raon-l'Etape","Po\u00e9sie et Libert\u00e9","Raon-l\u2019Etape"],"articleSection":["A la Une","Saint-Di\u00e9-des-Vosges et son Agglom\u00e9ration"],"inLanguage":"fr-FR","potentialAction":[{"@type":"CommentAction","name":"Comment","target":["https:\/\/vosgesinfo.fr\/saintdieinfo\/2021\/10\/raon-letape-laureats-concours-de-poesie\/#respond"]}]},{"@type":"WebPage","@id":"https:\/\/vosgesinfo.fr\/saintdieinfo\/2021\/10\/raon-letape-laureats-concours-de-poesie\/","url":"https:\/\/vosgesinfo.fr\/saintdieinfo\/2021\/10\/raon-letape-laureats-concours-de-poesie\/","name":"Raon-l'Etape \u2013 Et les laur\u00e9ats du concours de po\u00e9sie sont... - Saint Die Info","isPartOf":{"@id":"https:\/\/vosgesinfo.fr\/saintdieinfo\/#website"},"primaryImageOfPage":{"@id":"https:\/\/vosgesinfo.fr\/saintdieinfo\/2021\/10\/raon-letape-laureats-concours-de-poesie\/#primaryimage"},"image":{"@id":"https:\/\/vosgesinfo.fr\/saintdieinfo\/2021\/10\/raon-letape-laureats-concours-de-poesie\/#primaryimage"},"thumbnailUrl":"https:\/\/vosgesinfo.fr\/app\/uploads\/sites\/4\/2024\/08\/202110raon-letape-concours-festival-poesie-3.jpg","datePublished":"2021-10-18T07:47:24+00:00","dateModified":"2021-10-18T07:47:24+00:00","breadcrumb":{"@id":"https:\/\/vosgesinfo.fr\/saintdieinfo\/2021\/10\/raon-letape-laureats-concours-de-poesie\/#breadcrumb"},"inLanguage":"fr-FR","potentialAction":[{"@type":"ReadAction","target":["https:\/\/vosgesinfo.fr\/saintdieinfo\/2021\/10\/raon-letape-laureats-concours-de-poesie\/"]}]},{"@type":"ImageObject","inLanguage":"fr-FR","@id":"https:\/\/vosgesinfo.fr\/saintdieinfo\/2021\/10\/raon-letape-laureats-concours-de-poesie\/#primaryimage","url":"https:\/\/vosgesinfo.fr\/app\/uploads\/sites\/4\/2024\/08\/202110raon-letape-concours-festival-poesie-3.jpg","contentUrl":"https:\/\/vosgesinfo.fr\/app\/uploads\/sites\/4\/2024\/08\/202110raon-letape-concours-festival-poesie-3.jpg","width":705,"height":800},{"@type":"BreadcrumbList","@id":"https:\/\/vosgesinfo.fr\/saintdieinfo\/2021\/10\/raon-letape-laureats-concours-de-poesie\/#breadcrumb","itemListElement":[{"@type":"ListItem","position":1,"name":"Home","item":"https:\/\/vosgesinfo.fr\/saintdieinfo\/"},{"@type":"ListItem","position":2,"name":"Raon-l&rsquo;Etape \u2013 Et les laur\u00e9ats du concours de po\u00e9sie sont&#8230;"}]},{"@type":"WebSite","@id":"https:\/\/vosgesinfo.fr\/saintdieinfo\/#website","url":"https:\/\/vosgesinfo.fr\/saintdieinfo\/","name":"Saint Die Info","description":"Toute l&#039;actualit\u00e9 de Saint-Di\u00e9-Des-Vosges","publisher":{"@id":"https:\/\/vosgesinfo.fr\/saintdieinfo\/#organization"},"alternateName":"Toute l'actualit\u00e9 de Saint-Di\u00e9-Des-Vosges","potentialAction":[{"@type":"SearchAction","target":{"@type":"EntryPoint","urlTemplate":"https:\/\/vosgesinfo.fr\/saintdieinfo\/?s={search_term_string}"},"query-input":"required name=search_term_string"}],"inLanguage":"fr-FR"},{"@type":"Organization","@id":"https:\/\/vosgesinfo.fr\/saintdieinfo\/#organization","name":"Saint Die Info","url":"https:\/\/vosgesinfo.fr\/saintdieinfo\/","logo":{"@type":"ImageObject","inLanguage":"fr-FR","@id":"https:\/\/vosgesinfo.fr\/saintdieinfo\/#\/schema\/logo\/image\/","url":"https:\/\/vosgesinfo.fr\/app\/uploads\/sites\/4\/2024\/02\/logo-sdi.jpg","contentUrl":"https:\/\/vosgesinfo.fr\/app\/uploads\/sites\/4\/2024\/02\/logo-sdi.jpg","width":600,"height":600,"caption":"Saint Die Info"},"image":{"@id":"https:\/\/vosgesinfo.fr\/saintdieinfo\/#\/schema\/logo\/image\/"},"sameAs":["https:\/\/www.facebook.com\/Saintdieinfofr","https:\/\/x.com\/VosgesInfo88","https:\/\/www.youtube.com\/@vosgesinfo"]},{"@type":"Person","@id":"https:\/\/vosgesinfo.fr\/saintdieinfo\/#\/schema\/person\/faee6704a21f3977511db84bd1cd450f","name":"la r\u00e9daction","image":{"@type":"ImageObject","inLanguage":"fr-FR","@id":"https:\/\/vosgesinfo.fr\/saintdieinfo\/#\/schema\/person\/image\/","url":"https:\/\/secure.gravatar.com\/avatar\/6673d8bc6a9c17fa9a453eaa3448de834fa308c2ec9635b7aa99441a7c8d2cf6?s=96&d=mm&r=g","contentUrl":"https:\/\/secure.gravatar.com\/avatar\/6673d8bc6a9c17fa9a453eaa3448de834fa308c2ec9635b7aa99441a7c8d2cf6?s=96&d=mm&r=g","caption":"la r\u00e9daction"},"url":"https:\/\/vosgesinfo.fr\/saintdieinfo\/author\/redac\/"}]}},"_links":{"self":[{"href":"https:\/\/vosgesinfo.fr\/saintdieinfo\/wp-json\/wp\/v2\/posts\/44102","targetHints":{"allow":["GET"]}}],"collection":[{"href":"https:\/\/vosgesinfo.fr\/saintdieinfo\/wp-json\/wp\/v2\/posts"}],"about":[{"href":"https:\/\/vosgesinfo.fr\/saintdieinfo\/wp-json\/wp\/v2\/types\/post"}],"author":[{"embeddable":true,"href":"https:\/\/vosgesinfo.fr\/saintdieinfo\/wp-json\/wp\/v2\/users\/44"}],"replies":[{"embeddable":true,"href":"https:\/\/vosgesinfo.fr\/saintdieinfo\/wp-json\/wp\/v2\/comments?post=44102"}],"version-history":[{"count":0,"href":"https:\/\/vosgesinfo.fr\/saintdieinfo\/wp-json\/wp\/v2\/posts\/44102\/revisions"}],"wp:featuredmedia":[{"embeddable":true,"href":"https:\/\/vosgesinfo.fr\/saintdieinfo\/wp-json\/wp\/v2\/media\/44103"}],"wp:attachment":[{"href":"https:\/\/vosgesinfo.fr\/saintdieinfo\/wp-json\/wp\/v2\/media?parent=44102"}],"wp:term":[{"taxonomy":"category","embeddable":true,"href":"https:\/\/vosgesinfo.fr\/saintdieinfo\/wp-json\/wp\/v2\/categories?post=44102"},{"taxonomy":"post_tag","embeddable":true,"href":"https:\/\/vosgesinfo.fr\/saintdieinfo\/wp-json\/wp\/v2\/tags?post=44102"}],"curies":[{"name":"wp","href":"https:\/\/api.w.org\/{rel}","templated":true}]}}