{"id":44222,"date":"2021-10-21T10:53:15","date_gmt":"2021-10-21T08:53:15","guid":{"rendered":"https:\/\/vosgesinfo.fr\/saintdieinfo\/2021\/10\/centre-hospitalier-de-saint-die-vosges-va-beneficier-de-fonds-europeens\/"},"modified":"2021-10-21T10:53:15","modified_gmt":"2021-10-21T08:53:15","slug":"centre-hospitalier-de-saint-die-vosges-va-beneficier-de-fonds-europeens","status":"publish","type":"post","link":"https:\/\/vosgesinfo.fr\/saintdieinfo\/2021\/10\/centre-hospitalier-de-saint-die-vosges-va-beneficier-de-fonds-europeens\/","title":{"rendered":"Le Centre Hospitalier de Saint-Di\u00e9-des-Vosges va b\u00e9n\u00e9ficier de fonds europ\u00e9ens"},"content":{"rendered":"<p><a href=\"\/2017\/10\/Centre_Hospitalier_Saint-Charles.jpg\"><img decoding=\"async\" class=\"aligncenter size-large wp-image-110982\" src=\"\/2017\/10\/Centre_Hospitalier_Saint-Charles-1024x486.jpg\" alt=\"Centre_Hospitalier_Saint-Charles\" width=\"960\" height=\"456\" \/><\/a><\/p>\n<h2><span style=\"font-size: 14pt;\"><strong>Une enveloppe de 40 millions d&rsquo;euros a \u00e9t\u00e9 d\u00e9bloqu\u00e9e, \u00e0 la suite du comit\u00e9 du 15 octobre r\u00e9unissant les acteurs institutionnels r\u00e9gionaux, \u00e0 destination des porteurs de projet du Grand Est.<\/strong><\/span><\/h2>\n<p><!--more--><\/p>\n<p>Ces 40 millions d&rsquo;euros b\u00e9n\u00e9ficieront \u00e0 93 actions de diff\u00e9rentes natures, comme l&rsquo;\u00e9conomie, la formation, la transition \u00e9nerg\u00e9tique ou la sant\u00e9. En tant qu&rsquo;autorit\u00e9 des fonds structurels europ\u00e9ens, c&rsquo;est la R\u00e9gion Grand Est qui se charge d&rsquo;attribuer les cr\u00e9dits \u00ab\u00a0REACT-EU\u00a0\u00bb, d\u00e9coulant du plan de relance de l&rsquo;Union Europ\u00e9enne. A ce jour, 18 projets ont d&rsquo;ores et d\u00e9j\u00e0 \u00e9t\u00e9 retenus, qui repr\u00e9sentent 26,5 millions d&rsquo;euros.<\/p>\n<p>C&rsquo;est au titre de cette aide europ\u00e9enne que 7 Centres Hospitaliers du Grand Est vont obtenir des financements \u00e0 hauteur de 6,3 millions d&rsquo;euros. Le Centre Hospitalier de Saint-Di\u00e9-des-Vosges \u00e9tant l&rsquo;un des 7 \u00e9tablissements concern\u00e9s. Ces financements seront principalement destin\u00e9s \u00e0 l&rsquo;acquisition d&rsquo;\u00e9quipements biom\u00e9dicaux, \u00e0 l&rsquo;am\u00e9lioration des syst\u00e8mes de gestion informatis\u00e9e ou \u00e0 l&rsquo;augmentation des capacit\u00e9s d&rsquo;accueil \u2013 de l&rsquo;ordre de 20% &#8211; des centres de formation en soins infirmiers.<\/p>\n<p>J.J.<\/p>\n","protected":false},"excerpt":{"rendered":"<p>Une enveloppe de 40 millions d&rsquo;euros a \u00e9t\u00e9 d\u00e9bloqu\u00e9e, \u00e0 la suite du comit\u00e9 du 15 octobre r\u00e9unissant les acteurs [&hellip;]<\/p>\n","protected":false},"author":44,"featured_media":44223,"comment_status":"open","ping_status":"open","sticky":false,"template":"","format":"standard","meta":{"footnotes":""},"categories":[460,3628,2915,4152,13],"tags":[3056,9260,852,6123],"class_list":["post-44222","post","type-post","status-publish","format-standard","has-post-thumbnail","hentry","category-a-la-une","category-region-grand-est","category-saint-die-son-canton","category-sante","category-societe","tag-centre-hospitalier-de-saint-die-des-vosges","tag-react-eu","tag-region-grand-est","tag-union-europeenne"],"acf":[],"yoast_head":"<!-- This site is optimized with the Yoast SEO plugin v22.5 - https:\/\/yoast.com\/wordpress\/plugins\/seo\/ -->\n<title>Le Centre Hospitalier de Saint-Di\u00e9-des-Vosges va b\u00e9n\u00e9ficier de fonds europ\u00e9ens - Saint Die Info<\/title>\n<meta name=\"robots\" content=\"index, follow, max-snippet:-1, max-image-preview:large, max-video-preview:-1\" \/>\n<link rel=\"canonical\" href=\"https:\/\/vosgesinfo.fr\/saintdieinfo\/2021\/10\/centre-hospitalier-de-saint-die-vosges-va-beneficier-de-fonds-europeens\/\" \/>\n<meta name=\"twitter:card\" content=\"summary_large_image\" \/>\n<meta name=\"twitter:title\" content=\"Le Centre Hospitalier de Saint-Di\u00e9-des-Vosges va b\u00e9n\u00e9ficier de fonds europ\u00e9ens - Saint Die Info\" \/>\n<meta name=\"twitter:description\" content=\"Une enveloppe de 40 millions d&rsquo;euros a \u00e9t\u00e9 d\u00e9bloqu\u00e9e, \u00e0 la suite du comit\u00e9 du 15 octobre r\u00e9unissant les acteurs [&hellip;]\" \/>\n<meta name=\"twitter:image\" content=\"https:\/\/vosgesinfo.fr\/app\/uploads\/sites\/4\/2024\/08\/201710centre-hospitalier-saint-charles-21.jpg\" \/>\n<meta name=\"twitter:creator\" content=\"@VosgesInfo88\" \/>\n<meta name=\"twitter:site\" content=\"@VosgesInfo88\" \/>\n<meta name=\"twitter:label1\" content=\"\u00c9crit par\" \/>\n\t<meta name=\"twitter:data1\" content=\"la r\u00e9daction\" \/>\n\t<meta name=\"twitter:label2\" content=\"Dur\u00e9e de lecture estim\u00e9e\" \/>\n\t<meta name=\"twitter:data2\" content=\"1 minute\" \/>\n<script type=\"application\/ld+json\" class=\"yoast-schema-graph\">{\"@context\":\"https:\/\/schema.org\",\"@graph\":[{\"@type\":\"Article\",\"@id\":\"https:\/\/vosgesinfo.fr\/saintdieinfo\/2021\/10\/centre-hospitalier-de-saint-die-vosges-va-beneficier-de-fonds-europeens\/#article\",\"isPartOf\":{\"@id\":\"https:\/\/vosgesinfo.fr\/saintdieinfo\/2021\/10\/centre-hospitalier-de-saint-die-vosges-va-beneficier-de-fonds-europeens\/\"},\"author\":{\"name\":\"la r\u00e9daction\",\"@id\":\"https:\/\/vosgesinfo.fr\/saintdieinfo\/#\/schema\/person\/faee6704a21f3977511db84bd1cd450f\"},\"headline\":\"Le Centre Hospitalier de Saint-Di\u00e9-des-Vosges va b\u00e9n\u00e9ficier de fonds europ\u00e9ens\",\"datePublished\":\"2021-10-21T08:53:15+00:00\",\"dateModified\":\"2021-10-21T08:53:15+00:00\",\"mainEntityOfPage\":{\"@id\":\"https:\/\/vosgesinfo.fr\/saintdieinfo\/2021\/10\/centre-hospitalier-de-saint-die-vosges-va-beneficier-de-fonds-europeens\/\"},\"wordCount\":205,\"commentCount\":0,\"publisher\":{\"@id\":\"https:\/\/vosgesinfo.fr\/saintdieinfo\/#organization\"},\"image\":{\"@id\":\"https:\/\/vosgesinfo.fr\/saintdieinfo\/2021\/10\/centre-hospitalier-de-saint-die-vosges-va-beneficier-de-fonds-europeens\/#primaryimage\"},\"thumbnailUrl\":\"https:\/\/vosgesinfo.fr\/app\/uploads\/sites\/4\/2024\/08\/201710centre-hospitalier-saint-charles-21.jpg\",\"keywords\":[\"Centre Hospitalier de Saint-Di\u00e9-des-Vosges\",\"REACT-EU\",\"R\u00e9gion Grand Est\",\"Union Europ\u00e9enne\"],\"articleSection\":[\"A la Une\",\"R\u00e9gion Grand Est\",\"Saint-Di\u00e9-des-Vosges et son Agglom\u00e9ration\",\"Sant\u00e9\",\"Soci\u00e9t\u00e9\"],\"inLanguage\":\"fr-FR\",\"potentialAction\":[{\"@type\":\"CommentAction\",\"name\":\"Comment\",\"target\":[\"https:\/\/vosgesinfo.fr\/saintdieinfo\/2021\/10\/centre-hospitalier-de-saint-die-vosges-va-beneficier-de-fonds-europeens\/#respond\"]}]},{\"@type\":\"WebPage\",\"@id\":\"https:\/\/vosgesinfo.fr\/saintdieinfo\/2021\/10\/centre-hospitalier-de-saint-die-vosges-va-beneficier-de-fonds-europeens\/\",\"url\":\"https:\/\/vosgesinfo.fr\/saintdieinfo\/2021\/10\/centre-hospitalier-de-saint-die-vosges-va-beneficier-de-fonds-europeens\/\",\"name\":\"Le Centre Hospitalier de Saint-Di\u00e9-des-Vosges va b\u00e9n\u00e9ficier de fonds europ\u00e9ens - Saint Die Info\",\"isPartOf\":{\"@id\":\"https:\/\/vosgesinfo.fr\/saintdieinfo\/#website\"},\"primaryImageOfPage\":{\"@id\":\"https:\/\/vosgesinfo.fr\/saintdieinfo\/2021\/10\/centre-hospitalier-de-saint-die-vosges-va-beneficier-de-fonds-europeens\/#primaryimage\"},\"image\":{\"@id\":\"https:\/\/vosgesinfo.fr\/saintdieinfo\/2021\/10\/centre-hospitalier-de-saint-die-vosges-va-beneficier-de-fonds-europeens\/#primaryimage\"},\"thumbnailUrl\":\"https:\/\/vosgesinfo.fr\/app\/uploads\/sites\/4\/2024\/08\/201710centre-hospitalier-saint-charles-21.jpg\",\"datePublished\":\"2021-10-21T08:53:15+00:00\",\"dateModified\":\"2021-10-21T08:53:15+00:00\",\"breadcrumb\":{\"@id\":\"https:\/\/vosgesinfo.fr\/saintdieinfo\/2021\/10\/centre-hospitalier-de-saint-die-vosges-va-beneficier-de-fonds-europeens\/#breadcrumb\"},\"inLanguage\":\"fr-FR\",\"potentialAction\":[{\"@type\":\"ReadAction\",\"target\":[\"https:\/\/vosgesinfo.fr\/saintdieinfo\/2021\/10\/centre-hospitalier-de-saint-die-vosges-va-beneficier-de-fonds-europeens\/\"]}]},{\"@type\":\"ImageObject\",\"inLanguage\":\"fr-FR\",\"@id\":\"https:\/\/vosgesinfo.fr\/saintdieinfo\/2021\/10\/centre-hospitalier-de-saint-die-vosges-va-beneficier-de-fonds-europeens\/#primaryimage\",\"url\":\"https:\/\/vosgesinfo.fr\/app\/uploads\/sites\/4\/2024\/08\/201710centre-hospitalier-saint-charles-21.jpg\",\"contentUrl\":\"https:\/\/vosgesinfo.fr\/app\/uploads\/sites\/4\/2024\/08\/201710centre-hospitalier-saint-charles-21.jpg\",\"width\":2126,\"height\":1010},{\"@type\":\"BreadcrumbList\",\"@id\":\"https:\/\/vosgesinfo.fr\/saintdieinfo\/2021\/10\/centre-hospitalier-de-saint-die-vosges-va-beneficier-de-fonds-europeens\/#breadcrumb\",\"itemListElement\":[{\"@type\":\"ListItem\",\"position\":1,\"name\":\"Home\",\"item\":\"https:\/\/vosgesinfo.fr\/saintdieinfo\/\"},{\"@type\":\"ListItem\",\"position\":2,\"name\":\"Le Centre Hospitalier de Saint-Di\u00e9-des-Vosges va b\u00e9n\u00e9ficier de fonds europ\u00e9ens\"}]},{\"@type\":\"WebSite\",\"@id\":\"https:\/\/vosgesinfo.fr\/saintdieinfo\/#website\",\"url\":\"https:\/\/vosgesinfo.fr\/saintdieinfo\/\",\"name\":\"Saint Die Info\",\"description\":\"Toute l&#039;actualit\u00e9 de Saint-Di\u00e9-Des-Vosges\",\"publisher\":{\"@id\":\"https:\/\/vosgesinfo.fr\/saintdieinfo\/#organization\"},\"alternateName\":\"Toute l'actualit\u00e9 de Saint-Di\u00e9-Des-Vosges\",\"potentialAction\":[{\"@type\":\"SearchAction\",\"target\":{\"@type\":\"EntryPoint\",\"urlTemplate\":\"https:\/\/vosgesinfo.fr\/saintdieinfo\/?s={search_term_string}\"},\"query-input\":\"required name=search_term_string\"}],\"inLanguage\":\"fr-FR\"},{\"@type\":\"Organization\",\"@id\":\"https:\/\/vosgesinfo.fr\/saintdieinfo\/#organization\",\"name\":\"Saint Die Info\",\"url\":\"https:\/\/vosgesinfo.fr\/saintdieinfo\/\",\"logo\":{\"@type\":\"ImageObject\",\"inLanguage\":\"fr-FR\",\"@id\":\"https:\/\/vosgesinfo.fr\/saintdieinfo\/#\/schema\/logo\/image\/\",\"url\":\"https:\/\/vosgesinfo.fr\/app\/uploads\/sites\/4\/2024\/02\/logo-sdi.jpg\",\"contentUrl\":\"https:\/\/vosgesinfo.fr\/app\/uploads\/sites\/4\/2024\/02\/logo-sdi.jpg\",\"width\":600,\"height\":600,\"caption\":\"Saint Die Info\"},\"image\":{\"@id\":\"https:\/\/vosgesinfo.fr\/saintdieinfo\/#\/schema\/logo\/image\/\"},\"sameAs\":[\"https:\/\/www.facebook.com\/Saintdieinfofr\",\"https:\/\/x.com\/VosgesInfo88\",\"https:\/\/www.youtube.com\/@vosgesinfo\"]},{\"@type\":\"Person\",\"@id\":\"https:\/\/vosgesinfo.fr\/saintdieinfo\/#\/schema\/person\/faee6704a21f3977511db84bd1cd450f\",\"name\":\"la r\u00e9daction\",\"image\":{\"@type\":\"ImageObject\",\"inLanguage\":\"fr-FR\",\"@id\":\"https:\/\/vosgesinfo.fr\/saintdieinfo\/#\/schema\/person\/image\/\",\"url\":\"https:\/\/secure.gravatar.com\/avatar\/6673d8bc6a9c17fa9a453eaa3448de834fa308c2ec9635b7aa99441a7c8d2cf6?s=96&d=mm&r=g\",\"contentUrl\":\"https:\/\/secure.gravatar.com\/avatar\/6673d8bc6a9c17fa9a453eaa3448de834fa308c2ec9635b7aa99441a7c8d2cf6?s=96&d=mm&r=g\",\"caption\":\"la r\u00e9daction\"},\"url\":\"https:\/\/vosgesinfo.fr\/saintdieinfo\/author\/redac\/\"}]}<\/script>\n<!-- \/ Yoast SEO plugin. -->","yoast_head_json":{"title":"Le Centre Hospitalier de Saint-Di\u00e9-des-Vosges va b\u00e9n\u00e9ficier de fonds europ\u00e9ens - Saint Die Info","robots":{"index":"index","follow":"follow","max-snippet":"max-snippet:-1","max-image-preview":"max-image-preview:large","max-video-preview":"max-video-preview:-1"},"canonical":"https:\/\/vosgesinfo.fr\/saintdieinfo\/2021\/10\/centre-hospitalier-de-saint-die-vosges-va-beneficier-de-fonds-europeens\/","twitter_card":"summary_large_image","twitter_title":"Le Centre Hospitalier de Saint-Di\u00e9-des-Vosges va b\u00e9n\u00e9ficier de fonds europ\u00e9ens - Saint Die Info","twitter_description":"Une enveloppe de 40 millions d&rsquo;euros a \u00e9t\u00e9 d\u00e9bloqu\u00e9e, \u00e0 la suite du comit\u00e9 du 15 octobre r\u00e9unissant les acteurs [&hellip;]","twitter_image":"https:\/\/vosgesinfo.fr\/app\/uploads\/sites\/4\/2024\/08\/201710centre-hospitalier-saint-charles-21.jpg","twitter_creator":"@VosgesInfo88","twitter_site":"@VosgesInfo88","twitter_misc":{"\u00c9crit par":"la r\u00e9daction","Dur\u00e9e de lecture estim\u00e9e":"1 minute"},"schema":{"@context":"https:\/\/schema.org","@graph":[{"@type":"Article","@id":"https:\/\/vosgesinfo.fr\/saintdieinfo\/2021\/10\/centre-hospitalier-de-saint-die-vosges-va-beneficier-de-fonds-europeens\/#article","isPartOf":{"@id":"https:\/\/vosgesinfo.fr\/saintdieinfo\/2021\/10\/centre-hospitalier-de-saint-die-vosges-va-beneficier-de-fonds-europeens\/"},"author":{"name":"la r\u00e9daction","@id":"https:\/\/vosgesinfo.fr\/saintdieinfo\/#\/schema\/person\/faee6704a21f3977511db84bd1cd450f"},"headline":"Le Centre Hospitalier de Saint-Di\u00e9-des-Vosges va b\u00e9n\u00e9ficier de fonds europ\u00e9ens","datePublished":"2021-10-21T08:53:15+00:00","dateModified":"2021-10-21T08:53:15+00:00","mainEntityOfPage":{"@id":"https:\/\/vosgesinfo.fr\/saintdieinfo\/2021\/10\/centre-hospitalier-de-saint-die-vosges-va-beneficier-de-fonds-europeens\/"},"wordCount":205,"commentCount":0,"publisher":{"@id":"https:\/\/vosgesinfo.fr\/saintdieinfo\/#organization"},"image":{"@id":"https:\/\/vosgesinfo.fr\/saintdieinfo\/2021\/10\/centre-hospitalier-de-saint-die-vosges-va-beneficier-de-fonds-europeens\/#primaryimage"},"thumbnailUrl":"https:\/\/vosgesinfo.fr\/app\/uploads\/sites\/4\/2024\/08\/201710centre-hospitalier-saint-charles-21.jpg","keywords":["Centre Hospitalier de Saint-Di\u00e9-des-Vosges","REACT-EU","R\u00e9gion Grand Est","Union Europ\u00e9enne"],"articleSection":["A la Une","R\u00e9gion Grand Est","Saint-Di\u00e9-des-Vosges et son Agglom\u00e9ration","Sant\u00e9","Soci\u00e9t\u00e9"],"inLanguage":"fr-FR","potentialAction":[{"@type":"CommentAction","name":"Comment","target":["https:\/\/vosgesinfo.fr\/saintdieinfo\/2021\/10\/centre-hospitalier-de-saint-die-vosges-va-beneficier-de-fonds-europeens\/#respond"]}]},{"@type":"WebPage","@id":"https:\/\/vosgesinfo.fr\/saintdieinfo\/2021\/10\/centre-hospitalier-de-saint-die-vosges-va-beneficier-de-fonds-europeens\/","url":"https:\/\/vosgesinfo.fr\/saintdieinfo\/2021\/10\/centre-hospitalier-de-saint-die-vosges-va-beneficier-de-fonds-europeens\/","name":"Le Centre Hospitalier de Saint-Di\u00e9-des-Vosges va b\u00e9n\u00e9ficier de fonds europ\u00e9ens - Saint Die Info","isPartOf":{"@id":"https:\/\/vosgesinfo.fr\/saintdieinfo\/#website"},"primaryImageOfPage":{"@id":"https:\/\/vosgesinfo.fr\/saintdieinfo\/2021\/10\/centre-hospitalier-de-saint-die-vosges-va-beneficier-de-fonds-europeens\/#primaryimage"},"image":{"@id":"https:\/\/vosgesinfo.fr\/saintdieinfo\/2021\/10\/centre-hospitalier-de-saint-die-vosges-va-beneficier-de-fonds-europeens\/#primaryimage"},"thumbnailUrl":"https:\/\/vosgesinfo.fr\/app\/uploads\/sites\/4\/2024\/08\/201710centre-hospitalier-saint-charles-21.jpg","datePublished":"2021-10-21T08:53:15+00:00","dateModified":"2021-10-21T08:53:15+00:00","breadcrumb":{"@id":"https:\/\/vosgesinfo.fr\/saintdieinfo\/2021\/10\/centre-hospitalier-de-saint-die-vosges-va-beneficier-de-fonds-europeens\/#breadcrumb"},"inLanguage":"fr-FR","potentialAction":[{"@type":"ReadAction","target":["https:\/\/vosgesinfo.fr\/saintdieinfo\/2021\/10\/centre-hospitalier-de-saint-die-vosges-va-beneficier-de-fonds-europeens\/"]}]},{"@type":"ImageObject","inLanguage":"fr-FR","@id":"https:\/\/vosgesinfo.fr\/saintdieinfo\/2021\/10\/centre-hospitalier-de-saint-die-vosges-va-beneficier-de-fonds-europeens\/#primaryimage","url":"https:\/\/vosgesinfo.fr\/app\/uploads\/sites\/4\/2024\/08\/201710centre-hospitalier-saint-charles-21.jpg","contentUrl":"https:\/\/vosgesinfo.fr\/app\/uploads\/sites\/4\/2024\/08\/201710centre-hospitalier-saint-charles-21.jpg","width":2126,"height":1010},{"@type":"BreadcrumbList","@id":"https:\/\/vosgesinfo.fr\/saintdieinfo\/2021\/10\/centre-hospitalier-de-saint-die-vosges-va-beneficier-de-fonds-europeens\/#breadcrumb","itemListElement":[{"@type":"ListItem","position":1,"name":"Home","item":"https:\/\/vosgesinfo.fr\/saintdieinfo\/"},{"@type":"ListItem","position":2,"name":"Le Centre Hospitalier de Saint-Di\u00e9-des-Vosges va b\u00e9n\u00e9ficier de fonds europ\u00e9ens"}]},{"@type":"WebSite","@id":"https:\/\/vosgesinfo.fr\/saintdieinfo\/#website","url":"https:\/\/vosgesinfo.fr\/saintdieinfo\/","name":"Saint Die Info","description":"Toute l&#039;actualit\u00e9 de Saint-Di\u00e9-Des-Vosges","publisher":{"@id":"https:\/\/vosgesinfo.fr\/saintdieinfo\/#organization"},"alternateName":"Toute l'actualit\u00e9 de Saint-Di\u00e9-Des-Vosges","potentialAction":[{"@type":"SearchAction","target":{"@type":"EntryPoint","urlTemplate":"https:\/\/vosgesinfo.fr\/saintdieinfo\/?s={search_term_string}"},"query-input":"required name=search_term_string"}],"inLanguage":"fr-FR"},{"@type":"Organization","@id":"https:\/\/vosgesinfo.fr\/saintdieinfo\/#organization","name":"Saint Die Info","url":"https:\/\/vosgesinfo.fr\/saintdieinfo\/","logo":{"@type":"ImageObject","inLanguage":"fr-FR","@id":"https:\/\/vosgesinfo.fr\/saintdieinfo\/#\/schema\/logo\/image\/","url":"https:\/\/vosgesinfo.fr\/app\/uploads\/sites\/4\/2024\/02\/logo-sdi.jpg","contentUrl":"https:\/\/vosgesinfo.fr\/app\/uploads\/sites\/4\/2024\/02\/logo-sdi.jpg","width":600,"height":600,"caption":"Saint Die Info"},"image":{"@id":"https:\/\/vosgesinfo.fr\/saintdieinfo\/#\/schema\/logo\/image\/"},"sameAs":["https:\/\/www.facebook.com\/Saintdieinfofr","https:\/\/x.com\/VosgesInfo88","https:\/\/www.youtube.com\/@vosgesinfo"]},{"@type":"Person","@id":"https:\/\/vosgesinfo.fr\/saintdieinfo\/#\/schema\/person\/faee6704a21f3977511db84bd1cd450f","name":"la r\u00e9daction","image":{"@type":"ImageObject","inLanguage":"fr-FR","@id":"https:\/\/vosgesinfo.fr\/saintdieinfo\/#\/schema\/person\/image\/","url":"https:\/\/secure.gravatar.com\/avatar\/6673d8bc6a9c17fa9a453eaa3448de834fa308c2ec9635b7aa99441a7c8d2cf6?s=96&d=mm&r=g","contentUrl":"https:\/\/secure.gravatar.com\/avatar\/6673d8bc6a9c17fa9a453eaa3448de834fa308c2ec9635b7aa99441a7c8d2cf6?s=96&d=mm&r=g","caption":"la r\u00e9daction"},"url":"https:\/\/vosgesinfo.fr\/saintdieinfo\/author\/redac\/"}]}},"_links":{"self":[{"href":"https:\/\/vosgesinfo.fr\/saintdieinfo\/wp-json\/wp\/v2\/posts\/44222","targetHints":{"allow":["GET"]}}],"collection":[{"href":"https:\/\/vosgesinfo.fr\/saintdieinfo\/wp-json\/wp\/v2\/posts"}],"about":[{"href":"https:\/\/vosgesinfo.fr\/saintdieinfo\/wp-json\/wp\/v2\/types\/post"}],"author":[{"embeddable":true,"href":"https:\/\/vosgesinfo.fr\/saintdieinfo\/wp-json\/wp\/v2\/users\/44"}],"replies":[{"embeddable":true,"href":"https:\/\/vosgesinfo.fr\/saintdieinfo\/wp-json\/wp\/v2\/comments?post=44222"}],"version-history":[{"count":0,"href":"https:\/\/vosgesinfo.fr\/saintdieinfo\/wp-json\/wp\/v2\/posts\/44222\/revisions"}],"wp:featuredmedia":[{"embeddable":true,"href":"https:\/\/vosgesinfo.fr\/saintdieinfo\/wp-json\/wp\/v2\/media\/44223"}],"wp:attachment":[{"href":"https:\/\/vosgesinfo.fr\/saintdieinfo\/wp-json\/wp\/v2\/media?parent=44222"}],"wp:term":[{"taxonomy":"category","embeddable":true,"href":"https:\/\/vosgesinfo.fr\/saintdieinfo\/wp-json\/wp\/v2\/categories?post=44222"},{"taxonomy":"post_tag","embeddable":true,"href":"https:\/\/vosgesinfo.fr\/saintdieinfo\/wp-json\/wp\/v2\/tags?post=44222"}],"curies":[{"name":"wp","href":"https:\/\/api.w.org\/{rel}","templated":true}]}}