{"id":44224,"date":"2021-10-21T10:56:28","date_gmt":"2021-10-21T08:56:28","guid":{"rendered":"https:\/\/vosgesinfo.fr\/saintdieinfo\/2021\/10\/plainfaing-lenz-marche-a-travers-vosges-cinema-de-noirgoutte\/"},"modified":"2021-10-21T10:56:28","modified_gmt":"2021-10-21T08:56:28","slug":"plainfaing-lenz-marche-a-travers-vosges-cinema-de-noirgoutte","status":"publish","type":"post","link":"https:\/\/vosgesinfo.fr\/saintdieinfo\/2021\/10\/plainfaing-lenz-marche-a-travers-vosges-cinema-de-noirgoutte\/","title":{"rendered":"Plainfaing &#8211; \u00ab\u00a0Lenz, une marche \u00e0 travers les Vosges\u00a0\u00bb au cin\u00e9ma de Noirgoutte"},"content":{"rendered":"<p><a href=\"\/2021\/10\/Plainfaing-Lenz_Marche_Vosges.jpg\" target=\"_blank\" rel=\"noopener\"><img decoding=\"async\" class=\"aligncenter wp-image-173389 size-full\" src=\"\/2021\/10\/Plainfaing-Lenz_Marche_Vosges.jpg\" alt=\"Plainfaing-Lenz_Marche_Vosges\" width=\"580\" height=\"283\" \/><\/a><\/p>\n<h2><span style=\"font-size: 14pt;\"><strong>Pour la 4\u00e8me ann\u00e9e cons\u00e9cutive, le projet \u00ab Lenz, une marche \u00e0 travers les Vosges \u00bb repart en tourn\u00e9e dans les villages du territoire du Parc naturel r\u00e9gional des Ballons des Vosges.<\/strong><\/span><\/h2>\n<p><!--more--><\/p>\n<p>Au programme pour cette ultime tourn\u00e9e : 8 repr\u00e9sentations, plus de 100 km de marche sur les sentiers vosgiens et une reprise des dates dans les Vosges alsaciennes qui n\u2019ont pu se tenir l\u2019ann\u00e9e derni\u00e8re en raison de la crise sanitaire.<\/p>\n<p>Depuis 2018, en coop\u00e9ration avec le Parc naturel r\u00e9gional des Ballons des Vosges, Simon Del\u00e9tang, artiste-directeur du Th\u00e9\u00e2tre du Peuple, emprunte chaque ann\u00e9e les sentiers pour rejoindre \u00e0 pied les lieux d\u2019accueil et d\u2019\u00e9tape o\u00f9 il pr\u00e9sente Lenz, le texte mythique de Georg B\u00fcchner. Acteur et metteur en sc\u00e8ne de ce spectacle Simon Del\u00e9tang se rend de village en village en marchant seul ou accompagn\u00e9 de randonneurs et d\u2019habitants et joue le soir le spectacle dans un lieu d\u2019\u00e9tape. Avec cette carte po\u00e9tique, il va \u00e0 la rencontre des habitants.<\/p>\n<p>Une repr\u00e9sentation de \u00ab Lenz, une marche \u00e0 travers les Vosges \u00bb est programm\u00e9e \u00e0 Plainfaing le mercredi 27 octobre, \u00e0 20h au cin\u00e9ma de Noirgoutte. Entr\u00e9e payante, au tarif de 5 euros, et pass sanitaire obligatoire. R\u00e9servations aupr\u00e8s de \u00ab\u00a0Les B\u00e9rets Randonneurs\u00a0\u00bb, par t\u00e9l\u00e9phone au <strong>06-07-23-00-85<\/strong>, ou via l&rsquo;adresse <strong><a href=\"mailto:jean-charles.berets@orange.fr\" target=\"_blank\" rel=\"noopener\">jean-charles.berets@orange.fr<\/a><\/strong>.<\/p>\n","protected":false},"excerpt":{"rendered":"<p>Pour la 4\u00e8me ann\u00e9e cons\u00e9cutive, le projet \u00ab Lenz, une marche \u00e0 travers les Vosges \u00bb repart en tourn\u00e9e dans [&hellip;]<\/p>\n","protected":false},"author":44,"featured_media":44225,"comment_status":"open","ping_status":"open","sticky":false,"template":"","format":"standard","meta":{"footnotes":""},"categories":[460,7847,2915],"tags":[4793,9261,4262,2481,9262,9263],"class_list":["post-44224","post","type-post","status-publish","format-standard","has-post-thumbnail","hentry","category-a-la-une","category-art-culture","category-saint-die-son-canton","tag-cinema-de-noirgoutte","tag-lenz-une-marche-a-travers-les-vosges","tag-parc-naturel-regional-des-ballons-des-vosges","tag-plainfaing","tag-simon-deletang","tag-theatre-du-peuple"],"acf":[],"yoast_head":"<!-- This site is optimized with the Yoast SEO plugin v22.5 - https:\/\/yoast.com\/wordpress\/plugins\/seo\/ -->\n<title>Plainfaing - \u00ab\u00a0Lenz, une marche \u00e0 travers les Vosges\u00a0\u00bb au cin\u00e9ma de Noirgoutte - Saint Die Info<\/title>\n<meta name=\"robots\" content=\"index, follow, max-snippet:-1, max-image-preview:large, max-video-preview:-1\" \/>\n<link rel=\"canonical\" href=\"https:\/\/vosgesinfo.fr\/saintdieinfo\/2021\/10\/plainfaing-lenz-marche-a-travers-vosges-cinema-de-noirgoutte\/\" \/>\n<meta name=\"twitter:card\" content=\"summary_large_image\" \/>\n<meta name=\"twitter:title\" content=\"Plainfaing - \u00ab\u00a0Lenz, une marche \u00e0 travers les Vosges\u00a0\u00bb au cin\u00e9ma de Noirgoutte - Saint Die Info\" \/>\n<meta name=\"twitter:description\" content=\"Pour la 4\u00e8me ann\u00e9e cons\u00e9cutive, le projet \u00ab Lenz, une marche \u00e0 travers les Vosges \u00bb repart en tourn\u00e9e dans [&hellip;]\" \/>\n<meta name=\"twitter:image\" content=\"https:\/\/vosgesinfo.fr\/app\/uploads\/sites\/4\/2024\/08\/202110plainfaing-lenz-marche-vosges.jpg\" \/>\n<meta name=\"twitter:creator\" content=\"@VosgesInfo88\" \/>\n<meta name=\"twitter:site\" content=\"@VosgesInfo88\" \/>\n<meta name=\"twitter:label1\" content=\"\u00c9crit par\" \/>\n\t<meta name=\"twitter:data1\" content=\"la r\u00e9daction\" \/>\n\t<meta name=\"twitter:label2\" content=\"Dur\u00e9e de lecture estim\u00e9e\" \/>\n\t<meta name=\"twitter:data2\" content=\"1 minute\" \/>\n<script type=\"application\/ld+json\" class=\"yoast-schema-graph\">{\"@context\":\"https:\/\/schema.org\",\"@graph\":[{\"@type\":\"Article\",\"@id\":\"https:\/\/vosgesinfo.fr\/saintdieinfo\/2021\/10\/plainfaing-lenz-marche-a-travers-vosges-cinema-de-noirgoutte\/#article\",\"isPartOf\":{\"@id\":\"https:\/\/vosgesinfo.fr\/saintdieinfo\/2021\/10\/plainfaing-lenz-marche-a-travers-vosges-cinema-de-noirgoutte\/\"},\"author\":{\"name\":\"la r\u00e9daction\",\"@id\":\"https:\/\/vosgesinfo.fr\/saintdieinfo\/#\/schema\/person\/faee6704a21f3977511db84bd1cd450f\"},\"headline\":\"Plainfaing &#8211; \u00ab\u00a0Lenz, une marche \u00e0 travers les Vosges\u00a0\u00bb au cin\u00e9ma de Noirgoutte\",\"datePublished\":\"2021-10-21T08:56:28+00:00\",\"dateModified\":\"2021-10-21T08:56:28+00:00\",\"mainEntityOfPage\":{\"@id\":\"https:\/\/vosgesinfo.fr\/saintdieinfo\/2021\/10\/plainfaing-lenz-marche-a-travers-vosges-cinema-de-noirgoutte\/\"},\"wordCount\":251,\"commentCount\":0,\"publisher\":{\"@id\":\"https:\/\/vosgesinfo.fr\/saintdieinfo\/#organization\"},\"image\":{\"@id\":\"https:\/\/vosgesinfo.fr\/saintdieinfo\/2021\/10\/plainfaing-lenz-marche-a-travers-vosges-cinema-de-noirgoutte\/#primaryimage\"},\"thumbnailUrl\":\"https:\/\/vosgesinfo.fr\/app\/uploads\/sites\/4\/2024\/08\/202110plainfaing-lenz-marche-vosges.jpg\",\"keywords\":[\"Cin\u00e9ma de Noirgoutte\",\"Lenz une marche \u00e0 travers les Vosges\",\"Parc naturel r\u00e9gional des Ballons des Vosges\",\"Plainfaing\",\"Simon Del\u00e9tang\",\"Th\u00e9\u00e2tre du Peuple\"],\"articleSection\":[\"A la Une\",\"Culture\",\"Saint-Di\u00e9-des-Vosges et son Agglom\u00e9ration\"],\"inLanguage\":\"fr-FR\",\"potentialAction\":[{\"@type\":\"CommentAction\",\"name\":\"Comment\",\"target\":[\"https:\/\/vosgesinfo.fr\/saintdieinfo\/2021\/10\/plainfaing-lenz-marche-a-travers-vosges-cinema-de-noirgoutte\/#respond\"]}]},{\"@type\":\"WebPage\",\"@id\":\"https:\/\/vosgesinfo.fr\/saintdieinfo\/2021\/10\/plainfaing-lenz-marche-a-travers-vosges-cinema-de-noirgoutte\/\",\"url\":\"https:\/\/vosgesinfo.fr\/saintdieinfo\/2021\/10\/plainfaing-lenz-marche-a-travers-vosges-cinema-de-noirgoutte\/\",\"name\":\"Plainfaing - \u00ab\u00a0Lenz, une marche \u00e0 travers les Vosges\u00a0\u00bb au cin\u00e9ma de Noirgoutte - Saint Die Info\",\"isPartOf\":{\"@id\":\"https:\/\/vosgesinfo.fr\/saintdieinfo\/#website\"},\"primaryImageOfPage\":{\"@id\":\"https:\/\/vosgesinfo.fr\/saintdieinfo\/2021\/10\/plainfaing-lenz-marche-a-travers-vosges-cinema-de-noirgoutte\/#primaryimage\"},\"image\":{\"@id\":\"https:\/\/vosgesinfo.fr\/saintdieinfo\/2021\/10\/plainfaing-lenz-marche-a-travers-vosges-cinema-de-noirgoutte\/#primaryimage\"},\"thumbnailUrl\":\"https:\/\/vosgesinfo.fr\/app\/uploads\/sites\/4\/2024\/08\/202110plainfaing-lenz-marche-vosges.jpg\",\"datePublished\":\"2021-10-21T08:56:28+00:00\",\"dateModified\":\"2021-10-21T08:56:28+00:00\",\"breadcrumb\":{\"@id\":\"https:\/\/vosgesinfo.fr\/saintdieinfo\/2021\/10\/plainfaing-lenz-marche-a-travers-vosges-cinema-de-noirgoutte\/#breadcrumb\"},\"inLanguage\":\"fr-FR\",\"potentialAction\":[{\"@type\":\"ReadAction\",\"target\":[\"https:\/\/vosgesinfo.fr\/saintdieinfo\/2021\/10\/plainfaing-lenz-marche-a-travers-vosges-cinema-de-noirgoutte\/\"]}]},{\"@type\":\"ImageObject\",\"inLanguage\":\"fr-FR\",\"@id\":\"https:\/\/vosgesinfo.fr\/saintdieinfo\/2021\/10\/plainfaing-lenz-marche-a-travers-vosges-cinema-de-noirgoutte\/#primaryimage\",\"url\":\"https:\/\/vosgesinfo.fr\/app\/uploads\/sites\/4\/2024\/08\/202110plainfaing-lenz-marche-vosges.jpg\",\"contentUrl\":\"https:\/\/vosgesinfo.fr\/app\/uploads\/sites\/4\/2024\/08\/202110plainfaing-lenz-marche-vosges.jpg\",\"width\":580,\"height\":283},{\"@type\":\"BreadcrumbList\",\"@id\":\"https:\/\/vosgesinfo.fr\/saintdieinfo\/2021\/10\/plainfaing-lenz-marche-a-travers-vosges-cinema-de-noirgoutte\/#breadcrumb\",\"itemListElement\":[{\"@type\":\"ListItem\",\"position\":1,\"name\":\"Home\",\"item\":\"https:\/\/vosgesinfo.fr\/saintdieinfo\/\"},{\"@type\":\"ListItem\",\"position\":2,\"name\":\"Plainfaing &#8211; \u00ab\u00a0Lenz, une marche \u00e0 travers les Vosges\u00a0\u00bb au cin\u00e9ma de Noirgoutte\"}]},{\"@type\":\"WebSite\",\"@id\":\"https:\/\/vosgesinfo.fr\/saintdieinfo\/#website\",\"url\":\"https:\/\/vosgesinfo.fr\/saintdieinfo\/\",\"name\":\"Saint Die Info\",\"description\":\"Toute l&#039;actualit\u00e9 de Saint-Di\u00e9-Des-Vosges\",\"publisher\":{\"@id\":\"https:\/\/vosgesinfo.fr\/saintdieinfo\/#organization\"},\"alternateName\":\"Toute l'actualit\u00e9 de Saint-Di\u00e9-Des-Vosges\",\"potentialAction\":[{\"@type\":\"SearchAction\",\"target\":{\"@type\":\"EntryPoint\",\"urlTemplate\":\"https:\/\/vosgesinfo.fr\/saintdieinfo\/?s={search_term_string}\"},\"query-input\":\"required name=search_term_string\"}],\"inLanguage\":\"fr-FR\"},{\"@type\":\"Organization\",\"@id\":\"https:\/\/vosgesinfo.fr\/saintdieinfo\/#organization\",\"name\":\"Saint Die Info\",\"url\":\"https:\/\/vosgesinfo.fr\/saintdieinfo\/\",\"logo\":{\"@type\":\"ImageObject\",\"inLanguage\":\"fr-FR\",\"@id\":\"https:\/\/vosgesinfo.fr\/saintdieinfo\/#\/schema\/logo\/image\/\",\"url\":\"https:\/\/vosgesinfo.fr\/app\/uploads\/sites\/4\/2024\/02\/logo-sdi.jpg\",\"contentUrl\":\"https:\/\/vosgesinfo.fr\/app\/uploads\/sites\/4\/2024\/02\/logo-sdi.jpg\",\"width\":600,\"height\":600,\"caption\":\"Saint Die Info\"},\"image\":{\"@id\":\"https:\/\/vosgesinfo.fr\/saintdieinfo\/#\/schema\/logo\/image\/\"},\"sameAs\":[\"https:\/\/www.facebook.com\/Saintdieinfofr\",\"https:\/\/x.com\/VosgesInfo88\",\"https:\/\/www.youtube.com\/@vosgesinfo\"]},{\"@type\":\"Person\",\"@id\":\"https:\/\/vosgesinfo.fr\/saintdieinfo\/#\/schema\/person\/faee6704a21f3977511db84bd1cd450f\",\"name\":\"la r\u00e9daction\",\"image\":{\"@type\":\"ImageObject\",\"inLanguage\":\"fr-FR\",\"@id\":\"https:\/\/vosgesinfo.fr\/saintdieinfo\/#\/schema\/person\/image\/\",\"url\":\"https:\/\/secure.gravatar.com\/avatar\/6673d8bc6a9c17fa9a453eaa3448de834fa308c2ec9635b7aa99441a7c8d2cf6?s=96&d=mm&r=g\",\"contentUrl\":\"https:\/\/secure.gravatar.com\/avatar\/6673d8bc6a9c17fa9a453eaa3448de834fa308c2ec9635b7aa99441a7c8d2cf6?s=96&d=mm&r=g\",\"caption\":\"la r\u00e9daction\"},\"url\":\"https:\/\/vosgesinfo.fr\/saintdieinfo\/author\/redac\/\"}]}<\/script>\n<!-- \/ Yoast SEO plugin. -->","yoast_head_json":{"title":"Plainfaing - \u00ab\u00a0Lenz, une marche \u00e0 travers les Vosges\u00a0\u00bb au cin\u00e9ma de Noirgoutte - Saint Die Info","robots":{"index":"index","follow":"follow","max-snippet":"max-snippet:-1","max-image-preview":"max-image-preview:large","max-video-preview":"max-video-preview:-1"},"canonical":"https:\/\/vosgesinfo.fr\/saintdieinfo\/2021\/10\/plainfaing-lenz-marche-a-travers-vosges-cinema-de-noirgoutte\/","twitter_card":"summary_large_image","twitter_title":"Plainfaing - \u00ab\u00a0Lenz, une marche \u00e0 travers les Vosges\u00a0\u00bb au cin\u00e9ma de Noirgoutte - Saint Die Info","twitter_description":"Pour la 4\u00e8me ann\u00e9e cons\u00e9cutive, le projet \u00ab Lenz, une marche \u00e0 travers les Vosges \u00bb repart en tourn\u00e9e dans [&hellip;]","twitter_image":"https:\/\/vosgesinfo.fr\/app\/uploads\/sites\/4\/2024\/08\/202110plainfaing-lenz-marche-vosges.jpg","twitter_creator":"@VosgesInfo88","twitter_site":"@VosgesInfo88","twitter_misc":{"\u00c9crit par":"la r\u00e9daction","Dur\u00e9e de lecture estim\u00e9e":"1 minute"},"schema":{"@context":"https:\/\/schema.org","@graph":[{"@type":"Article","@id":"https:\/\/vosgesinfo.fr\/saintdieinfo\/2021\/10\/plainfaing-lenz-marche-a-travers-vosges-cinema-de-noirgoutte\/#article","isPartOf":{"@id":"https:\/\/vosgesinfo.fr\/saintdieinfo\/2021\/10\/plainfaing-lenz-marche-a-travers-vosges-cinema-de-noirgoutte\/"},"author":{"name":"la r\u00e9daction","@id":"https:\/\/vosgesinfo.fr\/saintdieinfo\/#\/schema\/person\/faee6704a21f3977511db84bd1cd450f"},"headline":"Plainfaing &#8211; \u00ab\u00a0Lenz, une marche \u00e0 travers les Vosges\u00a0\u00bb au cin\u00e9ma de Noirgoutte","datePublished":"2021-10-21T08:56:28+00:00","dateModified":"2021-10-21T08:56:28+00:00","mainEntityOfPage":{"@id":"https:\/\/vosgesinfo.fr\/saintdieinfo\/2021\/10\/plainfaing-lenz-marche-a-travers-vosges-cinema-de-noirgoutte\/"},"wordCount":251,"commentCount":0,"publisher":{"@id":"https:\/\/vosgesinfo.fr\/saintdieinfo\/#organization"},"image":{"@id":"https:\/\/vosgesinfo.fr\/saintdieinfo\/2021\/10\/plainfaing-lenz-marche-a-travers-vosges-cinema-de-noirgoutte\/#primaryimage"},"thumbnailUrl":"https:\/\/vosgesinfo.fr\/app\/uploads\/sites\/4\/2024\/08\/202110plainfaing-lenz-marche-vosges.jpg","keywords":["Cin\u00e9ma de Noirgoutte","Lenz une marche \u00e0 travers les Vosges","Parc naturel r\u00e9gional des Ballons des Vosges","Plainfaing","Simon Del\u00e9tang","Th\u00e9\u00e2tre du Peuple"],"articleSection":["A la Une","Culture","Saint-Di\u00e9-des-Vosges et son Agglom\u00e9ration"],"inLanguage":"fr-FR","potentialAction":[{"@type":"CommentAction","name":"Comment","target":["https:\/\/vosgesinfo.fr\/saintdieinfo\/2021\/10\/plainfaing-lenz-marche-a-travers-vosges-cinema-de-noirgoutte\/#respond"]}]},{"@type":"WebPage","@id":"https:\/\/vosgesinfo.fr\/saintdieinfo\/2021\/10\/plainfaing-lenz-marche-a-travers-vosges-cinema-de-noirgoutte\/","url":"https:\/\/vosgesinfo.fr\/saintdieinfo\/2021\/10\/plainfaing-lenz-marche-a-travers-vosges-cinema-de-noirgoutte\/","name":"Plainfaing - \u00ab\u00a0Lenz, une marche \u00e0 travers les Vosges\u00a0\u00bb au cin\u00e9ma de Noirgoutte - Saint Die Info","isPartOf":{"@id":"https:\/\/vosgesinfo.fr\/saintdieinfo\/#website"},"primaryImageOfPage":{"@id":"https:\/\/vosgesinfo.fr\/saintdieinfo\/2021\/10\/plainfaing-lenz-marche-a-travers-vosges-cinema-de-noirgoutte\/#primaryimage"},"image":{"@id":"https:\/\/vosgesinfo.fr\/saintdieinfo\/2021\/10\/plainfaing-lenz-marche-a-travers-vosges-cinema-de-noirgoutte\/#primaryimage"},"thumbnailUrl":"https:\/\/vosgesinfo.fr\/app\/uploads\/sites\/4\/2024\/08\/202110plainfaing-lenz-marche-vosges.jpg","datePublished":"2021-10-21T08:56:28+00:00","dateModified":"2021-10-21T08:56:28+00:00","breadcrumb":{"@id":"https:\/\/vosgesinfo.fr\/saintdieinfo\/2021\/10\/plainfaing-lenz-marche-a-travers-vosges-cinema-de-noirgoutte\/#breadcrumb"},"inLanguage":"fr-FR","potentialAction":[{"@type":"ReadAction","target":["https:\/\/vosgesinfo.fr\/saintdieinfo\/2021\/10\/plainfaing-lenz-marche-a-travers-vosges-cinema-de-noirgoutte\/"]}]},{"@type":"ImageObject","inLanguage":"fr-FR","@id":"https:\/\/vosgesinfo.fr\/saintdieinfo\/2021\/10\/plainfaing-lenz-marche-a-travers-vosges-cinema-de-noirgoutte\/#primaryimage","url":"https:\/\/vosgesinfo.fr\/app\/uploads\/sites\/4\/2024\/08\/202110plainfaing-lenz-marche-vosges.jpg","contentUrl":"https:\/\/vosgesinfo.fr\/app\/uploads\/sites\/4\/2024\/08\/202110plainfaing-lenz-marche-vosges.jpg","width":580,"height":283},{"@type":"BreadcrumbList","@id":"https:\/\/vosgesinfo.fr\/saintdieinfo\/2021\/10\/plainfaing-lenz-marche-a-travers-vosges-cinema-de-noirgoutte\/#breadcrumb","itemListElement":[{"@type":"ListItem","position":1,"name":"Home","item":"https:\/\/vosgesinfo.fr\/saintdieinfo\/"},{"@type":"ListItem","position":2,"name":"Plainfaing &#8211; \u00ab\u00a0Lenz, une marche \u00e0 travers les Vosges\u00a0\u00bb au cin\u00e9ma de Noirgoutte"}]},{"@type":"WebSite","@id":"https:\/\/vosgesinfo.fr\/saintdieinfo\/#website","url":"https:\/\/vosgesinfo.fr\/saintdieinfo\/","name":"Saint Die Info","description":"Toute l&#039;actualit\u00e9 de Saint-Di\u00e9-Des-Vosges","publisher":{"@id":"https:\/\/vosgesinfo.fr\/saintdieinfo\/#organization"},"alternateName":"Toute l'actualit\u00e9 de Saint-Di\u00e9-Des-Vosges","potentialAction":[{"@type":"SearchAction","target":{"@type":"EntryPoint","urlTemplate":"https:\/\/vosgesinfo.fr\/saintdieinfo\/?s={search_term_string}"},"query-input":"required name=search_term_string"}],"inLanguage":"fr-FR"},{"@type":"Organization","@id":"https:\/\/vosgesinfo.fr\/saintdieinfo\/#organization","name":"Saint Die Info","url":"https:\/\/vosgesinfo.fr\/saintdieinfo\/","logo":{"@type":"ImageObject","inLanguage":"fr-FR","@id":"https:\/\/vosgesinfo.fr\/saintdieinfo\/#\/schema\/logo\/image\/","url":"https:\/\/vosgesinfo.fr\/app\/uploads\/sites\/4\/2024\/02\/logo-sdi.jpg","contentUrl":"https:\/\/vosgesinfo.fr\/app\/uploads\/sites\/4\/2024\/02\/logo-sdi.jpg","width":600,"height":600,"caption":"Saint Die Info"},"image":{"@id":"https:\/\/vosgesinfo.fr\/saintdieinfo\/#\/schema\/logo\/image\/"},"sameAs":["https:\/\/www.facebook.com\/Saintdieinfofr","https:\/\/x.com\/VosgesInfo88","https:\/\/www.youtube.com\/@vosgesinfo"]},{"@type":"Person","@id":"https:\/\/vosgesinfo.fr\/saintdieinfo\/#\/schema\/person\/faee6704a21f3977511db84bd1cd450f","name":"la r\u00e9daction","image":{"@type":"ImageObject","inLanguage":"fr-FR","@id":"https:\/\/vosgesinfo.fr\/saintdieinfo\/#\/schema\/person\/image\/","url":"https:\/\/secure.gravatar.com\/avatar\/6673d8bc6a9c17fa9a453eaa3448de834fa308c2ec9635b7aa99441a7c8d2cf6?s=96&d=mm&r=g","contentUrl":"https:\/\/secure.gravatar.com\/avatar\/6673d8bc6a9c17fa9a453eaa3448de834fa308c2ec9635b7aa99441a7c8d2cf6?s=96&d=mm&r=g","caption":"la r\u00e9daction"},"url":"https:\/\/vosgesinfo.fr\/saintdieinfo\/author\/redac\/"}]}},"_links":{"self":[{"href":"https:\/\/vosgesinfo.fr\/saintdieinfo\/wp-json\/wp\/v2\/posts\/44224","targetHints":{"allow":["GET"]}}],"collection":[{"href":"https:\/\/vosgesinfo.fr\/saintdieinfo\/wp-json\/wp\/v2\/posts"}],"about":[{"href":"https:\/\/vosgesinfo.fr\/saintdieinfo\/wp-json\/wp\/v2\/types\/post"}],"author":[{"embeddable":true,"href":"https:\/\/vosgesinfo.fr\/saintdieinfo\/wp-json\/wp\/v2\/users\/44"}],"replies":[{"embeddable":true,"href":"https:\/\/vosgesinfo.fr\/saintdieinfo\/wp-json\/wp\/v2\/comments?post=44224"}],"version-history":[{"count":0,"href":"https:\/\/vosgesinfo.fr\/saintdieinfo\/wp-json\/wp\/v2\/posts\/44224\/revisions"}],"wp:featuredmedia":[{"embeddable":true,"href":"https:\/\/vosgesinfo.fr\/saintdieinfo\/wp-json\/wp\/v2\/media\/44225"}],"wp:attachment":[{"href":"https:\/\/vosgesinfo.fr\/saintdieinfo\/wp-json\/wp\/v2\/media?parent=44224"}],"wp:term":[{"taxonomy":"category","embeddable":true,"href":"https:\/\/vosgesinfo.fr\/saintdieinfo\/wp-json\/wp\/v2\/categories?post=44224"},{"taxonomy":"post_tag","embeddable":true,"href":"https:\/\/vosgesinfo.fr\/saintdieinfo\/wp-json\/wp\/v2\/tags?post=44224"}],"curies":[{"name":"wp","href":"https:\/\/api.w.org\/{rel}","templated":true}]}}