{"id":44237,"date":"2021-10-21T12:48:37","date_gmt":"2021-10-21T10:48:37","guid":{"rendered":"https:\/\/vosgesinfo.fr\/saintdieinfo\/2021\/10\/eleves-college-sainte-marie-a-decouverte-pvc\/"},"modified":"2021-10-21T12:48:37","modified_gmt":"2021-10-21T10:48:37","slug":"eleves-college-sainte-marie-a-decouverte-pvc","status":"publish","type":"post","link":"https:\/\/vosgesinfo.fr\/saintdieinfo\/2021\/10\/eleves-college-sainte-marie-a-decouverte-pvc\/","title":{"rendered":"Les \u00e9l\u00e8ves du coll\u00e8ge Sainte-Marie \u00e0 la d\u00e9couverte du PVC"},"content":{"rendered":"<div class=\"\" dir=\"auto\">\n<div id=\"jsc_c_ll\" class=\"ecm0bbzt hv4rvrfc ihqw7lf3 dati1w0a\">\n<div class=\"j83agx80 cbu4d94t ew0dbk1b irj2b8pg\">\n<div class=\"qzhwtbm6 knvmm38d\">\n<div class=\"o9v6fnle cxmmr5t8 oygrvhab hcukyx3x c1et5uql ii04i59q\">\n<div dir=\"auto\">\n<div id=\"attachment_173404\" style=\"width: 766px\" class=\"wp-caption aligncenter\"><a href=\"\/2021\/10\/11.jpg\" target=\"_blank\" rel=\"noopener\"><img decoding=\"async\" aria-describedby=\"caption-attachment-173404\" class=\"wp-image-173404 size-full\" src=\"\/2021\/10\/11.jpg\" alt=\"1\" width=\"756\" height=\"368\" \/><\/a><p id=\"caption-attachment-173404\" class=\"wp-caption-text\">(Photographies coll\u00e8ge Sainte-Marie)<\/p><\/div>\n<\/div>\n<h2 dir=\"auto\"><span style=\"font-size: 14pt;\"><strong>Le ballet \u00e9tait bien huil\u00e9 pour les \u00e9l\u00e8ves de troisi\u00e8mes du coll\u00e8ge Sainte-Marie, invit\u00e9s \u00e0 se rendre au sein de l\u2019entreprise Mercier\/David de Sainte-Marguerite dans le cadre des Coulisses du B\u00e2timent.<\/strong><\/span><\/h2>\n<\/div>\n<\/div>\n<\/div>\n<\/div>\n<\/div>\n<p><!--more--><\/p>\n<div dir=\"auto\">Le car a effectu\u00e9 3 rotations pour que les classes concern\u00e9es puissent alterner entre cours et visite de l\u2019usine margaritaine. Une matin\u00e9e aura donc \u00e9t\u00e9 n\u00e9cessaire pour cette d\u00e9couverte professionnelle.<\/div>\n<div class=\"\" dir=\"auto\">\n<div id=\"jsc_c_ll\" class=\"ecm0bbzt hv4rvrfc ihqw7lf3 dati1w0a\">\n<div class=\"j83agx80 cbu4d94t ew0dbk1b irj2b8pg\">\n<div class=\"qzhwtbm6 knvmm38d\">\n<div class=\"o9v6fnle cxmmr5t8 oygrvhab hcukyx3x c1et5uql ii04i59q\">\n<div dir=\"auto\"><\/div>\n<div dir=\"auto\"><em>\u00ab Nous avons \u00e9t\u00e9 divis\u00e9s en trois groupes par classe,<\/em> expliquait Lili, \u00e9l\u00e8ve de 3e<em>, nous avons d\u00e9couvert l\u2019usine et la fabrication des portes, volets et fen\u00eatres. Par la suite, on a pu comprendre le stockage et les essais. \u00bb<\/em> Ce sont d\u2019ailleurs ces derniers qui ont particuli\u00e8rement plus \u00e0 nos jeunes. <em>\u00ab La simulation entre le vent et la pluie \u00e9tait impressionnante,<\/em> poursuivait H\u00e9lo\u00efse<em>, on a termin\u00e9 par le bureau d\u2019\u00e9tudes. \u00bb<\/em><\/div>\n<div dir=\"auto\"><\/div>\n<div dir=\"auto\">Une belle matin\u00e9e, en tous cas, qui pourrait susciter des vocations. Qui sait ?<\/div>\n<div dir=\"auto\">\n\n<\/div>\n<div dir=\"auto\"><\/div>\n<\/div>\n<\/div>\n<\/div>\n<\/div>\n<\/div>\n","protected":false},"excerpt":{"rendered":"<p>Le ballet \u00e9tait bien huil\u00e9 pour les \u00e9l\u00e8ves de troisi\u00e8mes du coll\u00e8ge Sainte-Marie, invit\u00e9s \u00e0 se rendre au sein de [&hellip;]<\/p>\n","protected":false},"author":106,"featured_media":23651,"comment_status":"open","ping_status":"open","sticky":false,"template":"","format":"standard","meta":{"footnotes":""},"categories":[460,6,2915],"tags":[3265,9226,3437],"class_list":["post-44237","post","type-post","status-publish","format-standard","has-post-thumbnail","hentry","category-a-la-une","category-education","category-saint-die-son-canton","tag-college-sainte-marie","tag-coulisses-du-batiment","tag-mercier-david"],"acf":[],"yoast_head":"<!-- This site is optimized with the Yoast SEO plugin v22.5 - https:\/\/yoast.com\/wordpress\/plugins\/seo\/ -->\n<title>Les \u00e9l\u00e8ves du coll\u00e8ge Sainte-Marie \u00e0 la d\u00e9couverte du PVC - Saint Die Info<\/title>\n<meta name=\"robots\" content=\"index, follow, max-snippet:-1, max-image-preview:large, max-video-preview:-1\" \/>\n<link rel=\"canonical\" href=\"https:\/\/vosgesinfo.fr\/saintdieinfo\/2021\/10\/eleves-college-sainte-marie-a-decouverte-pvc\/\" \/>\n<meta name=\"twitter:card\" content=\"summary_large_image\" \/>\n<meta name=\"twitter:title\" content=\"Les \u00e9l\u00e8ves du coll\u00e8ge Sainte-Marie \u00e0 la d\u00e9couverte du PVC - Saint Die Info\" \/>\n<meta name=\"twitter:description\" content=\"Le ballet \u00e9tait bien huil\u00e9 pour les \u00e9l\u00e8ves de troisi\u00e8mes du coll\u00e8ge Sainte-Marie, invit\u00e9s \u00e0 se rendre au sein de [&hellip;]\" \/>\n<meta name=\"twitter:image\" content=\"https:\/\/vosgesinfo.fr\/app\/uploads\/sites\/4\/2024\/01\/11.jpg\" \/>\n<meta name=\"twitter:creator\" content=\"@VosgesInfo88\" \/>\n<meta name=\"twitter:site\" content=\"@VosgesInfo88\" \/>\n<meta name=\"twitter:label1\" content=\"\u00c9crit par\" \/>\n\t<meta name=\"twitter:data1\" content=\"Florence Deparis\" \/>\n\t<meta name=\"twitter:label2\" content=\"Dur\u00e9e de lecture estim\u00e9e\" \/>\n\t<meta name=\"twitter:data2\" content=\"1 minute\" \/>\n<script type=\"application\/ld+json\" class=\"yoast-schema-graph\">{\"@context\":\"https:\/\/schema.org\",\"@graph\":[{\"@type\":\"Article\",\"@id\":\"https:\/\/vosgesinfo.fr\/saintdieinfo\/2021\/10\/eleves-college-sainte-marie-a-decouverte-pvc\/#article\",\"isPartOf\":{\"@id\":\"https:\/\/vosgesinfo.fr\/saintdieinfo\/2021\/10\/eleves-college-sainte-marie-a-decouverte-pvc\/\"},\"author\":{\"name\":\"Florence Deparis\",\"@id\":\"https:\/\/vosgesinfo.fr\/saintdieinfo\/#\/schema\/person\/d594280b4b2c6cb7f640fded6c82ac54\"},\"headline\":\"Les \u00e9l\u00e8ves du coll\u00e8ge Sainte-Marie \u00e0 la d\u00e9couverte du PVC\",\"datePublished\":\"2021-10-21T10:48:37+00:00\",\"dateModified\":\"2021-10-21T10:48:37+00:00\",\"mainEntityOfPage\":{\"@id\":\"https:\/\/vosgesinfo.fr\/saintdieinfo\/2021\/10\/eleves-college-sainte-marie-a-decouverte-pvc\/\"},\"wordCount\":192,\"commentCount\":0,\"publisher\":{\"@id\":\"https:\/\/vosgesinfo.fr\/saintdieinfo\/#organization\"},\"image\":{\"@id\":\"https:\/\/vosgesinfo.fr\/saintdieinfo\/2021\/10\/eleves-college-sainte-marie-a-decouverte-pvc\/#primaryimage\"},\"thumbnailUrl\":\"https:\/\/vosgesinfo.fr\/app\/uploads\/sites\/4\/2024\/01\/11.jpg\",\"keywords\":[\"Coll\u00e8ge Sainte-Marie\",\"Coulisses du b\u00e2timent\",\"Mercier-David\"],\"articleSection\":[\"A la Une\",\"\u00c9ducation\",\"Saint-Di\u00e9-des-Vosges et son Agglom\u00e9ration\"],\"inLanguage\":\"fr-FR\",\"potentialAction\":[{\"@type\":\"CommentAction\",\"name\":\"Comment\",\"target\":[\"https:\/\/vosgesinfo.fr\/saintdieinfo\/2021\/10\/eleves-college-sainte-marie-a-decouverte-pvc\/#respond\"]}]},{\"@type\":\"WebPage\",\"@id\":\"https:\/\/vosgesinfo.fr\/saintdieinfo\/2021\/10\/eleves-college-sainte-marie-a-decouverte-pvc\/\",\"url\":\"https:\/\/vosgesinfo.fr\/saintdieinfo\/2021\/10\/eleves-college-sainte-marie-a-decouverte-pvc\/\",\"name\":\"Les \u00e9l\u00e8ves du coll\u00e8ge Sainte-Marie \u00e0 la d\u00e9couverte du PVC - Saint Die Info\",\"isPartOf\":{\"@id\":\"https:\/\/vosgesinfo.fr\/saintdieinfo\/#website\"},\"primaryImageOfPage\":{\"@id\":\"https:\/\/vosgesinfo.fr\/saintdieinfo\/2021\/10\/eleves-college-sainte-marie-a-decouverte-pvc\/#primaryimage\"},\"image\":{\"@id\":\"https:\/\/vosgesinfo.fr\/saintdieinfo\/2021\/10\/eleves-college-sainte-marie-a-decouverte-pvc\/#primaryimage\"},\"thumbnailUrl\":\"https:\/\/vosgesinfo.fr\/app\/uploads\/sites\/4\/2024\/01\/11.jpg\",\"datePublished\":\"2021-10-21T10:48:37+00:00\",\"dateModified\":\"2021-10-21T10:48:37+00:00\",\"breadcrumb\":{\"@id\":\"https:\/\/vosgesinfo.fr\/saintdieinfo\/2021\/10\/eleves-college-sainte-marie-a-decouverte-pvc\/#breadcrumb\"},\"inLanguage\":\"fr-FR\",\"potentialAction\":[{\"@type\":\"ReadAction\",\"target\":[\"https:\/\/vosgesinfo.fr\/saintdieinfo\/2021\/10\/eleves-college-sainte-marie-a-decouverte-pvc\/\"]}]},{\"@type\":\"ImageObject\",\"inLanguage\":\"fr-FR\",\"@id\":\"https:\/\/vosgesinfo.fr\/saintdieinfo\/2021\/10\/eleves-college-sainte-marie-a-decouverte-pvc\/#primaryimage\",\"url\":\"https:\/\/vosgesinfo.fr\/app\/uploads\/sites\/4\/2024\/01\/11.jpg\",\"contentUrl\":\"https:\/\/vosgesinfo.fr\/app\/uploads\/sites\/4\/2024\/01\/11.jpg\",\"width\":1600,\"height\":777},{\"@type\":\"BreadcrumbList\",\"@id\":\"https:\/\/vosgesinfo.fr\/saintdieinfo\/2021\/10\/eleves-college-sainte-marie-a-decouverte-pvc\/#breadcrumb\",\"itemListElement\":[{\"@type\":\"ListItem\",\"position\":1,\"name\":\"Home\",\"item\":\"https:\/\/vosgesinfo.fr\/saintdieinfo\/\"},{\"@type\":\"ListItem\",\"position\":2,\"name\":\"Les \u00e9l\u00e8ves du coll\u00e8ge Sainte-Marie \u00e0 la d\u00e9couverte du PVC\"}]},{\"@type\":\"WebSite\",\"@id\":\"https:\/\/vosgesinfo.fr\/saintdieinfo\/#website\",\"url\":\"https:\/\/vosgesinfo.fr\/saintdieinfo\/\",\"name\":\"Saint Die Info\",\"description\":\"Toute l&#039;actualit\u00e9 de Saint-Di\u00e9-Des-Vosges\",\"publisher\":{\"@id\":\"https:\/\/vosgesinfo.fr\/saintdieinfo\/#organization\"},\"alternateName\":\"Toute l'actualit\u00e9 de Saint-Di\u00e9-Des-Vosges\",\"potentialAction\":[{\"@type\":\"SearchAction\",\"target\":{\"@type\":\"EntryPoint\",\"urlTemplate\":\"https:\/\/vosgesinfo.fr\/saintdieinfo\/?s={search_term_string}\"},\"query-input\":\"required name=search_term_string\"}],\"inLanguage\":\"fr-FR\"},{\"@type\":\"Organization\",\"@id\":\"https:\/\/vosgesinfo.fr\/saintdieinfo\/#organization\",\"name\":\"Saint Die Info\",\"url\":\"https:\/\/vosgesinfo.fr\/saintdieinfo\/\",\"logo\":{\"@type\":\"ImageObject\",\"inLanguage\":\"fr-FR\",\"@id\":\"https:\/\/vosgesinfo.fr\/saintdieinfo\/#\/schema\/logo\/image\/\",\"url\":\"https:\/\/vosgesinfo.fr\/app\/uploads\/sites\/4\/2024\/02\/logo-sdi.jpg\",\"contentUrl\":\"https:\/\/vosgesinfo.fr\/app\/uploads\/sites\/4\/2024\/02\/logo-sdi.jpg\",\"width\":600,\"height\":600,\"caption\":\"Saint Die Info\"},\"image\":{\"@id\":\"https:\/\/vosgesinfo.fr\/saintdieinfo\/#\/schema\/logo\/image\/\"},\"sameAs\":[\"https:\/\/www.facebook.com\/Saintdieinfofr\",\"https:\/\/x.com\/VosgesInfo88\",\"https:\/\/www.youtube.com\/@vosgesinfo\"]},{\"@type\":\"Person\",\"@id\":\"https:\/\/vosgesinfo.fr\/saintdieinfo\/#\/schema\/person\/d594280b4b2c6cb7f640fded6c82ac54\",\"name\":\"Florence Deparis\",\"image\":{\"@type\":\"ImageObject\",\"inLanguage\":\"fr-FR\",\"@id\":\"https:\/\/vosgesinfo.fr\/saintdieinfo\/#\/schema\/person\/image\/\",\"url\":\"https:\/\/secure.gravatar.com\/avatar\/93ffed19f69fc91360e8cab7227a25b694431a3149d932ec5952255141197e46?s=96&d=mm&r=g\",\"contentUrl\":\"https:\/\/secure.gravatar.com\/avatar\/93ffed19f69fc91360e8cab7227a25b694431a3149d932ec5952255141197e46?s=96&d=mm&r=g\",\"caption\":\"Florence Deparis\"},\"url\":\"https:\/\/vosgesinfo.fr\/saintdieinfo\/author\/fdpaccueil\/\"}]}<\/script>\n<!-- \/ Yoast SEO plugin. -->","yoast_head_json":{"title":"Les \u00e9l\u00e8ves du coll\u00e8ge Sainte-Marie \u00e0 la d\u00e9couverte du PVC - Saint Die Info","robots":{"index":"index","follow":"follow","max-snippet":"max-snippet:-1","max-image-preview":"max-image-preview:large","max-video-preview":"max-video-preview:-1"},"canonical":"https:\/\/vosgesinfo.fr\/saintdieinfo\/2021\/10\/eleves-college-sainte-marie-a-decouverte-pvc\/","twitter_card":"summary_large_image","twitter_title":"Les \u00e9l\u00e8ves du coll\u00e8ge Sainte-Marie \u00e0 la d\u00e9couverte du PVC - Saint Die Info","twitter_description":"Le ballet \u00e9tait bien huil\u00e9 pour les \u00e9l\u00e8ves de troisi\u00e8mes du coll\u00e8ge Sainte-Marie, invit\u00e9s \u00e0 se rendre au sein de [&hellip;]","twitter_image":"https:\/\/vosgesinfo.fr\/app\/uploads\/sites\/4\/2024\/01\/11.jpg","twitter_creator":"@VosgesInfo88","twitter_site":"@VosgesInfo88","twitter_misc":{"\u00c9crit par":"Florence Deparis","Dur\u00e9e de lecture estim\u00e9e":"1 minute"},"schema":{"@context":"https:\/\/schema.org","@graph":[{"@type":"Article","@id":"https:\/\/vosgesinfo.fr\/saintdieinfo\/2021\/10\/eleves-college-sainte-marie-a-decouverte-pvc\/#article","isPartOf":{"@id":"https:\/\/vosgesinfo.fr\/saintdieinfo\/2021\/10\/eleves-college-sainte-marie-a-decouverte-pvc\/"},"author":{"name":"Florence Deparis","@id":"https:\/\/vosgesinfo.fr\/saintdieinfo\/#\/schema\/person\/d594280b4b2c6cb7f640fded6c82ac54"},"headline":"Les \u00e9l\u00e8ves du coll\u00e8ge Sainte-Marie \u00e0 la d\u00e9couverte du PVC","datePublished":"2021-10-21T10:48:37+00:00","dateModified":"2021-10-21T10:48:37+00:00","mainEntityOfPage":{"@id":"https:\/\/vosgesinfo.fr\/saintdieinfo\/2021\/10\/eleves-college-sainte-marie-a-decouverte-pvc\/"},"wordCount":192,"commentCount":0,"publisher":{"@id":"https:\/\/vosgesinfo.fr\/saintdieinfo\/#organization"},"image":{"@id":"https:\/\/vosgesinfo.fr\/saintdieinfo\/2021\/10\/eleves-college-sainte-marie-a-decouverte-pvc\/#primaryimage"},"thumbnailUrl":"https:\/\/vosgesinfo.fr\/app\/uploads\/sites\/4\/2024\/01\/11.jpg","keywords":["Coll\u00e8ge Sainte-Marie","Coulisses du b\u00e2timent","Mercier-David"],"articleSection":["A la Une","\u00c9ducation","Saint-Di\u00e9-des-Vosges et son Agglom\u00e9ration"],"inLanguage":"fr-FR","potentialAction":[{"@type":"CommentAction","name":"Comment","target":["https:\/\/vosgesinfo.fr\/saintdieinfo\/2021\/10\/eleves-college-sainte-marie-a-decouverte-pvc\/#respond"]}]},{"@type":"WebPage","@id":"https:\/\/vosgesinfo.fr\/saintdieinfo\/2021\/10\/eleves-college-sainte-marie-a-decouverte-pvc\/","url":"https:\/\/vosgesinfo.fr\/saintdieinfo\/2021\/10\/eleves-college-sainte-marie-a-decouverte-pvc\/","name":"Les \u00e9l\u00e8ves du coll\u00e8ge Sainte-Marie \u00e0 la d\u00e9couverte du PVC - Saint Die Info","isPartOf":{"@id":"https:\/\/vosgesinfo.fr\/saintdieinfo\/#website"},"primaryImageOfPage":{"@id":"https:\/\/vosgesinfo.fr\/saintdieinfo\/2021\/10\/eleves-college-sainte-marie-a-decouverte-pvc\/#primaryimage"},"image":{"@id":"https:\/\/vosgesinfo.fr\/saintdieinfo\/2021\/10\/eleves-college-sainte-marie-a-decouverte-pvc\/#primaryimage"},"thumbnailUrl":"https:\/\/vosgesinfo.fr\/app\/uploads\/sites\/4\/2024\/01\/11.jpg","datePublished":"2021-10-21T10:48:37+00:00","dateModified":"2021-10-21T10:48:37+00:00","breadcrumb":{"@id":"https:\/\/vosgesinfo.fr\/saintdieinfo\/2021\/10\/eleves-college-sainte-marie-a-decouverte-pvc\/#breadcrumb"},"inLanguage":"fr-FR","potentialAction":[{"@type":"ReadAction","target":["https:\/\/vosgesinfo.fr\/saintdieinfo\/2021\/10\/eleves-college-sainte-marie-a-decouverte-pvc\/"]}]},{"@type":"ImageObject","inLanguage":"fr-FR","@id":"https:\/\/vosgesinfo.fr\/saintdieinfo\/2021\/10\/eleves-college-sainte-marie-a-decouverte-pvc\/#primaryimage","url":"https:\/\/vosgesinfo.fr\/app\/uploads\/sites\/4\/2024\/01\/11.jpg","contentUrl":"https:\/\/vosgesinfo.fr\/app\/uploads\/sites\/4\/2024\/01\/11.jpg","width":1600,"height":777},{"@type":"BreadcrumbList","@id":"https:\/\/vosgesinfo.fr\/saintdieinfo\/2021\/10\/eleves-college-sainte-marie-a-decouverte-pvc\/#breadcrumb","itemListElement":[{"@type":"ListItem","position":1,"name":"Home","item":"https:\/\/vosgesinfo.fr\/saintdieinfo\/"},{"@type":"ListItem","position":2,"name":"Les \u00e9l\u00e8ves du coll\u00e8ge Sainte-Marie \u00e0 la d\u00e9couverte du PVC"}]},{"@type":"WebSite","@id":"https:\/\/vosgesinfo.fr\/saintdieinfo\/#website","url":"https:\/\/vosgesinfo.fr\/saintdieinfo\/","name":"Saint Die Info","description":"Toute l&#039;actualit\u00e9 de Saint-Di\u00e9-Des-Vosges","publisher":{"@id":"https:\/\/vosgesinfo.fr\/saintdieinfo\/#organization"},"alternateName":"Toute l'actualit\u00e9 de Saint-Di\u00e9-Des-Vosges","potentialAction":[{"@type":"SearchAction","target":{"@type":"EntryPoint","urlTemplate":"https:\/\/vosgesinfo.fr\/saintdieinfo\/?s={search_term_string}"},"query-input":"required name=search_term_string"}],"inLanguage":"fr-FR"},{"@type":"Organization","@id":"https:\/\/vosgesinfo.fr\/saintdieinfo\/#organization","name":"Saint Die Info","url":"https:\/\/vosgesinfo.fr\/saintdieinfo\/","logo":{"@type":"ImageObject","inLanguage":"fr-FR","@id":"https:\/\/vosgesinfo.fr\/saintdieinfo\/#\/schema\/logo\/image\/","url":"https:\/\/vosgesinfo.fr\/app\/uploads\/sites\/4\/2024\/02\/logo-sdi.jpg","contentUrl":"https:\/\/vosgesinfo.fr\/app\/uploads\/sites\/4\/2024\/02\/logo-sdi.jpg","width":600,"height":600,"caption":"Saint Die Info"},"image":{"@id":"https:\/\/vosgesinfo.fr\/saintdieinfo\/#\/schema\/logo\/image\/"},"sameAs":["https:\/\/www.facebook.com\/Saintdieinfofr","https:\/\/x.com\/VosgesInfo88","https:\/\/www.youtube.com\/@vosgesinfo"]},{"@type":"Person","@id":"https:\/\/vosgesinfo.fr\/saintdieinfo\/#\/schema\/person\/d594280b4b2c6cb7f640fded6c82ac54","name":"Florence Deparis","image":{"@type":"ImageObject","inLanguage":"fr-FR","@id":"https:\/\/vosgesinfo.fr\/saintdieinfo\/#\/schema\/person\/image\/","url":"https:\/\/secure.gravatar.com\/avatar\/93ffed19f69fc91360e8cab7227a25b694431a3149d932ec5952255141197e46?s=96&d=mm&r=g","contentUrl":"https:\/\/secure.gravatar.com\/avatar\/93ffed19f69fc91360e8cab7227a25b694431a3149d932ec5952255141197e46?s=96&d=mm&r=g","caption":"Florence Deparis"},"url":"https:\/\/vosgesinfo.fr\/saintdieinfo\/author\/fdpaccueil\/"}]}},"_links":{"self":[{"href":"https:\/\/vosgesinfo.fr\/saintdieinfo\/wp-json\/wp\/v2\/posts\/44237","targetHints":{"allow":["GET"]}}],"collection":[{"href":"https:\/\/vosgesinfo.fr\/saintdieinfo\/wp-json\/wp\/v2\/posts"}],"about":[{"href":"https:\/\/vosgesinfo.fr\/saintdieinfo\/wp-json\/wp\/v2\/types\/post"}],"author":[{"embeddable":true,"href":"https:\/\/vosgesinfo.fr\/saintdieinfo\/wp-json\/wp\/v2\/users\/106"}],"replies":[{"embeddable":true,"href":"https:\/\/vosgesinfo.fr\/saintdieinfo\/wp-json\/wp\/v2\/comments?post=44237"}],"version-history":[{"count":0,"href":"https:\/\/vosgesinfo.fr\/saintdieinfo\/wp-json\/wp\/v2\/posts\/44237\/revisions"}],"wp:featuredmedia":[{"embeddable":true,"href":"https:\/\/vosgesinfo.fr\/saintdieinfo\/wp-json\/wp\/v2\/media\/23651"}],"wp:attachment":[{"href":"https:\/\/vosgesinfo.fr\/saintdieinfo\/wp-json\/wp\/v2\/media?parent=44237"}],"wp:term":[{"taxonomy":"category","embeddable":true,"href":"https:\/\/vosgesinfo.fr\/saintdieinfo\/wp-json\/wp\/v2\/categories?post=44237"},{"taxonomy":"post_tag","embeddable":true,"href":"https:\/\/vosgesinfo.fr\/saintdieinfo\/wp-json\/wp\/v2\/tags?post=44237"}],"curies":[{"name":"wp","href":"https:\/\/api.w.org\/{rel}","templated":true}]}}