{"id":44263,"date":"2021-10-21T17:56:05","date_gmt":"2021-10-21T15:56:05","guid":{"rendered":"https:\/\/vosgesinfo.fr\/saintdieinfo\/2021\/10\/tempete-aurore-quasi-totalite-foyers-vosgiens-realimentes-electricite-soir\/"},"modified":"2021-10-21T17:56:05","modified_gmt":"2021-10-21T15:56:05","slug":"tempete-aurore-quasi-totalite-foyers-vosgiens-realimentes-electricite-soir","status":"publish","type":"post","link":"https:\/\/vosgesinfo.fr\/saintdieinfo\/2021\/10\/tempete-aurore-quasi-totalite-foyers-vosgiens-realimentes-electricite-soir\/","title":{"rendered":"Temp\u00eate Aurore : la quasi totalit\u00e9 des foyers vosgiens r\u00e9aliment\u00e9s en \u00e9lectricit\u00e9 ce soir"},"content":{"rendered":"<div id=\"attachment_172651\" style=\"width: 810px\" class=\"wp-caption aligncenter\"><a href=\"\/2021\/10\/Electricit\u00e9.jpg\" target=\"_blank\" rel=\"noopener\"><img decoding=\"async\" aria-describedby=\"caption-attachment-172651\" class=\"wp-image-172651 size-full\" src=\"\/2021\/10\/Electricit\u00e9.jpg\" alt=\"Electricit\u00e9\" width=\"800\" height=\"600\" \/><\/a><p id=\"caption-attachment-172651\" class=\"wp-caption-text\">(Illustration)<\/p><\/div>\n<h2><span style=\"font-size: 14pt;\"><strong><span id=\"page3R_mcid5\" class=\"markedContent\"><span dir=\"ltr\">E<\/span><span dir=\"ltr\">n Lorraine, la temp\u00eate a fait des d\u00e9g\u00e2ts le 21 octobre d\u00e8s 1h du matin. Jusqu\u2019\u00e0 28 000 foyers <\/span><span dir=\"ltr\">ont \u00e9t\u00e9 touch\u00e9s\u00a0 <\/span><span dir=\"ltr\">vers<\/span> <span dir=\"ltr\">6h30. <\/span><span dir=\"ltr\">A 18h, 1500 foyers sont encore priv\u00e9s d\u2019\u00e9lectricit\u00e9. <\/span><span dir=\"ltr\">D\u2019ici 21h<\/span><span dir=\"ltr\">, <\/span><span dir=\"ltr\">la quasi<\/span><span dir=\"ltr\">&#8211;<\/span><span dir=\"ltr\">totalit\u00e9<\/span> <span dir=\"ltr\">des foyers a<\/span><span dir=\"ltr\">ura<\/span> <span dir=\"ltr\">pu <\/span><span dir=\"ltr\">\u00eatre r\u00e9aliment\u00e9e<\/span><span dir=\"ltr\">.<\/span> <span dir=\"ltr\">Seules quelques pannes <\/span><span dir=\"ltr\">isol\u00e9es<\/span> <span dir=\"ltr\">subsisteront, concernant moins de 200 clients<\/span><span dir=\"ltr\">. <\/span><span dir=\"ltr\">Les derni\u00e8res <\/span><span dir=\"ltr\">r\u00e9parations seront r\u00e9alis\u00e9es vendred<\/span><span dir=\"ltr\">i. <\/span> <span dir=\"ltr\">2<\/span><span dir=\"ltr\">5<\/span><span dir=\"ltr\">0 techniciens d\u2019Enedis et salari\u00e9s d\u2019entreprises partenaires <\/span><span dir=\"ltr\">ont \u00e9t\u00e9<\/span>\u00a0 <span dir=\"ltr\">mobilis\u00e9s en Lorraine <\/span><span dir=\"ltr\">d\u00e8s les premiers incidents. <\/span> <\/span><span id=\"page3R_mcid6\" class=\"markedContent\"><\/span><\/strong><\/span><\/h2>\n<p><!--more--><\/p>\n<h3><strong><span id=\"page3R_mcid6\" class=\"markedContent\"><\/span><span style=\"font-size: 12pt;\"><span id=\"page3R_mcid7\" class=\"markedContent\"><span dir=\"ltr\">Clients priv\u00e9s d\u2019\u00e9lectricit\u00e9<\/span> <span dir=\"ltr\">:<\/span><\/span><span id=\"page3R_mcid8\" class=\"markedContent\"><\/span><\/span><\/strong><\/h3>\n<ul>\n<li><span id=\"page3R_mcid8\" class=\"markedContent\"><span dir=\"ltr\">Meuse<\/span> <span dir=\"ltr\">: 800<\/span>;<\/span><\/li>\n<li><span id=\"page3R_mcid9\" class=\"markedContent\"><span dir=\"ltr\">Moselle<\/span> <span dir=\"ltr\">: 200<\/span>;<\/span><\/li>\n<li><span id=\"page3R_mcid10\" class=\"markedContent\"><span dir=\"ltr\">Meurthe et Moselle<\/span> <span dir=\"ltr\">: 300<\/span>;<\/span><\/li>\n<li><span id=\"page3R_mcid11\" class=\"markedContent\"><span dir=\"ltr\">Vosges<\/span> <span dir=\"ltr\">: 200.<\/span> <\/span><span id=\"page3R_mcid12\" class=\"markedContent\"><\/span><\/li>\n<\/ul>\n<p><span id=\"page3R_mcid12\" class=\"markedContent\"><\/span><span id=\"page3R_mcid13\" class=\"markedContent\"><span dir=\"ltr\">Au niveau national, suite au pass<\/span><span dir=\"ltr\">age de la temp\u00eate Aurore sur le Nord du pays, Enedis a mobilis\u00e9 ses \u00e9quipes\u00a0 <\/span><span dir=\"ltr\">et d\u00e9clench\u00e9 t\u00f4t ce matin la Force d\u2019Intervention Rapide de l\u2019Electricit\u00e9 (FIRE). <\/span> <span dir=\"ltr\">4 000 techniciens et salari\u00e9s <\/span><span dir=\"ltr\">d\u2019entreprises prestataires sont \u00e0 pied d\u2019\u0153uvre et ont men\u00e9 des chan<\/span><span dir=\"ltr\">tiers tout au long de la journ\u00e9e. Les\u00a0 <\/span><span dir=\"ltr\">interventions se poursuivent. Pour rappel, 250<\/span> <span dir=\"ltr\">000 foyers \u00e9taient priv\u00e9s d\u2019\u00e9lectricit\u00e9 ce matin. A 18h00,\u00a0 <\/span><span dir=\"ltr\">210<\/span> <span dir=\"ltr\">000 foyers ont \u00e9t\u00e9 r\u00e9aliment\u00e9s, <\/span> <span dir=\"ltr\">soit 85% de foyers r\u00e9tablis dans la journ\u00e9e.<\/span> <span dir=\"ltr\">Il reste 40<\/span> <span dir=\"ltr\">000 foyers \u00e0 <\/span><span dir=\"ltr\">r\u00e9alim<\/span><span dir=\"ltr\">enter.<\/span> <\/span><span id=\"page3R_mcid14\" class=\"markedContent\"><br \/>\n<\/span><\/p>\n<p><span id=\"page3R_mcid15\" class=\"markedContent\"><span dir=\"ltr\">La plus grande prudence est \u00e0 observer \u00e0 proximit\u00e9 des lignes \u00e9lectriques compte tenu des chutes d\u2019arbres\u00a0 <\/span><span dir=\"ltr\">possibles.<\/span> <span dir=\"ltr\">Enedis<\/span> <span dir=\"ltr\">rappelle que les fils du r\u00e9seau tomb\u00e9s \u00e0 terre sont dangereux et qu\u2019il ne faut en aucun cas\u00a0 <\/span><span dir=\"ltr\">les <\/span><span dir=\"ltr\">d\u00e9placer. <\/span><span dir=\"ltr\">Pour <\/span><span dir=\"ltr\">signaler <\/span><span dir=\"ltr\">tout<\/span> <span dir=\"ltr\">danger <\/span><span dir=\"ltr\">ou <\/span><span dir=\"ltr\">incident, <\/span><span dir=\"ltr\">il <\/span><span dir=\"ltr\">faut <\/span><span dir=\"ltr\">contacter <\/span><span dir=\"ltr\">le <\/span><span dir=\"ltr\">09<\/span> <span dir=\"ltr\">726<\/span> <span dir=\"ltr\">750 <\/span><span dir=\"ltr\">+ <\/span><span dir=\"ltr\">num\u00e9ro <\/span><span dir=\"ltr\">du\u00a0 <\/span><span dir=\"ltr\">d\u00e9partement<\/span><span dir=\"ltr\">.<\/span> <\/span><\/p>\n","protected":false},"excerpt":{"rendered":"<p>En Lorraine, la temp\u00eate a fait des d\u00e9g\u00e2ts le 21 octobre d\u00e8s 1h du matin. Jusqu\u2019\u00e0 28 000 foyers ont [&hellip;]<\/p>\n","protected":false},"author":44,"featured_media":23295,"comment_status":"open","ping_status":"open","sticky":false,"template":"","format":"standard","meta":{"footnotes":""},"categories":[460,2924,18],"tags":[1603,9259,9252],"class_list":["post-44263","post","type-post","status-publish","format-standard","has-post-thumbnail","hentry","category-a-la-une","category-fait-divers","category-vosges","tag-enedis","tag-foyers-vosgiens-prives-delectricite","tag-tempete-aurore"],"acf":[],"yoast_head":"<!-- This site is optimized with the Yoast SEO plugin v22.5 - https:\/\/yoast.com\/wordpress\/plugins\/seo\/ -->\n<title>Temp\u00eate Aurore : la quasi totalit\u00e9 des foyers vosgiens r\u00e9aliment\u00e9s en \u00e9lectricit\u00e9 ce soir - Saint Die Info<\/title>\n<meta name=\"robots\" content=\"index, follow, max-snippet:-1, max-image-preview:large, max-video-preview:-1\" \/>\n<link rel=\"canonical\" href=\"https:\/\/vosgesinfo.fr\/saintdieinfo\/2021\/10\/tempete-aurore-quasi-totalite-foyers-vosgiens-realimentes-electricite-soir\/\" \/>\n<meta name=\"twitter:card\" content=\"summary_large_image\" \/>\n<meta name=\"twitter:title\" content=\"Temp\u00eate Aurore : la quasi totalit\u00e9 des foyers vosgiens r\u00e9aliment\u00e9s en \u00e9lectricit\u00e9 ce soir - Saint Die Info\" \/>\n<meta name=\"twitter:description\" content=\"En Lorraine, la temp\u00eate a fait des d\u00e9g\u00e2ts le 21 octobre d\u00e8s 1h du matin. Jusqu\u2019\u00e0 28 000 foyers ont [&hellip;]\" \/>\n<meta name=\"twitter:image\" content=\"https:\/\/vosgesinfo.fr\/app\/uploads\/sites\/4\/2024\/01\/electricite.jpg\" \/>\n<meta name=\"twitter:creator\" content=\"@VosgesInfo88\" \/>\n<meta name=\"twitter:site\" content=\"@VosgesInfo88\" \/>\n<meta name=\"twitter:label1\" content=\"\u00c9crit par\" \/>\n\t<meta name=\"twitter:data1\" content=\"la r\u00e9daction\" \/>\n\t<meta name=\"twitter:label2\" content=\"Dur\u00e9e de lecture estim\u00e9e\" \/>\n\t<meta name=\"twitter:data2\" content=\"1 minute\" \/>\n<script type=\"application\/ld+json\" class=\"yoast-schema-graph\">{\"@context\":\"https:\/\/schema.org\",\"@graph\":[{\"@type\":\"Article\",\"@id\":\"https:\/\/vosgesinfo.fr\/saintdieinfo\/2021\/10\/tempete-aurore-quasi-totalite-foyers-vosgiens-realimentes-electricite-soir\/#article\",\"isPartOf\":{\"@id\":\"https:\/\/vosgesinfo.fr\/saintdieinfo\/2021\/10\/tempete-aurore-quasi-totalite-foyers-vosgiens-realimentes-electricite-soir\/\"},\"author\":{\"name\":\"la r\u00e9daction\",\"@id\":\"https:\/\/vosgesinfo.fr\/saintdieinfo\/#\/schema\/person\/faee6704a21f3977511db84bd1cd450f\"},\"headline\":\"Temp\u00eate Aurore : la quasi totalit\u00e9 des foyers vosgiens r\u00e9aliment\u00e9s en \u00e9lectricit\u00e9 ce soir\",\"datePublished\":\"2021-10-21T15:56:05+00:00\",\"dateModified\":\"2021-10-21T15:56:05+00:00\",\"mainEntityOfPage\":{\"@id\":\"https:\/\/vosgesinfo.fr\/saintdieinfo\/2021\/10\/tempete-aurore-quasi-totalite-foyers-vosgiens-realimentes-electricite-soir\/\"},\"wordCount\":283,\"commentCount\":0,\"publisher\":{\"@id\":\"https:\/\/vosgesinfo.fr\/saintdieinfo\/#organization\"},\"image\":{\"@id\":\"https:\/\/vosgesinfo.fr\/saintdieinfo\/2021\/10\/tempete-aurore-quasi-totalite-foyers-vosgiens-realimentes-electricite-soir\/#primaryimage\"},\"thumbnailUrl\":\"https:\/\/vosgesinfo.fr\/app\/uploads\/sites\/4\/2024\/01\/electricite.jpg\",\"keywords\":[\"Enedis\",\"Foyers vosgiens priv\u00e9s d'\u00e9lectricit\u00e9\",\"Temp\u00eate Aurore\"],\"articleSection\":[\"A la Une\",\"Fait Divers\",\"Vosges\"],\"inLanguage\":\"fr-FR\",\"potentialAction\":[{\"@type\":\"CommentAction\",\"name\":\"Comment\",\"target\":[\"https:\/\/vosgesinfo.fr\/saintdieinfo\/2021\/10\/tempete-aurore-quasi-totalite-foyers-vosgiens-realimentes-electricite-soir\/#respond\"]}]},{\"@type\":\"WebPage\",\"@id\":\"https:\/\/vosgesinfo.fr\/saintdieinfo\/2021\/10\/tempete-aurore-quasi-totalite-foyers-vosgiens-realimentes-electricite-soir\/\",\"url\":\"https:\/\/vosgesinfo.fr\/saintdieinfo\/2021\/10\/tempete-aurore-quasi-totalite-foyers-vosgiens-realimentes-electricite-soir\/\",\"name\":\"Temp\u00eate Aurore : la quasi totalit\u00e9 des foyers vosgiens r\u00e9aliment\u00e9s en \u00e9lectricit\u00e9 ce soir - Saint Die Info\",\"isPartOf\":{\"@id\":\"https:\/\/vosgesinfo.fr\/saintdieinfo\/#website\"},\"primaryImageOfPage\":{\"@id\":\"https:\/\/vosgesinfo.fr\/saintdieinfo\/2021\/10\/tempete-aurore-quasi-totalite-foyers-vosgiens-realimentes-electricite-soir\/#primaryimage\"},\"image\":{\"@id\":\"https:\/\/vosgesinfo.fr\/saintdieinfo\/2021\/10\/tempete-aurore-quasi-totalite-foyers-vosgiens-realimentes-electricite-soir\/#primaryimage\"},\"thumbnailUrl\":\"https:\/\/vosgesinfo.fr\/app\/uploads\/sites\/4\/2024\/01\/electricite.jpg\",\"datePublished\":\"2021-10-21T15:56:05+00:00\",\"dateModified\":\"2021-10-21T15:56:05+00:00\",\"breadcrumb\":{\"@id\":\"https:\/\/vosgesinfo.fr\/saintdieinfo\/2021\/10\/tempete-aurore-quasi-totalite-foyers-vosgiens-realimentes-electricite-soir\/#breadcrumb\"},\"inLanguage\":\"fr-FR\",\"potentialAction\":[{\"@type\":\"ReadAction\",\"target\":[\"https:\/\/vosgesinfo.fr\/saintdieinfo\/2021\/10\/tempete-aurore-quasi-totalite-foyers-vosgiens-realimentes-electricite-soir\/\"]}]},{\"@type\":\"ImageObject\",\"inLanguage\":\"fr-FR\",\"@id\":\"https:\/\/vosgesinfo.fr\/saintdieinfo\/2021\/10\/tempete-aurore-quasi-totalite-foyers-vosgiens-realimentes-electricite-soir\/#primaryimage\",\"url\":\"https:\/\/vosgesinfo.fr\/app\/uploads\/sites\/4\/2024\/01\/electricite.jpg\",\"contentUrl\":\"https:\/\/vosgesinfo.fr\/app\/uploads\/sites\/4\/2024\/01\/electricite.jpg\",\"width\":800,\"height\":600},{\"@type\":\"BreadcrumbList\",\"@id\":\"https:\/\/vosgesinfo.fr\/saintdieinfo\/2021\/10\/tempete-aurore-quasi-totalite-foyers-vosgiens-realimentes-electricite-soir\/#breadcrumb\",\"itemListElement\":[{\"@type\":\"ListItem\",\"position\":1,\"name\":\"Home\",\"item\":\"https:\/\/vosgesinfo.fr\/saintdieinfo\/\"},{\"@type\":\"ListItem\",\"position\":2,\"name\":\"Temp\u00eate Aurore : la quasi totalit\u00e9 des foyers vosgiens r\u00e9aliment\u00e9s en \u00e9lectricit\u00e9 ce soir\"}]},{\"@type\":\"WebSite\",\"@id\":\"https:\/\/vosgesinfo.fr\/saintdieinfo\/#website\",\"url\":\"https:\/\/vosgesinfo.fr\/saintdieinfo\/\",\"name\":\"Saint Die Info\",\"description\":\"Toute l&#039;actualit\u00e9 de Saint-Di\u00e9-Des-Vosges\",\"publisher\":{\"@id\":\"https:\/\/vosgesinfo.fr\/saintdieinfo\/#organization\"},\"alternateName\":\"Toute l'actualit\u00e9 de Saint-Di\u00e9-Des-Vosges\",\"potentialAction\":[{\"@type\":\"SearchAction\",\"target\":{\"@type\":\"EntryPoint\",\"urlTemplate\":\"https:\/\/vosgesinfo.fr\/saintdieinfo\/?s={search_term_string}\"},\"query-input\":\"required name=search_term_string\"}],\"inLanguage\":\"fr-FR\"},{\"@type\":\"Organization\",\"@id\":\"https:\/\/vosgesinfo.fr\/saintdieinfo\/#organization\",\"name\":\"Saint Die Info\",\"url\":\"https:\/\/vosgesinfo.fr\/saintdieinfo\/\",\"logo\":{\"@type\":\"ImageObject\",\"inLanguage\":\"fr-FR\",\"@id\":\"https:\/\/vosgesinfo.fr\/saintdieinfo\/#\/schema\/logo\/image\/\",\"url\":\"https:\/\/vosgesinfo.fr\/app\/uploads\/sites\/4\/2024\/02\/logo-sdi.jpg\",\"contentUrl\":\"https:\/\/vosgesinfo.fr\/app\/uploads\/sites\/4\/2024\/02\/logo-sdi.jpg\",\"width\":600,\"height\":600,\"caption\":\"Saint Die Info\"},\"image\":{\"@id\":\"https:\/\/vosgesinfo.fr\/saintdieinfo\/#\/schema\/logo\/image\/\"},\"sameAs\":[\"https:\/\/www.facebook.com\/Saintdieinfofr\",\"https:\/\/x.com\/VosgesInfo88\",\"https:\/\/www.youtube.com\/@vosgesinfo\"]},{\"@type\":\"Person\",\"@id\":\"https:\/\/vosgesinfo.fr\/saintdieinfo\/#\/schema\/person\/faee6704a21f3977511db84bd1cd450f\",\"name\":\"la r\u00e9daction\",\"image\":{\"@type\":\"ImageObject\",\"inLanguage\":\"fr-FR\",\"@id\":\"https:\/\/vosgesinfo.fr\/saintdieinfo\/#\/schema\/person\/image\/\",\"url\":\"https:\/\/secure.gravatar.com\/avatar\/6673d8bc6a9c17fa9a453eaa3448de834fa308c2ec9635b7aa99441a7c8d2cf6?s=96&d=mm&r=g\",\"contentUrl\":\"https:\/\/secure.gravatar.com\/avatar\/6673d8bc6a9c17fa9a453eaa3448de834fa308c2ec9635b7aa99441a7c8d2cf6?s=96&d=mm&r=g\",\"caption\":\"la r\u00e9daction\"},\"url\":\"https:\/\/vosgesinfo.fr\/saintdieinfo\/author\/redac\/\"}]}<\/script>\n<!-- \/ Yoast SEO plugin. -->","yoast_head_json":{"title":"Temp\u00eate Aurore : la quasi totalit\u00e9 des foyers vosgiens r\u00e9aliment\u00e9s en \u00e9lectricit\u00e9 ce soir - Saint Die Info","robots":{"index":"index","follow":"follow","max-snippet":"max-snippet:-1","max-image-preview":"max-image-preview:large","max-video-preview":"max-video-preview:-1"},"canonical":"https:\/\/vosgesinfo.fr\/saintdieinfo\/2021\/10\/tempete-aurore-quasi-totalite-foyers-vosgiens-realimentes-electricite-soir\/","twitter_card":"summary_large_image","twitter_title":"Temp\u00eate Aurore : la quasi totalit\u00e9 des foyers vosgiens r\u00e9aliment\u00e9s en \u00e9lectricit\u00e9 ce soir - Saint Die Info","twitter_description":"En Lorraine, la temp\u00eate a fait des d\u00e9g\u00e2ts le 21 octobre d\u00e8s 1h du matin. Jusqu\u2019\u00e0 28 000 foyers ont [&hellip;]","twitter_image":"https:\/\/vosgesinfo.fr\/app\/uploads\/sites\/4\/2024\/01\/electricite.jpg","twitter_creator":"@VosgesInfo88","twitter_site":"@VosgesInfo88","twitter_misc":{"\u00c9crit par":"la r\u00e9daction","Dur\u00e9e de lecture estim\u00e9e":"1 minute"},"schema":{"@context":"https:\/\/schema.org","@graph":[{"@type":"Article","@id":"https:\/\/vosgesinfo.fr\/saintdieinfo\/2021\/10\/tempete-aurore-quasi-totalite-foyers-vosgiens-realimentes-electricite-soir\/#article","isPartOf":{"@id":"https:\/\/vosgesinfo.fr\/saintdieinfo\/2021\/10\/tempete-aurore-quasi-totalite-foyers-vosgiens-realimentes-electricite-soir\/"},"author":{"name":"la r\u00e9daction","@id":"https:\/\/vosgesinfo.fr\/saintdieinfo\/#\/schema\/person\/faee6704a21f3977511db84bd1cd450f"},"headline":"Temp\u00eate Aurore : la quasi totalit\u00e9 des foyers vosgiens r\u00e9aliment\u00e9s en \u00e9lectricit\u00e9 ce soir","datePublished":"2021-10-21T15:56:05+00:00","dateModified":"2021-10-21T15:56:05+00:00","mainEntityOfPage":{"@id":"https:\/\/vosgesinfo.fr\/saintdieinfo\/2021\/10\/tempete-aurore-quasi-totalite-foyers-vosgiens-realimentes-electricite-soir\/"},"wordCount":283,"commentCount":0,"publisher":{"@id":"https:\/\/vosgesinfo.fr\/saintdieinfo\/#organization"},"image":{"@id":"https:\/\/vosgesinfo.fr\/saintdieinfo\/2021\/10\/tempete-aurore-quasi-totalite-foyers-vosgiens-realimentes-electricite-soir\/#primaryimage"},"thumbnailUrl":"https:\/\/vosgesinfo.fr\/app\/uploads\/sites\/4\/2024\/01\/electricite.jpg","keywords":["Enedis","Foyers vosgiens priv\u00e9s d'\u00e9lectricit\u00e9","Temp\u00eate Aurore"],"articleSection":["A la Une","Fait Divers","Vosges"],"inLanguage":"fr-FR","potentialAction":[{"@type":"CommentAction","name":"Comment","target":["https:\/\/vosgesinfo.fr\/saintdieinfo\/2021\/10\/tempete-aurore-quasi-totalite-foyers-vosgiens-realimentes-electricite-soir\/#respond"]}]},{"@type":"WebPage","@id":"https:\/\/vosgesinfo.fr\/saintdieinfo\/2021\/10\/tempete-aurore-quasi-totalite-foyers-vosgiens-realimentes-electricite-soir\/","url":"https:\/\/vosgesinfo.fr\/saintdieinfo\/2021\/10\/tempete-aurore-quasi-totalite-foyers-vosgiens-realimentes-electricite-soir\/","name":"Temp\u00eate Aurore : la quasi totalit\u00e9 des foyers vosgiens r\u00e9aliment\u00e9s en \u00e9lectricit\u00e9 ce soir - Saint Die Info","isPartOf":{"@id":"https:\/\/vosgesinfo.fr\/saintdieinfo\/#website"},"primaryImageOfPage":{"@id":"https:\/\/vosgesinfo.fr\/saintdieinfo\/2021\/10\/tempete-aurore-quasi-totalite-foyers-vosgiens-realimentes-electricite-soir\/#primaryimage"},"image":{"@id":"https:\/\/vosgesinfo.fr\/saintdieinfo\/2021\/10\/tempete-aurore-quasi-totalite-foyers-vosgiens-realimentes-electricite-soir\/#primaryimage"},"thumbnailUrl":"https:\/\/vosgesinfo.fr\/app\/uploads\/sites\/4\/2024\/01\/electricite.jpg","datePublished":"2021-10-21T15:56:05+00:00","dateModified":"2021-10-21T15:56:05+00:00","breadcrumb":{"@id":"https:\/\/vosgesinfo.fr\/saintdieinfo\/2021\/10\/tempete-aurore-quasi-totalite-foyers-vosgiens-realimentes-electricite-soir\/#breadcrumb"},"inLanguage":"fr-FR","potentialAction":[{"@type":"ReadAction","target":["https:\/\/vosgesinfo.fr\/saintdieinfo\/2021\/10\/tempete-aurore-quasi-totalite-foyers-vosgiens-realimentes-electricite-soir\/"]}]},{"@type":"ImageObject","inLanguage":"fr-FR","@id":"https:\/\/vosgesinfo.fr\/saintdieinfo\/2021\/10\/tempete-aurore-quasi-totalite-foyers-vosgiens-realimentes-electricite-soir\/#primaryimage","url":"https:\/\/vosgesinfo.fr\/app\/uploads\/sites\/4\/2024\/01\/electricite.jpg","contentUrl":"https:\/\/vosgesinfo.fr\/app\/uploads\/sites\/4\/2024\/01\/electricite.jpg","width":800,"height":600},{"@type":"BreadcrumbList","@id":"https:\/\/vosgesinfo.fr\/saintdieinfo\/2021\/10\/tempete-aurore-quasi-totalite-foyers-vosgiens-realimentes-electricite-soir\/#breadcrumb","itemListElement":[{"@type":"ListItem","position":1,"name":"Home","item":"https:\/\/vosgesinfo.fr\/saintdieinfo\/"},{"@type":"ListItem","position":2,"name":"Temp\u00eate Aurore : la quasi totalit\u00e9 des foyers vosgiens r\u00e9aliment\u00e9s en \u00e9lectricit\u00e9 ce soir"}]},{"@type":"WebSite","@id":"https:\/\/vosgesinfo.fr\/saintdieinfo\/#website","url":"https:\/\/vosgesinfo.fr\/saintdieinfo\/","name":"Saint Die Info","description":"Toute l&#039;actualit\u00e9 de Saint-Di\u00e9-Des-Vosges","publisher":{"@id":"https:\/\/vosgesinfo.fr\/saintdieinfo\/#organization"},"alternateName":"Toute l'actualit\u00e9 de Saint-Di\u00e9-Des-Vosges","potentialAction":[{"@type":"SearchAction","target":{"@type":"EntryPoint","urlTemplate":"https:\/\/vosgesinfo.fr\/saintdieinfo\/?s={search_term_string}"},"query-input":"required name=search_term_string"}],"inLanguage":"fr-FR"},{"@type":"Organization","@id":"https:\/\/vosgesinfo.fr\/saintdieinfo\/#organization","name":"Saint Die Info","url":"https:\/\/vosgesinfo.fr\/saintdieinfo\/","logo":{"@type":"ImageObject","inLanguage":"fr-FR","@id":"https:\/\/vosgesinfo.fr\/saintdieinfo\/#\/schema\/logo\/image\/","url":"https:\/\/vosgesinfo.fr\/app\/uploads\/sites\/4\/2024\/02\/logo-sdi.jpg","contentUrl":"https:\/\/vosgesinfo.fr\/app\/uploads\/sites\/4\/2024\/02\/logo-sdi.jpg","width":600,"height":600,"caption":"Saint Die Info"},"image":{"@id":"https:\/\/vosgesinfo.fr\/saintdieinfo\/#\/schema\/logo\/image\/"},"sameAs":["https:\/\/www.facebook.com\/Saintdieinfofr","https:\/\/x.com\/VosgesInfo88","https:\/\/www.youtube.com\/@vosgesinfo"]},{"@type":"Person","@id":"https:\/\/vosgesinfo.fr\/saintdieinfo\/#\/schema\/person\/faee6704a21f3977511db84bd1cd450f","name":"la r\u00e9daction","image":{"@type":"ImageObject","inLanguage":"fr-FR","@id":"https:\/\/vosgesinfo.fr\/saintdieinfo\/#\/schema\/person\/image\/","url":"https:\/\/secure.gravatar.com\/avatar\/6673d8bc6a9c17fa9a453eaa3448de834fa308c2ec9635b7aa99441a7c8d2cf6?s=96&d=mm&r=g","contentUrl":"https:\/\/secure.gravatar.com\/avatar\/6673d8bc6a9c17fa9a453eaa3448de834fa308c2ec9635b7aa99441a7c8d2cf6?s=96&d=mm&r=g","caption":"la r\u00e9daction"},"url":"https:\/\/vosgesinfo.fr\/saintdieinfo\/author\/redac\/"}]}},"_links":{"self":[{"href":"https:\/\/vosgesinfo.fr\/saintdieinfo\/wp-json\/wp\/v2\/posts\/44263","targetHints":{"allow":["GET"]}}],"collection":[{"href":"https:\/\/vosgesinfo.fr\/saintdieinfo\/wp-json\/wp\/v2\/posts"}],"about":[{"href":"https:\/\/vosgesinfo.fr\/saintdieinfo\/wp-json\/wp\/v2\/types\/post"}],"author":[{"embeddable":true,"href":"https:\/\/vosgesinfo.fr\/saintdieinfo\/wp-json\/wp\/v2\/users\/44"}],"replies":[{"embeddable":true,"href":"https:\/\/vosgesinfo.fr\/saintdieinfo\/wp-json\/wp\/v2\/comments?post=44263"}],"version-history":[{"count":0,"href":"https:\/\/vosgesinfo.fr\/saintdieinfo\/wp-json\/wp\/v2\/posts\/44263\/revisions"}],"wp:featuredmedia":[{"embeddable":true,"href":"https:\/\/vosgesinfo.fr\/saintdieinfo\/wp-json\/wp\/v2\/media\/23295"}],"wp:attachment":[{"href":"https:\/\/vosgesinfo.fr\/saintdieinfo\/wp-json\/wp\/v2\/media?parent=44263"}],"wp:term":[{"taxonomy":"category","embeddable":true,"href":"https:\/\/vosgesinfo.fr\/saintdieinfo\/wp-json\/wp\/v2\/categories?post=44263"},{"taxonomy":"post_tag","embeddable":true,"href":"https:\/\/vosgesinfo.fr\/saintdieinfo\/wp-json\/wp\/v2\/tags?post=44263"}],"curies":[{"name":"wp","href":"https:\/\/api.w.org\/{rel}","templated":true}]}}