{"id":44264,"date":"2021-10-22T05:30:25","date_gmt":"2021-10-22T03:30:25","guid":{"rendered":"https:\/\/vosgesinfo.fr\/saintdieinfo\/2021\/10\/rn59-fermeture-de-bretelle-de-sortie-de-lechangeur-detival-clairefontaine\/"},"modified":"2021-10-22T05:30:25","modified_gmt":"2021-10-22T03:30:25","slug":"rn59-fermeture-de-bretelle-de-sortie-de-lechangeur-detival-clairefontaine","status":"publish","type":"post","link":"https:\/\/vosgesinfo.fr\/saintdieinfo\/2021\/10\/rn59-fermeture-de-bretelle-de-sortie-de-lechangeur-detival-clairefontaine\/","title":{"rendered":"RN59 \u2013 Fermeture de la bretelle de sortie de l\u2019\u00e9changeur d\u2019Etival-Clairefontaine"},"content":{"rendered":"<div id=\"attachment_173450\" style=\"width: 810px\" class=\"wp-caption aligncenter\"><a href=\"\/2021\/10\/RN59-Fermeture_Bretelle_Echangeur_Etival-Clairefontaine_01.jpg\" target=\"_blank\" rel=\"noopener\"><img decoding=\"async\" aria-describedby=\"caption-attachment-173450\" class=\"wp-image-173450 size-full\" src=\"\/2021\/10\/RN59-Fermeture_Bretelle_Echangeur_Etival-Clairefontaine_01.jpg\" alt=\"RN59-Fermeture_Bretelle_Echangeur_Etival-Clairefontaine_01\" width=\"800\" height=\"466\" \/><\/a><p id=\"caption-attachment-173450\" class=\"wp-caption-text\">(Capture d&rsquo;\u00e9cran Google Maps)<\/p><\/div>\n<h2><span style=\"font-size: 14pt;\"><strong>Du lundi 25 octobre \u00e0 8h au vendredi 29 octobre 2021 \u00e0 16h, afin de s\u00e9curiser les travaux de d\u00e9ploiement du r\u00e9seau fibre optique entre Etival-Clairefontaine et La Voivre, la Direction Interd\u00e9partementale des Routes de l&rsquo;Est \u2013 DIR Est \u2013 pour le compte de l\u2019\u00c9tat, fermera la bretelle de sortie Etival-Clairefontaine de la RN59 ans le sens Strasbourg \u2192 Nancy. Une d\u00e9viation locale sera mise en place via l\u2019\u00e9changeur le plus proche.<\/strong><\/span><\/h2>\n<p><!--more--><\/p>\n<p>Consciente des d\u00e9sagr\u00e9ments li\u00e9s \u00e0 ce chantier, la DIR Est remercie les automobilistes de leur compr\u00e9hension. Elle leur recommande la plus grande prudence et la mod\u00e9ration de leur vitesse sur les d\u00e9viations.<\/p>\n","protected":false},"excerpt":{"rendered":"<p>Du lundi 25 octobre \u00e0 8h au vendredi 29 octobre 2021 \u00e0 16h, afin de s\u00e9curiser les travaux de d\u00e9ploiement [&hellip;]<\/p>\n","protected":false},"author":44,"featured_media":44265,"comment_status":"open","ping_status":"open","sticky":false,"template":"","format":"standard","meta":{"footnotes":""},"categories":[460,2915],"tags":[3820,3250,3263,171],"class_list":["post-44264","post","type-post","status-publish","format-standard","has-post-thumbnail","hentry","category-a-la-une","category-saint-die-son-canton","tag-dir-est","tag-etival-clairefontaine","tag-rn59","tag-travaux"],"acf":[],"yoast_head":"<!-- This site is optimized with the Yoast SEO plugin v22.5 - https:\/\/yoast.com\/wordpress\/plugins\/seo\/ -->\n<title>RN59 \u2013 Fermeture de la bretelle de sortie de l\u2019\u00e9changeur d\u2019Etival-Clairefontaine - Saint Die Info<\/title>\n<meta name=\"robots\" content=\"index, follow, max-snippet:-1, max-image-preview:large, max-video-preview:-1\" \/>\n<link rel=\"canonical\" href=\"https:\/\/vosgesinfo.fr\/saintdieinfo\/2021\/10\/rn59-fermeture-de-bretelle-de-sortie-de-lechangeur-detival-clairefontaine\/\" \/>\n<meta name=\"twitter:card\" content=\"summary_large_image\" \/>\n<meta name=\"twitter:title\" content=\"RN59 \u2013 Fermeture de la bretelle de sortie de l\u2019\u00e9changeur d\u2019Etival-Clairefontaine - Saint Die Info\" \/>\n<meta name=\"twitter:description\" content=\"Du lundi 25 octobre \u00e0 8h au vendredi 29 octobre 2021 \u00e0 16h, afin de s\u00e9curiser les travaux de d\u00e9ploiement [&hellip;]\" \/>\n<meta name=\"twitter:image\" content=\"https:\/\/vosgesinfo.fr\/app\/uploads\/sites\/4\/2024\/08\/202110rn59-fermeture-bretelle-echangeur-etival-clairefontaine-01.jpg\" \/>\n<meta name=\"twitter:creator\" content=\"@VosgesInfo88\" \/>\n<meta name=\"twitter:site\" content=\"@VosgesInfo88\" \/>\n<meta name=\"twitter:label1\" content=\"\u00c9crit par\" \/>\n\t<meta name=\"twitter:data1\" content=\"la r\u00e9daction\" \/>\n\t<meta name=\"twitter:label2\" content=\"Dur\u00e9e de lecture estim\u00e9e\" \/>\n\t<meta name=\"twitter:data2\" content=\"1 minute\" \/>\n<script type=\"application\/ld+json\" class=\"yoast-schema-graph\">{\"@context\":\"https:\/\/schema.org\",\"@graph\":[{\"@type\":\"Article\",\"@id\":\"https:\/\/vosgesinfo.fr\/saintdieinfo\/2021\/10\/rn59-fermeture-de-bretelle-de-sortie-de-lechangeur-detival-clairefontaine\/#article\",\"isPartOf\":{\"@id\":\"https:\/\/vosgesinfo.fr\/saintdieinfo\/2021\/10\/rn59-fermeture-de-bretelle-de-sortie-de-lechangeur-detival-clairefontaine\/\"},\"author\":{\"name\":\"la r\u00e9daction\",\"@id\":\"https:\/\/vosgesinfo.fr\/saintdieinfo\/#\/schema\/person\/faee6704a21f3977511db84bd1cd450f\"},\"headline\":\"RN59 \u2013 Fermeture de la bretelle de sortie de l\u2019\u00e9changeur d\u2019Etival-Clairefontaine\",\"datePublished\":\"2021-10-22T03:30:25+00:00\",\"dateModified\":\"2021-10-22T03:30:25+00:00\",\"mainEntityOfPage\":{\"@id\":\"https:\/\/vosgesinfo.fr\/saintdieinfo\/2021\/10\/rn59-fermeture-de-bretelle-de-sortie-de-lechangeur-detival-clairefontaine\/\"},\"wordCount\":133,\"commentCount\":0,\"publisher\":{\"@id\":\"https:\/\/vosgesinfo.fr\/saintdieinfo\/#organization\"},\"image\":{\"@id\":\"https:\/\/vosgesinfo.fr\/saintdieinfo\/2021\/10\/rn59-fermeture-de-bretelle-de-sortie-de-lechangeur-detival-clairefontaine\/#primaryimage\"},\"thumbnailUrl\":\"https:\/\/vosgesinfo.fr\/app\/uploads\/sites\/4\/2024\/08\/202110rn59-fermeture-bretelle-echangeur-etival-clairefontaine-01.jpg\",\"keywords\":[\"DIR Est\",\"etival-clairefontaine\",\"RN59\",\"Travaux\"],\"articleSection\":[\"A la Une\",\"Saint-Di\u00e9-des-Vosges et son Agglom\u00e9ration\"],\"inLanguage\":\"fr-FR\",\"potentialAction\":[{\"@type\":\"CommentAction\",\"name\":\"Comment\",\"target\":[\"https:\/\/vosgesinfo.fr\/saintdieinfo\/2021\/10\/rn59-fermeture-de-bretelle-de-sortie-de-lechangeur-detival-clairefontaine\/#respond\"]}]},{\"@type\":\"WebPage\",\"@id\":\"https:\/\/vosgesinfo.fr\/saintdieinfo\/2021\/10\/rn59-fermeture-de-bretelle-de-sortie-de-lechangeur-detival-clairefontaine\/\",\"url\":\"https:\/\/vosgesinfo.fr\/saintdieinfo\/2021\/10\/rn59-fermeture-de-bretelle-de-sortie-de-lechangeur-detival-clairefontaine\/\",\"name\":\"RN59 \u2013 Fermeture de la bretelle de sortie de l\u2019\u00e9changeur d\u2019Etival-Clairefontaine - Saint Die Info\",\"isPartOf\":{\"@id\":\"https:\/\/vosgesinfo.fr\/saintdieinfo\/#website\"},\"primaryImageOfPage\":{\"@id\":\"https:\/\/vosgesinfo.fr\/saintdieinfo\/2021\/10\/rn59-fermeture-de-bretelle-de-sortie-de-lechangeur-detival-clairefontaine\/#primaryimage\"},\"image\":{\"@id\":\"https:\/\/vosgesinfo.fr\/saintdieinfo\/2021\/10\/rn59-fermeture-de-bretelle-de-sortie-de-lechangeur-detival-clairefontaine\/#primaryimage\"},\"thumbnailUrl\":\"https:\/\/vosgesinfo.fr\/app\/uploads\/sites\/4\/2024\/08\/202110rn59-fermeture-bretelle-echangeur-etival-clairefontaine-01.jpg\",\"datePublished\":\"2021-10-22T03:30:25+00:00\",\"dateModified\":\"2021-10-22T03:30:25+00:00\",\"breadcrumb\":{\"@id\":\"https:\/\/vosgesinfo.fr\/saintdieinfo\/2021\/10\/rn59-fermeture-de-bretelle-de-sortie-de-lechangeur-detival-clairefontaine\/#breadcrumb\"},\"inLanguage\":\"fr-FR\",\"potentialAction\":[{\"@type\":\"ReadAction\",\"target\":[\"https:\/\/vosgesinfo.fr\/saintdieinfo\/2021\/10\/rn59-fermeture-de-bretelle-de-sortie-de-lechangeur-detival-clairefontaine\/\"]}]},{\"@type\":\"ImageObject\",\"inLanguage\":\"fr-FR\",\"@id\":\"https:\/\/vosgesinfo.fr\/saintdieinfo\/2021\/10\/rn59-fermeture-de-bretelle-de-sortie-de-lechangeur-detival-clairefontaine\/#primaryimage\",\"url\":\"https:\/\/vosgesinfo.fr\/app\/uploads\/sites\/4\/2024\/08\/202110rn59-fermeture-bretelle-echangeur-etival-clairefontaine-01.jpg\",\"contentUrl\":\"https:\/\/vosgesinfo.fr\/app\/uploads\/sites\/4\/2024\/08\/202110rn59-fermeture-bretelle-echangeur-etival-clairefontaine-01.jpg\",\"width\":800,\"height\":466},{\"@type\":\"BreadcrumbList\",\"@id\":\"https:\/\/vosgesinfo.fr\/saintdieinfo\/2021\/10\/rn59-fermeture-de-bretelle-de-sortie-de-lechangeur-detival-clairefontaine\/#breadcrumb\",\"itemListElement\":[{\"@type\":\"ListItem\",\"position\":1,\"name\":\"Home\",\"item\":\"https:\/\/vosgesinfo.fr\/saintdieinfo\/\"},{\"@type\":\"ListItem\",\"position\":2,\"name\":\"RN59 \u2013 Fermeture de la bretelle de sortie de l\u2019\u00e9changeur d\u2019Etival-Clairefontaine\"}]},{\"@type\":\"WebSite\",\"@id\":\"https:\/\/vosgesinfo.fr\/saintdieinfo\/#website\",\"url\":\"https:\/\/vosgesinfo.fr\/saintdieinfo\/\",\"name\":\"Saint Die Info\",\"description\":\"Toute l&#039;actualit\u00e9 de Saint-Di\u00e9-Des-Vosges\",\"publisher\":{\"@id\":\"https:\/\/vosgesinfo.fr\/saintdieinfo\/#organization\"},\"alternateName\":\"Toute l'actualit\u00e9 de Saint-Di\u00e9-Des-Vosges\",\"potentialAction\":[{\"@type\":\"SearchAction\",\"target\":{\"@type\":\"EntryPoint\",\"urlTemplate\":\"https:\/\/vosgesinfo.fr\/saintdieinfo\/?s={search_term_string}\"},\"query-input\":\"required name=search_term_string\"}],\"inLanguage\":\"fr-FR\"},{\"@type\":\"Organization\",\"@id\":\"https:\/\/vosgesinfo.fr\/saintdieinfo\/#organization\",\"name\":\"Saint Die Info\",\"url\":\"https:\/\/vosgesinfo.fr\/saintdieinfo\/\",\"logo\":{\"@type\":\"ImageObject\",\"inLanguage\":\"fr-FR\",\"@id\":\"https:\/\/vosgesinfo.fr\/saintdieinfo\/#\/schema\/logo\/image\/\",\"url\":\"https:\/\/vosgesinfo.fr\/app\/uploads\/sites\/4\/2024\/02\/logo-sdi.jpg\",\"contentUrl\":\"https:\/\/vosgesinfo.fr\/app\/uploads\/sites\/4\/2024\/02\/logo-sdi.jpg\",\"width\":600,\"height\":600,\"caption\":\"Saint Die Info\"},\"image\":{\"@id\":\"https:\/\/vosgesinfo.fr\/saintdieinfo\/#\/schema\/logo\/image\/\"},\"sameAs\":[\"https:\/\/www.facebook.com\/Saintdieinfofr\",\"https:\/\/x.com\/VosgesInfo88\",\"https:\/\/www.youtube.com\/@vosgesinfo\"]},{\"@type\":\"Person\",\"@id\":\"https:\/\/vosgesinfo.fr\/saintdieinfo\/#\/schema\/person\/faee6704a21f3977511db84bd1cd450f\",\"name\":\"la r\u00e9daction\",\"image\":{\"@type\":\"ImageObject\",\"inLanguage\":\"fr-FR\",\"@id\":\"https:\/\/vosgesinfo.fr\/saintdieinfo\/#\/schema\/person\/image\/\",\"url\":\"https:\/\/secure.gravatar.com\/avatar\/6673d8bc6a9c17fa9a453eaa3448de834fa308c2ec9635b7aa99441a7c8d2cf6?s=96&d=mm&r=g\",\"contentUrl\":\"https:\/\/secure.gravatar.com\/avatar\/6673d8bc6a9c17fa9a453eaa3448de834fa308c2ec9635b7aa99441a7c8d2cf6?s=96&d=mm&r=g\",\"caption\":\"la r\u00e9daction\"},\"url\":\"https:\/\/vosgesinfo.fr\/saintdieinfo\/author\/redac\/\"}]}<\/script>\n<!-- \/ Yoast SEO plugin. -->","yoast_head_json":{"title":"RN59 \u2013 Fermeture de la bretelle de sortie de l\u2019\u00e9changeur d\u2019Etival-Clairefontaine - Saint Die Info","robots":{"index":"index","follow":"follow","max-snippet":"max-snippet:-1","max-image-preview":"max-image-preview:large","max-video-preview":"max-video-preview:-1"},"canonical":"https:\/\/vosgesinfo.fr\/saintdieinfo\/2021\/10\/rn59-fermeture-de-bretelle-de-sortie-de-lechangeur-detival-clairefontaine\/","twitter_card":"summary_large_image","twitter_title":"RN59 \u2013 Fermeture de la bretelle de sortie de l\u2019\u00e9changeur d\u2019Etival-Clairefontaine - Saint Die Info","twitter_description":"Du lundi 25 octobre \u00e0 8h au vendredi 29 octobre 2021 \u00e0 16h, afin de s\u00e9curiser les travaux de d\u00e9ploiement [&hellip;]","twitter_image":"https:\/\/vosgesinfo.fr\/app\/uploads\/sites\/4\/2024\/08\/202110rn59-fermeture-bretelle-echangeur-etival-clairefontaine-01.jpg","twitter_creator":"@VosgesInfo88","twitter_site":"@VosgesInfo88","twitter_misc":{"\u00c9crit par":"la r\u00e9daction","Dur\u00e9e de lecture estim\u00e9e":"1 minute"},"schema":{"@context":"https:\/\/schema.org","@graph":[{"@type":"Article","@id":"https:\/\/vosgesinfo.fr\/saintdieinfo\/2021\/10\/rn59-fermeture-de-bretelle-de-sortie-de-lechangeur-detival-clairefontaine\/#article","isPartOf":{"@id":"https:\/\/vosgesinfo.fr\/saintdieinfo\/2021\/10\/rn59-fermeture-de-bretelle-de-sortie-de-lechangeur-detival-clairefontaine\/"},"author":{"name":"la r\u00e9daction","@id":"https:\/\/vosgesinfo.fr\/saintdieinfo\/#\/schema\/person\/faee6704a21f3977511db84bd1cd450f"},"headline":"RN59 \u2013 Fermeture de la bretelle de sortie de l\u2019\u00e9changeur d\u2019Etival-Clairefontaine","datePublished":"2021-10-22T03:30:25+00:00","dateModified":"2021-10-22T03:30:25+00:00","mainEntityOfPage":{"@id":"https:\/\/vosgesinfo.fr\/saintdieinfo\/2021\/10\/rn59-fermeture-de-bretelle-de-sortie-de-lechangeur-detival-clairefontaine\/"},"wordCount":133,"commentCount":0,"publisher":{"@id":"https:\/\/vosgesinfo.fr\/saintdieinfo\/#organization"},"image":{"@id":"https:\/\/vosgesinfo.fr\/saintdieinfo\/2021\/10\/rn59-fermeture-de-bretelle-de-sortie-de-lechangeur-detival-clairefontaine\/#primaryimage"},"thumbnailUrl":"https:\/\/vosgesinfo.fr\/app\/uploads\/sites\/4\/2024\/08\/202110rn59-fermeture-bretelle-echangeur-etival-clairefontaine-01.jpg","keywords":["DIR Est","etival-clairefontaine","RN59","Travaux"],"articleSection":["A la Une","Saint-Di\u00e9-des-Vosges et son Agglom\u00e9ration"],"inLanguage":"fr-FR","potentialAction":[{"@type":"CommentAction","name":"Comment","target":["https:\/\/vosgesinfo.fr\/saintdieinfo\/2021\/10\/rn59-fermeture-de-bretelle-de-sortie-de-lechangeur-detival-clairefontaine\/#respond"]}]},{"@type":"WebPage","@id":"https:\/\/vosgesinfo.fr\/saintdieinfo\/2021\/10\/rn59-fermeture-de-bretelle-de-sortie-de-lechangeur-detival-clairefontaine\/","url":"https:\/\/vosgesinfo.fr\/saintdieinfo\/2021\/10\/rn59-fermeture-de-bretelle-de-sortie-de-lechangeur-detival-clairefontaine\/","name":"RN59 \u2013 Fermeture de la bretelle de sortie de l\u2019\u00e9changeur d\u2019Etival-Clairefontaine - Saint Die Info","isPartOf":{"@id":"https:\/\/vosgesinfo.fr\/saintdieinfo\/#website"},"primaryImageOfPage":{"@id":"https:\/\/vosgesinfo.fr\/saintdieinfo\/2021\/10\/rn59-fermeture-de-bretelle-de-sortie-de-lechangeur-detival-clairefontaine\/#primaryimage"},"image":{"@id":"https:\/\/vosgesinfo.fr\/saintdieinfo\/2021\/10\/rn59-fermeture-de-bretelle-de-sortie-de-lechangeur-detival-clairefontaine\/#primaryimage"},"thumbnailUrl":"https:\/\/vosgesinfo.fr\/app\/uploads\/sites\/4\/2024\/08\/202110rn59-fermeture-bretelle-echangeur-etival-clairefontaine-01.jpg","datePublished":"2021-10-22T03:30:25+00:00","dateModified":"2021-10-22T03:30:25+00:00","breadcrumb":{"@id":"https:\/\/vosgesinfo.fr\/saintdieinfo\/2021\/10\/rn59-fermeture-de-bretelle-de-sortie-de-lechangeur-detival-clairefontaine\/#breadcrumb"},"inLanguage":"fr-FR","potentialAction":[{"@type":"ReadAction","target":["https:\/\/vosgesinfo.fr\/saintdieinfo\/2021\/10\/rn59-fermeture-de-bretelle-de-sortie-de-lechangeur-detival-clairefontaine\/"]}]},{"@type":"ImageObject","inLanguage":"fr-FR","@id":"https:\/\/vosgesinfo.fr\/saintdieinfo\/2021\/10\/rn59-fermeture-de-bretelle-de-sortie-de-lechangeur-detival-clairefontaine\/#primaryimage","url":"https:\/\/vosgesinfo.fr\/app\/uploads\/sites\/4\/2024\/08\/202110rn59-fermeture-bretelle-echangeur-etival-clairefontaine-01.jpg","contentUrl":"https:\/\/vosgesinfo.fr\/app\/uploads\/sites\/4\/2024\/08\/202110rn59-fermeture-bretelle-echangeur-etival-clairefontaine-01.jpg","width":800,"height":466},{"@type":"BreadcrumbList","@id":"https:\/\/vosgesinfo.fr\/saintdieinfo\/2021\/10\/rn59-fermeture-de-bretelle-de-sortie-de-lechangeur-detival-clairefontaine\/#breadcrumb","itemListElement":[{"@type":"ListItem","position":1,"name":"Home","item":"https:\/\/vosgesinfo.fr\/saintdieinfo\/"},{"@type":"ListItem","position":2,"name":"RN59 \u2013 Fermeture de la bretelle de sortie de l\u2019\u00e9changeur d\u2019Etival-Clairefontaine"}]},{"@type":"WebSite","@id":"https:\/\/vosgesinfo.fr\/saintdieinfo\/#website","url":"https:\/\/vosgesinfo.fr\/saintdieinfo\/","name":"Saint Die Info","description":"Toute l&#039;actualit\u00e9 de Saint-Di\u00e9-Des-Vosges","publisher":{"@id":"https:\/\/vosgesinfo.fr\/saintdieinfo\/#organization"},"alternateName":"Toute l'actualit\u00e9 de Saint-Di\u00e9-Des-Vosges","potentialAction":[{"@type":"SearchAction","target":{"@type":"EntryPoint","urlTemplate":"https:\/\/vosgesinfo.fr\/saintdieinfo\/?s={search_term_string}"},"query-input":"required name=search_term_string"}],"inLanguage":"fr-FR"},{"@type":"Organization","@id":"https:\/\/vosgesinfo.fr\/saintdieinfo\/#organization","name":"Saint Die Info","url":"https:\/\/vosgesinfo.fr\/saintdieinfo\/","logo":{"@type":"ImageObject","inLanguage":"fr-FR","@id":"https:\/\/vosgesinfo.fr\/saintdieinfo\/#\/schema\/logo\/image\/","url":"https:\/\/vosgesinfo.fr\/app\/uploads\/sites\/4\/2024\/02\/logo-sdi.jpg","contentUrl":"https:\/\/vosgesinfo.fr\/app\/uploads\/sites\/4\/2024\/02\/logo-sdi.jpg","width":600,"height":600,"caption":"Saint Die Info"},"image":{"@id":"https:\/\/vosgesinfo.fr\/saintdieinfo\/#\/schema\/logo\/image\/"},"sameAs":["https:\/\/www.facebook.com\/Saintdieinfofr","https:\/\/x.com\/VosgesInfo88","https:\/\/www.youtube.com\/@vosgesinfo"]},{"@type":"Person","@id":"https:\/\/vosgesinfo.fr\/saintdieinfo\/#\/schema\/person\/faee6704a21f3977511db84bd1cd450f","name":"la r\u00e9daction","image":{"@type":"ImageObject","inLanguage":"fr-FR","@id":"https:\/\/vosgesinfo.fr\/saintdieinfo\/#\/schema\/person\/image\/","url":"https:\/\/secure.gravatar.com\/avatar\/6673d8bc6a9c17fa9a453eaa3448de834fa308c2ec9635b7aa99441a7c8d2cf6?s=96&d=mm&r=g","contentUrl":"https:\/\/secure.gravatar.com\/avatar\/6673d8bc6a9c17fa9a453eaa3448de834fa308c2ec9635b7aa99441a7c8d2cf6?s=96&d=mm&r=g","caption":"la r\u00e9daction"},"url":"https:\/\/vosgesinfo.fr\/saintdieinfo\/author\/redac\/"}]}},"_links":{"self":[{"href":"https:\/\/vosgesinfo.fr\/saintdieinfo\/wp-json\/wp\/v2\/posts\/44264","targetHints":{"allow":["GET"]}}],"collection":[{"href":"https:\/\/vosgesinfo.fr\/saintdieinfo\/wp-json\/wp\/v2\/posts"}],"about":[{"href":"https:\/\/vosgesinfo.fr\/saintdieinfo\/wp-json\/wp\/v2\/types\/post"}],"author":[{"embeddable":true,"href":"https:\/\/vosgesinfo.fr\/saintdieinfo\/wp-json\/wp\/v2\/users\/44"}],"replies":[{"embeddable":true,"href":"https:\/\/vosgesinfo.fr\/saintdieinfo\/wp-json\/wp\/v2\/comments?post=44264"}],"version-history":[{"count":0,"href":"https:\/\/vosgesinfo.fr\/saintdieinfo\/wp-json\/wp\/v2\/posts\/44264\/revisions"}],"wp:featuredmedia":[{"embeddable":true,"href":"https:\/\/vosgesinfo.fr\/saintdieinfo\/wp-json\/wp\/v2\/media\/44265"}],"wp:attachment":[{"href":"https:\/\/vosgesinfo.fr\/saintdieinfo\/wp-json\/wp\/v2\/media?parent=44264"}],"wp:term":[{"taxonomy":"category","embeddable":true,"href":"https:\/\/vosgesinfo.fr\/saintdieinfo\/wp-json\/wp\/v2\/categories?post=44264"},{"taxonomy":"post_tag","embeddable":true,"href":"https:\/\/vosgesinfo.fr\/saintdieinfo\/wp-json\/wp\/v2\/tags?post=44264"}],"curies":[{"name":"wp","href":"https:\/\/api.w.org\/{rel}","templated":true}]}}