{"id":44266,"date":"2021-10-22T06:00:50","date_gmt":"2021-10-22T04:00:50","guid":{"rendered":"https:\/\/vosgesinfo.fr\/saintdieinfo\/2021\/10\/rendez-30-31-octobre-festival-deodatien-choeurs-fete\/"},"modified":"2021-10-22T06:00:50","modified_gmt":"2021-10-22T04:00:50","slug":"rendez-30-31-octobre-festival-deodatien-choeurs-fete","status":"publish","type":"post","link":"https:\/\/vosgesinfo.fr\/saintdieinfo\/2021\/10\/rendez-30-31-octobre-festival-deodatien-choeurs-fete\/","title":{"rendered":"Rendez-vous les 30 et 31 octobre pour le festival d\u00e9odatien \u00ab\u00a0Choeurs en F\u00eate\u00a0\u00bb"},"content":{"rendered":"<h2><strong><span style=\"font-size: 14pt;\">Le festival de chant choral de l&rsquo;association \u00ab\u00a0D\u00e9ocoeur\u00a0\u00bb est de retour cet automne, puisque sa prochaine \u00e9dition se tiendra le week-end des 30 et 31 octobre \u00e0 la salle Fran\u00e7ois-Chol\u00e9 du mus\u00e9e Pierre-No\u00ebl. Le concert d\u00e9butera \u00e0 20h30 le samedi, \u00e0 15h le lendemain dimanche.<\/span><\/strong><\/h2>\n<p><!--more--><\/p>\n<p>La programmation mettra cette ann\u00e9e \u00e0 l&rsquo;honneur le folklore vosgien, avec m\u00eame une chanson chant\u00e9e en patois vosgien. Les choristes de Lady Choeur ouvriront le festival avec 5 nouveaux chants, tandis que les BeGoodie&rsquo;s le cl\u00f4tureront. Elles seront rejointes sur sc\u00e8ne par les autres groupes de cette \u00e9dition 2021, pour un chant \u00e0 l&rsquo;unisson.<\/p>\n<p><em>\u00ab\u00a0La chorale Maie Joly de Thiefosse nous fait la joie de revenir \u00e0 Saint-Di\u00e9-des-Vosges avec un programme tr\u00e8s vari\u00e9. A l\u2019affiche du dimanche nous pourrons applaudir la chorale d\u2019enfants les Mirabelles de Nancy ainsi que le gospel masculin Les Messagers d\u2019Haguenau. Les quatre groupes se retrouveront \u00e0 la fin sur sc\u00e8ne pour entamer le chant commun. Au cours de ce festival samedi et dimanche, un hommage sera rendu \u00e0 note cheffe Odette, d\u00e9c\u00e9d\u00e9e le 31 octobre 2020, ainsi qu\u2019\u00e0 Chantal une de nos choristes partie le 2 octobre. Ces deux d\u00e9c\u00e8s ont beaucoup marqu\u00e9 nos choristes\u00a0\u00bb<\/em> pr\u00e9cise Sylvie Ducoudard, pr\u00e9sidente de \u00ab\u00a0D\u00e9ocoeur\u00a0\u00bb. Et cette derni\u00e8re d&rsquo;ajouter\u00a0: <em>\u00ab\u00a0L\u2019entr\u00e9e comme d\u2019habitude est gratuite, un plateau sera mis en place \u00e0 la sortie des 2 concerts. Le pass sanitaire, le port du masque mais aussi le bonne humeur seront obligatoires\u00a0\u00bb.<\/em><\/p>\n<p>J.J.<\/p>\n<p><a href=\"\/2021\/10\/Festival_Choeurs_en_F\u00eate.jpg\" target=\"_blank\" rel=\"noopener\"><img decoding=\"async\" class=\"aligncenter wp-image-173453 size-full\" src=\"\/2021\/10\/Festival_Choeurs_en_F\u00eate.jpg\" alt=\"Festival_Choeurs_en_F\u00eate\" width=\"566\" height=\"800\" \/><\/a><\/p>\n","protected":false},"excerpt":{"rendered":"<p>Le festival de chant choral de l&rsquo;association \u00ab\u00a0D\u00e9ocoeur\u00a0\u00bb est de retour cet automne, puisque sa prochaine \u00e9dition se tiendra le [&hellip;]<\/p>\n","protected":false},"author":44,"featured_media":44267,"comment_status":"open","ping_status":"open","sticky":false,"template":"","format":"standard","meta":{"footnotes":""},"categories":[460,8003,7847,2915],"tags":[9269,3446,3333,8401],"class_list":["post-44266","post","type-post","status-publish","format-standard","has-post-thumbnail","hentry","category-a-la-une","category-concert-culture","category-art-culture","category-saint-die-son-canton","tag-choeurs-en-fete","tag-deocoeur","tag-musee-pierre-noel","tag-salle-francois-chole"],"acf":[],"yoast_head":"<!-- This site is optimized with the Yoast SEO plugin v22.5 - https:\/\/yoast.com\/wordpress\/plugins\/seo\/ -->\n<title>Rendez-vous les 30 et 31 octobre pour le festival d\u00e9odatien \u00ab\u00a0Choeurs en F\u00eate\u00a0\u00bb - Saint Die Info<\/title>\n<meta name=\"robots\" content=\"index, follow, max-snippet:-1, max-image-preview:large, max-video-preview:-1\" \/>\n<link rel=\"canonical\" href=\"https:\/\/vosgesinfo.fr\/saintdieinfo\/2021\/10\/rendez-30-31-octobre-festival-deodatien-choeurs-fete\/\" \/>\n<meta name=\"twitter:card\" content=\"summary_large_image\" \/>\n<meta name=\"twitter:title\" content=\"Rendez-vous les 30 et 31 octobre pour le festival d\u00e9odatien \u00ab\u00a0Choeurs en F\u00eate\u00a0\u00bb - Saint Die Info\" \/>\n<meta name=\"twitter:description\" content=\"Le festival de chant choral de l&rsquo;association \u00ab\u00a0D\u00e9ocoeur\u00a0\u00bb est de retour cet automne, puisque sa prochaine \u00e9dition se tiendra le [&hellip;]\" \/>\n<meta name=\"twitter:image\" content=\"https:\/\/vosgesinfo.fr\/app\/uploads\/sites\/4\/2024\/08\/202110festival-choeurs-en-fete.jpg\" \/>\n<meta name=\"twitter:creator\" content=\"@VosgesInfo88\" \/>\n<meta name=\"twitter:site\" content=\"@VosgesInfo88\" \/>\n<meta name=\"twitter:label1\" content=\"\u00c9crit par\" \/>\n\t<meta name=\"twitter:data1\" content=\"la r\u00e9daction\" \/>\n\t<meta name=\"twitter:label2\" content=\"Dur\u00e9e de lecture estim\u00e9e\" \/>\n\t<meta name=\"twitter:data2\" content=\"1 minute\" \/>\n<script type=\"application\/ld+json\" class=\"yoast-schema-graph\">{\"@context\":\"https:\/\/schema.org\",\"@graph\":[{\"@type\":\"Article\",\"@id\":\"https:\/\/vosgesinfo.fr\/saintdieinfo\/2021\/10\/rendez-30-31-octobre-festival-deodatien-choeurs-fete\/#article\",\"isPartOf\":{\"@id\":\"https:\/\/vosgesinfo.fr\/saintdieinfo\/2021\/10\/rendez-30-31-octobre-festival-deodatien-choeurs-fete\/\"},\"author\":{\"name\":\"la r\u00e9daction\",\"@id\":\"https:\/\/vosgesinfo.fr\/saintdieinfo\/#\/schema\/person\/faee6704a21f3977511db84bd1cd450f\"},\"headline\":\"Rendez-vous les 30 et 31 octobre pour le festival d\u00e9odatien \u00ab\u00a0Choeurs en F\u00eate\u00a0\u00bb\",\"datePublished\":\"2021-10-22T04:00:50+00:00\",\"dateModified\":\"2021-10-22T04:00:50+00:00\",\"mainEntityOfPage\":{\"@id\":\"https:\/\/vosgesinfo.fr\/saintdieinfo\/2021\/10\/rendez-30-31-octobre-festival-deodatien-choeurs-fete\/\"},\"wordCount\":267,\"commentCount\":0,\"publisher\":{\"@id\":\"https:\/\/vosgesinfo.fr\/saintdieinfo\/#organization\"},\"image\":{\"@id\":\"https:\/\/vosgesinfo.fr\/saintdieinfo\/2021\/10\/rendez-30-31-octobre-festival-deodatien-choeurs-fete\/#primaryimage\"},\"thumbnailUrl\":\"https:\/\/vosgesinfo.fr\/app\/uploads\/sites\/4\/2024\/08\/202110festival-choeurs-en-fete.jpg\",\"keywords\":[\"Choeurs en f\u00eate\",\"D\u00e9o'Coeur\",\"Mus\u00e9e Pierre-No\u00ebl\",\"Salle Fran\u00e7ois-Chol\u00e9\"],\"articleSection\":[\"A la Une\",\"Concert\",\"Culture\",\"Saint-Di\u00e9-des-Vosges et son Agglom\u00e9ration\"],\"inLanguage\":\"fr-FR\",\"potentialAction\":[{\"@type\":\"CommentAction\",\"name\":\"Comment\",\"target\":[\"https:\/\/vosgesinfo.fr\/saintdieinfo\/2021\/10\/rendez-30-31-octobre-festival-deodatien-choeurs-fete\/#respond\"]}]},{\"@type\":\"WebPage\",\"@id\":\"https:\/\/vosgesinfo.fr\/saintdieinfo\/2021\/10\/rendez-30-31-octobre-festival-deodatien-choeurs-fete\/\",\"url\":\"https:\/\/vosgesinfo.fr\/saintdieinfo\/2021\/10\/rendez-30-31-octobre-festival-deodatien-choeurs-fete\/\",\"name\":\"Rendez-vous les 30 et 31 octobre pour le festival d\u00e9odatien \u00ab\u00a0Choeurs en F\u00eate\u00a0\u00bb - Saint Die Info\",\"isPartOf\":{\"@id\":\"https:\/\/vosgesinfo.fr\/saintdieinfo\/#website\"},\"primaryImageOfPage\":{\"@id\":\"https:\/\/vosgesinfo.fr\/saintdieinfo\/2021\/10\/rendez-30-31-octobre-festival-deodatien-choeurs-fete\/#primaryimage\"},\"image\":{\"@id\":\"https:\/\/vosgesinfo.fr\/saintdieinfo\/2021\/10\/rendez-30-31-octobre-festival-deodatien-choeurs-fete\/#primaryimage\"},\"thumbnailUrl\":\"https:\/\/vosgesinfo.fr\/app\/uploads\/sites\/4\/2024\/08\/202110festival-choeurs-en-fete.jpg\",\"datePublished\":\"2021-10-22T04:00:50+00:00\",\"dateModified\":\"2021-10-22T04:00:50+00:00\",\"breadcrumb\":{\"@id\":\"https:\/\/vosgesinfo.fr\/saintdieinfo\/2021\/10\/rendez-30-31-octobre-festival-deodatien-choeurs-fete\/#breadcrumb\"},\"inLanguage\":\"fr-FR\",\"potentialAction\":[{\"@type\":\"ReadAction\",\"target\":[\"https:\/\/vosgesinfo.fr\/saintdieinfo\/2021\/10\/rendez-30-31-octobre-festival-deodatien-choeurs-fete\/\"]}]},{\"@type\":\"ImageObject\",\"inLanguage\":\"fr-FR\",\"@id\":\"https:\/\/vosgesinfo.fr\/saintdieinfo\/2021\/10\/rendez-30-31-octobre-festival-deodatien-choeurs-fete\/#primaryimage\",\"url\":\"https:\/\/vosgesinfo.fr\/app\/uploads\/sites\/4\/2024\/08\/202110festival-choeurs-en-fete.jpg\",\"contentUrl\":\"https:\/\/vosgesinfo.fr\/app\/uploads\/sites\/4\/2024\/08\/202110festival-choeurs-en-fete.jpg\",\"width\":566,\"height\":800},{\"@type\":\"BreadcrumbList\",\"@id\":\"https:\/\/vosgesinfo.fr\/saintdieinfo\/2021\/10\/rendez-30-31-octobre-festival-deodatien-choeurs-fete\/#breadcrumb\",\"itemListElement\":[{\"@type\":\"ListItem\",\"position\":1,\"name\":\"Home\",\"item\":\"https:\/\/vosgesinfo.fr\/saintdieinfo\/\"},{\"@type\":\"ListItem\",\"position\":2,\"name\":\"Rendez-vous les 30 et 31 octobre pour le festival d\u00e9odatien \u00ab\u00a0Choeurs en F\u00eate\u00a0\u00bb\"}]},{\"@type\":\"WebSite\",\"@id\":\"https:\/\/vosgesinfo.fr\/saintdieinfo\/#website\",\"url\":\"https:\/\/vosgesinfo.fr\/saintdieinfo\/\",\"name\":\"Saint Die Info\",\"description\":\"Toute l&#039;actualit\u00e9 de Saint-Di\u00e9-Des-Vosges\",\"publisher\":{\"@id\":\"https:\/\/vosgesinfo.fr\/saintdieinfo\/#organization\"},\"alternateName\":\"Toute l'actualit\u00e9 de Saint-Di\u00e9-Des-Vosges\",\"potentialAction\":[{\"@type\":\"SearchAction\",\"target\":{\"@type\":\"EntryPoint\",\"urlTemplate\":\"https:\/\/vosgesinfo.fr\/saintdieinfo\/?s={search_term_string}\"},\"query-input\":\"required name=search_term_string\"}],\"inLanguage\":\"fr-FR\"},{\"@type\":\"Organization\",\"@id\":\"https:\/\/vosgesinfo.fr\/saintdieinfo\/#organization\",\"name\":\"Saint Die Info\",\"url\":\"https:\/\/vosgesinfo.fr\/saintdieinfo\/\",\"logo\":{\"@type\":\"ImageObject\",\"inLanguage\":\"fr-FR\",\"@id\":\"https:\/\/vosgesinfo.fr\/saintdieinfo\/#\/schema\/logo\/image\/\",\"url\":\"https:\/\/vosgesinfo.fr\/app\/uploads\/sites\/4\/2024\/02\/logo-sdi.jpg\",\"contentUrl\":\"https:\/\/vosgesinfo.fr\/app\/uploads\/sites\/4\/2024\/02\/logo-sdi.jpg\",\"width\":600,\"height\":600,\"caption\":\"Saint Die Info\"},\"image\":{\"@id\":\"https:\/\/vosgesinfo.fr\/saintdieinfo\/#\/schema\/logo\/image\/\"},\"sameAs\":[\"https:\/\/www.facebook.com\/Saintdieinfofr\",\"https:\/\/x.com\/VosgesInfo88\",\"https:\/\/www.youtube.com\/@vosgesinfo\"]},{\"@type\":\"Person\",\"@id\":\"https:\/\/vosgesinfo.fr\/saintdieinfo\/#\/schema\/person\/faee6704a21f3977511db84bd1cd450f\",\"name\":\"la r\u00e9daction\",\"image\":{\"@type\":\"ImageObject\",\"inLanguage\":\"fr-FR\",\"@id\":\"https:\/\/vosgesinfo.fr\/saintdieinfo\/#\/schema\/person\/image\/\",\"url\":\"https:\/\/secure.gravatar.com\/avatar\/6673d8bc6a9c17fa9a453eaa3448de834fa308c2ec9635b7aa99441a7c8d2cf6?s=96&d=mm&r=g\",\"contentUrl\":\"https:\/\/secure.gravatar.com\/avatar\/6673d8bc6a9c17fa9a453eaa3448de834fa308c2ec9635b7aa99441a7c8d2cf6?s=96&d=mm&r=g\",\"caption\":\"la r\u00e9daction\"},\"url\":\"https:\/\/vosgesinfo.fr\/saintdieinfo\/author\/redac\/\"}]}<\/script>\n<!-- \/ Yoast SEO plugin. -->","yoast_head_json":{"title":"Rendez-vous les 30 et 31 octobre pour le festival d\u00e9odatien \u00ab\u00a0Choeurs en F\u00eate\u00a0\u00bb - Saint Die Info","robots":{"index":"index","follow":"follow","max-snippet":"max-snippet:-1","max-image-preview":"max-image-preview:large","max-video-preview":"max-video-preview:-1"},"canonical":"https:\/\/vosgesinfo.fr\/saintdieinfo\/2021\/10\/rendez-30-31-octobre-festival-deodatien-choeurs-fete\/","twitter_card":"summary_large_image","twitter_title":"Rendez-vous les 30 et 31 octobre pour le festival d\u00e9odatien \u00ab\u00a0Choeurs en F\u00eate\u00a0\u00bb - Saint Die Info","twitter_description":"Le festival de chant choral de l&rsquo;association \u00ab\u00a0D\u00e9ocoeur\u00a0\u00bb est de retour cet automne, puisque sa prochaine \u00e9dition se tiendra le [&hellip;]","twitter_image":"https:\/\/vosgesinfo.fr\/app\/uploads\/sites\/4\/2024\/08\/202110festival-choeurs-en-fete.jpg","twitter_creator":"@VosgesInfo88","twitter_site":"@VosgesInfo88","twitter_misc":{"\u00c9crit par":"la r\u00e9daction","Dur\u00e9e de lecture estim\u00e9e":"1 minute"},"schema":{"@context":"https:\/\/schema.org","@graph":[{"@type":"Article","@id":"https:\/\/vosgesinfo.fr\/saintdieinfo\/2021\/10\/rendez-30-31-octobre-festival-deodatien-choeurs-fete\/#article","isPartOf":{"@id":"https:\/\/vosgesinfo.fr\/saintdieinfo\/2021\/10\/rendez-30-31-octobre-festival-deodatien-choeurs-fete\/"},"author":{"name":"la r\u00e9daction","@id":"https:\/\/vosgesinfo.fr\/saintdieinfo\/#\/schema\/person\/faee6704a21f3977511db84bd1cd450f"},"headline":"Rendez-vous les 30 et 31 octobre pour le festival d\u00e9odatien \u00ab\u00a0Choeurs en F\u00eate\u00a0\u00bb","datePublished":"2021-10-22T04:00:50+00:00","dateModified":"2021-10-22T04:00:50+00:00","mainEntityOfPage":{"@id":"https:\/\/vosgesinfo.fr\/saintdieinfo\/2021\/10\/rendez-30-31-octobre-festival-deodatien-choeurs-fete\/"},"wordCount":267,"commentCount":0,"publisher":{"@id":"https:\/\/vosgesinfo.fr\/saintdieinfo\/#organization"},"image":{"@id":"https:\/\/vosgesinfo.fr\/saintdieinfo\/2021\/10\/rendez-30-31-octobre-festival-deodatien-choeurs-fete\/#primaryimage"},"thumbnailUrl":"https:\/\/vosgesinfo.fr\/app\/uploads\/sites\/4\/2024\/08\/202110festival-choeurs-en-fete.jpg","keywords":["Choeurs en f\u00eate","D\u00e9o'Coeur","Mus\u00e9e Pierre-No\u00ebl","Salle Fran\u00e7ois-Chol\u00e9"],"articleSection":["A la Une","Concert","Culture","Saint-Di\u00e9-des-Vosges et son Agglom\u00e9ration"],"inLanguage":"fr-FR","potentialAction":[{"@type":"CommentAction","name":"Comment","target":["https:\/\/vosgesinfo.fr\/saintdieinfo\/2021\/10\/rendez-30-31-octobre-festival-deodatien-choeurs-fete\/#respond"]}]},{"@type":"WebPage","@id":"https:\/\/vosgesinfo.fr\/saintdieinfo\/2021\/10\/rendez-30-31-octobre-festival-deodatien-choeurs-fete\/","url":"https:\/\/vosgesinfo.fr\/saintdieinfo\/2021\/10\/rendez-30-31-octobre-festival-deodatien-choeurs-fete\/","name":"Rendez-vous les 30 et 31 octobre pour le festival d\u00e9odatien \u00ab\u00a0Choeurs en F\u00eate\u00a0\u00bb - Saint Die Info","isPartOf":{"@id":"https:\/\/vosgesinfo.fr\/saintdieinfo\/#website"},"primaryImageOfPage":{"@id":"https:\/\/vosgesinfo.fr\/saintdieinfo\/2021\/10\/rendez-30-31-octobre-festival-deodatien-choeurs-fete\/#primaryimage"},"image":{"@id":"https:\/\/vosgesinfo.fr\/saintdieinfo\/2021\/10\/rendez-30-31-octobre-festival-deodatien-choeurs-fete\/#primaryimage"},"thumbnailUrl":"https:\/\/vosgesinfo.fr\/app\/uploads\/sites\/4\/2024\/08\/202110festival-choeurs-en-fete.jpg","datePublished":"2021-10-22T04:00:50+00:00","dateModified":"2021-10-22T04:00:50+00:00","breadcrumb":{"@id":"https:\/\/vosgesinfo.fr\/saintdieinfo\/2021\/10\/rendez-30-31-octobre-festival-deodatien-choeurs-fete\/#breadcrumb"},"inLanguage":"fr-FR","potentialAction":[{"@type":"ReadAction","target":["https:\/\/vosgesinfo.fr\/saintdieinfo\/2021\/10\/rendez-30-31-octobre-festival-deodatien-choeurs-fete\/"]}]},{"@type":"ImageObject","inLanguage":"fr-FR","@id":"https:\/\/vosgesinfo.fr\/saintdieinfo\/2021\/10\/rendez-30-31-octobre-festival-deodatien-choeurs-fete\/#primaryimage","url":"https:\/\/vosgesinfo.fr\/app\/uploads\/sites\/4\/2024\/08\/202110festival-choeurs-en-fete.jpg","contentUrl":"https:\/\/vosgesinfo.fr\/app\/uploads\/sites\/4\/2024\/08\/202110festival-choeurs-en-fete.jpg","width":566,"height":800},{"@type":"BreadcrumbList","@id":"https:\/\/vosgesinfo.fr\/saintdieinfo\/2021\/10\/rendez-30-31-octobre-festival-deodatien-choeurs-fete\/#breadcrumb","itemListElement":[{"@type":"ListItem","position":1,"name":"Home","item":"https:\/\/vosgesinfo.fr\/saintdieinfo\/"},{"@type":"ListItem","position":2,"name":"Rendez-vous les 30 et 31 octobre pour le festival d\u00e9odatien \u00ab\u00a0Choeurs en F\u00eate\u00a0\u00bb"}]},{"@type":"WebSite","@id":"https:\/\/vosgesinfo.fr\/saintdieinfo\/#website","url":"https:\/\/vosgesinfo.fr\/saintdieinfo\/","name":"Saint Die Info","description":"Toute l&#039;actualit\u00e9 de Saint-Di\u00e9-Des-Vosges","publisher":{"@id":"https:\/\/vosgesinfo.fr\/saintdieinfo\/#organization"},"alternateName":"Toute l'actualit\u00e9 de Saint-Di\u00e9-Des-Vosges","potentialAction":[{"@type":"SearchAction","target":{"@type":"EntryPoint","urlTemplate":"https:\/\/vosgesinfo.fr\/saintdieinfo\/?s={search_term_string}"},"query-input":"required name=search_term_string"}],"inLanguage":"fr-FR"},{"@type":"Organization","@id":"https:\/\/vosgesinfo.fr\/saintdieinfo\/#organization","name":"Saint Die Info","url":"https:\/\/vosgesinfo.fr\/saintdieinfo\/","logo":{"@type":"ImageObject","inLanguage":"fr-FR","@id":"https:\/\/vosgesinfo.fr\/saintdieinfo\/#\/schema\/logo\/image\/","url":"https:\/\/vosgesinfo.fr\/app\/uploads\/sites\/4\/2024\/02\/logo-sdi.jpg","contentUrl":"https:\/\/vosgesinfo.fr\/app\/uploads\/sites\/4\/2024\/02\/logo-sdi.jpg","width":600,"height":600,"caption":"Saint Die Info"},"image":{"@id":"https:\/\/vosgesinfo.fr\/saintdieinfo\/#\/schema\/logo\/image\/"},"sameAs":["https:\/\/www.facebook.com\/Saintdieinfofr","https:\/\/x.com\/VosgesInfo88","https:\/\/www.youtube.com\/@vosgesinfo"]},{"@type":"Person","@id":"https:\/\/vosgesinfo.fr\/saintdieinfo\/#\/schema\/person\/faee6704a21f3977511db84bd1cd450f","name":"la r\u00e9daction","image":{"@type":"ImageObject","inLanguage":"fr-FR","@id":"https:\/\/vosgesinfo.fr\/saintdieinfo\/#\/schema\/person\/image\/","url":"https:\/\/secure.gravatar.com\/avatar\/6673d8bc6a9c17fa9a453eaa3448de834fa308c2ec9635b7aa99441a7c8d2cf6?s=96&d=mm&r=g","contentUrl":"https:\/\/secure.gravatar.com\/avatar\/6673d8bc6a9c17fa9a453eaa3448de834fa308c2ec9635b7aa99441a7c8d2cf6?s=96&d=mm&r=g","caption":"la r\u00e9daction"},"url":"https:\/\/vosgesinfo.fr\/saintdieinfo\/author\/redac\/"}]}},"_links":{"self":[{"href":"https:\/\/vosgesinfo.fr\/saintdieinfo\/wp-json\/wp\/v2\/posts\/44266","targetHints":{"allow":["GET"]}}],"collection":[{"href":"https:\/\/vosgesinfo.fr\/saintdieinfo\/wp-json\/wp\/v2\/posts"}],"about":[{"href":"https:\/\/vosgesinfo.fr\/saintdieinfo\/wp-json\/wp\/v2\/types\/post"}],"author":[{"embeddable":true,"href":"https:\/\/vosgesinfo.fr\/saintdieinfo\/wp-json\/wp\/v2\/users\/44"}],"replies":[{"embeddable":true,"href":"https:\/\/vosgesinfo.fr\/saintdieinfo\/wp-json\/wp\/v2\/comments?post=44266"}],"version-history":[{"count":0,"href":"https:\/\/vosgesinfo.fr\/saintdieinfo\/wp-json\/wp\/v2\/posts\/44266\/revisions"}],"wp:featuredmedia":[{"embeddable":true,"href":"https:\/\/vosgesinfo.fr\/saintdieinfo\/wp-json\/wp\/v2\/media\/44267"}],"wp:attachment":[{"href":"https:\/\/vosgesinfo.fr\/saintdieinfo\/wp-json\/wp\/v2\/media?parent=44266"}],"wp:term":[{"taxonomy":"category","embeddable":true,"href":"https:\/\/vosgesinfo.fr\/saintdieinfo\/wp-json\/wp\/v2\/categories?post=44266"},{"taxonomy":"post_tag","embeddable":true,"href":"https:\/\/vosgesinfo.fr\/saintdieinfo\/wp-json\/wp\/v2\/tags?post=44266"}],"curies":[{"name":"wp","href":"https:\/\/api.w.org\/{rel}","templated":true}]}}