{"id":44268,"date":"2021-10-22T06:30:07","date_gmt":"2021-10-22T04:30:07","guid":{"rendered":"https:\/\/vosgesinfo.fr\/saintdieinfo\/2021\/10\/plus-de-400-offres-a-pouvoir-6eme-edition-matchs-lemploi-de-saint-die-vosges\/"},"modified":"2021-10-22T06:30:07","modified_gmt":"2021-10-22T04:30:07","slug":"plus-de-400-offres-a-pouvoir-6eme-edition-matchs-lemploi-de-saint-die-vosges","status":"publish","type":"post","link":"https:\/\/vosgesinfo.fr\/saintdieinfo\/2021\/10\/plus-de-400-offres-a-pouvoir-6eme-edition-matchs-lemploi-de-saint-die-vosges\/","title":{"rendered":"Plus de 400 offres \u00e0 pouvoir pour la 6\u00e8me \u00e9dition des Matchs pour l&#8217;emploi de Saint-Di\u00e9-des-Vosges"},"content":{"rendered":"<p><a href=\"\/2021\/10\/Matchs_pour_lEmploi-4.jpg\" target=\"_blank\" rel=\"noopener\"><img decoding=\"async\" class=\"aligncenter wp-image-173418 size-full\" src=\"\/2021\/10\/Matchs_pour_lEmploi-4.jpg\" alt=\"Matchs_pour_l'Emploi (4)\" width=\"800\" height=\"600\" \/><\/a><\/p>\n<h2><span style=\"font-size: 14pt;\"><strong>Organis\u00e9s par FACE Vosges et P\u00f4le Emploi, les Matchs pour l&#8217;emploi faisaient leur 6\u00e8me \u00e9dition d\u00e9odatienne ce jeudi. Non pas comme les ann\u00e9es pr\u00e9c\u00e9dentes au Palais Omnisports Joseph-Claudel, o\u00f9 est actuellement install\u00e9 le centre de vaccination contre la Covid-19, mais \u00e0 l&rsquo;Espace Fran\u00e7ois-Mitterrand.<\/strong><\/span><\/h2>\n<p><!--more--><\/p>\n<p>Et contrairement aux ann\u00e9es pr\u00e9c\u00e9dentes, la matin\u00e9e consacr\u00e9e au volet sportif, qui devait se d\u00e9rouler au parc Jean-Mansuy, n&rsquo;a pas pu avoir lieu en raison du passage de la temp\u00eate Aurore. Rendez-vous \u00e9tait donc donn\u00e9 \u00e0 partir de 14h pour la partie entretiens et rencontres, avec les repr\u00e9sentants des 65 entreprises ayant r\u00e9pondu pr\u00e9sentes, <em>\u00ab\u00a0un record \u00e0 Saint-Di\u00e9-des-Vosges\u00a0\u00bb<\/em> souligne le pr\u00e9sident de FACE Vosges Thierry Poulet. La Poste, Vosgelis, Numalliance, la Police, l&rsquo;Arm\u00e9e, la Gendarmerie ou des agences d&rsquo;int\u00e9rim&#8230; le panel des domaines professionnels repr\u00e9sent\u00e9s \u00e9tait large. Sur place, les visiteurs pouvaient \u00e9galement retrouver plus de 400 postes \u00e0 pourvoir, essentiellement dans les Vosges mais aussi en Meurthe-et-Moselle. Des offres \u00e0 consulter via un syst\u00e8me de QR code, <em>\u00ab\u00a0pour \u00e9viter les attroupements\u00a0\u00bb<\/em> pr\u00e9cise Thierry Poulet.<\/p>\n<p>J.J.<\/p>\n\n","protected":false},"excerpt":{"rendered":"<p>Organis\u00e9s par FACE Vosges et P\u00f4le Emploi, les Matchs pour l&#8217;emploi faisaient leur 6\u00e8me \u00e9dition d\u00e9odatienne ce jeudi. Non pas [&hellip;]<\/p>\n","protected":false},"author":44,"featured_media":44269,"comment_status":"open","ping_status":"open","sticky":false,"template":"","format":"standard","meta":{"footnotes":""},"categories":[460,2915],"tags":[3089,9102,9103,935],"class_list":["post-44268","post","type-post","status-publish","format-standard","has-post-thumbnail","hentry","category-a-la-une","category-saint-die-son-canton","tag-espace-francois-mitterrand","tag-face-vosges","tag-matchs-pour-lemploi","tag-pole-emploi"],"acf":[],"yoast_head":"<!-- This site is optimized with the Yoast SEO plugin v22.5 - https:\/\/yoast.com\/wordpress\/plugins\/seo\/ -->\n<title>Plus de 400 offres \u00e0 pouvoir pour la 6\u00e8me \u00e9dition des Matchs pour l&#039;emploi de Saint-Di\u00e9-des-Vosges - Saint Die Info<\/title>\n<meta name=\"robots\" content=\"index, follow, max-snippet:-1, max-image-preview:large, max-video-preview:-1\" \/>\n<link rel=\"canonical\" href=\"https:\/\/vosgesinfo.fr\/saintdieinfo\/2021\/10\/plus-de-400-offres-a-pouvoir-6eme-edition-matchs-lemploi-de-saint-die-vosges\/\" \/>\n<meta name=\"twitter:card\" content=\"summary_large_image\" \/>\n<meta name=\"twitter:title\" content=\"Plus de 400 offres \u00e0 pouvoir pour la 6\u00e8me \u00e9dition des Matchs pour l&#039;emploi de Saint-Di\u00e9-des-Vosges - Saint Die Info\" \/>\n<meta name=\"twitter:description\" content=\"Organis\u00e9s par FACE Vosges et P\u00f4le Emploi, les Matchs pour l&#8217;emploi faisaient leur 6\u00e8me \u00e9dition d\u00e9odatienne ce jeudi. Non pas [&hellip;]\" \/>\n<meta name=\"twitter:image\" content=\"https:\/\/vosgesinfo.fr\/app\/uploads\/sites\/4\/2024\/08\/202110matchs-pour-lemploi-4-1.jpg\" \/>\n<meta name=\"twitter:creator\" content=\"@VosgesInfo88\" \/>\n<meta name=\"twitter:site\" content=\"@VosgesInfo88\" \/>\n<meta name=\"twitter:label1\" content=\"\u00c9crit par\" \/>\n\t<meta name=\"twitter:data1\" content=\"la r\u00e9daction\" \/>\n\t<meta name=\"twitter:label2\" content=\"Dur\u00e9e de lecture estim\u00e9e\" \/>\n\t<meta name=\"twitter:data2\" content=\"1 minute\" \/>\n<script type=\"application\/ld+json\" class=\"yoast-schema-graph\">{\"@context\":\"https:\/\/schema.org\",\"@graph\":[{\"@type\":\"Article\",\"@id\":\"https:\/\/vosgesinfo.fr\/saintdieinfo\/2021\/10\/plus-de-400-offres-a-pouvoir-6eme-edition-matchs-lemploi-de-saint-die-vosges\/#article\",\"isPartOf\":{\"@id\":\"https:\/\/vosgesinfo.fr\/saintdieinfo\/2021\/10\/plus-de-400-offres-a-pouvoir-6eme-edition-matchs-lemploi-de-saint-die-vosges\/\"},\"author\":{\"name\":\"la r\u00e9daction\",\"@id\":\"https:\/\/vosgesinfo.fr\/saintdieinfo\/#\/schema\/person\/faee6704a21f3977511db84bd1cd450f\"},\"headline\":\"Plus de 400 offres \u00e0 pouvoir pour la 6\u00e8me \u00e9dition des Matchs pour l&#8217;emploi de Saint-Di\u00e9-des-Vosges\",\"datePublished\":\"2021-10-22T04:30:07+00:00\",\"dateModified\":\"2021-10-22T04:30:07+00:00\",\"mainEntityOfPage\":{\"@id\":\"https:\/\/vosgesinfo.fr\/saintdieinfo\/2021\/10\/plus-de-400-offres-a-pouvoir-6eme-edition-matchs-lemploi-de-saint-die-vosges\/\"},\"wordCount\":215,\"commentCount\":0,\"publisher\":{\"@id\":\"https:\/\/vosgesinfo.fr\/saintdieinfo\/#organization\"},\"image\":{\"@id\":\"https:\/\/vosgesinfo.fr\/saintdieinfo\/2021\/10\/plus-de-400-offres-a-pouvoir-6eme-edition-matchs-lemploi-de-saint-die-vosges\/#primaryimage\"},\"thumbnailUrl\":\"https:\/\/vosgesinfo.fr\/app\/uploads\/sites\/4\/2024\/08\/202110matchs-pour-lemploi-4-1.jpg\",\"keywords\":[\"Espace Fran\u00e7ois-Mitterrand\",\"FACE Vosges\",\"Matchs pour l'emploi\",\"P\u00f4le emploi\"],\"articleSection\":[\"A la Une\",\"Saint-Di\u00e9-des-Vosges et son Agglom\u00e9ration\"],\"inLanguage\":\"fr-FR\",\"potentialAction\":[{\"@type\":\"CommentAction\",\"name\":\"Comment\",\"target\":[\"https:\/\/vosgesinfo.fr\/saintdieinfo\/2021\/10\/plus-de-400-offres-a-pouvoir-6eme-edition-matchs-lemploi-de-saint-die-vosges\/#respond\"]}]},{\"@type\":\"WebPage\",\"@id\":\"https:\/\/vosgesinfo.fr\/saintdieinfo\/2021\/10\/plus-de-400-offres-a-pouvoir-6eme-edition-matchs-lemploi-de-saint-die-vosges\/\",\"url\":\"https:\/\/vosgesinfo.fr\/saintdieinfo\/2021\/10\/plus-de-400-offres-a-pouvoir-6eme-edition-matchs-lemploi-de-saint-die-vosges\/\",\"name\":\"Plus de 400 offres \u00e0 pouvoir pour la 6\u00e8me \u00e9dition des Matchs pour l'emploi de Saint-Di\u00e9-des-Vosges - Saint Die Info\",\"isPartOf\":{\"@id\":\"https:\/\/vosgesinfo.fr\/saintdieinfo\/#website\"},\"primaryImageOfPage\":{\"@id\":\"https:\/\/vosgesinfo.fr\/saintdieinfo\/2021\/10\/plus-de-400-offres-a-pouvoir-6eme-edition-matchs-lemploi-de-saint-die-vosges\/#primaryimage\"},\"image\":{\"@id\":\"https:\/\/vosgesinfo.fr\/saintdieinfo\/2021\/10\/plus-de-400-offres-a-pouvoir-6eme-edition-matchs-lemploi-de-saint-die-vosges\/#primaryimage\"},\"thumbnailUrl\":\"https:\/\/vosgesinfo.fr\/app\/uploads\/sites\/4\/2024\/08\/202110matchs-pour-lemploi-4-1.jpg\",\"datePublished\":\"2021-10-22T04:30:07+00:00\",\"dateModified\":\"2021-10-22T04:30:07+00:00\",\"breadcrumb\":{\"@id\":\"https:\/\/vosgesinfo.fr\/saintdieinfo\/2021\/10\/plus-de-400-offres-a-pouvoir-6eme-edition-matchs-lemploi-de-saint-die-vosges\/#breadcrumb\"},\"inLanguage\":\"fr-FR\",\"potentialAction\":[{\"@type\":\"ReadAction\",\"target\":[\"https:\/\/vosgesinfo.fr\/saintdieinfo\/2021\/10\/plus-de-400-offres-a-pouvoir-6eme-edition-matchs-lemploi-de-saint-die-vosges\/\"]}]},{\"@type\":\"ImageObject\",\"inLanguage\":\"fr-FR\",\"@id\":\"https:\/\/vosgesinfo.fr\/saintdieinfo\/2021\/10\/plus-de-400-offres-a-pouvoir-6eme-edition-matchs-lemploi-de-saint-die-vosges\/#primaryimage\",\"url\":\"https:\/\/vosgesinfo.fr\/app\/uploads\/sites\/4\/2024\/08\/202110matchs-pour-lemploi-4-1.jpg\",\"contentUrl\":\"https:\/\/vosgesinfo.fr\/app\/uploads\/sites\/4\/2024\/08\/202110matchs-pour-lemploi-4-1.jpg\",\"width\":800,\"height\":600},{\"@type\":\"BreadcrumbList\",\"@id\":\"https:\/\/vosgesinfo.fr\/saintdieinfo\/2021\/10\/plus-de-400-offres-a-pouvoir-6eme-edition-matchs-lemploi-de-saint-die-vosges\/#breadcrumb\",\"itemListElement\":[{\"@type\":\"ListItem\",\"position\":1,\"name\":\"Home\",\"item\":\"https:\/\/vosgesinfo.fr\/saintdieinfo\/\"},{\"@type\":\"ListItem\",\"position\":2,\"name\":\"Plus de 400 offres \u00e0 pouvoir pour la 6\u00e8me \u00e9dition des Matchs pour l&#8217;emploi de Saint-Di\u00e9-des-Vosges\"}]},{\"@type\":\"WebSite\",\"@id\":\"https:\/\/vosgesinfo.fr\/saintdieinfo\/#website\",\"url\":\"https:\/\/vosgesinfo.fr\/saintdieinfo\/\",\"name\":\"Saint Die Info\",\"description\":\"Toute l&#039;actualit\u00e9 de Saint-Di\u00e9-Des-Vosges\",\"publisher\":{\"@id\":\"https:\/\/vosgesinfo.fr\/saintdieinfo\/#organization\"},\"alternateName\":\"Toute l'actualit\u00e9 de Saint-Di\u00e9-Des-Vosges\",\"potentialAction\":[{\"@type\":\"SearchAction\",\"target\":{\"@type\":\"EntryPoint\",\"urlTemplate\":\"https:\/\/vosgesinfo.fr\/saintdieinfo\/?s={search_term_string}\"},\"query-input\":\"required name=search_term_string\"}],\"inLanguage\":\"fr-FR\"},{\"@type\":\"Organization\",\"@id\":\"https:\/\/vosgesinfo.fr\/saintdieinfo\/#organization\",\"name\":\"Saint Die Info\",\"url\":\"https:\/\/vosgesinfo.fr\/saintdieinfo\/\",\"logo\":{\"@type\":\"ImageObject\",\"inLanguage\":\"fr-FR\",\"@id\":\"https:\/\/vosgesinfo.fr\/saintdieinfo\/#\/schema\/logo\/image\/\",\"url\":\"https:\/\/vosgesinfo.fr\/app\/uploads\/sites\/4\/2024\/02\/logo-sdi.jpg\",\"contentUrl\":\"https:\/\/vosgesinfo.fr\/app\/uploads\/sites\/4\/2024\/02\/logo-sdi.jpg\",\"width\":600,\"height\":600,\"caption\":\"Saint Die Info\"},\"image\":{\"@id\":\"https:\/\/vosgesinfo.fr\/saintdieinfo\/#\/schema\/logo\/image\/\"},\"sameAs\":[\"https:\/\/www.facebook.com\/Saintdieinfofr\",\"https:\/\/x.com\/VosgesInfo88\",\"https:\/\/www.youtube.com\/@vosgesinfo\"]},{\"@type\":\"Person\",\"@id\":\"https:\/\/vosgesinfo.fr\/saintdieinfo\/#\/schema\/person\/faee6704a21f3977511db84bd1cd450f\",\"name\":\"la r\u00e9daction\",\"image\":{\"@type\":\"ImageObject\",\"inLanguage\":\"fr-FR\",\"@id\":\"https:\/\/vosgesinfo.fr\/saintdieinfo\/#\/schema\/person\/image\/\",\"url\":\"https:\/\/secure.gravatar.com\/avatar\/6673d8bc6a9c17fa9a453eaa3448de834fa308c2ec9635b7aa99441a7c8d2cf6?s=96&d=mm&r=g\",\"contentUrl\":\"https:\/\/secure.gravatar.com\/avatar\/6673d8bc6a9c17fa9a453eaa3448de834fa308c2ec9635b7aa99441a7c8d2cf6?s=96&d=mm&r=g\",\"caption\":\"la r\u00e9daction\"},\"url\":\"https:\/\/vosgesinfo.fr\/saintdieinfo\/author\/redac\/\"}]}<\/script>\n<!-- \/ Yoast SEO plugin. -->","yoast_head_json":{"title":"Plus de 400 offres \u00e0 pouvoir pour la 6\u00e8me \u00e9dition des Matchs pour l'emploi de Saint-Di\u00e9-des-Vosges - Saint Die Info","robots":{"index":"index","follow":"follow","max-snippet":"max-snippet:-1","max-image-preview":"max-image-preview:large","max-video-preview":"max-video-preview:-1"},"canonical":"https:\/\/vosgesinfo.fr\/saintdieinfo\/2021\/10\/plus-de-400-offres-a-pouvoir-6eme-edition-matchs-lemploi-de-saint-die-vosges\/","twitter_card":"summary_large_image","twitter_title":"Plus de 400 offres \u00e0 pouvoir pour la 6\u00e8me \u00e9dition des Matchs pour l'emploi de Saint-Di\u00e9-des-Vosges - Saint Die Info","twitter_description":"Organis\u00e9s par FACE Vosges et P\u00f4le Emploi, les Matchs pour l&#8217;emploi faisaient leur 6\u00e8me \u00e9dition d\u00e9odatienne ce jeudi. Non pas [&hellip;]","twitter_image":"https:\/\/vosgesinfo.fr\/app\/uploads\/sites\/4\/2024\/08\/202110matchs-pour-lemploi-4-1.jpg","twitter_creator":"@VosgesInfo88","twitter_site":"@VosgesInfo88","twitter_misc":{"\u00c9crit par":"la r\u00e9daction","Dur\u00e9e de lecture estim\u00e9e":"1 minute"},"schema":{"@context":"https:\/\/schema.org","@graph":[{"@type":"Article","@id":"https:\/\/vosgesinfo.fr\/saintdieinfo\/2021\/10\/plus-de-400-offres-a-pouvoir-6eme-edition-matchs-lemploi-de-saint-die-vosges\/#article","isPartOf":{"@id":"https:\/\/vosgesinfo.fr\/saintdieinfo\/2021\/10\/plus-de-400-offres-a-pouvoir-6eme-edition-matchs-lemploi-de-saint-die-vosges\/"},"author":{"name":"la r\u00e9daction","@id":"https:\/\/vosgesinfo.fr\/saintdieinfo\/#\/schema\/person\/faee6704a21f3977511db84bd1cd450f"},"headline":"Plus de 400 offres \u00e0 pouvoir pour la 6\u00e8me \u00e9dition des Matchs pour l&#8217;emploi de Saint-Di\u00e9-des-Vosges","datePublished":"2021-10-22T04:30:07+00:00","dateModified":"2021-10-22T04:30:07+00:00","mainEntityOfPage":{"@id":"https:\/\/vosgesinfo.fr\/saintdieinfo\/2021\/10\/plus-de-400-offres-a-pouvoir-6eme-edition-matchs-lemploi-de-saint-die-vosges\/"},"wordCount":215,"commentCount":0,"publisher":{"@id":"https:\/\/vosgesinfo.fr\/saintdieinfo\/#organization"},"image":{"@id":"https:\/\/vosgesinfo.fr\/saintdieinfo\/2021\/10\/plus-de-400-offres-a-pouvoir-6eme-edition-matchs-lemploi-de-saint-die-vosges\/#primaryimage"},"thumbnailUrl":"https:\/\/vosgesinfo.fr\/app\/uploads\/sites\/4\/2024\/08\/202110matchs-pour-lemploi-4-1.jpg","keywords":["Espace Fran\u00e7ois-Mitterrand","FACE Vosges","Matchs pour l'emploi","P\u00f4le emploi"],"articleSection":["A la Une","Saint-Di\u00e9-des-Vosges et son Agglom\u00e9ration"],"inLanguage":"fr-FR","potentialAction":[{"@type":"CommentAction","name":"Comment","target":["https:\/\/vosgesinfo.fr\/saintdieinfo\/2021\/10\/plus-de-400-offres-a-pouvoir-6eme-edition-matchs-lemploi-de-saint-die-vosges\/#respond"]}]},{"@type":"WebPage","@id":"https:\/\/vosgesinfo.fr\/saintdieinfo\/2021\/10\/plus-de-400-offres-a-pouvoir-6eme-edition-matchs-lemploi-de-saint-die-vosges\/","url":"https:\/\/vosgesinfo.fr\/saintdieinfo\/2021\/10\/plus-de-400-offres-a-pouvoir-6eme-edition-matchs-lemploi-de-saint-die-vosges\/","name":"Plus de 400 offres \u00e0 pouvoir pour la 6\u00e8me \u00e9dition des Matchs pour l'emploi de Saint-Di\u00e9-des-Vosges - Saint Die Info","isPartOf":{"@id":"https:\/\/vosgesinfo.fr\/saintdieinfo\/#website"},"primaryImageOfPage":{"@id":"https:\/\/vosgesinfo.fr\/saintdieinfo\/2021\/10\/plus-de-400-offres-a-pouvoir-6eme-edition-matchs-lemploi-de-saint-die-vosges\/#primaryimage"},"image":{"@id":"https:\/\/vosgesinfo.fr\/saintdieinfo\/2021\/10\/plus-de-400-offres-a-pouvoir-6eme-edition-matchs-lemploi-de-saint-die-vosges\/#primaryimage"},"thumbnailUrl":"https:\/\/vosgesinfo.fr\/app\/uploads\/sites\/4\/2024\/08\/202110matchs-pour-lemploi-4-1.jpg","datePublished":"2021-10-22T04:30:07+00:00","dateModified":"2021-10-22T04:30:07+00:00","breadcrumb":{"@id":"https:\/\/vosgesinfo.fr\/saintdieinfo\/2021\/10\/plus-de-400-offres-a-pouvoir-6eme-edition-matchs-lemploi-de-saint-die-vosges\/#breadcrumb"},"inLanguage":"fr-FR","potentialAction":[{"@type":"ReadAction","target":["https:\/\/vosgesinfo.fr\/saintdieinfo\/2021\/10\/plus-de-400-offres-a-pouvoir-6eme-edition-matchs-lemploi-de-saint-die-vosges\/"]}]},{"@type":"ImageObject","inLanguage":"fr-FR","@id":"https:\/\/vosgesinfo.fr\/saintdieinfo\/2021\/10\/plus-de-400-offres-a-pouvoir-6eme-edition-matchs-lemploi-de-saint-die-vosges\/#primaryimage","url":"https:\/\/vosgesinfo.fr\/app\/uploads\/sites\/4\/2024\/08\/202110matchs-pour-lemploi-4-1.jpg","contentUrl":"https:\/\/vosgesinfo.fr\/app\/uploads\/sites\/4\/2024\/08\/202110matchs-pour-lemploi-4-1.jpg","width":800,"height":600},{"@type":"BreadcrumbList","@id":"https:\/\/vosgesinfo.fr\/saintdieinfo\/2021\/10\/plus-de-400-offres-a-pouvoir-6eme-edition-matchs-lemploi-de-saint-die-vosges\/#breadcrumb","itemListElement":[{"@type":"ListItem","position":1,"name":"Home","item":"https:\/\/vosgesinfo.fr\/saintdieinfo\/"},{"@type":"ListItem","position":2,"name":"Plus de 400 offres \u00e0 pouvoir pour la 6\u00e8me \u00e9dition des Matchs pour l&#8217;emploi de Saint-Di\u00e9-des-Vosges"}]},{"@type":"WebSite","@id":"https:\/\/vosgesinfo.fr\/saintdieinfo\/#website","url":"https:\/\/vosgesinfo.fr\/saintdieinfo\/","name":"Saint Die Info","description":"Toute l&#039;actualit\u00e9 de Saint-Di\u00e9-Des-Vosges","publisher":{"@id":"https:\/\/vosgesinfo.fr\/saintdieinfo\/#organization"},"alternateName":"Toute l'actualit\u00e9 de Saint-Di\u00e9-Des-Vosges","potentialAction":[{"@type":"SearchAction","target":{"@type":"EntryPoint","urlTemplate":"https:\/\/vosgesinfo.fr\/saintdieinfo\/?s={search_term_string}"},"query-input":"required name=search_term_string"}],"inLanguage":"fr-FR"},{"@type":"Organization","@id":"https:\/\/vosgesinfo.fr\/saintdieinfo\/#organization","name":"Saint Die Info","url":"https:\/\/vosgesinfo.fr\/saintdieinfo\/","logo":{"@type":"ImageObject","inLanguage":"fr-FR","@id":"https:\/\/vosgesinfo.fr\/saintdieinfo\/#\/schema\/logo\/image\/","url":"https:\/\/vosgesinfo.fr\/app\/uploads\/sites\/4\/2024\/02\/logo-sdi.jpg","contentUrl":"https:\/\/vosgesinfo.fr\/app\/uploads\/sites\/4\/2024\/02\/logo-sdi.jpg","width":600,"height":600,"caption":"Saint Die Info"},"image":{"@id":"https:\/\/vosgesinfo.fr\/saintdieinfo\/#\/schema\/logo\/image\/"},"sameAs":["https:\/\/www.facebook.com\/Saintdieinfofr","https:\/\/x.com\/VosgesInfo88","https:\/\/www.youtube.com\/@vosgesinfo"]},{"@type":"Person","@id":"https:\/\/vosgesinfo.fr\/saintdieinfo\/#\/schema\/person\/faee6704a21f3977511db84bd1cd450f","name":"la r\u00e9daction","image":{"@type":"ImageObject","inLanguage":"fr-FR","@id":"https:\/\/vosgesinfo.fr\/saintdieinfo\/#\/schema\/person\/image\/","url":"https:\/\/secure.gravatar.com\/avatar\/6673d8bc6a9c17fa9a453eaa3448de834fa308c2ec9635b7aa99441a7c8d2cf6?s=96&d=mm&r=g","contentUrl":"https:\/\/secure.gravatar.com\/avatar\/6673d8bc6a9c17fa9a453eaa3448de834fa308c2ec9635b7aa99441a7c8d2cf6?s=96&d=mm&r=g","caption":"la r\u00e9daction"},"url":"https:\/\/vosgesinfo.fr\/saintdieinfo\/author\/redac\/"}]}},"_links":{"self":[{"href":"https:\/\/vosgesinfo.fr\/saintdieinfo\/wp-json\/wp\/v2\/posts\/44268","targetHints":{"allow":["GET"]}}],"collection":[{"href":"https:\/\/vosgesinfo.fr\/saintdieinfo\/wp-json\/wp\/v2\/posts"}],"about":[{"href":"https:\/\/vosgesinfo.fr\/saintdieinfo\/wp-json\/wp\/v2\/types\/post"}],"author":[{"embeddable":true,"href":"https:\/\/vosgesinfo.fr\/saintdieinfo\/wp-json\/wp\/v2\/users\/44"}],"replies":[{"embeddable":true,"href":"https:\/\/vosgesinfo.fr\/saintdieinfo\/wp-json\/wp\/v2\/comments?post=44268"}],"version-history":[{"count":0,"href":"https:\/\/vosgesinfo.fr\/saintdieinfo\/wp-json\/wp\/v2\/posts\/44268\/revisions"}],"wp:featuredmedia":[{"embeddable":true,"href":"https:\/\/vosgesinfo.fr\/saintdieinfo\/wp-json\/wp\/v2\/media\/44269"}],"wp:attachment":[{"href":"https:\/\/vosgesinfo.fr\/saintdieinfo\/wp-json\/wp\/v2\/media?parent=44268"}],"wp:term":[{"taxonomy":"category","embeddable":true,"href":"https:\/\/vosgesinfo.fr\/saintdieinfo\/wp-json\/wp\/v2\/categories?post=44268"},{"taxonomy":"post_tag","embeddable":true,"href":"https:\/\/vosgesinfo.fr\/saintdieinfo\/wp-json\/wp\/v2\/tags?post=44268"}],"curies":[{"name":"wp","href":"https:\/\/api.w.org\/{rel}","templated":true}]}}