{"id":44379,"date":"2021-10-26T07:48:44","date_gmt":"2021-10-26T05:48:44","guid":{"rendered":"https:\/\/vosgesinfo.fr\/saintdieinfo\/2021\/10\/job-devenez-conducteur-de-voiture-radar-lorraine\/"},"modified":"2021-10-26T07:48:44","modified_gmt":"2021-10-26T05:48:44","slug":"job-devenez-conducteur-de-voiture-radar-lorraine","status":"publish","type":"post","link":"https:\/\/vosgesinfo.fr\/saintdieinfo\/2021\/10\/job-devenez-conducteur-de-voiture-radar-lorraine\/","title":{"rendered":"Job : devenez conducteur de voiture-radar en Lorraine"},"content":{"rendered":"<div id=\"attachment_173619\" style=\"width: 810px\" class=\"wp-caption aligncenter\"><a href=\"\/2021\/10\/voiture-radar-privee.jpg\" target=\"_blank\" rel=\"noopener\"><img decoding=\"async\" aria-describedby=\"caption-attachment-173619\" class=\"wp-image-173619 size-full\" src=\"\/2021\/10\/voiture-radar-privee.jpg\" alt=\"voiture-radar-privee\" width=\"800\" height=\"514\" \/><\/a><p id=\"caption-attachment-173619\" class=\"wp-caption-text\">(Illustration)<\/p><\/div>\n<h2><span style=\"font-size: 14pt;\"><strong>Nous vous en <a href=\"https:\/\/saintdieinfo.fr\/2021\/10\/voitures-radar-banalisees-privees-arrivent-vosges\/\" target=\"_blank\" rel=\"noopener\">parlions la semaine derni\u00e8re dans notre article<\/a>, les voitures-radar banalis\u00e9es priv\u00e9es arrivent dans le Grand Est.\u00a0Elles seront d\u00e9ploy\u00e9es progressivement sur le d\u00e9partement des Vosges ainsi que sur toute la Lorraine \u00e0 partir du 1er trimestre 2022.\u00a0Une soci\u00e9t\u00e9 priv\u00e9e recherche des conducteurs pour ses voitures-radar.<\/strong><\/span><\/h2>\n<p><!--more--><\/p>\n<p>Une annonce a \u00e9t\u00e9 publi\u00e9e par une soci\u00e9t\u00e9 priv\u00e9e qui recherche des conducteurs pour ses voitures-radar en Lorraine. Vous r\u00eavez de sanctionner les automobilistes qui roulent trop vite? Ce job insolite est fait pour vous.<\/p>\n<p>La <a href=\"https:\/\/saintdieinfo.fr\/2021\/10\/voitures-radar-banalisees-privees-arrivent-vosges\/\" target=\"_blank\" rel=\"noopener\">semaine derni\u00e8re<\/a>, le Pr\u00e9fet des Vosges, avait annonc\u00e9\u00a0que de nouvelles mesures allaient \u00eatre prises afin de r\u00e9duire l\u2019accidentologie sur les routes du d\u00e9partement et de Lorraine. Parmi ces mesures, le d\u00e9ploiement, \u00e0 partir du 1er trimestre 2022 des\u00a0voitures-radar banalis\u00e9es priv\u00e9es. Elles \u00e9taient jusque-l\u00e0 pilot\u00e9es par les forces de l\u2019ordre uniquement.<\/p>\n<h3>Un CDI \u00e0 22 000 euros par an<\/h3>\n<p>Sur Internet, les offres d\u2019emploi se multiplient pour conduire des voitures-radar banalis\u00e9es. En Lorraine, une soci\u00e9t\u00e9 priv\u00e9e a mis en ligne plusieurs offres d\u2019emplois.\u00a0Il s\u2019agit d\u2019un poste, en CDI, de conducteur de voiture-radar dans plusieurs secteurs sur le Grand Est.\u00a0Pour le Grand Est,\u00a0des conducteurs sont recherch\u00e9s\u00a0\u00e0\u00a0Verdun (Meuse), Saint-Avold (Moselle),\u00a0Ch\u00e2lons-en-Champagne (Marne), Nancy (Meurthe-et-Moselle), Langres (Haute-Marne), Troyes. <em>\u00ab\u00a0Sous la responsabilit\u00e9 d\u2019un interlocuteur du centre op\u00e9rationnel, vous r\u00e9alisez les parcours des tourn\u00e9es demand\u00e9es en respectant tr\u00e8s pr\u00e9cis\u00e9ment les itin\u00e9raires confi\u00e9s.\u00a0\u00bb<\/em> explique l\u2019annonce. Le poste est r\u00e9mun\u00e9r\u00e9 \u00e0 1 833 euros bruts par mois (22 000 euros pour un an).<\/p>\n<p>La suite de l&rsquo;article : <a href=\"https:\/\/epinalinfos.fr\/2021\/10\/job-devenez-conducteur-de-voiture-radar-lorraine\/\" target=\"_blank\" rel=\"noopener\">https:\/\/epinalinfos.fr\/2021\/10\/job-devenez-conducteur-de-voiture-radar-lorraine\/<\/a><\/p>\n","protected":false},"excerpt":{"rendered":"<p>Nous vous en parlions la semaine derni\u00e8re dans notre article, les voitures-radar banalis\u00e9es priv\u00e9es arrivent dans le Grand Est.\u00a0Elles seront [&hellip;]<\/p>\n","protected":false},"author":44,"featured_media":44380,"comment_status":"open","ping_status":"open","sticky":false,"template":"","format":"standard","meta":{"footnotes":""},"categories":[460,4182,18],"tags":[9311],"class_list":["post-44379","post","type-post","status-publish","format-standard","has-post-thumbnail","hentry","category-a-la-une","category-lorraine","category-vosges","tag-voitures-radar-banalisees-privees"],"acf":[],"yoast_head":"<!-- This site is optimized with the Yoast SEO plugin v22.5 - https:\/\/yoast.com\/wordpress\/plugins\/seo\/ -->\n<title>Job : devenez conducteur de voiture-radar en Lorraine - Saint Die Info<\/title>\n<meta name=\"robots\" content=\"index, follow, max-snippet:-1, max-image-preview:large, max-video-preview:-1\" \/>\n<link rel=\"canonical\" href=\"https:\/\/vosgesinfo.fr\/saintdieinfo\/2021\/10\/job-devenez-conducteur-de-voiture-radar-lorraine\/\" \/>\n<meta name=\"twitter:card\" content=\"summary_large_image\" \/>\n<meta name=\"twitter:title\" content=\"Job : devenez conducteur de voiture-radar en Lorraine - Saint Die Info\" \/>\n<meta name=\"twitter:description\" content=\"Nous vous en parlions la semaine derni\u00e8re dans notre article, les voitures-radar banalis\u00e9es priv\u00e9es arrivent dans le Grand Est.\u00a0Elles seront [&hellip;]\" \/>\n<meta name=\"twitter:image\" content=\"https:\/\/vosgesinfo.fr\/app\/uploads\/sites\/4\/2024\/08\/202110voiture-radar-privee.jpg\" \/>\n<meta name=\"twitter:creator\" content=\"@VosgesInfo88\" \/>\n<meta name=\"twitter:site\" content=\"@VosgesInfo88\" \/>\n<meta name=\"twitter:label1\" content=\"\u00c9crit par\" \/>\n\t<meta name=\"twitter:data1\" content=\"la r\u00e9daction\" \/>\n\t<meta name=\"twitter:label2\" content=\"Dur\u00e9e de lecture estim\u00e9e\" \/>\n\t<meta name=\"twitter:data2\" content=\"1 minute\" \/>\n<script type=\"application\/ld+json\" class=\"yoast-schema-graph\">{\"@context\":\"https:\/\/schema.org\",\"@graph\":[{\"@type\":\"Article\",\"@id\":\"https:\/\/vosgesinfo.fr\/saintdieinfo\/2021\/10\/job-devenez-conducteur-de-voiture-radar-lorraine\/#article\",\"isPartOf\":{\"@id\":\"https:\/\/vosgesinfo.fr\/saintdieinfo\/2021\/10\/job-devenez-conducteur-de-voiture-radar-lorraine\/\"},\"author\":{\"name\":\"la r\u00e9daction\",\"@id\":\"https:\/\/vosgesinfo.fr\/saintdieinfo\/#\/schema\/person\/faee6704a21f3977511db84bd1cd450f\"},\"headline\":\"Job : devenez conducteur de voiture-radar en Lorraine\",\"datePublished\":\"2021-10-26T05:48:44+00:00\",\"dateModified\":\"2021-10-26T05:48:44+00:00\",\"mainEntityOfPage\":{\"@id\":\"https:\/\/vosgesinfo.fr\/saintdieinfo\/2021\/10\/job-devenez-conducteur-de-voiture-radar-lorraine\/\"},\"wordCount\":302,\"commentCount\":0,\"publisher\":{\"@id\":\"https:\/\/vosgesinfo.fr\/saintdieinfo\/#organization\"},\"image\":{\"@id\":\"https:\/\/vosgesinfo.fr\/saintdieinfo\/2021\/10\/job-devenez-conducteur-de-voiture-radar-lorraine\/#primaryimage\"},\"thumbnailUrl\":\"https:\/\/vosgesinfo.fr\/app\/uploads\/sites\/4\/2024\/08\/202110voiture-radar-privee.jpg\",\"keywords\":[\"Voitures-radar banalis\u00e9es priv\u00e9es\"],\"articleSection\":[\"A la Une\",\"Lorraine\",\"Vosges\"],\"inLanguage\":\"fr-FR\",\"potentialAction\":[{\"@type\":\"CommentAction\",\"name\":\"Comment\",\"target\":[\"https:\/\/vosgesinfo.fr\/saintdieinfo\/2021\/10\/job-devenez-conducteur-de-voiture-radar-lorraine\/#respond\"]}]},{\"@type\":\"WebPage\",\"@id\":\"https:\/\/vosgesinfo.fr\/saintdieinfo\/2021\/10\/job-devenez-conducteur-de-voiture-radar-lorraine\/\",\"url\":\"https:\/\/vosgesinfo.fr\/saintdieinfo\/2021\/10\/job-devenez-conducteur-de-voiture-radar-lorraine\/\",\"name\":\"Job : devenez conducteur de voiture-radar en Lorraine - Saint Die Info\",\"isPartOf\":{\"@id\":\"https:\/\/vosgesinfo.fr\/saintdieinfo\/#website\"},\"primaryImageOfPage\":{\"@id\":\"https:\/\/vosgesinfo.fr\/saintdieinfo\/2021\/10\/job-devenez-conducteur-de-voiture-radar-lorraine\/#primaryimage\"},\"image\":{\"@id\":\"https:\/\/vosgesinfo.fr\/saintdieinfo\/2021\/10\/job-devenez-conducteur-de-voiture-radar-lorraine\/#primaryimage\"},\"thumbnailUrl\":\"https:\/\/vosgesinfo.fr\/app\/uploads\/sites\/4\/2024\/08\/202110voiture-radar-privee.jpg\",\"datePublished\":\"2021-10-26T05:48:44+00:00\",\"dateModified\":\"2021-10-26T05:48:44+00:00\",\"breadcrumb\":{\"@id\":\"https:\/\/vosgesinfo.fr\/saintdieinfo\/2021\/10\/job-devenez-conducteur-de-voiture-radar-lorraine\/#breadcrumb\"},\"inLanguage\":\"fr-FR\",\"potentialAction\":[{\"@type\":\"ReadAction\",\"target\":[\"https:\/\/vosgesinfo.fr\/saintdieinfo\/2021\/10\/job-devenez-conducteur-de-voiture-radar-lorraine\/\"]}]},{\"@type\":\"ImageObject\",\"inLanguage\":\"fr-FR\",\"@id\":\"https:\/\/vosgesinfo.fr\/saintdieinfo\/2021\/10\/job-devenez-conducteur-de-voiture-radar-lorraine\/#primaryimage\",\"url\":\"https:\/\/vosgesinfo.fr\/app\/uploads\/sites\/4\/2024\/08\/202110voiture-radar-privee.jpg\",\"contentUrl\":\"https:\/\/vosgesinfo.fr\/app\/uploads\/sites\/4\/2024\/08\/202110voiture-radar-privee.jpg\",\"width\":800,\"height\":514},{\"@type\":\"BreadcrumbList\",\"@id\":\"https:\/\/vosgesinfo.fr\/saintdieinfo\/2021\/10\/job-devenez-conducteur-de-voiture-radar-lorraine\/#breadcrumb\",\"itemListElement\":[{\"@type\":\"ListItem\",\"position\":1,\"name\":\"Home\",\"item\":\"https:\/\/vosgesinfo.fr\/saintdieinfo\/\"},{\"@type\":\"ListItem\",\"position\":2,\"name\":\"Job : devenez conducteur de voiture-radar en Lorraine\"}]},{\"@type\":\"WebSite\",\"@id\":\"https:\/\/vosgesinfo.fr\/saintdieinfo\/#website\",\"url\":\"https:\/\/vosgesinfo.fr\/saintdieinfo\/\",\"name\":\"Saint Die Info\",\"description\":\"Toute l&#039;actualit\u00e9 de Saint-Di\u00e9-Des-Vosges\",\"publisher\":{\"@id\":\"https:\/\/vosgesinfo.fr\/saintdieinfo\/#organization\"},\"alternateName\":\"Toute l'actualit\u00e9 de Saint-Di\u00e9-Des-Vosges\",\"potentialAction\":[{\"@type\":\"SearchAction\",\"target\":{\"@type\":\"EntryPoint\",\"urlTemplate\":\"https:\/\/vosgesinfo.fr\/saintdieinfo\/?s={search_term_string}\"},\"query-input\":\"required name=search_term_string\"}],\"inLanguage\":\"fr-FR\"},{\"@type\":\"Organization\",\"@id\":\"https:\/\/vosgesinfo.fr\/saintdieinfo\/#organization\",\"name\":\"Saint Die Info\",\"url\":\"https:\/\/vosgesinfo.fr\/saintdieinfo\/\",\"logo\":{\"@type\":\"ImageObject\",\"inLanguage\":\"fr-FR\",\"@id\":\"https:\/\/vosgesinfo.fr\/saintdieinfo\/#\/schema\/logo\/image\/\",\"url\":\"https:\/\/vosgesinfo.fr\/app\/uploads\/sites\/4\/2024\/02\/logo-sdi.jpg\",\"contentUrl\":\"https:\/\/vosgesinfo.fr\/app\/uploads\/sites\/4\/2024\/02\/logo-sdi.jpg\",\"width\":600,\"height\":600,\"caption\":\"Saint Die Info\"},\"image\":{\"@id\":\"https:\/\/vosgesinfo.fr\/saintdieinfo\/#\/schema\/logo\/image\/\"},\"sameAs\":[\"https:\/\/www.facebook.com\/Saintdieinfofr\",\"https:\/\/x.com\/VosgesInfo88\",\"https:\/\/www.youtube.com\/@vosgesinfo\"]},{\"@type\":\"Person\",\"@id\":\"https:\/\/vosgesinfo.fr\/saintdieinfo\/#\/schema\/person\/faee6704a21f3977511db84bd1cd450f\",\"name\":\"la r\u00e9daction\",\"image\":{\"@type\":\"ImageObject\",\"inLanguage\":\"fr-FR\",\"@id\":\"https:\/\/vosgesinfo.fr\/saintdieinfo\/#\/schema\/person\/image\/\",\"url\":\"https:\/\/secure.gravatar.com\/avatar\/6673d8bc6a9c17fa9a453eaa3448de834fa308c2ec9635b7aa99441a7c8d2cf6?s=96&d=mm&r=g\",\"contentUrl\":\"https:\/\/secure.gravatar.com\/avatar\/6673d8bc6a9c17fa9a453eaa3448de834fa308c2ec9635b7aa99441a7c8d2cf6?s=96&d=mm&r=g\",\"caption\":\"la r\u00e9daction\"},\"url\":\"https:\/\/vosgesinfo.fr\/saintdieinfo\/author\/redac\/\"}]}<\/script>\n<!-- \/ Yoast SEO plugin. -->","yoast_head_json":{"title":"Job : devenez conducteur de voiture-radar en Lorraine - Saint Die Info","robots":{"index":"index","follow":"follow","max-snippet":"max-snippet:-1","max-image-preview":"max-image-preview:large","max-video-preview":"max-video-preview:-1"},"canonical":"https:\/\/vosgesinfo.fr\/saintdieinfo\/2021\/10\/job-devenez-conducteur-de-voiture-radar-lorraine\/","twitter_card":"summary_large_image","twitter_title":"Job : devenez conducteur de voiture-radar en Lorraine - Saint Die Info","twitter_description":"Nous vous en parlions la semaine derni\u00e8re dans notre article, les voitures-radar banalis\u00e9es priv\u00e9es arrivent dans le Grand Est.\u00a0Elles seront [&hellip;]","twitter_image":"https:\/\/vosgesinfo.fr\/app\/uploads\/sites\/4\/2024\/08\/202110voiture-radar-privee.jpg","twitter_creator":"@VosgesInfo88","twitter_site":"@VosgesInfo88","twitter_misc":{"\u00c9crit par":"la r\u00e9daction","Dur\u00e9e de lecture estim\u00e9e":"1 minute"},"schema":{"@context":"https:\/\/schema.org","@graph":[{"@type":"Article","@id":"https:\/\/vosgesinfo.fr\/saintdieinfo\/2021\/10\/job-devenez-conducteur-de-voiture-radar-lorraine\/#article","isPartOf":{"@id":"https:\/\/vosgesinfo.fr\/saintdieinfo\/2021\/10\/job-devenez-conducteur-de-voiture-radar-lorraine\/"},"author":{"name":"la r\u00e9daction","@id":"https:\/\/vosgesinfo.fr\/saintdieinfo\/#\/schema\/person\/faee6704a21f3977511db84bd1cd450f"},"headline":"Job : devenez conducteur de voiture-radar en Lorraine","datePublished":"2021-10-26T05:48:44+00:00","dateModified":"2021-10-26T05:48:44+00:00","mainEntityOfPage":{"@id":"https:\/\/vosgesinfo.fr\/saintdieinfo\/2021\/10\/job-devenez-conducteur-de-voiture-radar-lorraine\/"},"wordCount":302,"commentCount":0,"publisher":{"@id":"https:\/\/vosgesinfo.fr\/saintdieinfo\/#organization"},"image":{"@id":"https:\/\/vosgesinfo.fr\/saintdieinfo\/2021\/10\/job-devenez-conducteur-de-voiture-radar-lorraine\/#primaryimage"},"thumbnailUrl":"https:\/\/vosgesinfo.fr\/app\/uploads\/sites\/4\/2024\/08\/202110voiture-radar-privee.jpg","keywords":["Voitures-radar banalis\u00e9es priv\u00e9es"],"articleSection":["A la Une","Lorraine","Vosges"],"inLanguage":"fr-FR","potentialAction":[{"@type":"CommentAction","name":"Comment","target":["https:\/\/vosgesinfo.fr\/saintdieinfo\/2021\/10\/job-devenez-conducteur-de-voiture-radar-lorraine\/#respond"]}]},{"@type":"WebPage","@id":"https:\/\/vosgesinfo.fr\/saintdieinfo\/2021\/10\/job-devenez-conducteur-de-voiture-radar-lorraine\/","url":"https:\/\/vosgesinfo.fr\/saintdieinfo\/2021\/10\/job-devenez-conducteur-de-voiture-radar-lorraine\/","name":"Job : devenez conducteur de voiture-radar en Lorraine - Saint Die Info","isPartOf":{"@id":"https:\/\/vosgesinfo.fr\/saintdieinfo\/#website"},"primaryImageOfPage":{"@id":"https:\/\/vosgesinfo.fr\/saintdieinfo\/2021\/10\/job-devenez-conducteur-de-voiture-radar-lorraine\/#primaryimage"},"image":{"@id":"https:\/\/vosgesinfo.fr\/saintdieinfo\/2021\/10\/job-devenez-conducteur-de-voiture-radar-lorraine\/#primaryimage"},"thumbnailUrl":"https:\/\/vosgesinfo.fr\/app\/uploads\/sites\/4\/2024\/08\/202110voiture-radar-privee.jpg","datePublished":"2021-10-26T05:48:44+00:00","dateModified":"2021-10-26T05:48:44+00:00","breadcrumb":{"@id":"https:\/\/vosgesinfo.fr\/saintdieinfo\/2021\/10\/job-devenez-conducteur-de-voiture-radar-lorraine\/#breadcrumb"},"inLanguage":"fr-FR","potentialAction":[{"@type":"ReadAction","target":["https:\/\/vosgesinfo.fr\/saintdieinfo\/2021\/10\/job-devenez-conducteur-de-voiture-radar-lorraine\/"]}]},{"@type":"ImageObject","inLanguage":"fr-FR","@id":"https:\/\/vosgesinfo.fr\/saintdieinfo\/2021\/10\/job-devenez-conducteur-de-voiture-radar-lorraine\/#primaryimage","url":"https:\/\/vosgesinfo.fr\/app\/uploads\/sites\/4\/2024\/08\/202110voiture-radar-privee.jpg","contentUrl":"https:\/\/vosgesinfo.fr\/app\/uploads\/sites\/4\/2024\/08\/202110voiture-radar-privee.jpg","width":800,"height":514},{"@type":"BreadcrumbList","@id":"https:\/\/vosgesinfo.fr\/saintdieinfo\/2021\/10\/job-devenez-conducteur-de-voiture-radar-lorraine\/#breadcrumb","itemListElement":[{"@type":"ListItem","position":1,"name":"Home","item":"https:\/\/vosgesinfo.fr\/saintdieinfo\/"},{"@type":"ListItem","position":2,"name":"Job : devenez conducteur de voiture-radar en Lorraine"}]},{"@type":"WebSite","@id":"https:\/\/vosgesinfo.fr\/saintdieinfo\/#website","url":"https:\/\/vosgesinfo.fr\/saintdieinfo\/","name":"Saint Die Info","description":"Toute l&#039;actualit\u00e9 de Saint-Di\u00e9-Des-Vosges","publisher":{"@id":"https:\/\/vosgesinfo.fr\/saintdieinfo\/#organization"},"alternateName":"Toute l'actualit\u00e9 de Saint-Di\u00e9-Des-Vosges","potentialAction":[{"@type":"SearchAction","target":{"@type":"EntryPoint","urlTemplate":"https:\/\/vosgesinfo.fr\/saintdieinfo\/?s={search_term_string}"},"query-input":"required name=search_term_string"}],"inLanguage":"fr-FR"},{"@type":"Organization","@id":"https:\/\/vosgesinfo.fr\/saintdieinfo\/#organization","name":"Saint Die Info","url":"https:\/\/vosgesinfo.fr\/saintdieinfo\/","logo":{"@type":"ImageObject","inLanguage":"fr-FR","@id":"https:\/\/vosgesinfo.fr\/saintdieinfo\/#\/schema\/logo\/image\/","url":"https:\/\/vosgesinfo.fr\/app\/uploads\/sites\/4\/2024\/02\/logo-sdi.jpg","contentUrl":"https:\/\/vosgesinfo.fr\/app\/uploads\/sites\/4\/2024\/02\/logo-sdi.jpg","width":600,"height":600,"caption":"Saint Die Info"},"image":{"@id":"https:\/\/vosgesinfo.fr\/saintdieinfo\/#\/schema\/logo\/image\/"},"sameAs":["https:\/\/www.facebook.com\/Saintdieinfofr","https:\/\/x.com\/VosgesInfo88","https:\/\/www.youtube.com\/@vosgesinfo"]},{"@type":"Person","@id":"https:\/\/vosgesinfo.fr\/saintdieinfo\/#\/schema\/person\/faee6704a21f3977511db84bd1cd450f","name":"la r\u00e9daction","image":{"@type":"ImageObject","inLanguage":"fr-FR","@id":"https:\/\/vosgesinfo.fr\/saintdieinfo\/#\/schema\/person\/image\/","url":"https:\/\/secure.gravatar.com\/avatar\/6673d8bc6a9c17fa9a453eaa3448de834fa308c2ec9635b7aa99441a7c8d2cf6?s=96&d=mm&r=g","contentUrl":"https:\/\/secure.gravatar.com\/avatar\/6673d8bc6a9c17fa9a453eaa3448de834fa308c2ec9635b7aa99441a7c8d2cf6?s=96&d=mm&r=g","caption":"la r\u00e9daction"},"url":"https:\/\/vosgesinfo.fr\/saintdieinfo\/author\/redac\/"}]}},"_links":{"self":[{"href":"https:\/\/vosgesinfo.fr\/saintdieinfo\/wp-json\/wp\/v2\/posts\/44379","targetHints":{"allow":["GET"]}}],"collection":[{"href":"https:\/\/vosgesinfo.fr\/saintdieinfo\/wp-json\/wp\/v2\/posts"}],"about":[{"href":"https:\/\/vosgesinfo.fr\/saintdieinfo\/wp-json\/wp\/v2\/types\/post"}],"author":[{"embeddable":true,"href":"https:\/\/vosgesinfo.fr\/saintdieinfo\/wp-json\/wp\/v2\/users\/44"}],"replies":[{"embeddable":true,"href":"https:\/\/vosgesinfo.fr\/saintdieinfo\/wp-json\/wp\/v2\/comments?post=44379"}],"version-history":[{"count":0,"href":"https:\/\/vosgesinfo.fr\/saintdieinfo\/wp-json\/wp\/v2\/posts\/44379\/revisions"}],"wp:featuredmedia":[{"embeddable":true,"href":"https:\/\/vosgesinfo.fr\/saintdieinfo\/wp-json\/wp\/v2\/media\/44380"}],"wp:attachment":[{"href":"https:\/\/vosgesinfo.fr\/saintdieinfo\/wp-json\/wp\/v2\/media?parent=44379"}],"wp:term":[{"taxonomy":"category","embeddable":true,"href":"https:\/\/vosgesinfo.fr\/saintdieinfo\/wp-json\/wp\/v2\/categories?post=44379"},{"taxonomy":"post_tag","embeddable":true,"href":"https:\/\/vosgesinfo.fr\/saintdieinfo\/wp-json\/wp\/v2\/tags?post=44379"}],"curies":[{"name":"wp","href":"https:\/\/api.w.org\/{rel}","templated":true}]}}