{"id":44381,"date":"2021-10-26T07:51:50","date_gmt":"2021-10-26T05:51:50","guid":{"rendered":"https:\/\/vosgesinfo.fr\/saintdieinfo\/2021\/10\/vosges-ladavie-lance-appel-aux-dons-de-jouets-noel-solidaire\/"},"modified":"2021-10-26T07:51:50","modified_gmt":"2021-10-26T05:51:50","slug":"vosges-ladavie-lance-appel-aux-dons-de-jouets-noel-solidaire","status":"publish","type":"post","link":"https:\/\/vosgesinfo.fr\/saintdieinfo\/2021\/10\/vosges-ladavie-lance-appel-aux-dons-de-jouets-noel-solidaire\/","title":{"rendered":"Vosges \u2013 L&rsquo;Adavie lance un appel aux dons de jouets pour son No\u00ebl solidaire"},"content":{"rendered":"<p><a href=\"\/2021\/10\/Adavie_Logo.jpg\" target=\"_blank\" rel=\"noopener\"><img decoding=\"async\" class=\"aligncenter wp-image-173622 size-full\" src=\"\/2021\/10\/Adavie_Logo.jpg\" alt=\"Adavie_Logo\" width=\"500\" height=\"221\" \/><\/a><\/p>\n<h2><span style=\"font-size: 14pt;\"><strong>L&rsquo;association Adavie, sp\u00e9cialis\u00e9e dans les services \u00e0 la personne dans les Vosges, organise son premier No\u00ebl solidaire cette ann\u00e9e. Pour cette premi\u00e8re, l&rsquo;association souhaite r\u00e9colter des jouets, neufs ou d&rsquo;occasion, pour des enfants hospitalis\u00e9s dans le service p\u00e9diatrie du Centre Hospitalier Emile-Durkheim d&rsquo;Epinal.<\/strong><\/span><\/h2>\n<p><!--more--><\/p>\n<p>Une op\u00e9ration men\u00e9e en partenariat avec les Blouses Roses des Vosges, \u00e0 l&rsquo;initiative des s\u00e9niors de l&rsquo;Habitat Inclusif de l&rsquo;Adavie et du service Famille. La remise des jouets sera effectu\u00e9e par les s\u00e9niors de l&rsquo;association, en la pr\u00e9sence du P\u00e8re No\u00ebl en personne. <em>\u00ab\u00a0Merci de privil\u00e9gier des jouets neufs ou en bon \u00e9tat, et facile \u00e0 laver. Les peluches, pour des raisons sanitaires, ne pourront \u00eatre accept\u00e9es\u00a0\u00bb<\/em> pr\u00e9cise l&rsquo;Adavie.<\/p>\n<h3><span style=\"font-size: 12pt;\"><strong>Les jouets sont \u00e0 d\u00e9poser jusqu&rsquo;au 1er d\u00e9cembre dans l&rsquo;une des antennes de l&rsquo;association\u00a0:<\/strong><\/span><\/h3>\n<ul>\n<li>Epinal\u00a0: 20, rue des Etats-Unis et 15, rue du Chauffour\u00a0;<\/li>\n<li>Saint-Di\u00e9-des-Vosges\u00a0: 24 rue de la Prairie\u00a0;<\/li>\n<li>Remiremont\u00a0: 8, rue Georges-Lang\u00a0;<\/li>\n<li>Bruy\u00e8res\u00a0: 52, rue Vielsalm\u00a0;<\/li>\n<li>Contrex\u00e9ville\u00a0: 16, rue de Lorraine.<\/li>\n<\/ul>\n<p>J.J.<\/p>\n","protected":false},"excerpt":{"rendered":"<p>L&rsquo;association Adavie, sp\u00e9cialis\u00e9e dans les services \u00e0 la personne dans les Vosges, organise son premier No\u00ebl solidaire cette ann\u00e9e. Pour [&hellip;]<\/p>\n","protected":false},"author":44,"featured_media":44382,"comment_status":"open","ping_status":"open","sticky":false,"template":"","format":"standard","meta":{"footnotes":""},"categories":[460,29,18],"tags":[8567,7582,41,9312],"class_list":["post-44381","post","type-post","status-publish","format-standard","has-post-thumbnail","hentry","category-a-la-une","category-solidarite","category-vosges","tag-adavie","tag-centre-hospitalier-emile-durkheim","tag-epinal","tag-noel-solidaire"],"acf":[],"yoast_head":"<!-- This site is optimized with the Yoast SEO plugin v22.5 - https:\/\/yoast.com\/wordpress\/plugins\/seo\/ -->\n<title>Vosges \u2013 L&#039;Adavie lance un appel aux dons de jouets pour son No\u00ebl solidaire - Saint Die Info<\/title>\n<meta name=\"robots\" content=\"index, follow, max-snippet:-1, max-image-preview:large, max-video-preview:-1\" \/>\n<link rel=\"canonical\" href=\"https:\/\/vosgesinfo.fr\/saintdieinfo\/2021\/10\/vosges-ladavie-lance-appel-aux-dons-de-jouets-noel-solidaire\/\" \/>\n<meta name=\"twitter:card\" content=\"summary_large_image\" \/>\n<meta name=\"twitter:title\" content=\"Vosges \u2013 L&#039;Adavie lance un appel aux dons de jouets pour son No\u00ebl solidaire - Saint Die Info\" \/>\n<meta name=\"twitter:description\" content=\"L&rsquo;association Adavie, sp\u00e9cialis\u00e9e dans les services \u00e0 la personne dans les Vosges, organise son premier No\u00ebl solidaire cette ann\u00e9e. Pour [&hellip;]\" \/>\n<meta name=\"twitter:image\" content=\"https:\/\/vosgesinfo.fr\/app\/uploads\/sites\/4\/2024\/08\/202110adavie-logo.jpg\" \/>\n<meta name=\"twitter:creator\" content=\"@VosgesInfo88\" \/>\n<meta name=\"twitter:site\" content=\"@VosgesInfo88\" \/>\n<meta name=\"twitter:label1\" content=\"\u00c9crit par\" \/>\n\t<meta name=\"twitter:data1\" content=\"la r\u00e9daction\" \/>\n\t<meta name=\"twitter:label2\" content=\"Dur\u00e9e de lecture estim\u00e9e\" \/>\n\t<meta name=\"twitter:data2\" content=\"1 minute\" \/>\n<script type=\"application\/ld+json\" class=\"yoast-schema-graph\">{\"@context\":\"https:\/\/schema.org\",\"@graph\":[{\"@type\":\"Article\",\"@id\":\"https:\/\/vosgesinfo.fr\/saintdieinfo\/2021\/10\/vosges-ladavie-lance-appel-aux-dons-de-jouets-noel-solidaire\/#article\",\"isPartOf\":{\"@id\":\"https:\/\/vosgesinfo.fr\/saintdieinfo\/2021\/10\/vosges-ladavie-lance-appel-aux-dons-de-jouets-noel-solidaire\/\"},\"author\":{\"name\":\"la r\u00e9daction\",\"@id\":\"https:\/\/vosgesinfo.fr\/saintdieinfo\/#\/schema\/person\/faee6704a21f3977511db84bd1cd450f\"},\"headline\":\"Vosges \u2013 L&rsquo;Adavie lance un appel aux dons de jouets pour son No\u00ebl solidaire\",\"datePublished\":\"2021-10-26T05:51:50+00:00\",\"dateModified\":\"2021-10-26T05:51:50+00:00\",\"mainEntityOfPage\":{\"@id\":\"https:\/\/vosgesinfo.fr\/saintdieinfo\/2021\/10\/vosges-ladavie-lance-appel-aux-dons-de-jouets-noel-solidaire\/\"},\"wordCount\":198,\"commentCount\":0,\"publisher\":{\"@id\":\"https:\/\/vosgesinfo.fr\/saintdieinfo\/#organization\"},\"image\":{\"@id\":\"https:\/\/vosgesinfo.fr\/saintdieinfo\/2021\/10\/vosges-ladavie-lance-appel-aux-dons-de-jouets-noel-solidaire\/#primaryimage\"},\"thumbnailUrl\":\"https:\/\/vosgesinfo.fr\/app\/uploads\/sites\/4\/2024\/08\/202110adavie-logo.jpg\",\"keywords\":[\"ADAVIE\",\"Centre Hospitalier Emile-Durkheim\",\"Epinal\",\"No\u00ebl solidaire\"],\"articleSection\":[\"A la Une\",\"Solidarit\u00e9\",\"Vosges\"],\"inLanguage\":\"fr-FR\",\"potentialAction\":[{\"@type\":\"CommentAction\",\"name\":\"Comment\",\"target\":[\"https:\/\/vosgesinfo.fr\/saintdieinfo\/2021\/10\/vosges-ladavie-lance-appel-aux-dons-de-jouets-noel-solidaire\/#respond\"]}]},{\"@type\":\"WebPage\",\"@id\":\"https:\/\/vosgesinfo.fr\/saintdieinfo\/2021\/10\/vosges-ladavie-lance-appel-aux-dons-de-jouets-noel-solidaire\/\",\"url\":\"https:\/\/vosgesinfo.fr\/saintdieinfo\/2021\/10\/vosges-ladavie-lance-appel-aux-dons-de-jouets-noel-solidaire\/\",\"name\":\"Vosges \u2013 L'Adavie lance un appel aux dons de jouets pour son No\u00ebl solidaire - Saint Die Info\",\"isPartOf\":{\"@id\":\"https:\/\/vosgesinfo.fr\/saintdieinfo\/#website\"},\"primaryImageOfPage\":{\"@id\":\"https:\/\/vosgesinfo.fr\/saintdieinfo\/2021\/10\/vosges-ladavie-lance-appel-aux-dons-de-jouets-noel-solidaire\/#primaryimage\"},\"image\":{\"@id\":\"https:\/\/vosgesinfo.fr\/saintdieinfo\/2021\/10\/vosges-ladavie-lance-appel-aux-dons-de-jouets-noel-solidaire\/#primaryimage\"},\"thumbnailUrl\":\"https:\/\/vosgesinfo.fr\/app\/uploads\/sites\/4\/2024\/08\/202110adavie-logo.jpg\",\"datePublished\":\"2021-10-26T05:51:50+00:00\",\"dateModified\":\"2021-10-26T05:51:50+00:00\",\"breadcrumb\":{\"@id\":\"https:\/\/vosgesinfo.fr\/saintdieinfo\/2021\/10\/vosges-ladavie-lance-appel-aux-dons-de-jouets-noel-solidaire\/#breadcrumb\"},\"inLanguage\":\"fr-FR\",\"potentialAction\":[{\"@type\":\"ReadAction\",\"target\":[\"https:\/\/vosgesinfo.fr\/saintdieinfo\/2021\/10\/vosges-ladavie-lance-appel-aux-dons-de-jouets-noel-solidaire\/\"]}]},{\"@type\":\"ImageObject\",\"inLanguage\":\"fr-FR\",\"@id\":\"https:\/\/vosgesinfo.fr\/saintdieinfo\/2021\/10\/vosges-ladavie-lance-appel-aux-dons-de-jouets-noel-solidaire\/#primaryimage\",\"url\":\"https:\/\/vosgesinfo.fr\/app\/uploads\/sites\/4\/2024\/08\/202110adavie-logo.jpg\",\"contentUrl\":\"https:\/\/vosgesinfo.fr\/app\/uploads\/sites\/4\/2024\/08\/202110adavie-logo.jpg\",\"width\":500,\"height\":221},{\"@type\":\"BreadcrumbList\",\"@id\":\"https:\/\/vosgesinfo.fr\/saintdieinfo\/2021\/10\/vosges-ladavie-lance-appel-aux-dons-de-jouets-noel-solidaire\/#breadcrumb\",\"itemListElement\":[{\"@type\":\"ListItem\",\"position\":1,\"name\":\"Home\",\"item\":\"https:\/\/vosgesinfo.fr\/saintdieinfo\/\"},{\"@type\":\"ListItem\",\"position\":2,\"name\":\"Vosges \u2013 L&rsquo;Adavie lance un appel aux dons de jouets pour son No\u00ebl solidaire\"}]},{\"@type\":\"WebSite\",\"@id\":\"https:\/\/vosgesinfo.fr\/saintdieinfo\/#website\",\"url\":\"https:\/\/vosgesinfo.fr\/saintdieinfo\/\",\"name\":\"Saint Die Info\",\"description\":\"Toute l&#039;actualit\u00e9 de Saint-Di\u00e9-Des-Vosges\",\"publisher\":{\"@id\":\"https:\/\/vosgesinfo.fr\/saintdieinfo\/#organization\"},\"alternateName\":\"Toute l'actualit\u00e9 de Saint-Di\u00e9-Des-Vosges\",\"potentialAction\":[{\"@type\":\"SearchAction\",\"target\":{\"@type\":\"EntryPoint\",\"urlTemplate\":\"https:\/\/vosgesinfo.fr\/saintdieinfo\/?s={search_term_string}\"},\"query-input\":\"required name=search_term_string\"}],\"inLanguage\":\"fr-FR\"},{\"@type\":\"Organization\",\"@id\":\"https:\/\/vosgesinfo.fr\/saintdieinfo\/#organization\",\"name\":\"Saint Die Info\",\"url\":\"https:\/\/vosgesinfo.fr\/saintdieinfo\/\",\"logo\":{\"@type\":\"ImageObject\",\"inLanguage\":\"fr-FR\",\"@id\":\"https:\/\/vosgesinfo.fr\/saintdieinfo\/#\/schema\/logo\/image\/\",\"url\":\"https:\/\/vosgesinfo.fr\/app\/uploads\/sites\/4\/2024\/02\/logo-sdi.jpg\",\"contentUrl\":\"https:\/\/vosgesinfo.fr\/app\/uploads\/sites\/4\/2024\/02\/logo-sdi.jpg\",\"width\":600,\"height\":600,\"caption\":\"Saint Die Info\"},\"image\":{\"@id\":\"https:\/\/vosgesinfo.fr\/saintdieinfo\/#\/schema\/logo\/image\/\"},\"sameAs\":[\"https:\/\/www.facebook.com\/Saintdieinfofr\",\"https:\/\/x.com\/VosgesInfo88\",\"https:\/\/www.youtube.com\/@vosgesinfo\"]},{\"@type\":\"Person\",\"@id\":\"https:\/\/vosgesinfo.fr\/saintdieinfo\/#\/schema\/person\/faee6704a21f3977511db84bd1cd450f\",\"name\":\"la r\u00e9daction\",\"image\":{\"@type\":\"ImageObject\",\"inLanguage\":\"fr-FR\",\"@id\":\"https:\/\/vosgesinfo.fr\/saintdieinfo\/#\/schema\/person\/image\/\",\"url\":\"https:\/\/secure.gravatar.com\/avatar\/6673d8bc6a9c17fa9a453eaa3448de834fa308c2ec9635b7aa99441a7c8d2cf6?s=96&d=mm&r=g\",\"contentUrl\":\"https:\/\/secure.gravatar.com\/avatar\/6673d8bc6a9c17fa9a453eaa3448de834fa308c2ec9635b7aa99441a7c8d2cf6?s=96&d=mm&r=g\",\"caption\":\"la r\u00e9daction\"},\"url\":\"https:\/\/vosgesinfo.fr\/saintdieinfo\/author\/redac\/\"}]}<\/script>\n<!-- \/ Yoast SEO plugin. -->","yoast_head_json":{"title":"Vosges \u2013 L'Adavie lance un appel aux dons de jouets pour son No\u00ebl solidaire - Saint Die Info","robots":{"index":"index","follow":"follow","max-snippet":"max-snippet:-1","max-image-preview":"max-image-preview:large","max-video-preview":"max-video-preview:-1"},"canonical":"https:\/\/vosgesinfo.fr\/saintdieinfo\/2021\/10\/vosges-ladavie-lance-appel-aux-dons-de-jouets-noel-solidaire\/","twitter_card":"summary_large_image","twitter_title":"Vosges \u2013 L'Adavie lance un appel aux dons de jouets pour son No\u00ebl solidaire - Saint Die Info","twitter_description":"L&rsquo;association Adavie, sp\u00e9cialis\u00e9e dans les services \u00e0 la personne dans les Vosges, organise son premier No\u00ebl solidaire cette ann\u00e9e. Pour [&hellip;]","twitter_image":"https:\/\/vosgesinfo.fr\/app\/uploads\/sites\/4\/2024\/08\/202110adavie-logo.jpg","twitter_creator":"@VosgesInfo88","twitter_site":"@VosgesInfo88","twitter_misc":{"\u00c9crit par":"la r\u00e9daction","Dur\u00e9e de lecture estim\u00e9e":"1 minute"},"schema":{"@context":"https:\/\/schema.org","@graph":[{"@type":"Article","@id":"https:\/\/vosgesinfo.fr\/saintdieinfo\/2021\/10\/vosges-ladavie-lance-appel-aux-dons-de-jouets-noel-solidaire\/#article","isPartOf":{"@id":"https:\/\/vosgesinfo.fr\/saintdieinfo\/2021\/10\/vosges-ladavie-lance-appel-aux-dons-de-jouets-noel-solidaire\/"},"author":{"name":"la r\u00e9daction","@id":"https:\/\/vosgesinfo.fr\/saintdieinfo\/#\/schema\/person\/faee6704a21f3977511db84bd1cd450f"},"headline":"Vosges \u2013 L&rsquo;Adavie lance un appel aux dons de jouets pour son No\u00ebl solidaire","datePublished":"2021-10-26T05:51:50+00:00","dateModified":"2021-10-26T05:51:50+00:00","mainEntityOfPage":{"@id":"https:\/\/vosgesinfo.fr\/saintdieinfo\/2021\/10\/vosges-ladavie-lance-appel-aux-dons-de-jouets-noel-solidaire\/"},"wordCount":198,"commentCount":0,"publisher":{"@id":"https:\/\/vosgesinfo.fr\/saintdieinfo\/#organization"},"image":{"@id":"https:\/\/vosgesinfo.fr\/saintdieinfo\/2021\/10\/vosges-ladavie-lance-appel-aux-dons-de-jouets-noel-solidaire\/#primaryimage"},"thumbnailUrl":"https:\/\/vosgesinfo.fr\/app\/uploads\/sites\/4\/2024\/08\/202110adavie-logo.jpg","keywords":["ADAVIE","Centre Hospitalier Emile-Durkheim","Epinal","No\u00ebl solidaire"],"articleSection":["A la Une","Solidarit\u00e9","Vosges"],"inLanguage":"fr-FR","potentialAction":[{"@type":"CommentAction","name":"Comment","target":["https:\/\/vosgesinfo.fr\/saintdieinfo\/2021\/10\/vosges-ladavie-lance-appel-aux-dons-de-jouets-noel-solidaire\/#respond"]}]},{"@type":"WebPage","@id":"https:\/\/vosgesinfo.fr\/saintdieinfo\/2021\/10\/vosges-ladavie-lance-appel-aux-dons-de-jouets-noel-solidaire\/","url":"https:\/\/vosgesinfo.fr\/saintdieinfo\/2021\/10\/vosges-ladavie-lance-appel-aux-dons-de-jouets-noel-solidaire\/","name":"Vosges \u2013 L'Adavie lance un appel aux dons de jouets pour son No\u00ebl solidaire - Saint Die Info","isPartOf":{"@id":"https:\/\/vosgesinfo.fr\/saintdieinfo\/#website"},"primaryImageOfPage":{"@id":"https:\/\/vosgesinfo.fr\/saintdieinfo\/2021\/10\/vosges-ladavie-lance-appel-aux-dons-de-jouets-noel-solidaire\/#primaryimage"},"image":{"@id":"https:\/\/vosgesinfo.fr\/saintdieinfo\/2021\/10\/vosges-ladavie-lance-appel-aux-dons-de-jouets-noel-solidaire\/#primaryimage"},"thumbnailUrl":"https:\/\/vosgesinfo.fr\/app\/uploads\/sites\/4\/2024\/08\/202110adavie-logo.jpg","datePublished":"2021-10-26T05:51:50+00:00","dateModified":"2021-10-26T05:51:50+00:00","breadcrumb":{"@id":"https:\/\/vosgesinfo.fr\/saintdieinfo\/2021\/10\/vosges-ladavie-lance-appel-aux-dons-de-jouets-noel-solidaire\/#breadcrumb"},"inLanguage":"fr-FR","potentialAction":[{"@type":"ReadAction","target":["https:\/\/vosgesinfo.fr\/saintdieinfo\/2021\/10\/vosges-ladavie-lance-appel-aux-dons-de-jouets-noel-solidaire\/"]}]},{"@type":"ImageObject","inLanguage":"fr-FR","@id":"https:\/\/vosgesinfo.fr\/saintdieinfo\/2021\/10\/vosges-ladavie-lance-appel-aux-dons-de-jouets-noel-solidaire\/#primaryimage","url":"https:\/\/vosgesinfo.fr\/app\/uploads\/sites\/4\/2024\/08\/202110adavie-logo.jpg","contentUrl":"https:\/\/vosgesinfo.fr\/app\/uploads\/sites\/4\/2024\/08\/202110adavie-logo.jpg","width":500,"height":221},{"@type":"BreadcrumbList","@id":"https:\/\/vosgesinfo.fr\/saintdieinfo\/2021\/10\/vosges-ladavie-lance-appel-aux-dons-de-jouets-noel-solidaire\/#breadcrumb","itemListElement":[{"@type":"ListItem","position":1,"name":"Home","item":"https:\/\/vosgesinfo.fr\/saintdieinfo\/"},{"@type":"ListItem","position":2,"name":"Vosges \u2013 L&rsquo;Adavie lance un appel aux dons de jouets pour son No\u00ebl solidaire"}]},{"@type":"WebSite","@id":"https:\/\/vosgesinfo.fr\/saintdieinfo\/#website","url":"https:\/\/vosgesinfo.fr\/saintdieinfo\/","name":"Saint Die Info","description":"Toute l&#039;actualit\u00e9 de Saint-Di\u00e9-Des-Vosges","publisher":{"@id":"https:\/\/vosgesinfo.fr\/saintdieinfo\/#organization"},"alternateName":"Toute l'actualit\u00e9 de Saint-Di\u00e9-Des-Vosges","potentialAction":[{"@type":"SearchAction","target":{"@type":"EntryPoint","urlTemplate":"https:\/\/vosgesinfo.fr\/saintdieinfo\/?s={search_term_string}"},"query-input":"required name=search_term_string"}],"inLanguage":"fr-FR"},{"@type":"Organization","@id":"https:\/\/vosgesinfo.fr\/saintdieinfo\/#organization","name":"Saint Die Info","url":"https:\/\/vosgesinfo.fr\/saintdieinfo\/","logo":{"@type":"ImageObject","inLanguage":"fr-FR","@id":"https:\/\/vosgesinfo.fr\/saintdieinfo\/#\/schema\/logo\/image\/","url":"https:\/\/vosgesinfo.fr\/app\/uploads\/sites\/4\/2024\/02\/logo-sdi.jpg","contentUrl":"https:\/\/vosgesinfo.fr\/app\/uploads\/sites\/4\/2024\/02\/logo-sdi.jpg","width":600,"height":600,"caption":"Saint Die Info"},"image":{"@id":"https:\/\/vosgesinfo.fr\/saintdieinfo\/#\/schema\/logo\/image\/"},"sameAs":["https:\/\/www.facebook.com\/Saintdieinfofr","https:\/\/x.com\/VosgesInfo88","https:\/\/www.youtube.com\/@vosgesinfo"]},{"@type":"Person","@id":"https:\/\/vosgesinfo.fr\/saintdieinfo\/#\/schema\/person\/faee6704a21f3977511db84bd1cd450f","name":"la r\u00e9daction","image":{"@type":"ImageObject","inLanguage":"fr-FR","@id":"https:\/\/vosgesinfo.fr\/saintdieinfo\/#\/schema\/person\/image\/","url":"https:\/\/secure.gravatar.com\/avatar\/6673d8bc6a9c17fa9a453eaa3448de834fa308c2ec9635b7aa99441a7c8d2cf6?s=96&d=mm&r=g","contentUrl":"https:\/\/secure.gravatar.com\/avatar\/6673d8bc6a9c17fa9a453eaa3448de834fa308c2ec9635b7aa99441a7c8d2cf6?s=96&d=mm&r=g","caption":"la r\u00e9daction"},"url":"https:\/\/vosgesinfo.fr\/saintdieinfo\/author\/redac\/"}]}},"_links":{"self":[{"href":"https:\/\/vosgesinfo.fr\/saintdieinfo\/wp-json\/wp\/v2\/posts\/44381","targetHints":{"allow":["GET"]}}],"collection":[{"href":"https:\/\/vosgesinfo.fr\/saintdieinfo\/wp-json\/wp\/v2\/posts"}],"about":[{"href":"https:\/\/vosgesinfo.fr\/saintdieinfo\/wp-json\/wp\/v2\/types\/post"}],"author":[{"embeddable":true,"href":"https:\/\/vosgesinfo.fr\/saintdieinfo\/wp-json\/wp\/v2\/users\/44"}],"replies":[{"embeddable":true,"href":"https:\/\/vosgesinfo.fr\/saintdieinfo\/wp-json\/wp\/v2\/comments?post=44381"}],"version-history":[{"count":0,"href":"https:\/\/vosgesinfo.fr\/saintdieinfo\/wp-json\/wp\/v2\/posts\/44381\/revisions"}],"wp:featuredmedia":[{"embeddable":true,"href":"https:\/\/vosgesinfo.fr\/saintdieinfo\/wp-json\/wp\/v2\/media\/44382"}],"wp:attachment":[{"href":"https:\/\/vosgesinfo.fr\/saintdieinfo\/wp-json\/wp\/v2\/media?parent=44381"}],"wp:term":[{"taxonomy":"category","embeddable":true,"href":"https:\/\/vosgesinfo.fr\/saintdieinfo\/wp-json\/wp\/v2\/categories?post=44381"},{"taxonomy":"post_tag","embeddable":true,"href":"https:\/\/vosgesinfo.fr\/saintdieinfo\/wp-json\/wp\/v2\/tags?post=44381"}],"curies":[{"name":"wp","href":"https:\/\/api.w.org\/{rel}","templated":true}]}}