{"id":44385,"date":"2021-10-26T08:47:34","date_gmt":"2021-10-26T06:47:34","guid":{"rendered":"https:\/\/vosgesinfo.fr\/saintdieinfo\/2021\/10\/point-virgule-organise-audition-a-lespace-georges-sadoul\/"},"modified":"2021-10-26T08:47:34","modified_gmt":"2021-10-26T06:47:34","slug":"point-virgule-organise-audition-a-lespace-georges-sadoul","status":"publish","type":"post","link":"https:\/\/vosgesinfo.fr\/saintdieinfo\/2021\/10\/point-virgule-organise-audition-a-lespace-georges-sadoul\/","title":{"rendered":"Le Point Virgule organise une audition \u00e0 l&rsquo;Espace Georges-Sadoul"},"content":{"rendered":"<div id=\"attachment_173630\" style=\"width: 810px\" class=\"wp-caption aligncenter\"><a href=\"\/2021\/10\/Audition_SDDV_Point_Virgule.jpg\" target=\"_blank\" rel=\"noopener\"><img decoding=\"async\" aria-describedby=\"caption-attachment-173630\" class=\"wp-image-173630 size-full\" src=\"\/2021\/10\/Audition_SDDV_Point_Virgule.jpg\" alt=\"Audition_SDDV_Point_Virgule\" width=\"800\" height=\"427\" \/><\/a><p id=\"caption-attachment-173630\" class=\"wp-caption-text\">Marie Reno, Alex Fredo et Rodrigue se produiront le 27 novembre \u00e0 l&rsquo;Espace Georges-Sadoul. (Image P\u00f4le Spectacle Vivant de la Communaut\u00e9 d&rsquo;Agglom\u00e9ration de Saint-Di\u00e9-des-Vosges)<\/p><\/div>\n<h2><span style=\"font-size: 14pt;\"><strong>Le Point Virgule a r\u00e9v\u00e9l\u00e9 de nombreux talents de l&rsquo;humour. Florence Foresti, Pierre Palmade, Alex Lutz, Elie Kakou, Gad Elmaleh&#8230; sont tous pass\u00e9s par l&#8217;embl\u00e9matique caf\u00e9-th\u00e9\u00e2tre \u00e0 leurs d\u00e9buts.<\/strong><\/span><\/h2>\n<p><!--more--><\/p>\n<p>Et pourquoi pas, \u00e0 votre tour, faire d\u00e9couvrir votre talent humoristique au public&#8230; et pourquoi pas rejoindre la liste des humoristes d\u00e9couverts par le Point Virgule ? C&rsquo;est ce qui est propos\u00e9 le samedi 27 novembre \u00e0 Saint-Di\u00e9-des-Vosges. Ce jour-l\u00e0, l&rsquo;Espace Georges-Sadoul accueillera une audition organis\u00e9e par Antoinette Colin, directrice artistique du Point Virgule.<\/p>\n<p>Pour participer, il suffit d&rsquo;habiter la r\u00e9gion Grand Est, d&rsquo;envoyer votre candidature ainsi qu&rsquo;une vid\u00e9o de pr\u00e9sentation de bonne qualit\u00e9, avant le 10 novembre, \u00e0 <strong><a href=\"mailto:delphine.jailly@ca-saintdie.fr\" target=\"_blank\" rel=\"noopener\">delphine.jailly@ca-saintdie.fr<\/a><\/strong>. Le ou la meilleur(e) candidat(e) aura l&rsquo;opportunit\u00e9 de faire la premi\u00e8re partie du spectacle d\u00e9odatien du Point Virgule, qui aura lieu le soir m\u00eame.<\/p>\n<p>Renseignements compl\u00e9mentaires aupr\u00e8s de l&rsquo;Espace Georges-Sadoul, par t\u00e9l\u00e9phone au <strong>03-29-56-14-09.<\/strong><\/p>\n<p>J.J.<\/p>\n","protected":false},"excerpt":{"rendered":"<p>Le Point Virgule a r\u00e9v\u00e9l\u00e9 de nombreux talents de l&rsquo;humour. Florence Foresti, Pierre Palmade, Alex Lutz, Elie Kakou, Gad Elmaleh&#8230; [&hellip;]<\/p>\n","protected":false},"author":44,"featured_media":44386,"comment_status":"open","ping_status":"open","sticky":false,"template":"","format":"standard","meta":{"footnotes":""},"categories":[460,2915],"tags":[9316,9317,3559,9318,9319,9320],"class_list":["post-44385","post","type-post","status-publish","format-standard","has-post-thumbnail","hentry","category-a-la-une","category-saint-die-son-canton","tag-alex-fredo","tag-audition-du-point-virgule","tag-espace-georges-sadoul","tag-le-point-virgule","tag-marie-reno","tag-rodrigue"],"acf":[],"yoast_head":"<!-- This site is optimized with the Yoast SEO plugin v22.5 - https:\/\/yoast.com\/wordpress\/plugins\/seo\/ -->\n<title>Le Point Virgule organise une audition \u00e0 l&#039;Espace Georges-Sadoul - Saint Die Info<\/title>\n<meta name=\"robots\" content=\"index, follow, max-snippet:-1, max-image-preview:large, max-video-preview:-1\" \/>\n<link rel=\"canonical\" href=\"https:\/\/vosgesinfo.fr\/saintdieinfo\/2021\/10\/point-virgule-organise-audition-a-lespace-georges-sadoul\/\" \/>\n<meta name=\"twitter:card\" content=\"summary_large_image\" \/>\n<meta name=\"twitter:title\" content=\"Le Point Virgule organise une audition \u00e0 l&#039;Espace Georges-Sadoul - Saint Die Info\" \/>\n<meta name=\"twitter:description\" content=\"Le Point Virgule a r\u00e9v\u00e9l\u00e9 de nombreux talents de l&rsquo;humour. Florence Foresti, Pierre Palmade, Alex Lutz, Elie Kakou, Gad Elmaleh&#8230; [&hellip;]\" \/>\n<meta name=\"twitter:image\" content=\"https:\/\/vosgesinfo.fr\/app\/uploads\/sites\/4\/2024\/08\/202110audition-sddv-point-virgule.jpg\" \/>\n<meta name=\"twitter:creator\" content=\"@VosgesInfo88\" \/>\n<meta name=\"twitter:site\" content=\"@VosgesInfo88\" \/>\n<meta name=\"twitter:label1\" content=\"\u00c9crit par\" \/>\n\t<meta name=\"twitter:data1\" content=\"la r\u00e9daction\" \/>\n\t<meta name=\"twitter:label2\" content=\"Dur\u00e9e de lecture estim\u00e9e\" \/>\n\t<meta name=\"twitter:data2\" content=\"1 minute\" \/>\n<script type=\"application\/ld+json\" class=\"yoast-schema-graph\">{\"@context\":\"https:\/\/schema.org\",\"@graph\":[{\"@type\":\"Article\",\"@id\":\"https:\/\/vosgesinfo.fr\/saintdieinfo\/2021\/10\/point-virgule-organise-audition-a-lespace-georges-sadoul\/#article\",\"isPartOf\":{\"@id\":\"https:\/\/vosgesinfo.fr\/saintdieinfo\/2021\/10\/point-virgule-organise-audition-a-lespace-georges-sadoul\/\"},\"author\":{\"name\":\"la r\u00e9daction\",\"@id\":\"https:\/\/vosgesinfo.fr\/saintdieinfo\/#\/schema\/person\/faee6704a21f3977511db84bd1cd450f\"},\"headline\":\"Le Point Virgule organise une audition \u00e0 l&rsquo;Espace Georges-Sadoul\",\"datePublished\":\"2021-10-26T06:47:34+00:00\",\"dateModified\":\"2021-10-26T06:47:34+00:00\",\"mainEntityOfPage\":{\"@id\":\"https:\/\/vosgesinfo.fr\/saintdieinfo\/2021\/10\/point-virgule-organise-audition-a-lespace-georges-sadoul\/\"},\"wordCount\":219,\"commentCount\":0,\"publisher\":{\"@id\":\"https:\/\/vosgesinfo.fr\/saintdieinfo\/#organization\"},\"image\":{\"@id\":\"https:\/\/vosgesinfo.fr\/saintdieinfo\/2021\/10\/point-virgule-organise-audition-a-lespace-georges-sadoul\/#primaryimage\"},\"thumbnailUrl\":\"https:\/\/vosgesinfo.fr\/app\/uploads\/sites\/4\/2024\/08\/202110audition-sddv-point-virgule.jpg\",\"keywords\":[\"Alex Fredo\",\"Audition du Point Virgule\",\"Espace Georges-Sadoul\",\"Le Point Virgule\",\"Marie Reno\",\"Rodrigue\"],\"articleSection\":[\"A la Une\",\"Saint-Di\u00e9-des-Vosges et son Agglom\u00e9ration\"],\"inLanguage\":\"fr-FR\",\"potentialAction\":[{\"@type\":\"CommentAction\",\"name\":\"Comment\",\"target\":[\"https:\/\/vosgesinfo.fr\/saintdieinfo\/2021\/10\/point-virgule-organise-audition-a-lespace-georges-sadoul\/#respond\"]}]},{\"@type\":\"WebPage\",\"@id\":\"https:\/\/vosgesinfo.fr\/saintdieinfo\/2021\/10\/point-virgule-organise-audition-a-lespace-georges-sadoul\/\",\"url\":\"https:\/\/vosgesinfo.fr\/saintdieinfo\/2021\/10\/point-virgule-organise-audition-a-lespace-georges-sadoul\/\",\"name\":\"Le Point Virgule organise une audition \u00e0 l'Espace Georges-Sadoul - Saint Die Info\",\"isPartOf\":{\"@id\":\"https:\/\/vosgesinfo.fr\/saintdieinfo\/#website\"},\"primaryImageOfPage\":{\"@id\":\"https:\/\/vosgesinfo.fr\/saintdieinfo\/2021\/10\/point-virgule-organise-audition-a-lespace-georges-sadoul\/#primaryimage\"},\"image\":{\"@id\":\"https:\/\/vosgesinfo.fr\/saintdieinfo\/2021\/10\/point-virgule-organise-audition-a-lespace-georges-sadoul\/#primaryimage\"},\"thumbnailUrl\":\"https:\/\/vosgesinfo.fr\/app\/uploads\/sites\/4\/2024\/08\/202110audition-sddv-point-virgule.jpg\",\"datePublished\":\"2021-10-26T06:47:34+00:00\",\"dateModified\":\"2021-10-26T06:47:34+00:00\",\"breadcrumb\":{\"@id\":\"https:\/\/vosgesinfo.fr\/saintdieinfo\/2021\/10\/point-virgule-organise-audition-a-lespace-georges-sadoul\/#breadcrumb\"},\"inLanguage\":\"fr-FR\",\"potentialAction\":[{\"@type\":\"ReadAction\",\"target\":[\"https:\/\/vosgesinfo.fr\/saintdieinfo\/2021\/10\/point-virgule-organise-audition-a-lespace-georges-sadoul\/\"]}]},{\"@type\":\"ImageObject\",\"inLanguage\":\"fr-FR\",\"@id\":\"https:\/\/vosgesinfo.fr\/saintdieinfo\/2021\/10\/point-virgule-organise-audition-a-lespace-georges-sadoul\/#primaryimage\",\"url\":\"https:\/\/vosgesinfo.fr\/app\/uploads\/sites\/4\/2024\/08\/202110audition-sddv-point-virgule.jpg\",\"contentUrl\":\"https:\/\/vosgesinfo.fr\/app\/uploads\/sites\/4\/2024\/08\/202110audition-sddv-point-virgule.jpg\",\"width\":800,\"height\":427},{\"@type\":\"BreadcrumbList\",\"@id\":\"https:\/\/vosgesinfo.fr\/saintdieinfo\/2021\/10\/point-virgule-organise-audition-a-lespace-georges-sadoul\/#breadcrumb\",\"itemListElement\":[{\"@type\":\"ListItem\",\"position\":1,\"name\":\"Home\",\"item\":\"https:\/\/vosgesinfo.fr\/saintdieinfo\/\"},{\"@type\":\"ListItem\",\"position\":2,\"name\":\"Le Point Virgule organise une audition \u00e0 l&rsquo;Espace Georges-Sadoul\"}]},{\"@type\":\"WebSite\",\"@id\":\"https:\/\/vosgesinfo.fr\/saintdieinfo\/#website\",\"url\":\"https:\/\/vosgesinfo.fr\/saintdieinfo\/\",\"name\":\"Saint Die Info\",\"description\":\"Toute l&#039;actualit\u00e9 de Saint-Di\u00e9-Des-Vosges\",\"publisher\":{\"@id\":\"https:\/\/vosgesinfo.fr\/saintdieinfo\/#organization\"},\"alternateName\":\"Toute l'actualit\u00e9 de Saint-Di\u00e9-Des-Vosges\",\"potentialAction\":[{\"@type\":\"SearchAction\",\"target\":{\"@type\":\"EntryPoint\",\"urlTemplate\":\"https:\/\/vosgesinfo.fr\/saintdieinfo\/?s={search_term_string}\"},\"query-input\":\"required name=search_term_string\"}],\"inLanguage\":\"fr-FR\"},{\"@type\":\"Organization\",\"@id\":\"https:\/\/vosgesinfo.fr\/saintdieinfo\/#organization\",\"name\":\"Saint Die Info\",\"url\":\"https:\/\/vosgesinfo.fr\/saintdieinfo\/\",\"logo\":{\"@type\":\"ImageObject\",\"inLanguage\":\"fr-FR\",\"@id\":\"https:\/\/vosgesinfo.fr\/saintdieinfo\/#\/schema\/logo\/image\/\",\"url\":\"https:\/\/vosgesinfo.fr\/app\/uploads\/sites\/4\/2024\/02\/logo-sdi.jpg\",\"contentUrl\":\"https:\/\/vosgesinfo.fr\/app\/uploads\/sites\/4\/2024\/02\/logo-sdi.jpg\",\"width\":600,\"height\":600,\"caption\":\"Saint Die Info\"},\"image\":{\"@id\":\"https:\/\/vosgesinfo.fr\/saintdieinfo\/#\/schema\/logo\/image\/\"},\"sameAs\":[\"https:\/\/www.facebook.com\/Saintdieinfofr\",\"https:\/\/x.com\/VosgesInfo88\",\"https:\/\/www.youtube.com\/@vosgesinfo\"]},{\"@type\":\"Person\",\"@id\":\"https:\/\/vosgesinfo.fr\/saintdieinfo\/#\/schema\/person\/faee6704a21f3977511db84bd1cd450f\",\"name\":\"la r\u00e9daction\",\"image\":{\"@type\":\"ImageObject\",\"inLanguage\":\"fr-FR\",\"@id\":\"https:\/\/vosgesinfo.fr\/saintdieinfo\/#\/schema\/person\/image\/\",\"url\":\"https:\/\/secure.gravatar.com\/avatar\/6673d8bc6a9c17fa9a453eaa3448de834fa308c2ec9635b7aa99441a7c8d2cf6?s=96&d=mm&r=g\",\"contentUrl\":\"https:\/\/secure.gravatar.com\/avatar\/6673d8bc6a9c17fa9a453eaa3448de834fa308c2ec9635b7aa99441a7c8d2cf6?s=96&d=mm&r=g\",\"caption\":\"la r\u00e9daction\"},\"url\":\"https:\/\/vosgesinfo.fr\/saintdieinfo\/author\/redac\/\"}]}<\/script>\n<!-- \/ Yoast SEO plugin. -->","yoast_head_json":{"title":"Le Point Virgule organise une audition \u00e0 l'Espace Georges-Sadoul - Saint Die Info","robots":{"index":"index","follow":"follow","max-snippet":"max-snippet:-1","max-image-preview":"max-image-preview:large","max-video-preview":"max-video-preview:-1"},"canonical":"https:\/\/vosgesinfo.fr\/saintdieinfo\/2021\/10\/point-virgule-organise-audition-a-lespace-georges-sadoul\/","twitter_card":"summary_large_image","twitter_title":"Le Point Virgule organise une audition \u00e0 l'Espace Georges-Sadoul - Saint Die Info","twitter_description":"Le Point Virgule a r\u00e9v\u00e9l\u00e9 de nombreux talents de l&rsquo;humour. Florence Foresti, Pierre Palmade, Alex Lutz, Elie Kakou, Gad Elmaleh&#8230; [&hellip;]","twitter_image":"https:\/\/vosgesinfo.fr\/app\/uploads\/sites\/4\/2024\/08\/202110audition-sddv-point-virgule.jpg","twitter_creator":"@VosgesInfo88","twitter_site":"@VosgesInfo88","twitter_misc":{"\u00c9crit par":"la r\u00e9daction","Dur\u00e9e de lecture estim\u00e9e":"1 minute"},"schema":{"@context":"https:\/\/schema.org","@graph":[{"@type":"Article","@id":"https:\/\/vosgesinfo.fr\/saintdieinfo\/2021\/10\/point-virgule-organise-audition-a-lespace-georges-sadoul\/#article","isPartOf":{"@id":"https:\/\/vosgesinfo.fr\/saintdieinfo\/2021\/10\/point-virgule-organise-audition-a-lespace-georges-sadoul\/"},"author":{"name":"la r\u00e9daction","@id":"https:\/\/vosgesinfo.fr\/saintdieinfo\/#\/schema\/person\/faee6704a21f3977511db84bd1cd450f"},"headline":"Le Point Virgule organise une audition \u00e0 l&rsquo;Espace Georges-Sadoul","datePublished":"2021-10-26T06:47:34+00:00","dateModified":"2021-10-26T06:47:34+00:00","mainEntityOfPage":{"@id":"https:\/\/vosgesinfo.fr\/saintdieinfo\/2021\/10\/point-virgule-organise-audition-a-lespace-georges-sadoul\/"},"wordCount":219,"commentCount":0,"publisher":{"@id":"https:\/\/vosgesinfo.fr\/saintdieinfo\/#organization"},"image":{"@id":"https:\/\/vosgesinfo.fr\/saintdieinfo\/2021\/10\/point-virgule-organise-audition-a-lespace-georges-sadoul\/#primaryimage"},"thumbnailUrl":"https:\/\/vosgesinfo.fr\/app\/uploads\/sites\/4\/2024\/08\/202110audition-sddv-point-virgule.jpg","keywords":["Alex Fredo","Audition du Point Virgule","Espace Georges-Sadoul","Le Point Virgule","Marie Reno","Rodrigue"],"articleSection":["A la Une","Saint-Di\u00e9-des-Vosges et son Agglom\u00e9ration"],"inLanguage":"fr-FR","potentialAction":[{"@type":"CommentAction","name":"Comment","target":["https:\/\/vosgesinfo.fr\/saintdieinfo\/2021\/10\/point-virgule-organise-audition-a-lespace-georges-sadoul\/#respond"]}]},{"@type":"WebPage","@id":"https:\/\/vosgesinfo.fr\/saintdieinfo\/2021\/10\/point-virgule-organise-audition-a-lespace-georges-sadoul\/","url":"https:\/\/vosgesinfo.fr\/saintdieinfo\/2021\/10\/point-virgule-organise-audition-a-lespace-georges-sadoul\/","name":"Le Point Virgule organise une audition \u00e0 l'Espace Georges-Sadoul - Saint Die Info","isPartOf":{"@id":"https:\/\/vosgesinfo.fr\/saintdieinfo\/#website"},"primaryImageOfPage":{"@id":"https:\/\/vosgesinfo.fr\/saintdieinfo\/2021\/10\/point-virgule-organise-audition-a-lespace-georges-sadoul\/#primaryimage"},"image":{"@id":"https:\/\/vosgesinfo.fr\/saintdieinfo\/2021\/10\/point-virgule-organise-audition-a-lespace-georges-sadoul\/#primaryimage"},"thumbnailUrl":"https:\/\/vosgesinfo.fr\/app\/uploads\/sites\/4\/2024\/08\/202110audition-sddv-point-virgule.jpg","datePublished":"2021-10-26T06:47:34+00:00","dateModified":"2021-10-26T06:47:34+00:00","breadcrumb":{"@id":"https:\/\/vosgesinfo.fr\/saintdieinfo\/2021\/10\/point-virgule-organise-audition-a-lespace-georges-sadoul\/#breadcrumb"},"inLanguage":"fr-FR","potentialAction":[{"@type":"ReadAction","target":["https:\/\/vosgesinfo.fr\/saintdieinfo\/2021\/10\/point-virgule-organise-audition-a-lespace-georges-sadoul\/"]}]},{"@type":"ImageObject","inLanguage":"fr-FR","@id":"https:\/\/vosgesinfo.fr\/saintdieinfo\/2021\/10\/point-virgule-organise-audition-a-lespace-georges-sadoul\/#primaryimage","url":"https:\/\/vosgesinfo.fr\/app\/uploads\/sites\/4\/2024\/08\/202110audition-sddv-point-virgule.jpg","contentUrl":"https:\/\/vosgesinfo.fr\/app\/uploads\/sites\/4\/2024\/08\/202110audition-sddv-point-virgule.jpg","width":800,"height":427},{"@type":"BreadcrumbList","@id":"https:\/\/vosgesinfo.fr\/saintdieinfo\/2021\/10\/point-virgule-organise-audition-a-lespace-georges-sadoul\/#breadcrumb","itemListElement":[{"@type":"ListItem","position":1,"name":"Home","item":"https:\/\/vosgesinfo.fr\/saintdieinfo\/"},{"@type":"ListItem","position":2,"name":"Le Point Virgule organise une audition \u00e0 l&rsquo;Espace Georges-Sadoul"}]},{"@type":"WebSite","@id":"https:\/\/vosgesinfo.fr\/saintdieinfo\/#website","url":"https:\/\/vosgesinfo.fr\/saintdieinfo\/","name":"Saint Die Info","description":"Toute l&#039;actualit\u00e9 de Saint-Di\u00e9-Des-Vosges","publisher":{"@id":"https:\/\/vosgesinfo.fr\/saintdieinfo\/#organization"},"alternateName":"Toute l'actualit\u00e9 de Saint-Di\u00e9-Des-Vosges","potentialAction":[{"@type":"SearchAction","target":{"@type":"EntryPoint","urlTemplate":"https:\/\/vosgesinfo.fr\/saintdieinfo\/?s={search_term_string}"},"query-input":"required name=search_term_string"}],"inLanguage":"fr-FR"},{"@type":"Organization","@id":"https:\/\/vosgesinfo.fr\/saintdieinfo\/#organization","name":"Saint Die Info","url":"https:\/\/vosgesinfo.fr\/saintdieinfo\/","logo":{"@type":"ImageObject","inLanguage":"fr-FR","@id":"https:\/\/vosgesinfo.fr\/saintdieinfo\/#\/schema\/logo\/image\/","url":"https:\/\/vosgesinfo.fr\/app\/uploads\/sites\/4\/2024\/02\/logo-sdi.jpg","contentUrl":"https:\/\/vosgesinfo.fr\/app\/uploads\/sites\/4\/2024\/02\/logo-sdi.jpg","width":600,"height":600,"caption":"Saint Die Info"},"image":{"@id":"https:\/\/vosgesinfo.fr\/saintdieinfo\/#\/schema\/logo\/image\/"},"sameAs":["https:\/\/www.facebook.com\/Saintdieinfofr","https:\/\/x.com\/VosgesInfo88","https:\/\/www.youtube.com\/@vosgesinfo"]},{"@type":"Person","@id":"https:\/\/vosgesinfo.fr\/saintdieinfo\/#\/schema\/person\/faee6704a21f3977511db84bd1cd450f","name":"la r\u00e9daction","image":{"@type":"ImageObject","inLanguage":"fr-FR","@id":"https:\/\/vosgesinfo.fr\/saintdieinfo\/#\/schema\/person\/image\/","url":"https:\/\/secure.gravatar.com\/avatar\/6673d8bc6a9c17fa9a453eaa3448de834fa308c2ec9635b7aa99441a7c8d2cf6?s=96&d=mm&r=g","contentUrl":"https:\/\/secure.gravatar.com\/avatar\/6673d8bc6a9c17fa9a453eaa3448de834fa308c2ec9635b7aa99441a7c8d2cf6?s=96&d=mm&r=g","caption":"la r\u00e9daction"},"url":"https:\/\/vosgesinfo.fr\/saintdieinfo\/author\/redac\/"}]}},"_links":{"self":[{"href":"https:\/\/vosgesinfo.fr\/saintdieinfo\/wp-json\/wp\/v2\/posts\/44385","targetHints":{"allow":["GET"]}}],"collection":[{"href":"https:\/\/vosgesinfo.fr\/saintdieinfo\/wp-json\/wp\/v2\/posts"}],"about":[{"href":"https:\/\/vosgesinfo.fr\/saintdieinfo\/wp-json\/wp\/v2\/types\/post"}],"author":[{"embeddable":true,"href":"https:\/\/vosgesinfo.fr\/saintdieinfo\/wp-json\/wp\/v2\/users\/44"}],"replies":[{"embeddable":true,"href":"https:\/\/vosgesinfo.fr\/saintdieinfo\/wp-json\/wp\/v2\/comments?post=44385"}],"version-history":[{"count":0,"href":"https:\/\/vosgesinfo.fr\/saintdieinfo\/wp-json\/wp\/v2\/posts\/44385\/revisions"}],"wp:featuredmedia":[{"embeddable":true,"href":"https:\/\/vosgesinfo.fr\/saintdieinfo\/wp-json\/wp\/v2\/media\/44386"}],"wp:attachment":[{"href":"https:\/\/vosgesinfo.fr\/saintdieinfo\/wp-json\/wp\/v2\/media?parent=44385"}],"wp:term":[{"taxonomy":"category","embeddable":true,"href":"https:\/\/vosgesinfo.fr\/saintdieinfo\/wp-json\/wp\/v2\/categories?post=44385"},{"taxonomy":"post_tag","embeddable":true,"href":"https:\/\/vosgesinfo.fr\/saintdieinfo\/wp-json\/wp\/v2\/tags?post=44385"}],"curies":[{"name":"wp","href":"https:\/\/api.w.org\/{rel}","templated":true}]}}