{"id":44474,"date":"2021-10-28T14:51:48","date_gmt":"2021-10-28T12:51:48","guid":{"rendered":"https:\/\/vosgesinfo.fr\/saintdieinfo\/2021\/10\/lorraine-jeune-permis-probatoire-controle-a-147-kmh-lieu-de-50\/"},"modified":"2021-10-28T14:51:48","modified_gmt":"2021-10-28T12:51:48","slug":"lorraine-jeune-permis-probatoire-controle-a-147-kmh-lieu-de-50","status":"publish","type":"post","link":"https:\/\/vosgesinfo.fr\/saintdieinfo\/2021\/10\/lorraine-jeune-permis-probatoire-controle-a-147-kmh-lieu-de-50\/","title":{"rendered":"Lorraine \u2013 Un jeune en permis probatoire contr\u00f4l\u00e9 \u00e0 147 km\/h au lieu de 50"},"content":{"rendered":"<div id=\"attachment_80627\" style=\"width: 626px\" class=\"wp-caption aligncenter\"><a href=\"\/2016\/04\/Gendarmerie_01.jpg\" target=\"_blank\" rel=\"noopener\"><img decoding=\"async\" aria-describedby=\"caption-attachment-80627\" class=\"wp-image-80627 size-full\" src=\"\/2016\/04\/Gendarmerie_01.jpg\" alt=\"Gendarmerie logo porte\" width=\"616\" height=\"400\" \/><\/a><p id=\"caption-attachment-80627\" class=\"wp-caption-text\">(Illustration)<\/p><\/div>\n<h2><strong><span style=\"font-size: 14pt;\">Les gendarmes de Meurthe-et-Moselle ont effectu\u00e9 des contr\u00f4les routiers. Ils ont contr\u00f4l\u00e9 un jeune conducteur \u00e0 147 km\/h (137 retenu) au lieu de 50 km\/h en agglom\u00e9ration.<\/span><\/strong><\/h2>\n<p><!--more--><\/p>\n<p>De nombreuses infractions ont \u00e9t\u00e9 relev\u00e9es ce week-end par les gendarmes de Meurthe-et-Moselle.<\/p>\n<div class=\"o9v6fnle cxmmr5t8 oygrvhab hcukyx3x c1et5uql ii04i59q\">\n<div dir=\"auto\">Dans le toulois:<\/div>\n<div dir=\"auto\">\u2013 un jeune conducteur en p\u00e9riode probatoire a \u00e9t\u00e9 contr\u00f4l\u00e9 \u00e0 145 km\/h (vitesse retenue 137 km\/h) soit 87 km\/h au-dessus de la vitesse<\/div>\n<div dir=\"auto\">autoris\u00e9e !!!<\/div>\n<div dir=\"auto\">\u2013 un motard a \u00e9t\u00e9 pris \u00e0 167Km\/h (vitesse retenue 158 km\/h) soit 78 km\/h au-dessus de la vitesse autoris\u00e9e.<\/div>\n<\/div>\n<div class=\"o9v6fnle cxmmr5t8 oygrvhab hcukyx3x c1et5uql ii04i59q\">\n<div dir=\"auto\">Dans le lun\u00e9villois:<\/div>\n<div dir=\"auto\">\u2013 vitesse sup\u00e9rieure \u00e0 40 km\/h et stup\u00e9fiants ont \u00e9t\u00e9 retenus contre un jeune conducteur.<\/div>\n<div dir=\"auto\">\u2013 un autre automobiliste contr\u00f4l\u00e9 \u00e0 une vitesse sup\u00e9rieure \u00e0 30 km\/h au-dessus de la vitesse autoris\u00e9e, et malgr\u00e9 un permis suspendu, s\u2019est<\/div>\n<div dir=\"auto\">quant \u00e0 lui retrouv\u00e9 en garde-\u00e0-vue.<\/div>\n<\/div>\n<div class=\"o9v6fnle cxmmr5t8 oygrvhab hcukyx3x c1et5uql ii04i59q\">\n<div dir=\"auto\">Les v\u00e9hicules ont \u00e9t\u00e9 saisis administrativement, pour certains, et plac\u00e9s en fourri\u00e8re.<\/div>\n<\/div>\n<div class=\"o9v6fnle cxmmr5t8 oygrvhab hcukyx3x c1et5uql ii04i59q\">\n<div dir=\"auto\">Et comme r\u00e9guli\u00e8rement, de multiples alcool\u00e9mies (dont certaines d\u00e9lictuelles) et conduites sous l\u2019emprise de produits stup\u00e9fiants ont \u00e9t\u00e9 relev\u00e9es, des conducteurs non assur\u00e9s, et enfin, certains n\u2019\u00e9taient<\/div>\n<div dir=\"auto\">m\u00eame pas d\u00e9tenteurs du permis de conduire.<\/div>\n<\/div>\n<div class=\"o9v6fnle cxmmr5t8 oygrvhab hcukyx3x c1et5uql ii04i59q\">\n<div dir=\"auto\">La gendarmerie continue de veiller sur les routes, afin d\u2019\u00e9viter que de nouveaux drames endeuillent les familles.<\/div>\n<\/div>\n","protected":false},"excerpt":{"rendered":"<p>Les gendarmes de Meurthe-et-Moselle ont effectu\u00e9 des contr\u00f4les routiers. Ils ont contr\u00f4l\u00e9 un jeune conducteur \u00e0 147 km\/h (137 retenu) [&hellip;]<\/p>\n","protected":false},"author":44,"featured_media":22228,"comment_status":"open","ping_status":"open","sticky":false,"template":"","format":"standard","meta":{"footnotes":""},"categories":[460,2924,4182],"tags":[4017,7621],"class_list":["post-44474","post","type-post","status-publish","format-standard","has-post-thumbnail","hentry","category-a-la-une","category-fait-divers","category-lorraine","tag-gendarmerie-de-meurthe-et-moselle","tag-grand-exces-de-vitesse"],"acf":[],"yoast_head":"<!-- This site is optimized with the Yoast SEO plugin v22.5 - https:\/\/yoast.com\/wordpress\/plugins\/seo\/ -->\n<title>Lorraine \u2013 Un jeune en permis probatoire contr\u00f4l\u00e9 \u00e0 147 km\/h au lieu de 50 - Saint Die Info<\/title>\n<meta name=\"robots\" content=\"index, follow, max-snippet:-1, max-image-preview:large, max-video-preview:-1\" \/>\n<link rel=\"canonical\" href=\"https:\/\/vosgesinfo.fr\/saintdieinfo\/2021\/10\/lorraine-jeune-permis-probatoire-controle-a-147-kmh-lieu-de-50\/\" \/>\n<meta name=\"twitter:card\" content=\"summary_large_image\" \/>\n<meta name=\"twitter:title\" content=\"Lorraine \u2013 Un jeune en permis probatoire contr\u00f4l\u00e9 \u00e0 147 km\/h au lieu de 50 - Saint Die Info\" \/>\n<meta name=\"twitter:description\" content=\"Les gendarmes de Meurthe-et-Moselle ont effectu\u00e9 des contr\u00f4les routiers. Ils ont contr\u00f4l\u00e9 un jeune conducteur \u00e0 147 km\/h (137 retenu) [&hellip;]\" \/>\n<meta name=\"twitter:image\" content=\"https:\/\/vosgesinfo.fr\/app\/uploads\/sites\/4\/2016\/04\/gendarmerie-01.jpg\" \/>\n<meta name=\"twitter:creator\" content=\"@VosgesInfo88\" \/>\n<meta name=\"twitter:site\" content=\"@VosgesInfo88\" \/>\n<meta name=\"twitter:label1\" content=\"\u00c9crit par\" \/>\n\t<meta name=\"twitter:data1\" content=\"la r\u00e9daction\" \/>\n\t<meta name=\"twitter:label2\" content=\"Dur\u00e9e de lecture estim\u00e9e\" \/>\n\t<meta name=\"twitter:data2\" content=\"1 minute\" \/>\n<script type=\"application\/ld+json\" class=\"yoast-schema-graph\">{\"@context\":\"https:\/\/schema.org\",\"@graph\":[{\"@type\":\"Article\",\"@id\":\"https:\/\/vosgesinfo.fr\/saintdieinfo\/2021\/10\/lorraine-jeune-permis-probatoire-controle-a-147-kmh-lieu-de-50\/#article\",\"isPartOf\":{\"@id\":\"https:\/\/vosgesinfo.fr\/saintdieinfo\/2021\/10\/lorraine-jeune-permis-probatoire-controle-a-147-kmh-lieu-de-50\/\"},\"author\":{\"name\":\"la r\u00e9daction\",\"@id\":\"https:\/\/vosgesinfo.fr\/saintdieinfo\/#\/schema\/person\/faee6704a21f3977511db84bd1cd450f\"},\"headline\":\"Lorraine \u2013 Un jeune en permis probatoire contr\u00f4l\u00e9 \u00e0 147 km\/h au lieu de 50\",\"datePublished\":\"2021-10-28T12:51:48+00:00\",\"dateModified\":\"2021-10-28T12:51:48+00:00\",\"mainEntityOfPage\":{\"@id\":\"https:\/\/vosgesinfo.fr\/saintdieinfo\/2021\/10\/lorraine-jeune-permis-probatoire-controle-a-147-kmh-lieu-de-50\/\"},\"wordCount\":239,\"commentCount\":0,\"publisher\":{\"@id\":\"https:\/\/vosgesinfo.fr\/saintdieinfo\/#organization\"},\"image\":{\"@id\":\"https:\/\/vosgesinfo.fr\/saintdieinfo\/2021\/10\/lorraine-jeune-permis-probatoire-controle-a-147-kmh-lieu-de-50\/#primaryimage\"},\"thumbnailUrl\":\"https:\/\/vosgesinfo.fr\/app\/uploads\/sites\/4\/2016\/04\/gendarmerie-01.jpg\",\"keywords\":[\"Gendarmerie de Meurthe-et-Moselle\",\"Grand exc\u00e8s de vitesse\"],\"articleSection\":[\"A la Une\",\"Fait Divers\",\"Lorraine\"],\"inLanguage\":\"fr-FR\",\"potentialAction\":[{\"@type\":\"CommentAction\",\"name\":\"Comment\",\"target\":[\"https:\/\/vosgesinfo.fr\/saintdieinfo\/2021\/10\/lorraine-jeune-permis-probatoire-controle-a-147-kmh-lieu-de-50\/#respond\"]}]},{\"@type\":\"WebPage\",\"@id\":\"https:\/\/vosgesinfo.fr\/saintdieinfo\/2021\/10\/lorraine-jeune-permis-probatoire-controle-a-147-kmh-lieu-de-50\/\",\"url\":\"https:\/\/vosgesinfo.fr\/saintdieinfo\/2021\/10\/lorraine-jeune-permis-probatoire-controle-a-147-kmh-lieu-de-50\/\",\"name\":\"Lorraine \u2013 Un jeune en permis probatoire contr\u00f4l\u00e9 \u00e0 147 km\/h au lieu de 50 - Saint Die Info\",\"isPartOf\":{\"@id\":\"https:\/\/vosgesinfo.fr\/saintdieinfo\/#website\"},\"primaryImageOfPage\":{\"@id\":\"https:\/\/vosgesinfo.fr\/saintdieinfo\/2021\/10\/lorraine-jeune-permis-probatoire-controle-a-147-kmh-lieu-de-50\/#primaryimage\"},\"image\":{\"@id\":\"https:\/\/vosgesinfo.fr\/saintdieinfo\/2021\/10\/lorraine-jeune-permis-probatoire-controle-a-147-kmh-lieu-de-50\/#primaryimage\"},\"thumbnailUrl\":\"https:\/\/vosgesinfo.fr\/app\/uploads\/sites\/4\/2016\/04\/gendarmerie-01.jpg\",\"datePublished\":\"2021-10-28T12:51:48+00:00\",\"dateModified\":\"2021-10-28T12:51:48+00:00\",\"breadcrumb\":{\"@id\":\"https:\/\/vosgesinfo.fr\/saintdieinfo\/2021\/10\/lorraine-jeune-permis-probatoire-controle-a-147-kmh-lieu-de-50\/#breadcrumb\"},\"inLanguage\":\"fr-FR\",\"potentialAction\":[{\"@type\":\"ReadAction\",\"target\":[\"https:\/\/vosgesinfo.fr\/saintdieinfo\/2021\/10\/lorraine-jeune-permis-probatoire-controle-a-147-kmh-lieu-de-50\/\"]}]},{\"@type\":\"ImageObject\",\"inLanguage\":\"fr-FR\",\"@id\":\"https:\/\/vosgesinfo.fr\/saintdieinfo\/2021\/10\/lorraine-jeune-permis-probatoire-controle-a-147-kmh-lieu-de-50\/#primaryimage\",\"url\":\"https:\/\/vosgesinfo.fr\/app\/uploads\/sites\/4\/2016\/04\/gendarmerie-01.jpg\",\"contentUrl\":\"https:\/\/vosgesinfo.fr\/app\/uploads\/sites\/4\/2016\/04\/gendarmerie-01.jpg\",\"width\":616,\"height\":400},{\"@type\":\"BreadcrumbList\",\"@id\":\"https:\/\/vosgesinfo.fr\/saintdieinfo\/2021\/10\/lorraine-jeune-permis-probatoire-controle-a-147-kmh-lieu-de-50\/#breadcrumb\",\"itemListElement\":[{\"@type\":\"ListItem\",\"position\":1,\"name\":\"Home\",\"item\":\"https:\/\/vosgesinfo.fr\/saintdieinfo\/\"},{\"@type\":\"ListItem\",\"position\":2,\"name\":\"Lorraine \u2013 Un jeune en permis probatoire contr\u00f4l\u00e9 \u00e0 147 km\/h au lieu de 50\"}]},{\"@type\":\"WebSite\",\"@id\":\"https:\/\/vosgesinfo.fr\/saintdieinfo\/#website\",\"url\":\"https:\/\/vosgesinfo.fr\/saintdieinfo\/\",\"name\":\"Saint Die Info\",\"description\":\"Toute l&#039;actualit\u00e9 de Saint-Di\u00e9-Des-Vosges\",\"publisher\":{\"@id\":\"https:\/\/vosgesinfo.fr\/saintdieinfo\/#organization\"},\"alternateName\":\"Toute l'actualit\u00e9 de Saint-Di\u00e9-Des-Vosges\",\"potentialAction\":[{\"@type\":\"SearchAction\",\"target\":{\"@type\":\"EntryPoint\",\"urlTemplate\":\"https:\/\/vosgesinfo.fr\/saintdieinfo\/?s={search_term_string}\"},\"query-input\":\"required name=search_term_string\"}],\"inLanguage\":\"fr-FR\"},{\"@type\":\"Organization\",\"@id\":\"https:\/\/vosgesinfo.fr\/saintdieinfo\/#organization\",\"name\":\"Saint Die Info\",\"url\":\"https:\/\/vosgesinfo.fr\/saintdieinfo\/\",\"logo\":{\"@type\":\"ImageObject\",\"inLanguage\":\"fr-FR\",\"@id\":\"https:\/\/vosgesinfo.fr\/saintdieinfo\/#\/schema\/logo\/image\/\",\"url\":\"https:\/\/vosgesinfo.fr\/app\/uploads\/sites\/4\/2024\/02\/logo-sdi.jpg\",\"contentUrl\":\"https:\/\/vosgesinfo.fr\/app\/uploads\/sites\/4\/2024\/02\/logo-sdi.jpg\",\"width\":600,\"height\":600,\"caption\":\"Saint Die Info\"},\"image\":{\"@id\":\"https:\/\/vosgesinfo.fr\/saintdieinfo\/#\/schema\/logo\/image\/\"},\"sameAs\":[\"https:\/\/www.facebook.com\/Saintdieinfofr\",\"https:\/\/x.com\/VosgesInfo88\",\"https:\/\/www.youtube.com\/@vosgesinfo\"]},{\"@type\":\"Person\",\"@id\":\"https:\/\/vosgesinfo.fr\/saintdieinfo\/#\/schema\/person\/faee6704a21f3977511db84bd1cd450f\",\"name\":\"la r\u00e9daction\",\"image\":{\"@type\":\"ImageObject\",\"inLanguage\":\"fr-FR\",\"@id\":\"https:\/\/vosgesinfo.fr\/saintdieinfo\/#\/schema\/person\/image\/\",\"url\":\"https:\/\/secure.gravatar.com\/avatar\/6673d8bc6a9c17fa9a453eaa3448de834fa308c2ec9635b7aa99441a7c8d2cf6?s=96&d=mm&r=g\",\"contentUrl\":\"https:\/\/secure.gravatar.com\/avatar\/6673d8bc6a9c17fa9a453eaa3448de834fa308c2ec9635b7aa99441a7c8d2cf6?s=96&d=mm&r=g\",\"caption\":\"la r\u00e9daction\"},\"url\":\"https:\/\/vosgesinfo.fr\/saintdieinfo\/author\/redac\/\"}]}<\/script>\n<!-- \/ Yoast SEO plugin. -->","yoast_head_json":{"title":"Lorraine \u2013 Un jeune en permis probatoire contr\u00f4l\u00e9 \u00e0 147 km\/h au lieu de 50 - Saint Die Info","robots":{"index":"index","follow":"follow","max-snippet":"max-snippet:-1","max-image-preview":"max-image-preview:large","max-video-preview":"max-video-preview:-1"},"canonical":"https:\/\/vosgesinfo.fr\/saintdieinfo\/2021\/10\/lorraine-jeune-permis-probatoire-controle-a-147-kmh-lieu-de-50\/","twitter_card":"summary_large_image","twitter_title":"Lorraine \u2013 Un jeune en permis probatoire contr\u00f4l\u00e9 \u00e0 147 km\/h au lieu de 50 - Saint Die Info","twitter_description":"Les gendarmes de Meurthe-et-Moselle ont effectu\u00e9 des contr\u00f4les routiers. Ils ont contr\u00f4l\u00e9 un jeune conducteur \u00e0 147 km\/h (137 retenu) [&hellip;]","twitter_image":"https:\/\/vosgesinfo.fr\/app\/uploads\/sites\/4\/2016\/04\/gendarmerie-01.jpg","twitter_creator":"@VosgesInfo88","twitter_site":"@VosgesInfo88","twitter_misc":{"\u00c9crit par":"la r\u00e9daction","Dur\u00e9e de lecture estim\u00e9e":"1 minute"},"schema":{"@context":"https:\/\/schema.org","@graph":[{"@type":"Article","@id":"https:\/\/vosgesinfo.fr\/saintdieinfo\/2021\/10\/lorraine-jeune-permis-probatoire-controle-a-147-kmh-lieu-de-50\/#article","isPartOf":{"@id":"https:\/\/vosgesinfo.fr\/saintdieinfo\/2021\/10\/lorraine-jeune-permis-probatoire-controle-a-147-kmh-lieu-de-50\/"},"author":{"name":"la r\u00e9daction","@id":"https:\/\/vosgesinfo.fr\/saintdieinfo\/#\/schema\/person\/faee6704a21f3977511db84bd1cd450f"},"headline":"Lorraine \u2013 Un jeune en permis probatoire contr\u00f4l\u00e9 \u00e0 147 km\/h au lieu de 50","datePublished":"2021-10-28T12:51:48+00:00","dateModified":"2021-10-28T12:51:48+00:00","mainEntityOfPage":{"@id":"https:\/\/vosgesinfo.fr\/saintdieinfo\/2021\/10\/lorraine-jeune-permis-probatoire-controle-a-147-kmh-lieu-de-50\/"},"wordCount":239,"commentCount":0,"publisher":{"@id":"https:\/\/vosgesinfo.fr\/saintdieinfo\/#organization"},"image":{"@id":"https:\/\/vosgesinfo.fr\/saintdieinfo\/2021\/10\/lorraine-jeune-permis-probatoire-controle-a-147-kmh-lieu-de-50\/#primaryimage"},"thumbnailUrl":"https:\/\/vosgesinfo.fr\/app\/uploads\/sites\/4\/2016\/04\/gendarmerie-01.jpg","keywords":["Gendarmerie de Meurthe-et-Moselle","Grand exc\u00e8s de vitesse"],"articleSection":["A la Une","Fait Divers","Lorraine"],"inLanguage":"fr-FR","potentialAction":[{"@type":"CommentAction","name":"Comment","target":["https:\/\/vosgesinfo.fr\/saintdieinfo\/2021\/10\/lorraine-jeune-permis-probatoire-controle-a-147-kmh-lieu-de-50\/#respond"]}]},{"@type":"WebPage","@id":"https:\/\/vosgesinfo.fr\/saintdieinfo\/2021\/10\/lorraine-jeune-permis-probatoire-controle-a-147-kmh-lieu-de-50\/","url":"https:\/\/vosgesinfo.fr\/saintdieinfo\/2021\/10\/lorraine-jeune-permis-probatoire-controle-a-147-kmh-lieu-de-50\/","name":"Lorraine \u2013 Un jeune en permis probatoire contr\u00f4l\u00e9 \u00e0 147 km\/h au lieu de 50 - Saint Die Info","isPartOf":{"@id":"https:\/\/vosgesinfo.fr\/saintdieinfo\/#website"},"primaryImageOfPage":{"@id":"https:\/\/vosgesinfo.fr\/saintdieinfo\/2021\/10\/lorraine-jeune-permis-probatoire-controle-a-147-kmh-lieu-de-50\/#primaryimage"},"image":{"@id":"https:\/\/vosgesinfo.fr\/saintdieinfo\/2021\/10\/lorraine-jeune-permis-probatoire-controle-a-147-kmh-lieu-de-50\/#primaryimage"},"thumbnailUrl":"https:\/\/vosgesinfo.fr\/app\/uploads\/sites\/4\/2016\/04\/gendarmerie-01.jpg","datePublished":"2021-10-28T12:51:48+00:00","dateModified":"2021-10-28T12:51:48+00:00","breadcrumb":{"@id":"https:\/\/vosgesinfo.fr\/saintdieinfo\/2021\/10\/lorraine-jeune-permis-probatoire-controle-a-147-kmh-lieu-de-50\/#breadcrumb"},"inLanguage":"fr-FR","potentialAction":[{"@type":"ReadAction","target":["https:\/\/vosgesinfo.fr\/saintdieinfo\/2021\/10\/lorraine-jeune-permis-probatoire-controle-a-147-kmh-lieu-de-50\/"]}]},{"@type":"ImageObject","inLanguage":"fr-FR","@id":"https:\/\/vosgesinfo.fr\/saintdieinfo\/2021\/10\/lorraine-jeune-permis-probatoire-controle-a-147-kmh-lieu-de-50\/#primaryimage","url":"https:\/\/vosgesinfo.fr\/app\/uploads\/sites\/4\/2016\/04\/gendarmerie-01.jpg","contentUrl":"https:\/\/vosgesinfo.fr\/app\/uploads\/sites\/4\/2016\/04\/gendarmerie-01.jpg","width":616,"height":400},{"@type":"BreadcrumbList","@id":"https:\/\/vosgesinfo.fr\/saintdieinfo\/2021\/10\/lorraine-jeune-permis-probatoire-controle-a-147-kmh-lieu-de-50\/#breadcrumb","itemListElement":[{"@type":"ListItem","position":1,"name":"Home","item":"https:\/\/vosgesinfo.fr\/saintdieinfo\/"},{"@type":"ListItem","position":2,"name":"Lorraine \u2013 Un jeune en permis probatoire contr\u00f4l\u00e9 \u00e0 147 km\/h au lieu de 50"}]},{"@type":"WebSite","@id":"https:\/\/vosgesinfo.fr\/saintdieinfo\/#website","url":"https:\/\/vosgesinfo.fr\/saintdieinfo\/","name":"Saint Die Info","description":"Toute l&#039;actualit\u00e9 de Saint-Di\u00e9-Des-Vosges","publisher":{"@id":"https:\/\/vosgesinfo.fr\/saintdieinfo\/#organization"},"alternateName":"Toute l'actualit\u00e9 de Saint-Di\u00e9-Des-Vosges","potentialAction":[{"@type":"SearchAction","target":{"@type":"EntryPoint","urlTemplate":"https:\/\/vosgesinfo.fr\/saintdieinfo\/?s={search_term_string}"},"query-input":"required name=search_term_string"}],"inLanguage":"fr-FR"},{"@type":"Organization","@id":"https:\/\/vosgesinfo.fr\/saintdieinfo\/#organization","name":"Saint Die Info","url":"https:\/\/vosgesinfo.fr\/saintdieinfo\/","logo":{"@type":"ImageObject","inLanguage":"fr-FR","@id":"https:\/\/vosgesinfo.fr\/saintdieinfo\/#\/schema\/logo\/image\/","url":"https:\/\/vosgesinfo.fr\/app\/uploads\/sites\/4\/2024\/02\/logo-sdi.jpg","contentUrl":"https:\/\/vosgesinfo.fr\/app\/uploads\/sites\/4\/2024\/02\/logo-sdi.jpg","width":600,"height":600,"caption":"Saint Die Info"},"image":{"@id":"https:\/\/vosgesinfo.fr\/saintdieinfo\/#\/schema\/logo\/image\/"},"sameAs":["https:\/\/www.facebook.com\/Saintdieinfofr","https:\/\/x.com\/VosgesInfo88","https:\/\/www.youtube.com\/@vosgesinfo"]},{"@type":"Person","@id":"https:\/\/vosgesinfo.fr\/saintdieinfo\/#\/schema\/person\/faee6704a21f3977511db84bd1cd450f","name":"la r\u00e9daction","image":{"@type":"ImageObject","inLanguage":"fr-FR","@id":"https:\/\/vosgesinfo.fr\/saintdieinfo\/#\/schema\/person\/image\/","url":"https:\/\/secure.gravatar.com\/avatar\/6673d8bc6a9c17fa9a453eaa3448de834fa308c2ec9635b7aa99441a7c8d2cf6?s=96&d=mm&r=g","contentUrl":"https:\/\/secure.gravatar.com\/avatar\/6673d8bc6a9c17fa9a453eaa3448de834fa308c2ec9635b7aa99441a7c8d2cf6?s=96&d=mm&r=g","caption":"la r\u00e9daction"},"url":"https:\/\/vosgesinfo.fr\/saintdieinfo\/author\/redac\/"}]}},"_links":{"self":[{"href":"https:\/\/vosgesinfo.fr\/saintdieinfo\/wp-json\/wp\/v2\/posts\/44474","targetHints":{"allow":["GET"]}}],"collection":[{"href":"https:\/\/vosgesinfo.fr\/saintdieinfo\/wp-json\/wp\/v2\/posts"}],"about":[{"href":"https:\/\/vosgesinfo.fr\/saintdieinfo\/wp-json\/wp\/v2\/types\/post"}],"author":[{"embeddable":true,"href":"https:\/\/vosgesinfo.fr\/saintdieinfo\/wp-json\/wp\/v2\/users\/44"}],"replies":[{"embeddable":true,"href":"https:\/\/vosgesinfo.fr\/saintdieinfo\/wp-json\/wp\/v2\/comments?post=44474"}],"version-history":[{"count":0,"href":"https:\/\/vosgesinfo.fr\/saintdieinfo\/wp-json\/wp\/v2\/posts\/44474\/revisions"}],"wp:featuredmedia":[{"embeddable":true,"href":"https:\/\/vosgesinfo.fr\/saintdieinfo\/wp-json\/wp\/v2\/media\/22228"}],"wp:attachment":[{"href":"https:\/\/vosgesinfo.fr\/saintdieinfo\/wp-json\/wp\/v2\/media?parent=44474"}],"wp:term":[{"taxonomy":"category","embeddable":true,"href":"https:\/\/vosgesinfo.fr\/saintdieinfo\/wp-json\/wp\/v2\/categories?post=44474"},{"taxonomy":"post_tag","embeddable":true,"href":"https:\/\/vosgesinfo.fr\/saintdieinfo\/wp-json\/wp\/v2\/tags?post=44474"}],"curies":[{"name":"wp","href":"https:\/\/api.w.org\/{rel}","templated":true}]}}