{"id":44476,"date":"2021-10-28T14:53:17","date_gmt":"2021-10-28T12:53:17","guid":{"rendered":"https:\/\/vosgesinfo.fr\/saintdieinfo\/2021\/10\/week-end-de-toussaint-trafic-va-virer-a-lorange\/"},"modified":"2021-10-28T14:53:17","modified_gmt":"2021-10-28T12:53:17","slug":"week-end-de-toussaint-trafic-va-virer-a-lorange","status":"publish","type":"post","link":"https:\/\/vosgesinfo.fr\/saintdieinfo\/2021\/10\/week-end-de-toussaint-trafic-va-virer-a-lorange\/","title":{"rendered":"Week-end de la Toussaint : le trafic va virer \u00e0 l\u2019orange"},"content":{"rendered":"<div id=\"attachment_173763\" style=\"width: 810px\" class=\"wp-caption aligncenter\"><a href=\"\/2021\/10\/Sans-titre9.jpg\" target=\"_blank\" rel=\"noopener\"><img decoding=\"async\" aria-describedby=\"caption-attachment-173763\" class=\"wp-image-173763 size-full\" src=\"\/2021\/10\/Sans-titre9.jpg\" alt=\"Sans-titre9\" width=\"800\" height=\"394\" \/><\/a><p id=\"caption-attachment-173763\" class=\"wp-caption-text\">(Carte Bison Fut\u00e9)<\/p><\/div>\n<h2><span style=\"font-size: 14pt;\"><strong>Vous \u00eates nombreux \u00e0 pr\u00e9voir un d\u00e9part pour le week-end de la Toussaint. Bison Fut\u00e9 pr\u00e9voit une circulation tr\u00e8s charg\u00e9e dans le sens des d\u00e9parts d\u00e8s ce vendredi 29 octobre.\u00a0<\/strong><\/span><\/h2>\n<p><!--more--><\/p>\n<p>Bison Fut\u00e9 pr\u00e9voit un apr\u00e8s-midi embouteill\u00e9 demain sur les routes de France ! Le week-end de la Toussaint offre aux usagers la possibilit\u00e9 d\u2019un week-end prolong\u00e9 et devrait, par cons\u00e9quent conna\u00eetre de nombreux d\u00e9placements. Bison Fut\u00e9 a class\u00e9 L\u2019Ile-de-France en rouge vendredi 29\u00a0octobre. Le reste de la France est class\u00e9 orange ce m\u00eame jour dans le sens des d\u00e9parts.\u00a0 <em>\u00ab\u00a0Ce week-end marque \u00e9galement le d\u00e9but des vacances scolaires en Belgique et au Luxembourg. Les destinations de vill\u00e9giature \u00e9tant tr\u00e8s diversifi\u00e9es, les flux de trafic se r\u00e9partiront plut\u00f4t bien. Les difficult\u00e9s de circulation seront principalement attendues dans le sens des d\u00e9parts le vendredi apr\u00e8s-midi, en particulier depuis l\u2019\u00cele-de-France.\u00a0\u00bb<\/em> explique Bison Fut\u00e9.<\/p>\n<p>La suite de l&rsquo;article : <a href=\"https:\/\/epinalinfos.fr\/2021\/10\/week-end-de-toussaint-trafic-va-virer-a-lorange\/\" target=\"_blank\" rel=\"noopener\">https:\/\/epinalinfos.fr\/2021\/10\/week-end-de-toussaint-trafic-va-virer-a-lorange\/<\/a><\/p>\n","protected":false},"excerpt":{"rendered":"<p>Vous \u00eates nombreux \u00e0 pr\u00e9voir un d\u00e9part pour le week-end de la Toussaint. Bison Fut\u00e9 pr\u00e9voit une circulation tr\u00e8s charg\u00e9e [&hellip;]<\/p>\n","protected":false},"author":44,"featured_media":44477,"comment_status":"open","ping_status":"open","sticky":false,"template":"","format":"standard","meta":{"footnotes":""},"categories":[460,3628],"tags":[1158,9364],"class_list":["post-44476","post","type-post","status-publish","format-standard","has-post-thumbnail","hentry","category-a-la-une","category-region-grand-est","tag-bison-fute","tag-week-end-de-la-toussaint"],"acf":[],"yoast_head":"<!-- This site is optimized with the Yoast SEO plugin v22.5 - https:\/\/yoast.com\/wordpress\/plugins\/seo\/ -->\n<title>Week-end de la Toussaint : le trafic va virer \u00e0 l\u2019orange - Saint Die Info<\/title>\n<meta name=\"robots\" content=\"index, follow, max-snippet:-1, max-image-preview:large, max-video-preview:-1\" \/>\n<link rel=\"canonical\" href=\"https:\/\/vosgesinfo.fr\/saintdieinfo\/2021\/10\/week-end-de-toussaint-trafic-va-virer-a-lorange\/\" \/>\n<meta name=\"twitter:card\" content=\"summary_large_image\" \/>\n<meta name=\"twitter:title\" content=\"Week-end de la Toussaint : le trafic va virer \u00e0 l\u2019orange - Saint Die Info\" \/>\n<meta name=\"twitter:description\" content=\"Vous \u00eates nombreux \u00e0 pr\u00e9voir un d\u00e9part pour le week-end de la Toussaint. Bison Fut\u00e9 pr\u00e9voit une circulation tr\u00e8s charg\u00e9e [&hellip;]\" \/>\n<meta name=\"twitter:image\" content=\"https:\/\/vosgesinfo.fr\/app\/uploads\/sites\/4\/2024\/08\/202110sans-titre9-1.jpg\" \/>\n<meta name=\"twitter:creator\" content=\"@VosgesInfo88\" \/>\n<meta name=\"twitter:site\" content=\"@VosgesInfo88\" \/>\n<meta name=\"twitter:label1\" content=\"\u00c9crit par\" \/>\n\t<meta name=\"twitter:data1\" content=\"la r\u00e9daction\" \/>\n\t<meta name=\"twitter:label2\" content=\"Dur\u00e9e de lecture estim\u00e9e\" \/>\n\t<meta name=\"twitter:data2\" content=\"1 minute\" \/>\n<script type=\"application\/ld+json\" class=\"yoast-schema-graph\">{\"@context\":\"https:\/\/schema.org\",\"@graph\":[{\"@type\":\"Article\",\"@id\":\"https:\/\/vosgesinfo.fr\/saintdieinfo\/2021\/10\/week-end-de-toussaint-trafic-va-virer-a-lorange\/#article\",\"isPartOf\":{\"@id\":\"https:\/\/vosgesinfo.fr\/saintdieinfo\/2021\/10\/week-end-de-toussaint-trafic-va-virer-a-lorange\/\"},\"author\":{\"name\":\"la r\u00e9daction\",\"@id\":\"https:\/\/vosgesinfo.fr\/saintdieinfo\/#\/schema\/person\/faee6704a21f3977511db84bd1cd450f\"},\"headline\":\"Week-end de la Toussaint : le trafic va virer \u00e0 l\u2019orange\",\"datePublished\":\"2021-10-28T12:53:17+00:00\",\"dateModified\":\"2021-10-28T12:53:17+00:00\",\"mainEntityOfPage\":{\"@id\":\"https:\/\/vosgesinfo.fr\/saintdieinfo\/2021\/10\/week-end-de-toussaint-trafic-va-virer-a-lorange\/\"},\"wordCount\":192,\"commentCount\":0,\"publisher\":{\"@id\":\"https:\/\/vosgesinfo.fr\/saintdieinfo\/#organization\"},\"image\":{\"@id\":\"https:\/\/vosgesinfo.fr\/saintdieinfo\/2021\/10\/week-end-de-toussaint-trafic-va-virer-a-lorange\/#primaryimage\"},\"thumbnailUrl\":\"https:\/\/vosgesinfo.fr\/app\/uploads\/sites\/4\/2024\/08\/202110sans-titre9-1.jpg\",\"keywords\":[\"Bison Fut\u00e9\",\"Week-end de la Toussaint\"],\"articleSection\":[\"A la Une\",\"R\u00e9gion Grand Est\"],\"inLanguage\":\"fr-FR\",\"potentialAction\":[{\"@type\":\"CommentAction\",\"name\":\"Comment\",\"target\":[\"https:\/\/vosgesinfo.fr\/saintdieinfo\/2021\/10\/week-end-de-toussaint-trafic-va-virer-a-lorange\/#respond\"]}]},{\"@type\":\"WebPage\",\"@id\":\"https:\/\/vosgesinfo.fr\/saintdieinfo\/2021\/10\/week-end-de-toussaint-trafic-va-virer-a-lorange\/\",\"url\":\"https:\/\/vosgesinfo.fr\/saintdieinfo\/2021\/10\/week-end-de-toussaint-trafic-va-virer-a-lorange\/\",\"name\":\"Week-end de la Toussaint : le trafic va virer \u00e0 l\u2019orange - Saint Die Info\",\"isPartOf\":{\"@id\":\"https:\/\/vosgesinfo.fr\/saintdieinfo\/#website\"},\"primaryImageOfPage\":{\"@id\":\"https:\/\/vosgesinfo.fr\/saintdieinfo\/2021\/10\/week-end-de-toussaint-trafic-va-virer-a-lorange\/#primaryimage\"},\"image\":{\"@id\":\"https:\/\/vosgesinfo.fr\/saintdieinfo\/2021\/10\/week-end-de-toussaint-trafic-va-virer-a-lorange\/#primaryimage\"},\"thumbnailUrl\":\"https:\/\/vosgesinfo.fr\/app\/uploads\/sites\/4\/2024\/08\/202110sans-titre9-1.jpg\",\"datePublished\":\"2021-10-28T12:53:17+00:00\",\"dateModified\":\"2021-10-28T12:53:17+00:00\",\"breadcrumb\":{\"@id\":\"https:\/\/vosgesinfo.fr\/saintdieinfo\/2021\/10\/week-end-de-toussaint-trafic-va-virer-a-lorange\/#breadcrumb\"},\"inLanguage\":\"fr-FR\",\"potentialAction\":[{\"@type\":\"ReadAction\",\"target\":[\"https:\/\/vosgesinfo.fr\/saintdieinfo\/2021\/10\/week-end-de-toussaint-trafic-va-virer-a-lorange\/\"]}]},{\"@type\":\"ImageObject\",\"inLanguage\":\"fr-FR\",\"@id\":\"https:\/\/vosgesinfo.fr\/saintdieinfo\/2021\/10\/week-end-de-toussaint-trafic-va-virer-a-lorange\/#primaryimage\",\"url\":\"https:\/\/vosgesinfo.fr\/app\/uploads\/sites\/4\/2024\/08\/202110sans-titre9-1.jpg\",\"contentUrl\":\"https:\/\/vosgesinfo.fr\/app\/uploads\/sites\/4\/2024\/08\/202110sans-titre9-1.jpg\",\"width\":800,\"height\":394},{\"@type\":\"BreadcrumbList\",\"@id\":\"https:\/\/vosgesinfo.fr\/saintdieinfo\/2021\/10\/week-end-de-toussaint-trafic-va-virer-a-lorange\/#breadcrumb\",\"itemListElement\":[{\"@type\":\"ListItem\",\"position\":1,\"name\":\"Home\",\"item\":\"https:\/\/vosgesinfo.fr\/saintdieinfo\/\"},{\"@type\":\"ListItem\",\"position\":2,\"name\":\"Week-end de la Toussaint : le trafic va virer \u00e0 l\u2019orange\"}]},{\"@type\":\"WebSite\",\"@id\":\"https:\/\/vosgesinfo.fr\/saintdieinfo\/#website\",\"url\":\"https:\/\/vosgesinfo.fr\/saintdieinfo\/\",\"name\":\"Saint Die Info\",\"description\":\"Toute l&#039;actualit\u00e9 de Saint-Di\u00e9-Des-Vosges\",\"publisher\":{\"@id\":\"https:\/\/vosgesinfo.fr\/saintdieinfo\/#organization\"},\"alternateName\":\"Toute l'actualit\u00e9 de Saint-Di\u00e9-Des-Vosges\",\"potentialAction\":[{\"@type\":\"SearchAction\",\"target\":{\"@type\":\"EntryPoint\",\"urlTemplate\":\"https:\/\/vosgesinfo.fr\/saintdieinfo\/?s={search_term_string}\"},\"query-input\":\"required name=search_term_string\"}],\"inLanguage\":\"fr-FR\"},{\"@type\":\"Organization\",\"@id\":\"https:\/\/vosgesinfo.fr\/saintdieinfo\/#organization\",\"name\":\"Saint Die Info\",\"url\":\"https:\/\/vosgesinfo.fr\/saintdieinfo\/\",\"logo\":{\"@type\":\"ImageObject\",\"inLanguage\":\"fr-FR\",\"@id\":\"https:\/\/vosgesinfo.fr\/saintdieinfo\/#\/schema\/logo\/image\/\",\"url\":\"https:\/\/vosgesinfo.fr\/app\/uploads\/sites\/4\/2024\/02\/logo-sdi.jpg\",\"contentUrl\":\"https:\/\/vosgesinfo.fr\/app\/uploads\/sites\/4\/2024\/02\/logo-sdi.jpg\",\"width\":600,\"height\":600,\"caption\":\"Saint Die Info\"},\"image\":{\"@id\":\"https:\/\/vosgesinfo.fr\/saintdieinfo\/#\/schema\/logo\/image\/\"},\"sameAs\":[\"https:\/\/www.facebook.com\/Saintdieinfofr\",\"https:\/\/x.com\/VosgesInfo88\",\"https:\/\/www.youtube.com\/@vosgesinfo\"]},{\"@type\":\"Person\",\"@id\":\"https:\/\/vosgesinfo.fr\/saintdieinfo\/#\/schema\/person\/faee6704a21f3977511db84bd1cd450f\",\"name\":\"la r\u00e9daction\",\"image\":{\"@type\":\"ImageObject\",\"inLanguage\":\"fr-FR\",\"@id\":\"https:\/\/vosgesinfo.fr\/saintdieinfo\/#\/schema\/person\/image\/\",\"url\":\"https:\/\/secure.gravatar.com\/avatar\/6673d8bc6a9c17fa9a453eaa3448de834fa308c2ec9635b7aa99441a7c8d2cf6?s=96&d=mm&r=g\",\"contentUrl\":\"https:\/\/secure.gravatar.com\/avatar\/6673d8bc6a9c17fa9a453eaa3448de834fa308c2ec9635b7aa99441a7c8d2cf6?s=96&d=mm&r=g\",\"caption\":\"la r\u00e9daction\"},\"url\":\"https:\/\/vosgesinfo.fr\/saintdieinfo\/author\/redac\/\"}]}<\/script>\n<!-- \/ Yoast SEO plugin. -->","yoast_head_json":{"title":"Week-end de la Toussaint : le trafic va virer \u00e0 l\u2019orange - Saint Die Info","robots":{"index":"index","follow":"follow","max-snippet":"max-snippet:-1","max-image-preview":"max-image-preview:large","max-video-preview":"max-video-preview:-1"},"canonical":"https:\/\/vosgesinfo.fr\/saintdieinfo\/2021\/10\/week-end-de-toussaint-trafic-va-virer-a-lorange\/","twitter_card":"summary_large_image","twitter_title":"Week-end de la Toussaint : le trafic va virer \u00e0 l\u2019orange - Saint Die Info","twitter_description":"Vous \u00eates nombreux \u00e0 pr\u00e9voir un d\u00e9part pour le week-end de la Toussaint. Bison Fut\u00e9 pr\u00e9voit une circulation tr\u00e8s charg\u00e9e [&hellip;]","twitter_image":"https:\/\/vosgesinfo.fr\/app\/uploads\/sites\/4\/2024\/08\/202110sans-titre9-1.jpg","twitter_creator":"@VosgesInfo88","twitter_site":"@VosgesInfo88","twitter_misc":{"\u00c9crit par":"la r\u00e9daction","Dur\u00e9e de lecture estim\u00e9e":"1 minute"},"schema":{"@context":"https:\/\/schema.org","@graph":[{"@type":"Article","@id":"https:\/\/vosgesinfo.fr\/saintdieinfo\/2021\/10\/week-end-de-toussaint-trafic-va-virer-a-lorange\/#article","isPartOf":{"@id":"https:\/\/vosgesinfo.fr\/saintdieinfo\/2021\/10\/week-end-de-toussaint-trafic-va-virer-a-lorange\/"},"author":{"name":"la r\u00e9daction","@id":"https:\/\/vosgesinfo.fr\/saintdieinfo\/#\/schema\/person\/faee6704a21f3977511db84bd1cd450f"},"headline":"Week-end de la Toussaint : le trafic va virer \u00e0 l\u2019orange","datePublished":"2021-10-28T12:53:17+00:00","dateModified":"2021-10-28T12:53:17+00:00","mainEntityOfPage":{"@id":"https:\/\/vosgesinfo.fr\/saintdieinfo\/2021\/10\/week-end-de-toussaint-trafic-va-virer-a-lorange\/"},"wordCount":192,"commentCount":0,"publisher":{"@id":"https:\/\/vosgesinfo.fr\/saintdieinfo\/#organization"},"image":{"@id":"https:\/\/vosgesinfo.fr\/saintdieinfo\/2021\/10\/week-end-de-toussaint-trafic-va-virer-a-lorange\/#primaryimage"},"thumbnailUrl":"https:\/\/vosgesinfo.fr\/app\/uploads\/sites\/4\/2024\/08\/202110sans-titre9-1.jpg","keywords":["Bison Fut\u00e9","Week-end de la Toussaint"],"articleSection":["A la Une","R\u00e9gion Grand Est"],"inLanguage":"fr-FR","potentialAction":[{"@type":"CommentAction","name":"Comment","target":["https:\/\/vosgesinfo.fr\/saintdieinfo\/2021\/10\/week-end-de-toussaint-trafic-va-virer-a-lorange\/#respond"]}]},{"@type":"WebPage","@id":"https:\/\/vosgesinfo.fr\/saintdieinfo\/2021\/10\/week-end-de-toussaint-trafic-va-virer-a-lorange\/","url":"https:\/\/vosgesinfo.fr\/saintdieinfo\/2021\/10\/week-end-de-toussaint-trafic-va-virer-a-lorange\/","name":"Week-end de la Toussaint : le trafic va virer \u00e0 l\u2019orange - Saint Die Info","isPartOf":{"@id":"https:\/\/vosgesinfo.fr\/saintdieinfo\/#website"},"primaryImageOfPage":{"@id":"https:\/\/vosgesinfo.fr\/saintdieinfo\/2021\/10\/week-end-de-toussaint-trafic-va-virer-a-lorange\/#primaryimage"},"image":{"@id":"https:\/\/vosgesinfo.fr\/saintdieinfo\/2021\/10\/week-end-de-toussaint-trafic-va-virer-a-lorange\/#primaryimage"},"thumbnailUrl":"https:\/\/vosgesinfo.fr\/app\/uploads\/sites\/4\/2024\/08\/202110sans-titre9-1.jpg","datePublished":"2021-10-28T12:53:17+00:00","dateModified":"2021-10-28T12:53:17+00:00","breadcrumb":{"@id":"https:\/\/vosgesinfo.fr\/saintdieinfo\/2021\/10\/week-end-de-toussaint-trafic-va-virer-a-lorange\/#breadcrumb"},"inLanguage":"fr-FR","potentialAction":[{"@type":"ReadAction","target":["https:\/\/vosgesinfo.fr\/saintdieinfo\/2021\/10\/week-end-de-toussaint-trafic-va-virer-a-lorange\/"]}]},{"@type":"ImageObject","inLanguage":"fr-FR","@id":"https:\/\/vosgesinfo.fr\/saintdieinfo\/2021\/10\/week-end-de-toussaint-trafic-va-virer-a-lorange\/#primaryimage","url":"https:\/\/vosgesinfo.fr\/app\/uploads\/sites\/4\/2024\/08\/202110sans-titre9-1.jpg","contentUrl":"https:\/\/vosgesinfo.fr\/app\/uploads\/sites\/4\/2024\/08\/202110sans-titre9-1.jpg","width":800,"height":394},{"@type":"BreadcrumbList","@id":"https:\/\/vosgesinfo.fr\/saintdieinfo\/2021\/10\/week-end-de-toussaint-trafic-va-virer-a-lorange\/#breadcrumb","itemListElement":[{"@type":"ListItem","position":1,"name":"Home","item":"https:\/\/vosgesinfo.fr\/saintdieinfo\/"},{"@type":"ListItem","position":2,"name":"Week-end de la Toussaint : le trafic va virer \u00e0 l\u2019orange"}]},{"@type":"WebSite","@id":"https:\/\/vosgesinfo.fr\/saintdieinfo\/#website","url":"https:\/\/vosgesinfo.fr\/saintdieinfo\/","name":"Saint Die Info","description":"Toute l&#039;actualit\u00e9 de Saint-Di\u00e9-Des-Vosges","publisher":{"@id":"https:\/\/vosgesinfo.fr\/saintdieinfo\/#organization"},"alternateName":"Toute l'actualit\u00e9 de Saint-Di\u00e9-Des-Vosges","potentialAction":[{"@type":"SearchAction","target":{"@type":"EntryPoint","urlTemplate":"https:\/\/vosgesinfo.fr\/saintdieinfo\/?s={search_term_string}"},"query-input":"required name=search_term_string"}],"inLanguage":"fr-FR"},{"@type":"Organization","@id":"https:\/\/vosgesinfo.fr\/saintdieinfo\/#organization","name":"Saint Die Info","url":"https:\/\/vosgesinfo.fr\/saintdieinfo\/","logo":{"@type":"ImageObject","inLanguage":"fr-FR","@id":"https:\/\/vosgesinfo.fr\/saintdieinfo\/#\/schema\/logo\/image\/","url":"https:\/\/vosgesinfo.fr\/app\/uploads\/sites\/4\/2024\/02\/logo-sdi.jpg","contentUrl":"https:\/\/vosgesinfo.fr\/app\/uploads\/sites\/4\/2024\/02\/logo-sdi.jpg","width":600,"height":600,"caption":"Saint Die Info"},"image":{"@id":"https:\/\/vosgesinfo.fr\/saintdieinfo\/#\/schema\/logo\/image\/"},"sameAs":["https:\/\/www.facebook.com\/Saintdieinfofr","https:\/\/x.com\/VosgesInfo88","https:\/\/www.youtube.com\/@vosgesinfo"]},{"@type":"Person","@id":"https:\/\/vosgesinfo.fr\/saintdieinfo\/#\/schema\/person\/faee6704a21f3977511db84bd1cd450f","name":"la r\u00e9daction","image":{"@type":"ImageObject","inLanguage":"fr-FR","@id":"https:\/\/vosgesinfo.fr\/saintdieinfo\/#\/schema\/person\/image\/","url":"https:\/\/secure.gravatar.com\/avatar\/6673d8bc6a9c17fa9a453eaa3448de834fa308c2ec9635b7aa99441a7c8d2cf6?s=96&d=mm&r=g","contentUrl":"https:\/\/secure.gravatar.com\/avatar\/6673d8bc6a9c17fa9a453eaa3448de834fa308c2ec9635b7aa99441a7c8d2cf6?s=96&d=mm&r=g","caption":"la r\u00e9daction"},"url":"https:\/\/vosgesinfo.fr\/saintdieinfo\/author\/redac\/"}]}},"_links":{"self":[{"href":"https:\/\/vosgesinfo.fr\/saintdieinfo\/wp-json\/wp\/v2\/posts\/44476","targetHints":{"allow":["GET"]}}],"collection":[{"href":"https:\/\/vosgesinfo.fr\/saintdieinfo\/wp-json\/wp\/v2\/posts"}],"about":[{"href":"https:\/\/vosgesinfo.fr\/saintdieinfo\/wp-json\/wp\/v2\/types\/post"}],"author":[{"embeddable":true,"href":"https:\/\/vosgesinfo.fr\/saintdieinfo\/wp-json\/wp\/v2\/users\/44"}],"replies":[{"embeddable":true,"href":"https:\/\/vosgesinfo.fr\/saintdieinfo\/wp-json\/wp\/v2\/comments?post=44476"}],"version-history":[{"count":0,"href":"https:\/\/vosgesinfo.fr\/saintdieinfo\/wp-json\/wp\/v2\/posts\/44476\/revisions"}],"wp:featuredmedia":[{"embeddable":true,"href":"https:\/\/vosgesinfo.fr\/saintdieinfo\/wp-json\/wp\/v2\/media\/44477"}],"wp:attachment":[{"href":"https:\/\/vosgesinfo.fr\/saintdieinfo\/wp-json\/wp\/v2\/media?parent=44476"}],"wp:term":[{"taxonomy":"category","embeddable":true,"href":"https:\/\/vosgesinfo.fr\/saintdieinfo\/wp-json\/wp\/v2\/categories?post=44476"},{"taxonomy":"post_tag","embeddable":true,"href":"https:\/\/vosgesinfo.fr\/saintdieinfo\/wp-json\/wp\/v2\/tags?post=44476"}],"curies":[{"name":"wp","href":"https:\/\/api.w.org\/{rel}","templated":true}]}}