{"id":44564,"date":"2021-11-01T19:02:21","date_gmt":"2021-11-01T18:02:21","guid":{"rendered":"https:\/\/vosgesinfo.fr\/saintdieinfo\/2021\/11\/deux-chiens-maltraites-sauves-lassociation-nom-animaux\/"},"modified":"2021-11-01T19:02:21","modified_gmt":"2021-11-01T18:02:21","slug":"deux-chiens-maltraites-sauves-lassociation-nom-animaux","status":"publish","type":"post","link":"https:\/\/vosgesinfo.fr\/saintdieinfo\/2021\/11\/deux-chiens-maltraites-sauves-lassociation-nom-animaux\/","title":{"rendered":"Deux chiens maltrait\u00e9s sauv\u00e9s par l&rsquo;association Au Nom Des Animaux"},"content":{"rendered":"<div id=\"attachment_173884\" style=\"width: 810px\" class=\"wp-caption aligncenter\"><a href=\"\/2021\/11\/251978198_1236297400181783_9109162881713744288_n.jpg\" target=\"_blank\" rel=\"noopener\"><img decoding=\"async\" aria-describedby=\"caption-attachment-173884\" class=\"wp-image-173884 size-full\" src=\"\/2021\/11\/251978198_1236297400181783_9109162881713744288_n.jpg\" alt=\"251978198_1236297400181783_9109162881713744288_n\" width=\"800\" height=\"360\" \/><\/a><p id=\"caption-attachment-173884\" class=\"wp-caption-text\">(Photographie Au Nom Des Animaux)<\/p><\/div>\n<h2><span style=\"font-size: 14pt;\"><strong>L\u2019association d\u00e9odatienne Au Nom des Animaux est \u00e0 nouveau intervenue pour venir en aide \u00e0 des chiens. En effet, Nini et Fifi \u00e9taient promises \u00e0 un bien triste avenir sans l\u2019intervention de l\u2019association.\u00a0<\/strong><\/span><\/h2>\n<p><!--more--><\/p>\n<div dir=\"auto\"><em>\u00ab\u00a0Nini \u00e9tait attach\u00e9e dans un jardin et enferm\u00e9e dans une camionnette. Fifi vivait au gr\u00e8s des addictions de son propri\u00e9taire. Elle vient de passer 3 jours toute seule enferm\u00e9e dans un appartement de Rambervillers et \u00e7a n\u2019\u00e9tait pas la premi\u00e8re fois que cela arrivait. D\u2019apr\u00e8s les renseignements recueillis sur place cette personne a une interdiction judiciaire de d\u00e9tenir des animaux.<\/em>\u00ab\u00a0explique l\u2019association.<\/div>\n<div dir=\"auto\">Une plainte sera donc d\u00e9pos\u00e9e.<\/div>\n<div dir=\"auto\">Nini et Fifi sont en famille et bonne nouvelle Nini va bient\u00f4t \u00eatre adopt\u00e9e.<\/div>\n<div dir=\"auto\">C.K.N.<\/div>\n","protected":false},"excerpt":{"rendered":"<p>L\u2019association d\u00e9odatienne Au Nom des Animaux est \u00e0 nouveau intervenue pour venir en aide \u00e0 des chiens. En effet, Nini [&hellip;]<\/p>\n","protected":false},"author":44,"featured_media":44565,"comment_status":"open","ping_status":"open","sticky":false,"template":"","format":"standard","meta":{"footnotes":""},"categories":[460,2924,17,18],"tags":[3167,9390,1303],"class_list":["post-44564","post","type-post","status-publish","format-standard","has-post-thumbnail","hentry","category-a-la-une","category-fait-divers","category-vie-associative","category-vosges","tag-au-nom-des-animaux","tag-chiens-maltraites-sauves-par-au-nom-des-animaux","tag-rambervillers"],"acf":[],"yoast_head":"<!-- This site is optimized with the Yoast SEO plugin v22.5 - https:\/\/yoast.com\/wordpress\/plugins\/seo\/ -->\n<title>Deux chiens maltrait\u00e9s sauv\u00e9s par l&#039;association Au Nom Des Animaux - Saint Die Info<\/title>\n<meta name=\"robots\" content=\"index, follow, max-snippet:-1, max-image-preview:large, max-video-preview:-1\" \/>\n<link rel=\"canonical\" href=\"https:\/\/vosgesinfo.fr\/saintdieinfo\/2021\/11\/deux-chiens-maltraites-sauves-lassociation-nom-animaux\/\" \/>\n<meta name=\"twitter:card\" content=\"summary_large_image\" \/>\n<meta name=\"twitter:title\" content=\"Deux chiens maltrait\u00e9s sauv\u00e9s par l&#039;association Au Nom Des Animaux - Saint Die Info\" \/>\n<meta name=\"twitter:description\" content=\"L\u2019association d\u00e9odatienne Au Nom des Animaux est \u00e0 nouveau intervenue pour venir en aide \u00e0 des chiens. En effet, Nini [&hellip;]\" \/>\n<meta name=\"twitter:image\" content=\"https:\/\/vosgesinfo.fr\/app\/uploads\/sites\/4\/2024\/08\/202111251978198-1236297400181783-9109162881713744288-n.jpg\" \/>\n<meta name=\"twitter:creator\" content=\"@VosgesInfo88\" \/>\n<meta name=\"twitter:site\" content=\"@VosgesInfo88\" \/>\n<meta name=\"twitter:label1\" content=\"\u00c9crit par\" \/>\n\t<meta name=\"twitter:data1\" content=\"la r\u00e9daction\" \/>\n\t<meta name=\"twitter:label2\" content=\"Dur\u00e9e de lecture estim\u00e9e\" \/>\n\t<meta name=\"twitter:data2\" content=\"1 minute\" \/>\n<script type=\"application\/ld+json\" class=\"yoast-schema-graph\">{\"@context\":\"https:\/\/schema.org\",\"@graph\":[{\"@type\":\"Article\",\"@id\":\"https:\/\/vosgesinfo.fr\/saintdieinfo\/2021\/11\/deux-chiens-maltraites-sauves-lassociation-nom-animaux\/#article\",\"isPartOf\":{\"@id\":\"https:\/\/vosgesinfo.fr\/saintdieinfo\/2021\/11\/deux-chiens-maltraites-sauves-lassociation-nom-animaux\/\"},\"author\":{\"name\":\"la r\u00e9daction\",\"@id\":\"https:\/\/vosgesinfo.fr\/saintdieinfo\/#\/schema\/person\/faee6704a21f3977511db84bd1cd450f\"},\"headline\":\"Deux chiens maltrait\u00e9s sauv\u00e9s par l&rsquo;association Au Nom Des Animaux\",\"datePublished\":\"2021-11-01T18:02:21+00:00\",\"dateModified\":\"2021-11-01T18:02:21+00:00\",\"mainEntityOfPage\":{\"@id\":\"https:\/\/vosgesinfo.fr\/saintdieinfo\/2021\/11\/deux-chiens-maltraites-sauves-lassociation-nom-animaux\/\"},\"wordCount\":157,\"commentCount\":0,\"publisher\":{\"@id\":\"https:\/\/vosgesinfo.fr\/saintdieinfo\/#organization\"},\"image\":{\"@id\":\"https:\/\/vosgesinfo.fr\/saintdieinfo\/2021\/11\/deux-chiens-maltraites-sauves-lassociation-nom-animaux\/#primaryimage\"},\"thumbnailUrl\":\"https:\/\/vosgesinfo.fr\/app\/uploads\/sites\/4\/2024\/08\/202111251978198-1236297400181783-9109162881713744288-n.jpg\",\"keywords\":[\"Au nom des animaux\",\"Chiens maltrait\u00e9s sauv\u00e9s par Au Nom Des Animaux\",\"Rambervillers\"],\"articleSection\":[\"A la Une\",\"Fait Divers\",\"Vie Associative\",\"Vosges\"],\"inLanguage\":\"fr-FR\",\"potentialAction\":[{\"@type\":\"CommentAction\",\"name\":\"Comment\",\"target\":[\"https:\/\/vosgesinfo.fr\/saintdieinfo\/2021\/11\/deux-chiens-maltraites-sauves-lassociation-nom-animaux\/#respond\"]}]},{\"@type\":\"WebPage\",\"@id\":\"https:\/\/vosgesinfo.fr\/saintdieinfo\/2021\/11\/deux-chiens-maltraites-sauves-lassociation-nom-animaux\/\",\"url\":\"https:\/\/vosgesinfo.fr\/saintdieinfo\/2021\/11\/deux-chiens-maltraites-sauves-lassociation-nom-animaux\/\",\"name\":\"Deux chiens maltrait\u00e9s sauv\u00e9s par l'association Au Nom Des Animaux - Saint Die Info\",\"isPartOf\":{\"@id\":\"https:\/\/vosgesinfo.fr\/saintdieinfo\/#website\"},\"primaryImageOfPage\":{\"@id\":\"https:\/\/vosgesinfo.fr\/saintdieinfo\/2021\/11\/deux-chiens-maltraites-sauves-lassociation-nom-animaux\/#primaryimage\"},\"image\":{\"@id\":\"https:\/\/vosgesinfo.fr\/saintdieinfo\/2021\/11\/deux-chiens-maltraites-sauves-lassociation-nom-animaux\/#primaryimage\"},\"thumbnailUrl\":\"https:\/\/vosgesinfo.fr\/app\/uploads\/sites\/4\/2024\/08\/202111251978198-1236297400181783-9109162881713744288-n.jpg\",\"datePublished\":\"2021-11-01T18:02:21+00:00\",\"dateModified\":\"2021-11-01T18:02:21+00:00\",\"breadcrumb\":{\"@id\":\"https:\/\/vosgesinfo.fr\/saintdieinfo\/2021\/11\/deux-chiens-maltraites-sauves-lassociation-nom-animaux\/#breadcrumb\"},\"inLanguage\":\"fr-FR\",\"potentialAction\":[{\"@type\":\"ReadAction\",\"target\":[\"https:\/\/vosgesinfo.fr\/saintdieinfo\/2021\/11\/deux-chiens-maltraites-sauves-lassociation-nom-animaux\/\"]}]},{\"@type\":\"ImageObject\",\"inLanguage\":\"fr-FR\",\"@id\":\"https:\/\/vosgesinfo.fr\/saintdieinfo\/2021\/11\/deux-chiens-maltraites-sauves-lassociation-nom-animaux\/#primaryimage\",\"url\":\"https:\/\/vosgesinfo.fr\/app\/uploads\/sites\/4\/2024\/08\/202111251978198-1236297400181783-9109162881713744288-n.jpg\",\"contentUrl\":\"https:\/\/vosgesinfo.fr\/app\/uploads\/sites\/4\/2024\/08\/202111251978198-1236297400181783-9109162881713744288-n.jpg\",\"width\":800,\"height\":360},{\"@type\":\"BreadcrumbList\",\"@id\":\"https:\/\/vosgesinfo.fr\/saintdieinfo\/2021\/11\/deux-chiens-maltraites-sauves-lassociation-nom-animaux\/#breadcrumb\",\"itemListElement\":[{\"@type\":\"ListItem\",\"position\":1,\"name\":\"Home\",\"item\":\"https:\/\/vosgesinfo.fr\/saintdieinfo\/\"},{\"@type\":\"ListItem\",\"position\":2,\"name\":\"Deux chiens maltrait\u00e9s sauv\u00e9s par l&rsquo;association Au Nom Des Animaux\"}]},{\"@type\":\"WebSite\",\"@id\":\"https:\/\/vosgesinfo.fr\/saintdieinfo\/#website\",\"url\":\"https:\/\/vosgesinfo.fr\/saintdieinfo\/\",\"name\":\"Saint Die Info\",\"description\":\"Toute l&#039;actualit\u00e9 de Saint-Di\u00e9-Des-Vosges\",\"publisher\":{\"@id\":\"https:\/\/vosgesinfo.fr\/saintdieinfo\/#organization\"},\"alternateName\":\"Toute l'actualit\u00e9 de Saint-Di\u00e9-Des-Vosges\",\"potentialAction\":[{\"@type\":\"SearchAction\",\"target\":{\"@type\":\"EntryPoint\",\"urlTemplate\":\"https:\/\/vosgesinfo.fr\/saintdieinfo\/?s={search_term_string}\"},\"query-input\":\"required name=search_term_string\"}],\"inLanguage\":\"fr-FR\"},{\"@type\":\"Organization\",\"@id\":\"https:\/\/vosgesinfo.fr\/saintdieinfo\/#organization\",\"name\":\"Saint Die Info\",\"url\":\"https:\/\/vosgesinfo.fr\/saintdieinfo\/\",\"logo\":{\"@type\":\"ImageObject\",\"inLanguage\":\"fr-FR\",\"@id\":\"https:\/\/vosgesinfo.fr\/saintdieinfo\/#\/schema\/logo\/image\/\",\"url\":\"https:\/\/vosgesinfo.fr\/app\/uploads\/sites\/4\/2024\/02\/logo-sdi.jpg\",\"contentUrl\":\"https:\/\/vosgesinfo.fr\/app\/uploads\/sites\/4\/2024\/02\/logo-sdi.jpg\",\"width\":600,\"height\":600,\"caption\":\"Saint Die Info\"},\"image\":{\"@id\":\"https:\/\/vosgesinfo.fr\/saintdieinfo\/#\/schema\/logo\/image\/\"},\"sameAs\":[\"https:\/\/www.facebook.com\/Saintdieinfofr\",\"https:\/\/x.com\/VosgesInfo88\",\"https:\/\/www.youtube.com\/@vosgesinfo\"]},{\"@type\":\"Person\",\"@id\":\"https:\/\/vosgesinfo.fr\/saintdieinfo\/#\/schema\/person\/faee6704a21f3977511db84bd1cd450f\",\"name\":\"la r\u00e9daction\",\"image\":{\"@type\":\"ImageObject\",\"inLanguage\":\"fr-FR\",\"@id\":\"https:\/\/vosgesinfo.fr\/saintdieinfo\/#\/schema\/person\/image\/\",\"url\":\"https:\/\/secure.gravatar.com\/avatar\/6673d8bc6a9c17fa9a453eaa3448de834fa308c2ec9635b7aa99441a7c8d2cf6?s=96&d=mm&r=g\",\"contentUrl\":\"https:\/\/secure.gravatar.com\/avatar\/6673d8bc6a9c17fa9a453eaa3448de834fa308c2ec9635b7aa99441a7c8d2cf6?s=96&d=mm&r=g\",\"caption\":\"la r\u00e9daction\"},\"url\":\"https:\/\/vosgesinfo.fr\/saintdieinfo\/author\/redac\/\"}]}<\/script>\n<!-- \/ Yoast SEO plugin. -->","yoast_head_json":{"title":"Deux chiens maltrait\u00e9s sauv\u00e9s par l'association Au Nom Des Animaux - Saint Die Info","robots":{"index":"index","follow":"follow","max-snippet":"max-snippet:-1","max-image-preview":"max-image-preview:large","max-video-preview":"max-video-preview:-1"},"canonical":"https:\/\/vosgesinfo.fr\/saintdieinfo\/2021\/11\/deux-chiens-maltraites-sauves-lassociation-nom-animaux\/","twitter_card":"summary_large_image","twitter_title":"Deux chiens maltrait\u00e9s sauv\u00e9s par l'association Au Nom Des Animaux - Saint Die Info","twitter_description":"L\u2019association d\u00e9odatienne Au Nom des Animaux est \u00e0 nouveau intervenue pour venir en aide \u00e0 des chiens. En effet, Nini [&hellip;]","twitter_image":"https:\/\/vosgesinfo.fr\/app\/uploads\/sites\/4\/2024\/08\/202111251978198-1236297400181783-9109162881713744288-n.jpg","twitter_creator":"@VosgesInfo88","twitter_site":"@VosgesInfo88","twitter_misc":{"\u00c9crit par":"la r\u00e9daction","Dur\u00e9e de lecture estim\u00e9e":"1 minute"},"schema":{"@context":"https:\/\/schema.org","@graph":[{"@type":"Article","@id":"https:\/\/vosgesinfo.fr\/saintdieinfo\/2021\/11\/deux-chiens-maltraites-sauves-lassociation-nom-animaux\/#article","isPartOf":{"@id":"https:\/\/vosgesinfo.fr\/saintdieinfo\/2021\/11\/deux-chiens-maltraites-sauves-lassociation-nom-animaux\/"},"author":{"name":"la r\u00e9daction","@id":"https:\/\/vosgesinfo.fr\/saintdieinfo\/#\/schema\/person\/faee6704a21f3977511db84bd1cd450f"},"headline":"Deux chiens maltrait\u00e9s sauv\u00e9s par l&rsquo;association Au Nom Des Animaux","datePublished":"2021-11-01T18:02:21+00:00","dateModified":"2021-11-01T18:02:21+00:00","mainEntityOfPage":{"@id":"https:\/\/vosgesinfo.fr\/saintdieinfo\/2021\/11\/deux-chiens-maltraites-sauves-lassociation-nom-animaux\/"},"wordCount":157,"commentCount":0,"publisher":{"@id":"https:\/\/vosgesinfo.fr\/saintdieinfo\/#organization"},"image":{"@id":"https:\/\/vosgesinfo.fr\/saintdieinfo\/2021\/11\/deux-chiens-maltraites-sauves-lassociation-nom-animaux\/#primaryimage"},"thumbnailUrl":"https:\/\/vosgesinfo.fr\/app\/uploads\/sites\/4\/2024\/08\/202111251978198-1236297400181783-9109162881713744288-n.jpg","keywords":["Au nom des animaux","Chiens maltrait\u00e9s sauv\u00e9s par Au Nom Des Animaux","Rambervillers"],"articleSection":["A la Une","Fait Divers","Vie Associative","Vosges"],"inLanguage":"fr-FR","potentialAction":[{"@type":"CommentAction","name":"Comment","target":["https:\/\/vosgesinfo.fr\/saintdieinfo\/2021\/11\/deux-chiens-maltraites-sauves-lassociation-nom-animaux\/#respond"]}]},{"@type":"WebPage","@id":"https:\/\/vosgesinfo.fr\/saintdieinfo\/2021\/11\/deux-chiens-maltraites-sauves-lassociation-nom-animaux\/","url":"https:\/\/vosgesinfo.fr\/saintdieinfo\/2021\/11\/deux-chiens-maltraites-sauves-lassociation-nom-animaux\/","name":"Deux chiens maltrait\u00e9s sauv\u00e9s par l'association Au Nom Des Animaux - Saint Die Info","isPartOf":{"@id":"https:\/\/vosgesinfo.fr\/saintdieinfo\/#website"},"primaryImageOfPage":{"@id":"https:\/\/vosgesinfo.fr\/saintdieinfo\/2021\/11\/deux-chiens-maltraites-sauves-lassociation-nom-animaux\/#primaryimage"},"image":{"@id":"https:\/\/vosgesinfo.fr\/saintdieinfo\/2021\/11\/deux-chiens-maltraites-sauves-lassociation-nom-animaux\/#primaryimage"},"thumbnailUrl":"https:\/\/vosgesinfo.fr\/app\/uploads\/sites\/4\/2024\/08\/202111251978198-1236297400181783-9109162881713744288-n.jpg","datePublished":"2021-11-01T18:02:21+00:00","dateModified":"2021-11-01T18:02:21+00:00","breadcrumb":{"@id":"https:\/\/vosgesinfo.fr\/saintdieinfo\/2021\/11\/deux-chiens-maltraites-sauves-lassociation-nom-animaux\/#breadcrumb"},"inLanguage":"fr-FR","potentialAction":[{"@type":"ReadAction","target":["https:\/\/vosgesinfo.fr\/saintdieinfo\/2021\/11\/deux-chiens-maltraites-sauves-lassociation-nom-animaux\/"]}]},{"@type":"ImageObject","inLanguage":"fr-FR","@id":"https:\/\/vosgesinfo.fr\/saintdieinfo\/2021\/11\/deux-chiens-maltraites-sauves-lassociation-nom-animaux\/#primaryimage","url":"https:\/\/vosgesinfo.fr\/app\/uploads\/sites\/4\/2024\/08\/202111251978198-1236297400181783-9109162881713744288-n.jpg","contentUrl":"https:\/\/vosgesinfo.fr\/app\/uploads\/sites\/4\/2024\/08\/202111251978198-1236297400181783-9109162881713744288-n.jpg","width":800,"height":360},{"@type":"BreadcrumbList","@id":"https:\/\/vosgesinfo.fr\/saintdieinfo\/2021\/11\/deux-chiens-maltraites-sauves-lassociation-nom-animaux\/#breadcrumb","itemListElement":[{"@type":"ListItem","position":1,"name":"Home","item":"https:\/\/vosgesinfo.fr\/saintdieinfo\/"},{"@type":"ListItem","position":2,"name":"Deux chiens maltrait\u00e9s sauv\u00e9s par l&rsquo;association Au Nom Des Animaux"}]},{"@type":"WebSite","@id":"https:\/\/vosgesinfo.fr\/saintdieinfo\/#website","url":"https:\/\/vosgesinfo.fr\/saintdieinfo\/","name":"Saint Die Info","description":"Toute l&#039;actualit\u00e9 de Saint-Di\u00e9-Des-Vosges","publisher":{"@id":"https:\/\/vosgesinfo.fr\/saintdieinfo\/#organization"},"alternateName":"Toute l'actualit\u00e9 de Saint-Di\u00e9-Des-Vosges","potentialAction":[{"@type":"SearchAction","target":{"@type":"EntryPoint","urlTemplate":"https:\/\/vosgesinfo.fr\/saintdieinfo\/?s={search_term_string}"},"query-input":"required name=search_term_string"}],"inLanguage":"fr-FR"},{"@type":"Organization","@id":"https:\/\/vosgesinfo.fr\/saintdieinfo\/#organization","name":"Saint Die Info","url":"https:\/\/vosgesinfo.fr\/saintdieinfo\/","logo":{"@type":"ImageObject","inLanguage":"fr-FR","@id":"https:\/\/vosgesinfo.fr\/saintdieinfo\/#\/schema\/logo\/image\/","url":"https:\/\/vosgesinfo.fr\/app\/uploads\/sites\/4\/2024\/02\/logo-sdi.jpg","contentUrl":"https:\/\/vosgesinfo.fr\/app\/uploads\/sites\/4\/2024\/02\/logo-sdi.jpg","width":600,"height":600,"caption":"Saint Die Info"},"image":{"@id":"https:\/\/vosgesinfo.fr\/saintdieinfo\/#\/schema\/logo\/image\/"},"sameAs":["https:\/\/www.facebook.com\/Saintdieinfofr","https:\/\/x.com\/VosgesInfo88","https:\/\/www.youtube.com\/@vosgesinfo"]},{"@type":"Person","@id":"https:\/\/vosgesinfo.fr\/saintdieinfo\/#\/schema\/person\/faee6704a21f3977511db84bd1cd450f","name":"la r\u00e9daction","image":{"@type":"ImageObject","inLanguage":"fr-FR","@id":"https:\/\/vosgesinfo.fr\/saintdieinfo\/#\/schema\/person\/image\/","url":"https:\/\/secure.gravatar.com\/avatar\/6673d8bc6a9c17fa9a453eaa3448de834fa308c2ec9635b7aa99441a7c8d2cf6?s=96&d=mm&r=g","contentUrl":"https:\/\/secure.gravatar.com\/avatar\/6673d8bc6a9c17fa9a453eaa3448de834fa308c2ec9635b7aa99441a7c8d2cf6?s=96&d=mm&r=g","caption":"la r\u00e9daction"},"url":"https:\/\/vosgesinfo.fr\/saintdieinfo\/author\/redac\/"}]}},"_links":{"self":[{"href":"https:\/\/vosgesinfo.fr\/saintdieinfo\/wp-json\/wp\/v2\/posts\/44564","targetHints":{"allow":["GET"]}}],"collection":[{"href":"https:\/\/vosgesinfo.fr\/saintdieinfo\/wp-json\/wp\/v2\/posts"}],"about":[{"href":"https:\/\/vosgesinfo.fr\/saintdieinfo\/wp-json\/wp\/v2\/types\/post"}],"author":[{"embeddable":true,"href":"https:\/\/vosgesinfo.fr\/saintdieinfo\/wp-json\/wp\/v2\/users\/44"}],"replies":[{"embeddable":true,"href":"https:\/\/vosgesinfo.fr\/saintdieinfo\/wp-json\/wp\/v2\/comments?post=44564"}],"version-history":[{"count":0,"href":"https:\/\/vosgesinfo.fr\/saintdieinfo\/wp-json\/wp\/v2\/posts\/44564\/revisions"}],"wp:featuredmedia":[{"embeddable":true,"href":"https:\/\/vosgesinfo.fr\/saintdieinfo\/wp-json\/wp\/v2\/media\/44565"}],"wp:attachment":[{"href":"https:\/\/vosgesinfo.fr\/saintdieinfo\/wp-json\/wp\/v2\/media?parent=44564"}],"wp:term":[{"taxonomy":"category","embeddable":true,"href":"https:\/\/vosgesinfo.fr\/saintdieinfo\/wp-json\/wp\/v2\/categories?post=44564"},{"taxonomy":"post_tag","embeddable":true,"href":"https:\/\/vosgesinfo.fr\/saintdieinfo\/wp-json\/wp\/v2\/tags?post=44564"}],"curies":[{"name":"wp","href":"https:\/\/api.w.org\/{rel}","templated":true}]}}