{"id":44580,"date":"2021-11-02T10:42:56","date_gmt":"2021-11-02T09:42:56","guid":{"rendered":"https:\/\/vosgesinfo.fr\/saintdieinfo\/2021\/11\/vosges-fermeture-exceptionnelle-de-direction-departementale-territoires-dreal\/"},"modified":"2021-11-02T10:42:56","modified_gmt":"2021-11-02T09:42:56","slug":"vosges-fermeture-exceptionnelle-de-direction-departementale-territoires-dreal","status":"publish","type":"post","link":"https:\/\/vosgesinfo.fr\/saintdieinfo\/2021\/11\/vosges-fermeture-exceptionnelle-de-direction-departementale-territoires-dreal\/","title":{"rendered":"Vosges \u2013 Fermeture exceptionnelle de la Direction D\u00e9partementale des Territoires et la DREAL"},"content":{"rendered":"<h2><span style=\"font-size: 14pt;\"><strong><span dir=\"ltr\">En raison des travaux de c\u00e2blage informatique qui n\u00e9cessitent une coupure \u00e9lectrique<\/span><span dir=\"ltr\"> g\u00e9n\u00e9rale <\/span><span dir=\"ltr\">le 9 novembre 2021<\/span><span dir=\"ltr\">, la direction d\u00e9partementale des territoires ainsi que l\u2019unit\u00e9<\/span><span dir=\"ltr\"> d\u00e9partementale de la DREAL Grand Est, situ\u00e9s au 22-26 avenue Dutac \u00e0 \u00c9pinal,<\/span><span dir=\"ltr\"> ne seront pas<\/span><span dir=\"ltr\"> accessibles au public, l\u2019accueil sera ferm\u00e9 toute la journ\u00e9e.<\/span><\/strong><\/span><\/h2>\n","protected":false},"excerpt":{"rendered":"<p>En raison des travaux de c\u00e2blage informatique qui n\u00e9cessitent une coupure \u00e9lectrique g\u00e9n\u00e9rale le 9 novembre 2021, la direction d\u00e9partementale [&hellip;]<\/p>\n","protected":false},"author":44,"featured_media":44581,"comment_status":"open","ping_status":"open","sticky":false,"template":"","format":"standard","meta":{"footnotes":""},"categories":[3900,18],"tags":[9399,9400,9401],"class_list":["post-44580","post","type-post","status-publish","format-standard","has-post-thumbnail","hentry","category-breves","category-vosges","tag-direction-departementale-des-territoires","tag-dreal","tag-unite-departementale-de-la-dreal-grand-est"],"acf":[],"yoast_head":"<!-- This site is optimized with the Yoast SEO plugin v22.5 - https:\/\/yoast.com\/wordpress\/plugins\/seo\/ -->\n<title>Vosges \u2013 Fermeture exceptionnelle de la Direction D\u00e9partementale des Territoires et la DREAL - Saint Die Info<\/title>\n<meta name=\"robots\" content=\"index, follow, max-snippet:-1, max-image-preview:large, max-video-preview:-1\" \/>\n<link rel=\"canonical\" href=\"https:\/\/vosgesinfo.fr\/saintdieinfo\/2021\/11\/vosges-fermeture-exceptionnelle-de-direction-departementale-territoires-dreal\/\" \/>\n<meta name=\"twitter:card\" content=\"summary_large_image\" \/>\n<meta name=\"twitter:title\" content=\"Vosges \u2013 Fermeture exceptionnelle de la Direction D\u00e9partementale des Territoires et la DREAL - Saint Die Info\" \/>\n<meta name=\"twitter:description\" content=\"En raison des travaux de c\u00e2blage informatique qui n\u00e9cessitent une coupure \u00e9lectrique g\u00e9n\u00e9rale le 9 novembre 2021, la direction d\u00e9partementale [&hellip;]\" \/>\n<meta name=\"twitter:image\" content=\"https:\/\/vosgesinfo.fr\/app\/uploads\/sites\/4\/2024\/08\/201805fermeture-exceptionnelle-etat.jpg\" \/>\n<meta name=\"twitter:creator\" content=\"@VosgesInfo88\" \/>\n<meta name=\"twitter:site\" content=\"@VosgesInfo88\" \/>\n<meta name=\"twitter:label1\" content=\"\u00c9crit par\" \/>\n\t<meta name=\"twitter:data1\" content=\"la r\u00e9daction\" \/>\n<script type=\"application\/ld+json\" class=\"yoast-schema-graph\">{\"@context\":\"https:\/\/schema.org\",\"@graph\":[{\"@type\":\"Article\",\"@id\":\"https:\/\/vosgesinfo.fr\/saintdieinfo\/2021\/11\/vosges-fermeture-exceptionnelle-de-direction-departementale-territoires-dreal\/#article\",\"isPartOf\":{\"@id\":\"https:\/\/vosgesinfo.fr\/saintdieinfo\/2021\/11\/vosges-fermeture-exceptionnelle-de-direction-departementale-territoires-dreal\/\"},\"author\":{\"name\":\"la r\u00e9daction\",\"@id\":\"https:\/\/vosgesinfo.fr\/saintdieinfo\/#\/schema\/person\/faee6704a21f3977511db84bd1cd450f\"},\"headline\":\"Vosges \u2013 Fermeture exceptionnelle de la Direction D\u00e9partementale des Territoires et la DREAL\",\"datePublished\":\"2021-11-02T09:42:56+00:00\",\"dateModified\":\"2021-11-02T09:42:56+00:00\",\"mainEntityOfPage\":{\"@id\":\"https:\/\/vosgesinfo.fr\/saintdieinfo\/2021\/11\/vosges-fermeture-exceptionnelle-de-direction-departementale-territoires-dreal\/\"},\"wordCount\":70,\"commentCount\":0,\"publisher\":{\"@id\":\"https:\/\/vosgesinfo.fr\/saintdieinfo\/#organization\"},\"image\":{\"@id\":\"https:\/\/vosgesinfo.fr\/saintdieinfo\/2021\/11\/vosges-fermeture-exceptionnelle-de-direction-departementale-territoires-dreal\/#primaryimage\"},\"thumbnailUrl\":\"https:\/\/vosgesinfo.fr\/app\/uploads\/sites\/4\/2024\/08\/201805fermeture-exceptionnelle-etat.jpg\",\"keywords\":[\"Direction D\u00e9partementale des Territoires\",\"DREAL\",\"Unit\u00e9 D\u00e9partementale de la DREAL Grand Est\"],\"articleSection\":[\"Br\u00e8ves\",\"Vosges\"],\"inLanguage\":\"fr-FR\",\"potentialAction\":[{\"@type\":\"CommentAction\",\"name\":\"Comment\",\"target\":[\"https:\/\/vosgesinfo.fr\/saintdieinfo\/2021\/11\/vosges-fermeture-exceptionnelle-de-direction-departementale-territoires-dreal\/#respond\"]}]},{\"@type\":\"WebPage\",\"@id\":\"https:\/\/vosgesinfo.fr\/saintdieinfo\/2021\/11\/vosges-fermeture-exceptionnelle-de-direction-departementale-territoires-dreal\/\",\"url\":\"https:\/\/vosgesinfo.fr\/saintdieinfo\/2021\/11\/vosges-fermeture-exceptionnelle-de-direction-departementale-territoires-dreal\/\",\"name\":\"Vosges \u2013 Fermeture exceptionnelle de la Direction D\u00e9partementale des Territoires et la DREAL - Saint Die Info\",\"isPartOf\":{\"@id\":\"https:\/\/vosgesinfo.fr\/saintdieinfo\/#website\"},\"primaryImageOfPage\":{\"@id\":\"https:\/\/vosgesinfo.fr\/saintdieinfo\/2021\/11\/vosges-fermeture-exceptionnelle-de-direction-departementale-territoires-dreal\/#primaryimage\"},\"image\":{\"@id\":\"https:\/\/vosgesinfo.fr\/saintdieinfo\/2021\/11\/vosges-fermeture-exceptionnelle-de-direction-departementale-territoires-dreal\/#primaryimage\"},\"thumbnailUrl\":\"https:\/\/vosgesinfo.fr\/app\/uploads\/sites\/4\/2024\/08\/201805fermeture-exceptionnelle-etat.jpg\",\"datePublished\":\"2021-11-02T09:42:56+00:00\",\"dateModified\":\"2021-11-02T09:42:56+00:00\",\"breadcrumb\":{\"@id\":\"https:\/\/vosgesinfo.fr\/saintdieinfo\/2021\/11\/vosges-fermeture-exceptionnelle-de-direction-departementale-territoires-dreal\/#breadcrumb\"},\"inLanguage\":\"fr-FR\",\"potentialAction\":[{\"@type\":\"ReadAction\",\"target\":[\"https:\/\/vosgesinfo.fr\/saintdieinfo\/2021\/11\/vosges-fermeture-exceptionnelle-de-direction-departementale-territoires-dreal\/\"]}]},{\"@type\":\"ImageObject\",\"inLanguage\":\"fr-FR\",\"@id\":\"https:\/\/vosgesinfo.fr\/saintdieinfo\/2021\/11\/vosges-fermeture-exceptionnelle-de-direction-departementale-territoires-dreal\/#primaryimage\",\"url\":\"https:\/\/vosgesinfo.fr\/app\/uploads\/sites\/4\/2024\/08\/201805fermeture-exceptionnelle-etat.jpg\",\"contentUrl\":\"https:\/\/vosgesinfo.fr\/app\/uploads\/sites\/4\/2024\/08\/201805fermeture-exceptionnelle-etat.jpg\",\"width\":335,\"height\":167},{\"@type\":\"BreadcrumbList\",\"@id\":\"https:\/\/vosgesinfo.fr\/saintdieinfo\/2021\/11\/vosges-fermeture-exceptionnelle-de-direction-departementale-territoires-dreal\/#breadcrumb\",\"itemListElement\":[{\"@type\":\"ListItem\",\"position\":1,\"name\":\"Home\",\"item\":\"https:\/\/vosgesinfo.fr\/saintdieinfo\/\"},{\"@type\":\"ListItem\",\"position\":2,\"name\":\"Vosges \u2013 Fermeture exceptionnelle de la Direction D\u00e9partementale des Territoires et la DREAL\"}]},{\"@type\":\"WebSite\",\"@id\":\"https:\/\/vosgesinfo.fr\/saintdieinfo\/#website\",\"url\":\"https:\/\/vosgesinfo.fr\/saintdieinfo\/\",\"name\":\"Saint Die Info\",\"description\":\"Toute l&#039;actualit\u00e9 de Saint-Di\u00e9-Des-Vosges\",\"publisher\":{\"@id\":\"https:\/\/vosgesinfo.fr\/saintdieinfo\/#organization\"},\"alternateName\":\"Toute l'actualit\u00e9 de Saint-Di\u00e9-Des-Vosges\",\"potentialAction\":[{\"@type\":\"SearchAction\",\"target\":{\"@type\":\"EntryPoint\",\"urlTemplate\":\"https:\/\/vosgesinfo.fr\/saintdieinfo\/?s={search_term_string}\"},\"query-input\":\"required name=search_term_string\"}],\"inLanguage\":\"fr-FR\"},{\"@type\":\"Organization\",\"@id\":\"https:\/\/vosgesinfo.fr\/saintdieinfo\/#organization\",\"name\":\"Saint Die Info\",\"url\":\"https:\/\/vosgesinfo.fr\/saintdieinfo\/\",\"logo\":{\"@type\":\"ImageObject\",\"inLanguage\":\"fr-FR\",\"@id\":\"https:\/\/vosgesinfo.fr\/saintdieinfo\/#\/schema\/logo\/image\/\",\"url\":\"https:\/\/vosgesinfo.fr\/app\/uploads\/sites\/4\/2024\/02\/logo-sdi.jpg\",\"contentUrl\":\"https:\/\/vosgesinfo.fr\/app\/uploads\/sites\/4\/2024\/02\/logo-sdi.jpg\",\"width\":600,\"height\":600,\"caption\":\"Saint Die Info\"},\"image\":{\"@id\":\"https:\/\/vosgesinfo.fr\/saintdieinfo\/#\/schema\/logo\/image\/\"},\"sameAs\":[\"https:\/\/www.facebook.com\/Saintdieinfofr\",\"https:\/\/x.com\/VosgesInfo88\",\"https:\/\/www.youtube.com\/@vosgesinfo\"]},{\"@type\":\"Person\",\"@id\":\"https:\/\/vosgesinfo.fr\/saintdieinfo\/#\/schema\/person\/faee6704a21f3977511db84bd1cd450f\",\"name\":\"la r\u00e9daction\",\"image\":{\"@type\":\"ImageObject\",\"inLanguage\":\"fr-FR\",\"@id\":\"https:\/\/vosgesinfo.fr\/saintdieinfo\/#\/schema\/person\/image\/\",\"url\":\"https:\/\/secure.gravatar.com\/avatar\/6673d8bc6a9c17fa9a453eaa3448de834fa308c2ec9635b7aa99441a7c8d2cf6?s=96&d=mm&r=g\",\"contentUrl\":\"https:\/\/secure.gravatar.com\/avatar\/6673d8bc6a9c17fa9a453eaa3448de834fa308c2ec9635b7aa99441a7c8d2cf6?s=96&d=mm&r=g\",\"caption\":\"la r\u00e9daction\"},\"url\":\"https:\/\/vosgesinfo.fr\/saintdieinfo\/author\/redac\/\"}]}<\/script>\n<!-- \/ Yoast SEO plugin. -->","yoast_head_json":{"title":"Vosges \u2013 Fermeture exceptionnelle de la Direction D\u00e9partementale des Territoires et la DREAL - Saint Die Info","robots":{"index":"index","follow":"follow","max-snippet":"max-snippet:-1","max-image-preview":"max-image-preview:large","max-video-preview":"max-video-preview:-1"},"canonical":"https:\/\/vosgesinfo.fr\/saintdieinfo\/2021\/11\/vosges-fermeture-exceptionnelle-de-direction-departementale-territoires-dreal\/","twitter_card":"summary_large_image","twitter_title":"Vosges \u2013 Fermeture exceptionnelle de la Direction D\u00e9partementale des Territoires et la DREAL - Saint Die Info","twitter_description":"En raison des travaux de c\u00e2blage informatique qui n\u00e9cessitent une coupure \u00e9lectrique g\u00e9n\u00e9rale le 9 novembre 2021, la direction d\u00e9partementale [&hellip;]","twitter_image":"https:\/\/vosgesinfo.fr\/app\/uploads\/sites\/4\/2024\/08\/201805fermeture-exceptionnelle-etat.jpg","twitter_creator":"@VosgesInfo88","twitter_site":"@VosgesInfo88","twitter_misc":{"\u00c9crit par":"la r\u00e9daction"},"schema":{"@context":"https:\/\/schema.org","@graph":[{"@type":"Article","@id":"https:\/\/vosgesinfo.fr\/saintdieinfo\/2021\/11\/vosges-fermeture-exceptionnelle-de-direction-departementale-territoires-dreal\/#article","isPartOf":{"@id":"https:\/\/vosgesinfo.fr\/saintdieinfo\/2021\/11\/vosges-fermeture-exceptionnelle-de-direction-departementale-territoires-dreal\/"},"author":{"name":"la r\u00e9daction","@id":"https:\/\/vosgesinfo.fr\/saintdieinfo\/#\/schema\/person\/faee6704a21f3977511db84bd1cd450f"},"headline":"Vosges \u2013 Fermeture exceptionnelle de la Direction D\u00e9partementale des Territoires et la DREAL","datePublished":"2021-11-02T09:42:56+00:00","dateModified":"2021-11-02T09:42:56+00:00","mainEntityOfPage":{"@id":"https:\/\/vosgesinfo.fr\/saintdieinfo\/2021\/11\/vosges-fermeture-exceptionnelle-de-direction-departementale-territoires-dreal\/"},"wordCount":70,"commentCount":0,"publisher":{"@id":"https:\/\/vosgesinfo.fr\/saintdieinfo\/#organization"},"image":{"@id":"https:\/\/vosgesinfo.fr\/saintdieinfo\/2021\/11\/vosges-fermeture-exceptionnelle-de-direction-departementale-territoires-dreal\/#primaryimage"},"thumbnailUrl":"https:\/\/vosgesinfo.fr\/app\/uploads\/sites\/4\/2024\/08\/201805fermeture-exceptionnelle-etat.jpg","keywords":["Direction D\u00e9partementale des Territoires","DREAL","Unit\u00e9 D\u00e9partementale de la DREAL Grand Est"],"articleSection":["Br\u00e8ves","Vosges"],"inLanguage":"fr-FR","potentialAction":[{"@type":"CommentAction","name":"Comment","target":["https:\/\/vosgesinfo.fr\/saintdieinfo\/2021\/11\/vosges-fermeture-exceptionnelle-de-direction-departementale-territoires-dreal\/#respond"]}]},{"@type":"WebPage","@id":"https:\/\/vosgesinfo.fr\/saintdieinfo\/2021\/11\/vosges-fermeture-exceptionnelle-de-direction-departementale-territoires-dreal\/","url":"https:\/\/vosgesinfo.fr\/saintdieinfo\/2021\/11\/vosges-fermeture-exceptionnelle-de-direction-departementale-territoires-dreal\/","name":"Vosges \u2013 Fermeture exceptionnelle de la Direction D\u00e9partementale des Territoires et la DREAL - Saint Die Info","isPartOf":{"@id":"https:\/\/vosgesinfo.fr\/saintdieinfo\/#website"},"primaryImageOfPage":{"@id":"https:\/\/vosgesinfo.fr\/saintdieinfo\/2021\/11\/vosges-fermeture-exceptionnelle-de-direction-departementale-territoires-dreal\/#primaryimage"},"image":{"@id":"https:\/\/vosgesinfo.fr\/saintdieinfo\/2021\/11\/vosges-fermeture-exceptionnelle-de-direction-departementale-territoires-dreal\/#primaryimage"},"thumbnailUrl":"https:\/\/vosgesinfo.fr\/app\/uploads\/sites\/4\/2024\/08\/201805fermeture-exceptionnelle-etat.jpg","datePublished":"2021-11-02T09:42:56+00:00","dateModified":"2021-11-02T09:42:56+00:00","breadcrumb":{"@id":"https:\/\/vosgesinfo.fr\/saintdieinfo\/2021\/11\/vosges-fermeture-exceptionnelle-de-direction-departementale-territoires-dreal\/#breadcrumb"},"inLanguage":"fr-FR","potentialAction":[{"@type":"ReadAction","target":["https:\/\/vosgesinfo.fr\/saintdieinfo\/2021\/11\/vosges-fermeture-exceptionnelle-de-direction-departementale-territoires-dreal\/"]}]},{"@type":"ImageObject","inLanguage":"fr-FR","@id":"https:\/\/vosgesinfo.fr\/saintdieinfo\/2021\/11\/vosges-fermeture-exceptionnelle-de-direction-departementale-territoires-dreal\/#primaryimage","url":"https:\/\/vosgesinfo.fr\/app\/uploads\/sites\/4\/2024\/08\/201805fermeture-exceptionnelle-etat.jpg","contentUrl":"https:\/\/vosgesinfo.fr\/app\/uploads\/sites\/4\/2024\/08\/201805fermeture-exceptionnelle-etat.jpg","width":335,"height":167},{"@type":"BreadcrumbList","@id":"https:\/\/vosgesinfo.fr\/saintdieinfo\/2021\/11\/vosges-fermeture-exceptionnelle-de-direction-departementale-territoires-dreal\/#breadcrumb","itemListElement":[{"@type":"ListItem","position":1,"name":"Home","item":"https:\/\/vosgesinfo.fr\/saintdieinfo\/"},{"@type":"ListItem","position":2,"name":"Vosges \u2013 Fermeture exceptionnelle de la Direction D\u00e9partementale des Territoires et la DREAL"}]},{"@type":"WebSite","@id":"https:\/\/vosgesinfo.fr\/saintdieinfo\/#website","url":"https:\/\/vosgesinfo.fr\/saintdieinfo\/","name":"Saint Die Info","description":"Toute l&#039;actualit\u00e9 de Saint-Di\u00e9-Des-Vosges","publisher":{"@id":"https:\/\/vosgesinfo.fr\/saintdieinfo\/#organization"},"alternateName":"Toute l'actualit\u00e9 de Saint-Di\u00e9-Des-Vosges","potentialAction":[{"@type":"SearchAction","target":{"@type":"EntryPoint","urlTemplate":"https:\/\/vosgesinfo.fr\/saintdieinfo\/?s={search_term_string}"},"query-input":"required name=search_term_string"}],"inLanguage":"fr-FR"},{"@type":"Organization","@id":"https:\/\/vosgesinfo.fr\/saintdieinfo\/#organization","name":"Saint Die Info","url":"https:\/\/vosgesinfo.fr\/saintdieinfo\/","logo":{"@type":"ImageObject","inLanguage":"fr-FR","@id":"https:\/\/vosgesinfo.fr\/saintdieinfo\/#\/schema\/logo\/image\/","url":"https:\/\/vosgesinfo.fr\/app\/uploads\/sites\/4\/2024\/02\/logo-sdi.jpg","contentUrl":"https:\/\/vosgesinfo.fr\/app\/uploads\/sites\/4\/2024\/02\/logo-sdi.jpg","width":600,"height":600,"caption":"Saint Die Info"},"image":{"@id":"https:\/\/vosgesinfo.fr\/saintdieinfo\/#\/schema\/logo\/image\/"},"sameAs":["https:\/\/www.facebook.com\/Saintdieinfofr","https:\/\/x.com\/VosgesInfo88","https:\/\/www.youtube.com\/@vosgesinfo"]},{"@type":"Person","@id":"https:\/\/vosgesinfo.fr\/saintdieinfo\/#\/schema\/person\/faee6704a21f3977511db84bd1cd450f","name":"la r\u00e9daction","image":{"@type":"ImageObject","inLanguage":"fr-FR","@id":"https:\/\/vosgesinfo.fr\/saintdieinfo\/#\/schema\/person\/image\/","url":"https:\/\/secure.gravatar.com\/avatar\/6673d8bc6a9c17fa9a453eaa3448de834fa308c2ec9635b7aa99441a7c8d2cf6?s=96&d=mm&r=g","contentUrl":"https:\/\/secure.gravatar.com\/avatar\/6673d8bc6a9c17fa9a453eaa3448de834fa308c2ec9635b7aa99441a7c8d2cf6?s=96&d=mm&r=g","caption":"la r\u00e9daction"},"url":"https:\/\/vosgesinfo.fr\/saintdieinfo\/author\/redac\/"}]}},"_links":{"self":[{"href":"https:\/\/vosgesinfo.fr\/saintdieinfo\/wp-json\/wp\/v2\/posts\/44580","targetHints":{"allow":["GET"]}}],"collection":[{"href":"https:\/\/vosgesinfo.fr\/saintdieinfo\/wp-json\/wp\/v2\/posts"}],"about":[{"href":"https:\/\/vosgesinfo.fr\/saintdieinfo\/wp-json\/wp\/v2\/types\/post"}],"author":[{"embeddable":true,"href":"https:\/\/vosgesinfo.fr\/saintdieinfo\/wp-json\/wp\/v2\/users\/44"}],"replies":[{"embeddable":true,"href":"https:\/\/vosgesinfo.fr\/saintdieinfo\/wp-json\/wp\/v2\/comments?post=44580"}],"version-history":[{"count":0,"href":"https:\/\/vosgesinfo.fr\/saintdieinfo\/wp-json\/wp\/v2\/posts\/44580\/revisions"}],"wp:featuredmedia":[{"embeddable":true,"href":"https:\/\/vosgesinfo.fr\/saintdieinfo\/wp-json\/wp\/v2\/media\/44581"}],"wp:attachment":[{"href":"https:\/\/vosgesinfo.fr\/saintdieinfo\/wp-json\/wp\/v2\/media?parent=44580"}],"wp:term":[{"taxonomy":"category","embeddable":true,"href":"https:\/\/vosgesinfo.fr\/saintdieinfo\/wp-json\/wp\/v2\/categories?post=44580"},{"taxonomy":"post_tag","embeddable":true,"href":"https:\/\/vosgesinfo.fr\/saintdieinfo\/wp-json\/wp\/v2\/tags?post=44580"}],"curies":[{"name":"wp","href":"https:\/\/api.w.org\/{rel}","templated":true}]}}