{"id":44582,"date":"2021-11-02T11:19:05","date_gmt":"2021-11-02T10:19:05","guid":{"rendered":"https:\/\/vosgesinfo.fr\/saintdieinfo\/2021\/11\/vosges-collecte-departementale-restos-coeur\/"},"modified":"2021-11-02T11:19:05","modified_gmt":"2021-11-02T10:19:05","slug":"vosges-collecte-departementale-restos-coeur","status":"publish","type":"post","link":"https:\/\/vosgesinfo.fr\/saintdieinfo\/2021\/11\/vosges-collecte-departementale-restos-coeur\/","title":{"rendered":"Vosges \u2013 Collecte d\u00e9partementale des Restos du Coeur"},"content":{"rendered":"<p><img decoding=\"async\" class=\"aligncenter wp-image-78613 size-medium\" src=\"\/2016\/03\/Restos_du_Coeur_Logo_01-252x255.jpg\" alt=\"Restos_du_Coeur_Logo_01\" width=\"252\" height=\"255\" \/><\/p>\n<h2><span style=\"font-size: 14pt;\"><strong><span style=\"font-family: Arial, sans-serif;\">L\u2019op\u00e9ration \u00ab\u00a0Collecte D\u00e9partementale \u00a0\u00bb des Restos du Coeur des Vosges aura lieu le vendredi 12 et le samedi 13 novembre 2021.<\/span><\/strong><\/span><\/h2>\n<p><!--more--><\/p>\n<p><span style=\"color: #555555; font-size: 12pt;\">Le Centre des restaurants du Coeur de G\u00e9rardmer sera pr\u00e9sent, lors de ces deux journ\u00e9es, dans les 5 grandes surfaces de G\u00e9rardmer, de 9 h \u00e0 12 h et de 14 h \u00e0 18 h. La journ\u00e9e est d\u00e9coup\u00e9e en 4 tranches horaires :<br \/>\n<\/span><\/p>\n<ul>\n<li><span style=\"color: #555555; font-size: 12pt;\"> le matin : 9 h \u2013 10 h 30 et 10 h 30 \u2013 12 h;<\/span><\/li>\n<li><span style=\"color: #555555; font-size: 12pt;\">l\u2019apr\u00e8s midi : 14 h \u2013 16 h et 16 h \u2013 18 h.<\/span><\/li>\n<\/ul>\n<p><span style=\"color: #555555; font-size: 12pt;\"><br \/>\nDeux b\u00e9n\u00e9voles seront pr\u00e9sents \u00e0 chaque tranche horaire. C\u2019est pourquoi, il est n\u00e9cessaire d\u2019avoir un nombre de b\u00e9n\u00e9voles suffisants. <\/span><span style=\"font-family: Times New Roman, serif; font-size: 12pt;\"><span style=\"color: #555555;\">Si vous \u00eates sensibles \u00e0 l\u2019action des Restos du C\u0153ur envers les plus d\u00e9munis, nous remercions d\u00e8s \u00e0 pr\u00e9sent de votre soutien. Une page web a \u00e9t\u00e9 mise en place pour faciliter la gestion du planning. Vous pouvez vous y inscrire en se connectant sur le site d\u00e9die via le lien suivant : <\/span><span style=\"color: #0000ff;\"><u><a href=\"http:\/\/pgh.pg-monsite.fr\/\" target=\"_blank\" rel=\"noopener\"><b>http:\/\/pgh.pg-monsite.fr<\/b><\/a><\/u><\/span><\/span><\/p>\n<p><span style=\"font-family: Times New Roman, serif; font-size: 12pt;\"><span style=\"color: #555555;\">Seules les tranches horaires libres sont saisissables. Apr\u00e8s avoir inscrit votre pr\u00e9nom, suivi \u00e9ventuellement de l\u2019initiale de votre nom en cas d\u2019homonyme, n\u2019oubliez d\u2019enregistrer votre saisie en cliquant sur le bouton \u00ab\u00a0Enregistrer\u00a0\u00bb en bas de page, et d\u2019avertir le centre des restos de G\u00e9rardmer de votre inscription par courriel : <\/span><strong><span style=\"color: #0000ff;\"><u><a href=\"mailto:restoducoeur-gerardmer@orange.fr\" target=\"_blank\" rel=\"noopener\">restoducoeur-gerardmer@orange.fr<\/a><\/u><\/span><\/strong><span style=\"color: #555555;\"><span style=\"font-family: Droid Sans, Times New Roman, serif;\">.<\/span><\/span><\/span><\/p>\n<p><span style=\"color: #555555; font-size: 12pt;\"><span style=\"font-family: Droid Sans, Times New Roman, serif;\">A la veille de la 3 \u00e8me campagne d\u2019hiver des Restos du C\u0153ur qui d\u00e9butera le lundi 22 novembre 2021, cette collecte de denr\u00e9es est importante pour les Restos du C\u0153ur. Les dons alimentaires seront distribu\u00e9s tout au long de l\u2019hiver aux familles les plus d\u00e9munies.<\/span><\/span><\/p>\n<p><span style=\"font-family: Times New Roman, serif; font-size: 12pt;\"><span style=\"color: #555555;\"><span style=\"font-family: Droid Sans, Times New Roman, serif;\">Un site national est aussi \u00e0 la disposition de tous les b\u00e9n\u00e9voles \u00ab\u00a0d\u2019un jour\u00a0\u00bb qui veulent apporter leur soutien aux Restos du C\u0153ur pendant cette op\u00e9ration\u00a0: <\/span><\/span><strong><span style=\"color: #0000ff;\"><u><a href=\"https:\/\/www.restosducoeur.org\/devenir-benevole\/\" target=\"_blank\" rel=\"noopener\"><span style=\"font-family: Droid Sans, Times New Roman, serif;\">https:\/\/www.restosducoeur.org\/devenir-benevole\/<\/span><\/a><\/u><\/span><\/strong><\/span><\/p>\n","protected":false},"excerpt":{"rendered":"<p>L\u2019op\u00e9ration \u00ab\u00a0Collecte D\u00e9partementale \u00a0\u00bb des Restos du Coeur des Vosges aura lieu le vendredi 12 et le samedi 13 novembre [&hellip;]<\/p>\n","protected":false},"author":44,"featured_media":44583,"comment_status":"open","ping_status":"open","sticky":false,"template":"","format":"standard","meta":{"footnotes":""},"categories":[460,29,18],"tags":[9402,79,563],"class_list":["post-44582","post","type-post","status-publish","format-standard","has-post-thumbnail","hentry","category-a-la-une","category-solidarite","category-vosges","tag-collecte-departementale-des-restos-du-coeur","tag-gerardmer","tag-restos-du-coeur"],"acf":[],"yoast_head":"<!-- This site is optimized with the Yoast SEO plugin v22.5 - https:\/\/yoast.com\/wordpress\/plugins\/seo\/ -->\n<title>Vosges \u2013 Collecte d\u00e9partementale des Restos du Coeur - Saint Die Info<\/title>\n<meta name=\"robots\" content=\"index, follow, max-snippet:-1, max-image-preview:large, max-video-preview:-1\" \/>\n<link rel=\"canonical\" href=\"https:\/\/vosgesinfo.fr\/saintdieinfo\/2021\/11\/vosges-collecte-departementale-restos-coeur\/\" \/>\n<meta name=\"twitter:card\" content=\"summary_large_image\" \/>\n<meta name=\"twitter:title\" content=\"Vosges \u2013 Collecte d\u00e9partementale des Restos du Coeur - Saint Die Info\" \/>\n<meta name=\"twitter:description\" content=\"L\u2019op\u00e9ration \u00ab\u00a0Collecte D\u00e9partementale \u00a0\u00bb des Restos du Coeur des Vosges aura lieu le vendredi 12 et le samedi 13 novembre [&hellip;]\" \/>\n<meta name=\"twitter:image\" content=\"https:\/\/vosgesinfo.fr\/app\/uploads\/sites\/4\/2024\/08\/201603restos-du-coeur-logo-01-1.jpg\" \/>\n<meta name=\"twitter:creator\" content=\"@VosgesInfo88\" \/>\n<meta name=\"twitter:site\" content=\"@VosgesInfo88\" \/>\n<meta name=\"twitter:label1\" content=\"\u00c9crit par\" \/>\n\t<meta name=\"twitter:data1\" content=\"la r\u00e9daction\" \/>\n\t<meta name=\"twitter:label2\" content=\"Dur\u00e9e de lecture estim\u00e9e\" \/>\n\t<meta name=\"twitter:data2\" content=\"2 minutes\" \/>\n<script type=\"application\/ld+json\" class=\"yoast-schema-graph\">{\"@context\":\"https:\/\/schema.org\",\"@graph\":[{\"@type\":\"Article\",\"@id\":\"https:\/\/vosgesinfo.fr\/saintdieinfo\/2021\/11\/vosges-collecte-departementale-restos-coeur\/#article\",\"isPartOf\":{\"@id\":\"https:\/\/vosgesinfo.fr\/saintdieinfo\/2021\/11\/vosges-collecte-departementale-restos-coeur\/\"},\"author\":{\"name\":\"la r\u00e9daction\",\"@id\":\"https:\/\/vosgesinfo.fr\/saintdieinfo\/#\/schema\/person\/faee6704a21f3977511db84bd1cd450f\"},\"headline\":\"Vosges \u2013 Collecte d\u00e9partementale des Restos du Coeur\",\"datePublished\":\"2021-11-02T10:19:05+00:00\",\"dateModified\":\"2021-11-02T10:19:05+00:00\",\"mainEntityOfPage\":{\"@id\":\"https:\/\/vosgesinfo.fr\/saintdieinfo\/2021\/11\/vosges-collecte-departementale-restos-coeur\/\"},\"wordCount\":318,\"commentCount\":0,\"publisher\":{\"@id\":\"https:\/\/vosgesinfo.fr\/saintdieinfo\/#organization\"},\"image\":{\"@id\":\"https:\/\/vosgesinfo.fr\/saintdieinfo\/2021\/11\/vosges-collecte-departementale-restos-coeur\/#primaryimage\"},\"thumbnailUrl\":\"https:\/\/vosgesinfo.fr\/app\/uploads\/sites\/4\/2024\/08\/201603restos-du-coeur-logo-01-1.jpg\",\"keywords\":[\"Collecte d\u00e9partementale des Restos du Coeur\",\"G\u00e9rardmer\",\"Restos du Coeur\"],\"articleSection\":[\"A la Une\",\"Solidarit\u00e9\",\"Vosges\"],\"inLanguage\":\"fr-FR\",\"potentialAction\":[{\"@type\":\"CommentAction\",\"name\":\"Comment\",\"target\":[\"https:\/\/vosgesinfo.fr\/saintdieinfo\/2021\/11\/vosges-collecte-departementale-restos-coeur\/#respond\"]}]},{\"@type\":\"WebPage\",\"@id\":\"https:\/\/vosgesinfo.fr\/saintdieinfo\/2021\/11\/vosges-collecte-departementale-restos-coeur\/\",\"url\":\"https:\/\/vosgesinfo.fr\/saintdieinfo\/2021\/11\/vosges-collecte-departementale-restos-coeur\/\",\"name\":\"Vosges \u2013 Collecte d\u00e9partementale des Restos du Coeur - Saint Die Info\",\"isPartOf\":{\"@id\":\"https:\/\/vosgesinfo.fr\/saintdieinfo\/#website\"},\"primaryImageOfPage\":{\"@id\":\"https:\/\/vosgesinfo.fr\/saintdieinfo\/2021\/11\/vosges-collecte-departementale-restos-coeur\/#primaryimage\"},\"image\":{\"@id\":\"https:\/\/vosgesinfo.fr\/saintdieinfo\/2021\/11\/vosges-collecte-departementale-restos-coeur\/#primaryimage\"},\"thumbnailUrl\":\"https:\/\/vosgesinfo.fr\/app\/uploads\/sites\/4\/2024\/08\/201603restos-du-coeur-logo-01-1.jpg\",\"datePublished\":\"2021-11-02T10:19:05+00:00\",\"dateModified\":\"2021-11-02T10:19:05+00:00\",\"breadcrumb\":{\"@id\":\"https:\/\/vosgesinfo.fr\/saintdieinfo\/2021\/11\/vosges-collecte-departementale-restos-coeur\/#breadcrumb\"},\"inLanguage\":\"fr-FR\",\"potentialAction\":[{\"@type\":\"ReadAction\",\"target\":[\"https:\/\/vosgesinfo.fr\/saintdieinfo\/2021\/11\/vosges-collecte-departementale-restos-coeur\/\"]}]},{\"@type\":\"ImageObject\",\"inLanguage\":\"fr-FR\",\"@id\":\"https:\/\/vosgesinfo.fr\/saintdieinfo\/2021\/11\/vosges-collecte-departementale-restos-coeur\/#primaryimage\",\"url\":\"https:\/\/vosgesinfo.fr\/app\/uploads\/sites\/4\/2024\/08\/201603restos-du-coeur-logo-01-1.jpg\",\"contentUrl\":\"https:\/\/vosgesinfo.fr\/app\/uploads\/sites\/4\/2024\/08\/201603restos-du-coeur-logo-01-1.jpg\",\"width\":1010,\"height\":1024},{\"@type\":\"BreadcrumbList\",\"@id\":\"https:\/\/vosgesinfo.fr\/saintdieinfo\/2021\/11\/vosges-collecte-departementale-restos-coeur\/#breadcrumb\",\"itemListElement\":[{\"@type\":\"ListItem\",\"position\":1,\"name\":\"Home\",\"item\":\"https:\/\/vosgesinfo.fr\/saintdieinfo\/\"},{\"@type\":\"ListItem\",\"position\":2,\"name\":\"Vosges \u2013 Collecte d\u00e9partementale des Restos du Coeur\"}]},{\"@type\":\"WebSite\",\"@id\":\"https:\/\/vosgesinfo.fr\/saintdieinfo\/#website\",\"url\":\"https:\/\/vosgesinfo.fr\/saintdieinfo\/\",\"name\":\"Saint Die Info\",\"description\":\"Toute l&#039;actualit\u00e9 de Saint-Di\u00e9-Des-Vosges\",\"publisher\":{\"@id\":\"https:\/\/vosgesinfo.fr\/saintdieinfo\/#organization\"},\"alternateName\":\"Toute l'actualit\u00e9 de Saint-Di\u00e9-Des-Vosges\",\"potentialAction\":[{\"@type\":\"SearchAction\",\"target\":{\"@type\":\"EntryPoint\",\"urlTemplate\":\"https:\/\/vosgesinfo.fr\/saintdieinfo\/?s={search_term_string}\"},\"query-input\":\"required name=search_term_string\"}],\"inLanguage\":\"fr-FR\"},{\"@type\":\"Organization\",\"@id\":\"https:\/\/vosgesinfo.fr\/saintdieinfo\/#organization\",\"name\":\"Saint Die Info\",\"url\":\"https:\/\/vosgesinfo.fr\/saintdieinfo\/\",\"logo\":{\"@type\":\"ImageObject\",\"inLanguage\":\"fr-FR\",\"@id\":\"https:\/\/vosgesinfo.fr\/saintdieinfo\/#\/schema\/logo\/image\/\",\"url\":\"https:\/\/vosgesinfo.fr\/app\/uploads\/sites\/4\/2024\/02\/logo-sdi.jpg\",\"contentUrl\":\"https:\/\/vosgesinfo.fr\/app\/uploads\/sites\/4\/2024\/02\/logo-sdi.jpg\",\"width\":600,\"height\":600,\"caption\":\"Saint Die Info\"},\"image\":{\"@id\":\"https:\/\/vosgesinfo.fr\/saintdieinfo\/#\/schema\/logo\/image\/\"},\"sameAs\":[\"https:\/\/www.facebook.com\/Saintdieinfofr\",\"https:\/\/x.com\/VosgesInfo88\",\"https:\/\/www.youtube.com\/@vosgesinfo\"]},{\"@type\":\"Person\",\"@id\":\"https:\/\/vosgesinfo.fr\/saintdieinfo\/#\/schema\/person\/faee6704a21f3977511db84bd1cd450f\",\"name\":\"la r\u00e9daction\",\"image\":{\"@type\":\"ImageObject\",\"inLanguage\":\"fr-FR\",\"@id\":\"https:\/\/vosgesinfo.fr\/saintdieinfo\/#\/schema\/person\/image\/\",\"url\":\"https:\/\/secure.gravatar.com\/avatar\/6673d8bc6a9c17fa9a453eaa3448de834fa308c2ec9635b7aa99441a7c8d2cf6?s=96&d=mm&r=g\",\"contentUrl\":\"https:\/\/secure.gravatar.com\/avatar\/6673d8bc6a9c17fa9a453eaa3448de834fa308c2ec9635b7aa99441a7c8d2cf6?s=96&d=mm&r=g\",\"caption\":\"la r\u00e9daction\"},\"url\":\"https:\/\/vosgesinfo.fr\/saintdieinfo\/author\/redac\/\"}]}<\/script>\n<!-- \/ Yoast SEO plugin. -->","yoast_head_json":{"title":"Vosges \u2013 Collecte d\u00e9partementale des Restos du Coeur - Saint Die Info","robots":{"index":"index","follow":"follow","max-snippet":"max-snippet:-1","max-image-preview":"max-image-preview:large","max-video-preview":"max-video-preview:-1"},"canonical":"https:\/\/vosgesinfo.fr\/saintdieinfo\/2021\/11\/vosges-collecte-departementale-restos-coeur\/","twitter_card":"summary_large_image","twitter_title":"Vosges \u2013 Collecte d\u00e9partementale des Restos du Coeur - Saint Die Info","twitter_description":"L\u2019op\u00e9ration \u00ab\u00a0Collecte D\u00e9partementale \u00a0\u00bb des Restos du Coeur des Vosges aura lieu le vendredi 12 et le samedi 13 novembre [&hellip;]","twitter_image":"https:\/\/vosgesinfo.fr\/app\/uploads\/sites\/4\/2024\/08\/201603restos-du-coeur-logo-01-1.jpg","twitter_creator":"@VosgesInfo88","twitter_site":"@VosgesInfo88","twitter_misc":{"\u00c9crit par":"la r\u00e9daction","Dur\u00e9e de lecture estim\u00e9e":"2 minutes"},"schema":{"@context":"https:\/\/schema.org","@graph":[{"@type":"Article","@id":"https:\/\/vosgesinfo.fr\/saintdieinfo\/2021\/11\/vosges-collecte-departementale-restos-coeur\/#article","isPartOf":{"@id":"https:\/\/vosgesinfo.fr\/saintdieinfo\/2021\/11\/vosges-collecte-departementale-restos-coeur\/"},"author":{"name":"la r\u00e9daction","@id":"https:\/\/vosgesinfo.fr\/saintdieinfo\/#\/schema\/person\/faee6704a21f3977511db84bd1cd450f"},"headline":"Vosges \u2013 Collecte d\u00e9partementale des Restos du Coeur","datePublished":"2021-11-02T10:19:05+00:00","dateModified":"2021-11-02T10:19:05+00:00","mainEntityOfPage":{"@id":"https:\/\/vosgesinfo.fr\/saintdieinfo\/2021\/11\/vosges-collecte-departementale-restos-coeur\/"},"wordCount":318,"commentCount":0,"publisher":{"@id":"https:\/\/vosgesinfo.fr\/saintdieinfo\/#organization"},"image":{"@id":"https:\/\/vosgesinfo.fr\/saintdieinfo\/2021\/11\/vosges-collecte-departementale-restos-coeur\/#primaryimage"},"thumbnailUrl":"https:\/\/vosgesinfo.fr\/app\/uploads\/sites\/4\/2024\/08\/201603restos-du-coeur-logo-01-1.jpg","keywords":["Collecte d\u00e9partementale des Restos du Coeur","G\u00e9rardmer","Restos du Coeur"],"articleSection":["A la Une","Solidarit\u00e9","Vosges"],"inLanguage":"fr-FR","potentialAction":[{"@type":"CommentAction","name":"Comment","target":["https:\/\/vosgesinfo.fr\/saintdieinfo\/2021\/11\/vosges-collecte-departementale-restos-coeur\/#respond"]}]},{"@type":"WebPage","@id":"https:\/\/vosgesinfo.fr\/saintdieinfo\/2021\/11\/vosges-collecte-departementale-restos-coeur\/","url":"https:\/\/vosgesinfo.fr\/saintdieinfo\/2021\/11\/vosges-collecte-departementale-restos-coeur\/","name":"Vosges \u2013 Collecte d\u00e9partementale des Restos du Coeur - Saint Die Info","isPartOf":{"@id":"https:\/\/vosgesinfo.fr\/saintdieinfo\/#website"},"primaryImageOfPage":{"@id":"https:\/\/vosgesinfo.fr\/saintdieinfo\/2021\/11\/vosges-collecte-departementale-restos-coeur\/#primaryimage"},"image":{"@id":"https:\/\/vosgesinfo.fr\/saintdieinfo\/2021\/11\/vosges-collecte-departementale-restos-coeur\/#primaryimage"},"thumbnailUrl":"https:\/\/vosgesinfo.fr\/app\/uploads\/sites\/4\/2024\/08\/201603restos-du-coeur-logo-01-1.jpg","datePublished":"2021-11-02T10:19:05+00:00","dateModified":"2021-11-02T10:19:05+00:00","breadcrumb":{"@id":"https:\/\/vosgesinfo.fr\/saintdieinfo\/2021\/11\/vosges-collecte-departementale-restos-coeur\/#breadcrumb"},"inLanguage":"fr-FR","potentialAction":[{"@type":"ReadAction","target":["https:\/\/vosgesinfo.fr\/saintdieinfo\/2021\/11\/vosges-collecte-departementale-restos-coeur\/"]}]},{"@type":"ImageObject","inLanguage":"fr-FR","@id":"https:\/\/vosgesinfo.fr\/saintdieinfo\/2021\/11\/vosges-collecte-departementale-restos-coeur\/#primaryimage","url":"https:\/\/vosgesinfo.fr\/app\/uploads\/sites\/4\/2024\/08\/201603restos-du-coeur-logo-01-1.jpg","contentUrl":"https:\/\/vosgesinfo.fr\/app\/uploads\/sites\/4\/2024\/08\/201603restos-du-coeur-logo-01-1.jpg","width":1010,"height":1024},{"@type":"BreadcrumbList","@id":"https:\/\/vosgesinfo.fr\/saintdieinfo\/2021\/11\/vosges-collecte-departementale-restos-coeur\/#breadcrumb","itemListElement":[{"@type":"ListItem","position":1,"name":"Home","item":"https:\/\/vosgesinfo.fr\/saintdieinfo\/"},{"@type":"ListItem","position":2,"name":"Vosges \u2013 Collecte d\u00e9partementale des Restos du Coeur"}]},{"@type":"WebSite","@id":"https:\/\/vosgesinfo.fr\/saintdieinfo\/#website","url":"https:\/\/vosgesinfo.fr\/saintdieinfo\/","name":"Saint Die Info","description":"Toute l&#039;actualit\u00e9 de Saint-Di\u00e9-Des-Vosges","publisher":{"@id":"https:\/\/vosgesinfo.fr\/saintdieinfo\/#organization"},"alternateName":"Toute l'actualit\u00e9 de Saint-Di\u00e9-Des-Vosges","potentialAction":[{"@type":"SearchAction","target":{"@type":"EntryPoint","urlTemplate":"https:\/\/vosgesinfo.fr\/saintdieinfo\/?s={search_term_string}"},"query-input":"required name=search_term_string"}],"inLanguage":"fr-FR"},{"@type":"Organization","@id":"https:\/\/vosgesinfo.fr\/saintdieinfo\/#organization","name":"Saint Die Info","url":"https:\/\/vosgesinfo.fr\/saintdieinfo\/","logo":{"@type":"ImageObject","inLanguage":"fr-FR","@id":"https:\/\/vosgesinfo.fr\/saintdieinfo\/#\/schema\/logo\/image\/","url":"https:\/\/vosgesinfo.fr\/app\/uploads\/sites\/4\/2024\/02\/logo-sdi.jpg","contentUrl":"https:\/\/vosgesinfo.fr\/app\/uploads\/sites\/4\/2024\/02\/logo-sdi.jpg","width":600,"height":600,"caption":"Saint Die Info"},"image":{"@id":"https:\/\/vosgesinfo.fr\/saintdieinfo\/#\/schema\/logo\/image\/"},"sameAs":["https:\/\/www.facebook.com\/Saintdieinfofr","https:\/\/x.com\/VosgesInfo88","https:\/\/www.youtube.com\/@vosgesinfo"]},{"@type":"Person","@id":"https:\/\/vosgesinfo.fr\/saintdieinfo\/#\/schema\/person\/faee6704a21f3977511db84bd1cd450f","name":"la r\u00e9daction","image":{"@type":"ImageObject","inLanguage":"fr-FR","@id":"https:\/\/vosgesinfo.fr\/saintdieinfo\/#\/schema\/person\/image\/","url":"https:\/\/secure.gravatar.com\/avatar\/6673d8bc6a9c17fa9a453eaa3448de834fa308c2ec9635b7aa99441a7c8d2cf6?s=96&d=mm&r=g","contentUrl":"https:\/\/secure.gravatar.com\/avatar\/6673d8bc6a9c17fa9a453eaa3448de834fa308c2ec9635b7aa99441a7c8d2cf6?s=96&d=mm&r=g","caption":"la r\u00e9daction"},"url":"https:\/\/vosgesinfo.fr\/saintdieinfo\/author\/redac\/"}]}},"_links":{"self":[{"href":"https:\/\/vosgesinfo.fr\/saintdieinfo\/wp-json\/wp\/v2\/posts\/44582","targetHints":{"allow":["GET"]}}],"collection":[{"href":"https:\/\/vosgesinfo.fr\/saintdieinfo\/wp-json\/wp\/v2\/posts"}],"about":[{"href":"https:\/\/vosgesinfo.fr\/saintdieinfo\/wp-json\/wp\/v2\/types\/post"}],"author":[{"embeddable":true,"href":"https:\/\/vosgesinfo.fr\/saintdieinfo\/wp-json\/wp\/v2\/users\/44"}],"replies":[{"embeddable":true,"href":"https:\/\/vosgesinfo.fr\/saintdieinfo\/wp-json\/wp\/v2\/comments?post=44582"}],"version-history":[{"count":0,"href":"https:\/\/vosgesinfo.fr\/saintdieinfo\/wp-json\/wp\/v2\/posts\/44582\/revisions"}],"wp:featuredmedia":[{"embeddable":true,"href":"https:\/\/vosgesinfo.fr\/saintdieinfo\/wp-json\/wp\/v2\/media\/44583"}],"wp:attachment":[{"href":"https:\/\/vosgesinfo.fr\/saintdieinfo\/wp-json\/wp\/v2\/media?parent=44582"}],"wp:term":[{"taxonomy":"category","embeddable":true,"href":"https:\/\/vosgesinfo.fr\/saintdieinfo\/wp-json\/wp\/v2\/categories?post=44582"},{"taxonomy":"post_tag","embeddable":true,"href":"https:\/\/vosgesinfo.fr\/saintdieinfo\/wp-json\/wp\/v2\/tags?post=44582"}],"curies":[{"name":"wp","href":"https:\/\/api.w.org\/{rel}","templated":true}]}}