{"id":44616,"date":"2021-11-03T09:18:15","date_gmt":"2021-11-03T08:18:15","guid":{"rendered":"https:\/\/vosgesinfo.fr\/saintdieinfo\/2021\/11\/point-meteo-doctobre-de-pluie-premier-gel-a-saint-die-vosges\/"},"modified":"2021-11-03T09:18:15","modified_gmt":"2021-11-03T08:18:15","slug":"point-meteo-doctobre-de-pluie-premier-gel-a-saint-die-vosges","status":"publish","type":"post","link":"https:\/\/vosgesinfo.fr\/saintdieinfo\/2021\/11\/point-meteo-doctobre-de-pluie-premier-gel-a-saint-die-vosges\/","title":{"rendered":"Point m\u00e9t\u00e9o d&rsquo;octobre\u00a0: peu de pluie et premier gel \u00e0 Saint-Di\u00e9-des-Vosges"},"content":{"rendered":"<h2><a href=\"\/2021\/11\/Point_M\u00e9t\u00e9o_Octobre_2021.jpg\" target=\"_blank\" rel=\"noopener\"><img decoding=\"async\" class=\"aligncenter wp-image-173963 size-full\" src=\"\/2021\/11\/Point_M\u00e9t\u00e9o_Octobre_2021.jpg\" alt=\"Point_M\u00e9t\u00e9o_Octobre_2021\" width=\"800\" height=\"600\" \/><\/a><\/h2>\n<h2><strong><span style=\"font-size: 14pt;\">Les donn\u00e9es de l\u2019article proviennent de Daniel Cl\u00e9ment, D\u00e9odatien que nous remercions une fois de plus.<\/span><\/strong><\/h2>\n<p><!--more--><\/p>\n<p>Alors que le mois de septembre fut tr\u00e8s sec Saint-Di\u00e9-des-Vosges (<a href=\"https:\/\/saintdieinfo.fr\/2021\/10\/point-meteo-mois-de-septembre-deodatien-tres-sec\/\" target=\"_blank\" rel=\"noopener\"><strong>lire notre article<\/strong><\/a>), la pluie s&rsquo;est davantage montr\u00e9e en octobre. Mais avec <strong>55 mm<\/strong> au total, les pr\u00e9cipitations enregistr\u00e9es le mois dernier sont bien en dessous de la moyenne de <strong>95 mm<\/strong>, calcul\u00e9e depuis 1999. Pour rappel, il \u00e9tait tomb\u00e9 <strong>89 mm<\/strong> en seulement 15 jours en octobre 2020. Depuis le d\u00e9but de l&rsquo;ann\u00e9e, le cumul pluviom\u00e9trique s&rsquo;\u00e9l\u00e8ve \u00e0 <strong>894 mm<\/strong> sur 10 mois contre une moyenne de <strong>847 mm<\/strong>, l\u00e0 aussi calcul\u00e9e depuis 1999. Compte tenu la tendance actuelle, cette ann\u00e9e 2021 devrait totaliser une pluviom\u00e9trie dans la moyenne.<\/p>\n<p>C\u00f4t\u00e9 temp\u00e9ratures, le thermom\u00e8tre est descendu sous z\u00e9ro le mois dernier, avec une minimale de <strong>-1,4\u00b0C<\/strong>, pour remonter jusqu&rsquo;\u00e0 une maximale <strong>+23,5\u00b0C.<\/strong> La moyenne d&rsquo;octobre 2021 \u00e9tant de <strong>+10,3\u00b0C<\/strong>. A titre de comparaison, les temp\u00e9ratures minimale, maximale et moyenne \u00e9taient de respectivement <strong>+1,1\u00b0C<\/strong>, <strong>+21,2\u00b0C<\/strong> et <strong>+10,4\u00b0C<\/strong> l&rsquo;an dernier \u00e0 la m\u00eame p\u00e9riode. Le tout en sachant que sur la moyenne sur 7 ans se situe \u00e0 <strong>+11\u00b0C<\/strong>.<\/p>\n<p>J.J.<\/p>\n","protected":false},"excerpt":{"rendered":"<p>Les donn\u00e9es de l\u2019article proviennent de Daniel Cl\u00e9ment, D\u00e9odatien que nous remercions une fois de plus.<\/p>\n","protected":false},"author":44,"featured_media":44617,"comment_status":"open","ping_status":"open","sticky":false,"template":"","format":"standard","meta":{"footnotes":""},"categories":[460,2915],"tags":[9417,3180],"class_list":["post-44616","post","type-post","status-publish","format-standard","has-post-thumbnail","hentry","category-a-la-une","category-saint-die-son-canton","tag-octobre-2021","tag-point-meteo"],"acf":[],"yoast_head":"<!-- This site is optimized with the Yoast SEO plugin v22.5 - https:\/\/yoast.com\/wordpress\/plugins\/seo\/ -->\n<title>Point m\u00e9t\u00e9o d&#039;octobre\u00a0: peu de pluie et premier gel \u00e0 Saint-Di\u00e9-des-Vosges - Saint Die Info<\/title>\n<meta name=\"robots\" content=\"index, follow, max-snippet:-1, max-image-preview:large, max-video-preview:-1\" \/>\n<link rel=\"canonical\" href=\"https:\/\/vosgesinfo.fr\/saintdieinfo\/2021\/11\/point-meteo-doctobre-de-pluie-premier-gel-a-saint-die-vosges\/\" \/>\n<meta name=\"twitter:card\" content=\"summary_large_image\" \/>\n<meta name=\"twitter:title\" content=\"Point m\u00e9t\u00e9o d&#039;octobre\u00a0: peu de pluie et premier gel \u00e0 Saint-Di\u00e9-des-Vosges - Saint Die Info\" \/>\n<meta name=\"twitter:description\" content=\"Les donn\u00e9es de l\u2019article proviennent de Daniel Cl\u00e9ment, D\u00e9odatien que nous remercions une fois de plus.\" \/>\n<meta name=\"twitter:image\" content=\"https:\/\/vosgesinfo.fr\/app\/uploads\/sites\/4\/2024\/08\/202111point-meteo-octobre-2021.jpg\" \/>\n<meta name=\"twitter:creator\" content=\"@VosgesInfo88\" \/>\n<meta name=\"twitter:site\" content=\"@VosgesInfo88\" \/>\n<meta name=\"twitter:label1\" content=\"\u00c9crit par\" \/>\n\t<meta name=\"twitter:data1\" content=\"la r\u00e9daction\" \/>\n\t<meta name=\"twitter:label2\" content=\"Dur\u00e9e de lecture estim\u00e9e\" \/>\n\t<meta name=\"twitter:data2\" content=\"1 minute\" \/>\n<script type=\"application\/ld+json\" class=\"yoast-schema-graph\">{\"@context\":\"https:\/\/schema.org\",\"@graph\":[{\"@type\":\"Article\",\"@id\":\"https:\/\/vosgesinfo.fr\/saintdieinfo\/2021\/11\/point-meteo-doctobre-de-pluie-premier-gel-a-saint-die-vosges\/#article\",\"isPartOf\":{\"@id\":\"https:\/\/vosgesinfo.fr\/saintdieinfo\/2021\/11\/point-meteo-doctobre-de-pluie-premier-gel-a-saint-die-vosges\/\"},\"author\":{\"name\":\"la r\u00e9daction\",\"@id\":\"https:\/\/vosgesinfo.fr\/saintdieinfo\/#\/schema\/person\/faee6704a21f3977511db84bd1cd450f\"},\"headline\":\"Point m\u00e9t\u00e9o d&rsquo;octobre\u00a0: peu de pluie et premier gel \u00e0 Saint-Di\u00e9-des-Vosges\",\"datePublished\":\"2021-11-03T08:18:15+00:00\",\"dateModified\":\"2021-11-03T08:18:15+00:00\",\"mainEntityOfPage\":{\"@id\":\"https:\/\/vosgesinfo.fr\/saintdieinfo\/2021\/11\/point-meteo-doctobre-de-pluie-premier-gel-a-saint-die-vosges\/\"},\"wordCount\":213,\"commentCount\":0,\"publisher\":{\"@id\":\"https:\/\/vosgesinfo.fr\/saintdieinfo\/#organization\"},\"image\":{\"@id\":\"https:\/\/vosgesinfo.fr\/saintdieinfo\/2021\/11\/point-meteo-doctobre-de-pluie-premier-gel-a-saint-die-vosges\/#primaryimage\"},\"thumbnailUrl\":\"https:\/\/vosgesinfo.fr\/app\/uploads\/sites\/4\/2024\/08\/202111point-meteo-octobre-2021.jpg\",\"keywords\":[\"Octobre 2021\",\"Point m\u00e9t\u00e9o\"],\"articleSection\":[\"A la Une\",\"Saint-Di\u00e9-des-Vosges et son Agglom\u00e9ration\"],\"inLanguage\":\"fr-FR\",\"potentialAction\":[{\"@type\":\"CommentAction\",\"name\":\"Comment\",\"target\":[\"https:\/\/vosgesinfo.fr\/saintdieinfo\/2021\/11\/point-meteo-doctobre-de-pluie-premier-gel-a-saint-die-vosges\/#respond\"]}]},{\"@type\":\"WebPage\",\"@id\":\"https:\/\/vosgesinfo.fr\/saintdieinfo\/2021\/11\/point-meteo-doctobre-de-pluie-premier-gel-a-saint-die-vosges\/\",\"url\":\"https:\/\/vosgesinfo.fr\/saintdieinfo\/2021\/11\/point-meteo-doctobre-de-pluie-premier-gel-a-saint-die-vosges\/\",\"name\":\"Point m\u00e9t\u00e9o d'octobre\u00a0: peu de pluie et premier gel \u00e0 Saint-Di\u00e9-des-Vosges - Saint Die Info\",\"isPartOf\":{\"@id\":\"https:\/\/vosgesinfo.fr\/saintdieinfo\/#website\"},\"primaryImageOfPage\":{\"@id\":\"https:\/\/vosgesinfo.fr\/saintdieinfo\/2021\/11\/point-meteo-doctobre-de-pluie-premier-gel-a-saint-die-vosges\/#primaryimage\"},\"image\":{\"@id\":\"https:\/\/vosgesinfo.fr\/saintdieinfo\/2021\/11\/point-meteo-doctobre-de-pluie-premier-gel-a-saint-die-vosges\/#primaryimage\"},\"thumbnailUrl\":\"https:\/\/vosgesinfo.fr\/app\/uploads\/sites\/4\/2024\/08\/202111point-meteo-octobre-2021.jpg\",\"datePublished\":\"2021-11-03T08:18:15+00:00\",\"dateModified\":\"2021-11-03T08:18:15+00:00\",\"breadcrumb\":{\"@id\":\"https:\/\/vosgesinfo.fr\/saintdieinfo\/2021\/11\/point-meteo-doctobre-de-pluie-premier-gel-a-saint-die-vosges\/#breadcrumb\"},\"inLanguage\":\"fr-FR\",\"potentialAction\":[{\"@type\":\"ReadAction\",\"target\":[\"https:\/\/vosgesinfo.fr\/saintdieinfo\/2021\/11\/point-meteo-doctobre-de-pluie-premier-gel-a-saint-die-vosges\/\"]}]},{\"@type\":\"ImageObject\",\"inLanguage\":\"fr-FR\",\"@id\":\"https:\/\/vosgesinfo.fr\/saintdieinfo\/2021\/11\/point-meteo-doctobre-de-pluie-premier-gel-a-saint-die-vosges\/#primaryimage\",\"url\":\"https:\/\/vosgesinfo.fr\/app\/uploads\/sites\/4\/2024\/08\/202111point-meteo-octobre-2021.jpg\",\"contentUrl\":\"https:\/\/vosgesinfo.fr\/app\/uploads\/sites\/4\/2024\/08\/202111point-meteo-octobre-2021.jpg\",\"width\":800,\"height\":600},{\"@type\":\"BreadcrumbList\",\"@id\":\"https:\/\/vosgesinfo.fr\/saintdieinfo\/2021\/11\/point-meteo-doctobre-de-pluie-premier-gel-a-saint-die-vosges\/#breadcrumb\",\"itemListElement\":[{\"@type\":\"ListItem\",\"position\":1,\"name\":\"Home\",\"item\":\"https:\/\/vosgesinfo.fr\/saintdieinfo\/\"},{\"@type\":\"ListItem\",\"position\":2,\"name\":\"Point m\u00e9t\u00e9o d&rsquo;octobre\u00a0: peu de pluie et premier gel \u00e0 Saint-Di\u00e9-des-Vosges\"}]},{\"@type\":\"WebSite\",\"@id\":\"https:\/\/vosgesinfo.fr\/saintdieinfo\/#website\",\"url\":\"https:\/\/vosgesinfo.fr\/saintdieinfo\/\",\"name\":\"Saint Die Info\",\"description\":\"Toute l&#039;actualit\u00e9 de Saint-Di\u00e9-Des-Vosges\",\"publisher\":{\"@id\":\"https:\/\/vosgesinfo.fr\/saintdieinfo\/#organization\"},\"alternateName\":\"Toute l'actualit\u00e9 de Saint-Di\u00e9-Des-Vosges\",\"potentialAction\":[{\"@type\":\"SearchAction\",\"target\":{\"@type\":\"EntryPoint\",\"urlTemplate\":\"https:\/\/vosgesinfo.fr\/saintdieinfo\/?s={search_term_string}\"},\"query-input\":\"required name=search_term_string\"}],\"inLanguage\":\"fr-FR\"},{\"@type\":\"Organization\",\"@id\":\"https:\/\/vosgesinfo.fr\/saintdieinfo\/#organization\",\"name\":\"Saint Die Info\",\"url\":\"https:\/\/vosgesinfo.fr\/saintdieinfo\/\",\"logo\":{\"@type\":\"ImageObject\",\"inLanguage\":\"fr-FR\",\"@id\":\"https:\/\/vosgesinfo.fr\/saintdieinfo\/#\/schema\/logo\/image\/\",\"url\":\"https:\/\/vosgesinfo.fr\/app\/uploads\/sites\/4\/2024\/02\/logo-sdi.jpg\",\"contentUrl\":\"https:\/\/vosgesinfo.fr\/app\/uploads\/sites\/4\/2024\/02\/logo-sdi.jpg\",\"width\":600,\"height\":600,\"caption\":\"Saint Die Info\"},\"image\":{\"@id\":\"https:\/\/vosgesinfo.fr\/saintdieinfo\/#\/schema\/logo\/image\/\"},\"sameAs\":[\"https:\/\/www.facebook.com\/Saintdieinfofr\",\"https:\/\/x.com\/VosgesInfo88\",\"https:\/\/www.youtube.com\/@vosgesinfo\"]},{\"@type\":\"Person\",\"@id\":\"https:\/\/vosgesinfo.fr\/saintdieinfo\/#\/schema\/person\/faee6704a21f3977511db84bd1cd450f\",\"name\":\"la r\u00e9daction\",\"image\":{\"@type\":\"ImageObject\",\"inLanguage\":\"fr-FR\",\"@id\":\"https:\/\/vosgesinfo.fr\/saintdieinfo\/#\/schema\/person\/image\/\",\"url\":\"https:\/\/secure.gravatar.com\/avatar\/6673d8bc6a9c17fa9a453eaa3448de834fa308c2ec9635b7aa99441a7c8d2cf6?s=96&d=mm&r=g\",\"contentUrl\":\"https:\/\/secure.gravatar.com\/avatar\/6673d8bc6a9c17fa9a453eaa3448de834fa308c2ec9635b7aa99441a7c8d2cf6?s=96&d=mm&r=g\",\"caption\":\"la r\u00e9daction\"},\"url\":\"https:\/\/vosgesinfo.fr\/saintdieinfo\/author\/redac\/\"}]}<\/script>\n<!-- \/ Yoast SEO plugin. -->","yoast_head_json":{"title":"Point m\u00e9t\u00e9o d'octobre\u00a0: peu de pluie et premier gel \u00e0 Saint-Di\u00e9-des-Vosges - Saint Die Info","robots":{"index":"index","follow":"follow","max-snippet":"max-snippet:-1","max-image-preview":"max-image-preview:large","max-video-preview":"max-video-preview:-1"},"canonical":"https:\/\/vosgesinfo.fr\/saintdieinfo\/2021\/11\/point-meteo-doctobre-de-pluie-premier-gel-a-saint-die-vosges\/","twitter_card":"summary_large_image","twitter_title":"Point m\u00e9t\u00e9o d'octobre\u00a0: peu de pluie et premier gel \u00e0 Saint-Di\u00e9-des-Vosges - Saint Die Info","twitter_description":"Les donn\u00e9es de l\u2019article proviennent de Daniel Cl\u00e9ment, D\u00e9odatien que nous remercions une fois de plus.","twitter_image":"https:\/\/vosgesinfo.fr\/app\/uploads\/sites\/4\/2024\/08\/202111point-meteo-octobre-2021.jpg","twitter_creator":"@VosgesInfo88","twitter_site":"@VosgesInfo88","twitter_misc":{"\u00c9crit par":"la r\u00e9daction","Dur\u00e9e de lecture estim\u00e9e":"1 minute"},"schema":{"@context":"https:\/\/schema.org","@graph":[{"@type":"Article","@id":"https:\/\/vosgesinfo.fr\/saintdieinfo\/2021\/11\/point-meteo-doctobre-de-pluie-premier-gel-a-saint-die-vosges\/#article","isPartOf":{"@id":"https:\/\/vosgesinfo.fr\/saintdieinfo\/2021\/11\/point-meteo-doctobre-de-pluie-premier-gel-a-saint-die-vosges\/"},"author":{"name":"la r\u00e9daction","@id":"https:\/\/vosgesinfo.fr\/saintdieinfo\/#\/schema\/person\/faee6704a21f3977511db84bd1cd450f"},"headline":"Point m\u00e9t\u00e9o d&rsquo;octobre\u00a0: peu de pluie et premier gel \u00e0 Saint-Di\u00e9-des-Vosges","datePublished":"2021-11-03T08:18:15+00:00","dateModified":"2021-11-03T08:18:15+00:00","mainEntityOfPage":{"@id":"https:\/\/vosgesinfo.fr\/saintdieinfo\/2021\/11\/point-meteo-doctobre-de-pluie-premier-gel-a-saint-die-vosges\/"},"wordCount":213,"commentCount":0,"publisher":{"@id":"https:\/\/vosgesinfo.fr\/saintdieinfo\/#organization"},"image":{"@id":"https:\/\/vosgesinfo.fr\/saintdieinfo\/2021\/11\/point-meteo-doctobre-de-pluie-premier-gel-a-saint-die-vosges\/#primaryimage"},"thumbnailUrl":"https:\/\/vosgesinfo.fr\/app\/uploads\/sites\/4\/2024\/08\/202111point-meteo-octobre-2021.jpg","keywords":["Octobre 2021","Point m\u00e9t\u00e9o"],"articleSection":["A la Une","Saint-Di\u00e9-des-Vosges et son Agglom\u00e9ration"],"inLanguage":"fr-FR","potentialAction":[{"@type":"CommentAction","name":"Comment","target":["https:\/\/vosgesinfo.fr\/saintdieinfo\/2021\/11\/point-meteo-doctobre-de-pluie-premier-gel-a-saint-die-vosges\/#respond"]}]},{"@type":"WebPage","@id":"https:\/\/vosgesinfo.fr\/saintdieinfo\/2021\/11\/point-meteo-doctobre-de-pluie-premier-gel-a-saint-die-vosges\/","url":"https:\/\/vosgesinfo.fr\/saintdieinfo\/2021\/11\/point-meteo-doctobre-de-pluie-premier-gel-a-saint-die-vosges\/","name":"Point m\u00e9t\u00e9o d'octobre\u00a0: peu de pluie et premier gel \u00e0 Saint-Di\u00e9-des-Vosges - Saint Die Info","isPartOf":{"@id":"https:\/\/vosgesinfo.fr\/saintdieinfo\/#website"},"primaryImageOfPage":{"@id":"https:\/\/vosgesinfo.fr\/saintdieinfo\/2021\/11\/point-meteo-doctobre-de-pluie-premier-gel-a-saint-die-vosges\/#primaryimage"},"image":{"@id":"https:\/\/vosgesinfo.fr\/saintdieinfo\/2021\/11\/point-meteo-doctobre-de-pluie-premier-gel-a-saint-die-vosges\/#primaryimage"},"thumbnailUrl":"https:\/\/vosgesinfo.fr\/app\/uploads\/sites\/4\/2024\/08\/202111point-meteo-octobre-2021.jpg","datePublished":"2021-11-03T08:18:15+00:00","dateModified":"2021-11-03T08:18:15+00:00","breadcrumb":{"@id":"https:\/\/vosgesinfo.fr\/saintdieinfo\/2021\/11\/point-meteo-doctobre-de-pluie-premier-gel-a-saint-die-vosges\/#breadcrumb"},"inLanguage":"fr-FR","potentialAction":[{"@type":"ReadAction","target":["https:\/\/vosgesinfo.fr\/saintdieinfo\/2021\/11\/point-meteo-doctobre-de-pluie-premier-gel-a-saint-die-vosges\/"]}]},{"@type":"ImageObject","inLanguage":"fr-FR","@id":"https:\/\/vosgesinfo.fr\/saintdieinfo\/2021\/11\/point-meteo-doctobre-de-pluie-premier-gel-a-saint-die-vosges\/#primaryimage","url":"https:\/\/vosgesinfo.fr\/app\/uploads\/sites\/4\/2024\/08\/202111point-meteo-octobre-2021.jpg","contentUrl":"https:\/\/vosgesinfo.fr\/app\/uploads\/sites\/4\/2024\/08\/202111point-meteo-octobre-2021.jpg","width":800,"height":600},{"@type":"BreadcrumbList","@id":"https:\/\/vosgesinfo.fr\/saintdieinfo\/2021\/11\/point-meteo-doctobre-de-pluie-premier-gel-a-saint-die-vosges\/#breadcrumb","itemListElement":[{"@type":"ListItem","position":1,"name":"Home","item":"https:\/\/vosgesinfo.fr\/saintdieinfo\/"},{"@type":"ListItem","position":2,"name":"Point m\u00e9t\u00e9o d&rsquo;octobre\u00a0: peu de pluie et premier gel \u00e0 Saint-Di\u00e9-des-Vosges"}]},{"@type":"WebSite","@id":"https:\/\/vosgesinfo.fr\/saintdieinfo\/#website","url":"https:\/\/vosgesinfo.fr\/saintdieinfo\/","name":"Saint Die Info","description":"Toute l&#039;actualit\u00e9 de Saint-Di\u00e9-Des-Vosges","publisher":{"@id":"https:\/\/vosgesinfo.fr\/saintdieinfo\/#organization"},"alternateName":"Toute l'actualit\u00e9 de Saint-Di\u00e9-Des-Vosges","potentialAction":[{"@type":"SearchAction","target":{"@type":"EntryPoint","urlTemplate":"https:\/\/vosgesinfo.fr\/saintdieinfo\/?s={search_term_string}"},"query-input":"required name=search_term_string"}],"inLanguage":"fr-FR"},{"@type":"Organization","@id":"https:\/\/vosgesinfo.fr\/saintdieinfo\/#organization","name":"Saint Die Info","url":"https:\/\/vosgesinfo.fr\/saintdieinfo\/","logo":{"@type":"ImageObject","inLanguage":"fr-FR","@id":"https:\/\/vosgesinfo.fr\/saintdieinfo\/#\/schema\/logo\/image\/","url":"https:\/\/vosgesinfo.fr\/app\/uploads\/sites\/4\/2024\/02\/logo-sdi.jpg","contentUrl":"https:\/\/vosgesinfo.fr\/app\/uploads\/sites\/4\/2024\/02\/logo-sdi.jpg","width":600,"height":600,"caption":"Saint Die Info"},"image":{"@id":"https:\/\/vosgesinfo.fr\/saintdieinfo\/#\/schema\/logo\/image\/"},"sameAs":["https:\/\/www.facebook.com\/Saintdieinfofr","https:\/\/x.com\/VosgesInfo88","https:\/\/www.youtube.com\/@vosgesinfo"]},{"@type":"Person","@id":"https:\/\/vosgesinfo.fr\/saintdieinfo\/#\/schema\/person\/faee6704a21f3977511db84bd1cd450f","name":"la r\u00e9daction","image":{"@type":"ImageObject","inLanguage":"fr-FR","@id":"https:\/\/vosgesinfo.fr\/saintdieinfo\/#\/schema\/person\/image\/","url":"https:\/\/secure.gravatar.com\/avatar\/6673d8bc6a9c17fa9a453eaa3448de834fa308c2ec9635b7aa99441a7c8d2cf6?s=96&d=mm&r=g","contentUrl":"https:\/\/secure.gravatar.com\/avatar\/6673d8bc6a9c17fa9a453eaa3448de834fa308c2ec9635b7aa99441a7c8d2cf6?s=96&d=mm&r=g","caption":"la r\u00e9daction"},"url":"https:\/\/vosgesinfo.fr\/saintdieinfo\/author\/redac\/"}]}},"_links":{"self":[{"href":"https:\/\/vosgesinfo.fr\/saintdieinfo\/wp-json\/wp\/v2\/posts\/44616","targetHints":{"allow":["GET"]}}],"collection":[{"href":"https:\/\/vosgesinfo.fr\/saintdieinfo\/wp-json\/wp\/v2\/posts"}],"about":[{"href":"https:\/\/vosgesinfo.fr\/saintdieinfo\/wp-json\/wp\/v2\/types\/post"}],"author":[{"embeddable":true,"href":"https:\/\/vosgesinfo.fr\/saintdieinfo\/wp-json\/wp\/v2\/users\/44"}],"replies":[{"embeddable":true,"href":"https:\/\/vosgesinfo.fr\/saintdieinfo\/wp-json\/wp\/v2\/comments?post=44616"}],"version-history":[{"count":0,"href":"https:\/\/vosgesinfo.fr\/saintdieinfo\/wp-json\/wp\/v2\/posts\/44616\/revisions"}],"wp:featuredmedia":[{"embeddable":true,"href":"https:\/\/vosgesinfo.fr\/saintdieinfo\/wp-json\/wp\/v2\/media\/44617"}],"wp:attachment":[{"href":"https:\/\/vosgesinfo.fr\/saintdieinfo\/wp-json\/wp\/v2\/media?parent=44616"}],"wp:term":[{"taxonomy":"category","embeddable":true,"href":"https:\/\/vosgesinfo.fr\/saintdieinfo\/wp-json\/wp\/v2\/categories?post=44616"},{"taxonomy":"post_tag","embeddable":true,"href":"https:\/\/vosgesinfo.fr\/saintdieinfo\/wp-json\/wp\/v2\/tags?post=44616"}],"curies":[{"name":"wp","href":"https:\/\/api.w.org\/{rel}","templated":true}]}}