{"id":44753,"date":"2021-11-06T10:26:33","date_gmt":"2021-11-06T09:26:33","guid":{"rendered":"https:\/\/vosgesinfo.fr\/saintdieinfo\/2021\/11\/feel-of-floyd-loeuvre-legendaire-groupe-britannique-revisitee-a-sauce-deodatienne\/"},"modified":"2021-11-06T10:26:33","modified_gmt":"2021-11-06T09:26:33","slug":"feel-of-floyd-loeuvre-legendaire-groupe-britannique-revisitee-a-sauce-deodatienne","status":"publish","type":"post","link":"https:\/\/vosgesinfo.fr\/saintdieinfo\/2021\/11\/feel-of-floyd-loeuvre-legendaire-groupe-britannique-revisitee-a-sauce-deodatienne\/","title":{"rendered":"\u00ab\u00a0Feel of Floyd\u00a0\u00bb, l&rsquo;oeuvre du l\u00e9gendaire groupe britannique revisit\u00e9e \u00e0 la sauce d\u00e9odatienne"},"content":{"rendered":"\n<h2><span style=\"font-size: 14pt;\"><strong>Apr\u00e8s 2 ans d&rsquo;absence sur sc\u00e8ne \u2013 crise sanitaire oblige \u2013 l&rsquo;Orchestre d&rsquo;Harmonie de Saint-Di\u00e9-des-Vosges fera prochainement son retour devant le public. Plus exactement les samedi 11 et dimanche 12 d\u00e9cembre prochains, \u00e0 l&rsquo;occasion des 2 repr\u00e9sentations du projet \u00ab\u00a0Feel of Floyd\u00a0\u00bb de l&rsquo;association Orchestre+\u00a0.<\/strong><\/span><\/h2>\n<p><!--more--><\/p>\n<p>\u00ab\u00a0Feel of Floyd\u00a0\u00bb, c&rsquo;est un double concert hommage au l\u00e9gendaire groupe Pink Floyd&#8230; mais pas un \u00e9ni\u00e8me \u00ab\u00a0tribute\u00a0\u00bb comme il en existe d\u00e9j\u00e0 tant. Sur la sc\u00e8ne de l&rsquo;Espace Georges-Sadoul, le groupe form\u00e9 pour l&rsquo;occasion par les musiciens professionnels C\u00e9dric Beno\u00eet (chant et guitare), St\u00e9phane Escoms (clavier et choeurs), David Obeltz (chant et guitare basse), Fred Villard (batterie) ainsi que les choristes Carole Fleurot et Aline Stouvenel sera accompagn\u00e9 par les musiciens de l&rsquo;Orchestre d&rsquo;Harmonie.<\/p>\n<p>L&rsquo;accompagnement de l&rsquo;orchestre renforcera la prestation du groupe et des choristes, donnant une nouvelle dimension aux compositions de Roger Waters et sa bande. Une quinzaine de morceaux seront revisit\u00e9s en environ 1h30 lors de chaque concert. Des morceaux tir\u00e9s des incontournables \u00ab\u00a0Dark Side of the Moon\u00a0\u00bb et \u00ab\u00a0The Wall\u00a0\u00bb, mais aussi d&rsquo;autres albums de la -riche \u2013 discographie des Pink Floyd.<\/p>\n<p>Comme pour chaque concert propos\u00e9 par Orchestre+, l&rsquo;entr\u00e9e est libre mais une r\u00e9servation pr\u00e9alable est demand\u00e9e car le nombre de places est limit\u00e9, par t\u00e9l\u00e9phone au <strong>03-29-56-14-09<\/strong> ou via <strong><a href=\"mailto:billetterie@ca-saintdie.fr\" target=\"_blank\" rel=\"noopener\">billetterie@ca-saintdie.fr<\/a><\/strong>. Renseignements compl\u00e9mentaires sur <a href=\"https:\/\/www.facebook.com\/events\/2040381936143708\/?acontext=%7B%22ref%22%3A%2252%22%2C%22action_history%22%3A%22[%7B%5C%22surface%5C%22%3A%5C%22share_link%5C%22%2C%5C%22mechanism%5C%22%3A%5C%22share_link%5C%22%2C%5C%22extra_data%5C%22%3A%7B%5C%22invite_link_id%5C%22%3A908444350101522%7D%7D]%22%7D\" target=\"_blank\" rel=\"noopener\"><strong>l&rsquo;\u00e9v\u00e9nement Facebook.<\/strong><\/a><\/p>\n<p>J.J.<\/p>\n<p><a href=\"\/2021\/11\/Feel_of_Floyd-1.png\" target=\"_blank\" rel=\"noopener\"><img decoding=\"async\" class=\"aligncenter wp-image-174148 size-full\" src=\"\/2021\/11\/Feel_of_Floyd-1.png\" alt=\"Feel_of_Floyd (1)\" width=\"566\" height=\"800\" \/><\/a><\/p>\n","protected":false},"excerpt":{"rendered":"<p>Apr\u00e8s 2 ans d&rsquo;absence sur sc\u00e8ne \u2013 crise sanitaire oblige \u2013 l&rsquo;Orchestre d&rsquo;Harmonie de Saint-Di\u00e9-des-Vosges fera prochainement son retour devant [&hellip;]<\/p>\n","protected":false},"author":44,"featured_media":44754,"comment_status":"open","ping_status":"open","sticky":false,"template":"","format":"standard","meta":{"footnotes":""},"categories":[460,8003,7847,2915,17],"tags":[3559,9462,5711,3697,2594],"class_list":["post-44753","post","type-post","status-publish","format-standard","has-post-thumbnail","hentry","category-a-la-une","category-concert-culture","category-art-culture","category-saint-die-son-canton","category-vie-associative","tag-espace-georges-sadoul","tag-feel-of-floyd","tag-orchestre-dharmonie-de-saint-die-des-vosges","tag-orchestre","tag-pink-floyd"],"acf":[],"yoast_head":"<!-- This site is optimized with the Yoast SEO plugin v22.5 - https:\/\/yoast.com\/wordpress\/plugins\/seo\/ -->\n<title>\u00ab\u00a0Feel of Floyd\u00a0\u00bb, l&#039;oeuvre du l\u00e9gendaire groupe britannique revisit\u00e9e \u00e0 la sauce d\u00e9odatienne - Saint Die Info<\/title>\n<meta name=\"robots\" content=\"index, follow, max-snippet:-1, max-image-preview:large, max-video-preview:-1\" \/>\n<link rel=\"canonical\" href=\"https:\/\/vosgesinfo.fr\/saintdieinfo\/2021\/11\/feel-of-floyd-loeuvre-legendaire-groupe-britannique-revisitee-a-sauce-deodatienne\/\" \/>\n<meta name=\"twitter:card\" content=\"summary_large_image\" \/>\n<meta name=\"twitter:title\" content=\"\u00ab\u00a0Feel of Floyd\u00a0\u00bb, l&#039;oeuvre du l\u00e9gendaire groupe britannique revisit\u00e9e \u00e0 la sauce d\u00e9odatienne - Saint Die Info\" \/>\n<meta name=\"twitter:description\" content=\"Apr\u00e8s 2 ans d&rsquo;absence sur sc\u00e8ne \u2013 crise sanitaire oblige \u2013 l&rsquo;Orchestre d&rsquo;Harmonie de Saint-Di\u00e9-des-Vosges fera prochainement son retour devant [&hellip;]\" \/>\n<meta name=\"twitter:image\" content=\"https:\/\/vosgesinfo.fr\/app\/uploads\/sites\/4\/2024\/08\/202111feel-of-floyd-1.jpg\" \/>\n<meta name=\"twitter:creator\" content=\"@VosgesInfo88\" \/>\n<meta name=\"twitter:site\" content=\"@VosgesInfo88\" \/>\n<meta name=\"twitter:label1\" content=\"\u00c9crit par\" \/>\n\t<meta name=\"twitter:data1\" content=\"la r\u00e9daction\" \/>\n\t<meta name=\"twitter:label2\" content=\"Dur\u00e9e de lecture estim\u00e9e\" \/>\n\t<meta name=\"twitter:data2\" content=\"1 minute\" \/>\n<script type=\"application\/ld+json\" class=\"yoast-schema-graph\">{\"@context\":\"https:\/\/schema.org\",\"@graph\":[{\"@type\":\"Article\",\"@id\":\"https:\/\/vosgesinfo.fr\/saintdieinfo\/2021\/11\/feel-of-floyd-loeuvre-legendaire-groupe-britannique-revisitee-a-sauce-deodatienne\/#article\",\"isPartOf\":{\"@id\":\"https:\/\/vosgesinfo.fr\/saintdieinfo\/2021\/11\/feel-of-floyd-loeuvre-legendaire-groupe-britannique-revisitee-a-sauce-deodatienne\/\"},\"author\":{\"name\":\"la r\u00e9daction\",\"@id\":\"https:\/\/vosgesinfo.fr\/saintdieinfo\/#\/schema\/person\/faee6704a21f3977511db84bd1cd450f\"},\"headline\":\"\u00ab\u00a0Feel of Floyd\u00a0\u00bb, l&rsquo;oeuvre du l\u00e9gendaire groupe britannique revisit\u00e9e \u00e0 la sauce d\u00e9odatienne\",\"datePublished\":\"2021-11-06T09:26:33+00:00\",\"dateModified\":\"2021-11-06T09:26:33+00:00\",\"mainEntityOfPage\":{\"@id\":\"https:\/\/vosgesinfo.fr\/saintdieinfo\/2021\/11\/feel-of-floyd-loeuvre-legendaire-groupe-britannique-revisitee-a-sauce-deodatienne\/\"},\"wordCount\":274,\"commentCount\":0,\"publisher\":{\"@id\":\"https:\/\/vosgesinfo.fr\/saintdieinfo\/#organization\"},\"image\":{\"@id\":\"https:\/\/vosgesinfo.fr\/saintdieinfo\/2021\/11\/feel-of-floyd-loeuvre-legendaire-groupe-britannique-revisitee-a-sauce-deodatienne\/#primaryimage\"},\"thumbnailUrl\":\"https:\/\/vosgesinfo.fr\/app\/uploads\/sites\/4\/2024\/08\/202111feel-of-floyd-1.jpg\",\"keywords\":[\"Espace Georges-Sadoul\",\"Feel of Floyd\",\"Orchestre d'Harmonie de Saint-Di\u00e9-des-Vosges\",\"Orchestre+\",\"Pink Floyd\"],\"articleSection\":[\"A la Une\",\"Concert\",\"Culture\",\"Saint-Di\u00e9-des-Vosges et son Agglom\u00e9ration\",\"Vie Associative\"],\"inLanguage\":\"fr-FR\",\"potentialAction\":[{\"@type\":\"CommentAction\",\"name\":\"Comment\",\"target\":[\"https:\/\/vosgesinfo.fr\/saintdieinfo\/2021\/11\/feel-of-floyd-loeuvre-legendaire-groupe-britannique-revisitee-a-sauce-deodatienne\/#respond\"]}]},{\"@type\":\"WebPage\",\"@id\":\"https:\/\/vosgesinfo.fr\/saintdieinfo\/2021\/11\/feel-of-floyd-loeuvre-legendaire-groupe-britannique-revisitee-a-sauce-deodatienne\/\",\"url\":\"https:\/\/vosgesinfo.fr\/saintdieinfo\/2021\/11\/feel-of-floyd-loeuvre-legendaire-groupe-britannique-revisitee-a-sauce-deodatienne\/\",\"name\":\"\u00ab\u00a0Feel of Floyd\u00a0\u00bb, l'oeuvre du l\u00e9gendaire groupe britannique revisit\u00e9e \u00e0 la sauce d\u00e9odatienne - Saint Die Info\",\"isPartOf\":{\"@id\":\"https:\/\/vosgesinfo.fr\/saintdieinfo\/#website\"},\"primaryImageOfPage\":{\"@id\":\"https:\/\/vosgesinfo.fr\/saintdieinfo\/2021\/11\/feel-of-floyd-loeuvre-legendaire-groupe-britannique-revisitee-a-sauce-deodatienne\/#primaryimage\"},\"image\":{\"@id\":\"https:\/\/vosgesinfo.fr\/saintdieinfo\/2021\/11\/feel-of-floyd-loeuvre-legendaire-groupe-britannique-revisitee-a-sauce-deodatienne\/#primaryimage\"},\"thumbnailUrl\":\"https:\/\/vosgesinfo.fr\/app\/uploads\/sites\/4\/2024\/08\/202111feel-of-floyd-1.jpg\",\"datePublished\":\"2021-11-06T09:26:33+00:00\",\"dateModified\":\"2021-11-06T09:26:33+00:00\",\"breadcrumb\":{\"@id\":\"https:\/\/vosgesinfo.fr\/saintdieinfo\/2021\/11\/feel-of-floyd-loeuvre-legendaire-groupe-britannique-revisitee-a-sauce-deodatienne\/#breadcrumb\"},\"inLanguage\":\"fr-FR\",\"potentialAction\":[{\"@type\":\"ReadAction\",\"target\":[\"https:\/\/vosgesinfo.fr\/saintdieinfo\/2021\/11\/feel-of-floyd-loeuvre-legendaire-groupe-britannique-revisitee-a-sauce-deodatienne\/\"]}]},{\"@type\":\"ImageObject\",\"inLanguage\":\"fr-FR\",\"@id\":\"https:\/\/vosgesinfo.fr\/saintdieinfo\/2021\/11\/feel-of-floyd-loeuvre-legendaire-groupe-britannique-revisitee-a-sauce-deodatienne\/#primaryimage\",\"url\":\"https:\/\/vosgesinfo.fr\/app\/uploads\/sites\/4\/2024\/08\/202111feel-of-floyd-1.jpg\",\"contentUrl\":\"https:\/\/vosgesinfo.fr\/app\/uploads\/sites\/4\/2024\/08\/202111feel-of-floyd-1.jpg\",\"width\":800,\"height\":600},{\"@type\":\"BreadcrumbList\",\"@id\":\"https:\/\/vosgesinfo.fr\/saintdieinfo\/2021\/11\/feel-of-floyd-loeuvre-legendaire-groupe-britannique-revisitee-a-sauce-deodatienne\/#breadcrumb\",\"itemListElement\":[{\"@type\":\"ListItem\",\"position\":1,\"name\":\"Home\",\"item\":\"https:\/\/vosgesinfo.fr\/saintdieinfo\/\"},{\"@type\":\"ListItem\",\"position\":2,\"name\":\"\u00ab\u00a0Feel of Floyd\u00a0\u00bb, l&rsquo;oeuvre du l\u00e9gendaire groupe britannique revisit\u00e9e \u00e0 la sauce d\u00e9odatienne\"}]},{\"@type\":\"WebSite\",\"@id\":\"https:\/\/vosgesinfo.fr\/saintdieinfo\/#website\",\"url\":\"https:\/\/vosgesinfo.fr\/saintdieinfo\/\",\"name\":\"Saint Die Info\",\"description\":\"Toute l&#039;actualit\u00e9 de Saint-Di\u00e9-Des-Vosges\",\"publisher\":{\"@id\":\"https:\/\/vosgesinfo.fr\/saintdieinfo\/#organization\"},\"alternateName\":\"Toute l'actualit\u00e9 de Saint-Di\u00e9-Des-Vosges\",\"potentialAction\":[{\"@type\":\"SearchAction\",\"target\":{\"@type\":\"EntryPoint\",\"urlTemplate\":\"https:\/\/vosgesinfo.fr\/saintdieinfo\/?s={search_term_string}\"},\"query-input\":\"required name=search_term_string\"}],\"inLanguage\":\"fr-FR\"},{\"@type\":\"Organization\",\"@id\":\"https:\/\/vosgesinfo.fr\/saintdieinfo\/#organization\",\"name\":\"Saint Die Info\",\"url\":\"https:\/\/vosgesinfo.fr\/saintdieinfo\/\",\"logo\":{\"@type\":\"ImageObject\",\"inLanguage\":\"fr-FR\",\"@id\":\"https:\/\/vosgesinfo.fr\/saintdieinfo\/#\/schema\/logo\/image\/\",\"url\":\"https:\/\/vosgesinfo.fr\/app\/uploads\/sites\/4\/2024\/02\/logo-sdi.jpg\",\"contentUrl\":\"https:\/\/vosgesinfo.fr\/app\/uploads\/sites\/4\/2024\/02\/logo-sdi.jpg\",\"width\":600,\"height\":600,\"caption\":\"Saint Die Info\"},\"image\":{\"@id\":\"https:\/\/vosgesinfo.fr\/saintdieinfo\/#\/schema\/logo\/image\/\"},\"sameAs\":[\"https:\/\/www.facebook.com\/Saintdieinfofr\",\"https:\/\/x.com\/VosgesInfo88\",\"https:\/\/www.youtube.com\/@vosgesinfo\"]},{\"@type\":\"Person\",\"@id\":\"https:\/\/vosgesinfo.fr\/saintdieinfo\/#\/schema\/person\/faee6704a21f3977511db84bd1cd450f\",\"name\":\"la r\u00e9daction\",\"image\":{\"@type\":\"ImageObject\",\"inLanguage\":\"fr-FR\",\"@id\":\"https:\/\/vosgesinfo.fr\/saintdieinfo\/#\/schema\/person\/image\/\",\"url\":\"https:\/\/secure.gravatar.com\/avatar\/6673d8bc6a9c17fa9a453eaa3448de834fa308c2ec9635b7aa99441a7c8d2cf6?s=96&d=mm&r=g\",\"contentUrl\":\"https:\/\/secure.gravatar.com\/avatar\/6673d8bc6a9c17fa9a453eaa3448de834fa308c2ec9635b7aa99441a7c8d2cf6?s=96&d=mm&r=g\",\"caption\":\"la r\u00e9daction\"},\"url\":\"https:\/\/vosgesinfo.fr\/saintdieinfo\/author\/redac\/\"}]}<\/script>\n<!-- \/ Yoast SEO plugin. -->","yoast_head_json":{"title":"\u00ab\u00a0Feel of Floyd\u00a0\u00bb, l'oeuvre du l\u00e9gendaire groupe britannique revisit\u00e9e \u00e0 la sauce d\u00e9odatienne - Saint Die Info","robots":{"index":"index","follow":"follow","max-snippet":"max-snippet:-1","max-image-preview":"max-image-preview:large","max-video-preview":"max-video-preview:-1"},"canonical":"https:\/\/vosgesinfo.fr\/saintdieinfo\/2021\/11\/feel-of-floyd-loeuvre-legendaire-groupe-britannique-revisitee-a-sauce-deodatienne\/","twitter_card":"summary_large_image","twitter_title":"\u00ab\u00a0Feel of Floyd\u00a0\u00bb, l'oeuvre du l\u00e9gendaire groupe britannique revisit\u00e9e \u00e0 la sauce d\u00e9odatienne - Saint Die Info","twitter_description":"Apr\u00e8s 2 ans d&rsquo;absence sur sc\u00e8ne \u2013 crise sanitaire oblige \u2013 l&rsquo;Orchestre d&rsquo;Harmonie de Saint-Di\u00e9-des-Vosges fera prochainement son retour devant [&hellip;]","twitter_image":"https:\/\/vosgesinfo.fr\/app\/uploads\/sites\/4\/2024\/08\/202111feel-of-floyd-1.jpg","twitter_creator":"@VosgesInfo88","twitter_site":"@VosgesInfo88","twitter_misc":{"\u00c9crit par":"la r\u00e9daction","Dur\u00e9e de lecture estim\u00e9e":"1 minute"},"schema":{"@context":"https:\/\/schema.org","@graph":[{"@type":"Article","@id":"https:\/\/vosgesinfo.fr\/saintdieinfo\/2021\/11\/feel-of-floyd-loeuvre-legendaire-groupe-britannique-revisitee-a-sauce-deodatienne\/#article","isPartOf":{"@id":"https:\/\/vosgesinfo.fr\/saintdieinfo\/2021\/11\/feel-of-floyd-loeuvre-legendaire-groupe-britannique-revisitee-a-sauce-deodatienne\/"},"author":{"name":"la r\u00e9daction","@id":"https:\/\/vosgesinfo.fr\/saintdieinfo\/#\/schema\/person\/faee6704a21f3977511db84bd1cd450f"},"headline":"\u00ab\u00a0Feel of Floyd\u00a0\u00bb, l&rsquo;oeuvre du l\u00e9gendaire groupe britannique revisit\u00e9e \u00e0 la sauce d\u00e9odatienne","datePublished":"2021-11-06T09:26:33+00:00","dateModified":"2021-11-06T09:26:33+00:00","mainEntityOfPage":{"@id":"https:\/\/vosgesinfo.fr\/saintdieinfo\/2021\/11\/feel-of-floyd-loeuvre-legendaire-groupe-britannique-revisitee-a-sauce-deodatienne\/"},"wordCount":274,"commentCount":0,"publisher":{"@id":"https:\/\/vosgesinfo.fr\/saintdieinfo\/#organization"},"image":{"@id":"https:\/\/vosgesinfo.fr\/saintdieinfo\/2021\/11\/feel-of-floyd-loeuvre-legendaire-groupe-britannique-revisitee-a-sauce-deodatienne\/#primaryimage"},"thumbnailUrl":"https:\/\/vosgesinfo.fr\/app\/uploads\/sites\/4\/2024\/08\/202111feel-of-floyd-1.jpg","keywords":["Espace Georges-Sadoul","Feel of Floyd","Orchestre d'Harmonie de Saint-Di\u00e9-des-Vosges","Orchestre+","Pink Floyd"],"articleSection":["A la Une","Concert","Culture","Saint-Di\u00e9-des-Vosges et son Agglom\u00e9ration","Vie Associative"],"inLanguage":"fr-FR","potentialAction":[{"@type":"CommentAction","name":"Comment","target":["https:\/\/vosgesinfo.fr\/saintdieinfo\/2021\/11\/feel-of-floyd-loeuvre-legendaire-groupe-britannique-revisitee-a-sauce-deodatienne\/#respond"]}]},{"@type":"WebPage","@id":"https:\/\/vosgesinfo.fr\/saintdieinfo\/2021\/11\/feel-of-floyd-loeuvre-legendaire-groupe-britannique-revisitee-a-sauce-deodatienne\/","url":"https:\/\/vosgesinfo.fr\/saintdieinfo\/2021\/11\/feel-of-floyd-loeuvre-legendaire-groupe-britannique-revisitee-a-sauce-deodatienne\/","name":"\u00ab\u00a0Feel of Floyd\u00a0\u00bb, l'oeuvre du l\u00e9gendaire groupe britannique revisit\u00e9e \u00e0 la sauce d\u00e9odatienne - Saint Die Info","isPartOf":{"@id":"https:\/\/vosgesinfo.fr\/saintdieinfo\/#website"},"primaryImageOfPage":{"@id":"https:\/\/vosgesinfo.fr\/saintdieinfo\/2021\/11\/feel-of-floyd-loeuvre-legendaire-groupe-britannique-revisitee-a-sauce-deodatienne\/#primaryimage"},"image":{"@id":"https:\/\/vosgesinfo.fr\/saintdieinfo\/2021\/11\/feel-of-floyd-loeuvre-legendaire-groupe-britannique-revisitee-a-sauce-deodatienne\/#primaryimage"},"thumbnailUrl":"https:\/\/vosgesinfo.fr\/app\/uploads\/sites\/4\/2024\/08\/202111feel-of-floyd-1.jpg","datePublished":"2021-11-06T09:26:33+00:00","dateModified":"2021-11-06T09:26:33+00:00","breadcrumb":{"@id":"https:\/\/vosgesinfo.fr\/saintdieinfo\/2021\/11\/feel-of-floyd-loeuvre-legendaire-groupe-britannique-revisitee-a-sauce-deodatienne\/#breadcrumb"},"inLanguage":"fr-FR","potentialAction":[{"@type":"ReadAction","target":["https:\/\/vosgesinfo.fr\/saintdieinfo\/2021\/11\/feel-of-floyd-loeuvre-legendaire-groupe-britannique-revisitee-a-sauce-deodatienne\/"]}]},{"@type":"ImageObject","inLanguage":"fr-FR","@id":"https:\/\/vosgesinfo.fr\/saintdieinfo\/2021\/11\/feel-of-floyd-loeuvre-legendaire-groupe-britannique-revisitee-a-sauce-deodatienne\/#primaryimage","url":"https:\/\/vosgesinfo.fr\/app\/uploads\/sites\/4\/2024\/08\/202111feel-of-floyd-1.jpg","contentUrl":"https:\/\/vosgesinfo.fr\/app\/uploads\/sites\/4\/2024\/08\/202111feel-of-floyd-1.jpg","width":800,"height":600},{"@type":"BreadcrumbList","@id":"https:\/\/vosgesinfo.fr\/saintdieinfo\/2021\/11\/feel-of-floyd-loeuvre-legendaire-groupe-britannique-revisitee-a-sauce-deodatienne\/#breadcrumb","itemListElement":[{"@type":"ListItem","position":1,"name":"Home","item":"https:\/\/vosgesinfo.fr\/saintdieinfo\/"},{"@type":"ListItem","position":2,"name":"\u00ab\u00a0Feel of Floyd\u00a0\u00bb, l&rsquo;oeuvre du l\u00e9gendaire groupe britannique revisit\u00e9e \u00e0 la sauce d\u00e9odatienne"}]},{"@type":"WebSite","@id":"https:\/\/vosgesinfo.fr\/saintdieinfo\/#website","url":"https:\/\/vosgesinfo.fr\/saintdieinfo\/","name":"Saint Die Info","description":"Toute l&#039;actualit\u00e9 de Saint-Di\u00e9-Des-Vosges","publisher":{"@id":"https:\/\/vosgesinfo.fr\/saintdieinfo\/#organization"},"alternateName":"Toute l'actualit\u00e9 de Saint-Di\u00e9-Des-Vosges","potentialAction":[{"@type":"SearchAction","target":{"@type":"EntryPoint","urlTemplate":"https:\/\/vosgesinfo.fr\/saintdieinfo\/?s={search_term_string}"},"query-input":"required name=search_term_string"}],"inLanguage":"fr-FR"},{"@type":"Organization","@id":"https:\/\/vosgesinfo.fr\/saintdieinfo\/#organization","name":"Saint Die Info","url":"https:\/\/vosgesinfo.fr\/saintdieinfo\/","logo":{"@type":"ImageObject","inLanguage":"fr-FR","@id":"https:\/\/vosgesinfo.fr\/saintdieinfo\/#\/schema\/logo\/image\/","url":"https:\/\/vosgesinfo.fr\/app\/uploads\/sites\/4\/2024\/02\/logo-sdi.jpg","contentUrl":"https:\/\/vosgesinfo.fr\/app\/uploads\/sites\/4\/2024\/02\/logo-sdi.jpg","width":600,"height":600,"caption":"Saint Die Info"},"image":{"@id":"https:\/\/vosgesinfo.fr\/saintdieinfo\/#\/schema\/logo\/image\/"},"sameAs":["https:\/\/www.facebook.com\/Saintdieinfofr","https:\/\/x.com\/VosgesInfo88","https:\/\/www.youtube.com\/@vosgesinfo"]},{"@type":"Person","@id":"https:\/\/vosgesinfo.fr\/saintdieinfo\/#\/schema\/person\/faee6704a21f3977511db84bd1cd450f","name":"la r\u00e9daction","image":{"@type":"ImageObject","inLanguage":"fr-FR","@id":"https:\/\/vosgesinfo.fr\/saintdieinfo\/#\/schema\/person\/image\/","url":"https:\/\/secure.gravatar.com\/avatar\/6673d8bc6a9c17fa9a453eaa3448de834fa308c2ec9635b7aa99441a7c8d2cf6?s=96&d=mm&r=g","contentUrl":"https:\/\/secure.gravatar.com\/avatar\/6673d8bc6a9c17fa9a453eaa3448de834fa308c2ec9635b7aa99441a7c8d2cf6?s=96&d=mm&r=g","caption":"la r\u00e9daction"},"url":"https:\/\/vosgesinfo.fr\/saintdieinfo\/author\/redac\/"}]}},"_links":{"self":[{"href":"https:\/\/vosgesinfo.fr\/saintdieinfo\/wp-json\/wp\/v2\/posts\/44753","targetHints":{"allow":["GET"]}}],"collection":[{"href":"https:\/\/vosgesinfo.fr\/saintdieinfo\/wp-json\/wp\/v2\/posts"}],"about":[{"href":"https:\/\/vosgesinfo.fr\/saintdieinfo\/wp-json\/wp\/v2\/types\/post"}],"author":[{"embeddable":true,"href":"https:\/\/vosgesinfo.fr\/saintdieinfo\/wp-json\/wp\/v2\/users\/44"}],"replies":[{"embeddable":true,"href":"https:\/\/vosgesinfo.fr\/saintdieinfo\/wp-json\/wp\/v2\/comments?post=44753"}],"version-history":[{"count":0,"href":"https:\/\/vosgesinfo.fr\/saintdieinfo\/wp-json\/wp\/v2\/posts\/44753\/revisions"}],"wp:featuredmedia":[{"embeddable":true,"href":"https:\/\/vosgesinfo.fr\/saintdieinfo\/wp-json\/wp\/v2\/media\/44754"}],"wp:attachment":[{"href":"https:\/\/vosgesinfo.fr\/saintdieinfo\/wp-json\/wp\/v2\/media?parent=44753"}],"wp:term":[{"taxonomy":"category","embeddable":true,"href":"https:\/\/vosgesinfo.fr\/saintdieinfo\/wp-json\/wp\/v2\/categories?post=44753"},{"taxonomy":"post_tag","embeddable":true,"href":"https:\/\/vosgesinfo.fr\/saintdieinfo\/wp-json\/wp\/v2\/tags?post=44753"}],"curies":[{"name":"wp","href":"https:\/\/api.w.org\/{rel}","templated":true}]}}