{"id":44757,"date":"2021-11-06T12:10:17","date_gmt":"2021-11-06T11:10:17","guid":{"rendered":"https:\/\/vosgesinfo.fr\/saintdieinfo\/2021\/11\/premier-album-de-jean-michel-rey-grands\/"},"modified":"2021-11-06T12:10:17","modified_gmt":"2021-11-06T11:10:17","slug":"premier-album-de-jean-michel-rey-grands","status":"publish","type":"post","link":"https:\/\/vosgesinfo.fr\/saintdieinfo\/2021\/11\/premier-album-de-jean-michel-rey-grands\/","title":{"rendered":"\u00ab\u00a0Pourquoi pas\u00a0?\u00a0\u00bb, le premier album de Jean-Michel Rey \u00ab\u00a0pour les grands\u00a0\u00bb"},"content":{"rendered":"<div id=\"attachment_174152\" style=\"width: 810px\" class=\"wp-caption aligncenter\"><a href=\"\/2021\/11\/Pourquoi_Pas_JM_Rey.jpg\" target=\"_blank\" rel=\"noopener\"><img decoding=\"async\" aria-describedby=\"caption-attachment-174152\" class=\"wp-image-174152 size-full\" src=\"\/2021\/11\/Pourquoi_Pas_JM_Rey.jpg\" alt=\"Pourquoi_Pas_JM_Rey\" width=\"800\" height=\"452\" \/><\/a><p id=\"caption-attachment-174152\" class=\"wp-caption-text\">(Capture d&rsquo;\u00e9cran teaser \u00ab\u00a0Rayons de Sommeil\u00a0\u00bb)<\/p><\/div>\n<h2><span style=\"font-size: 14pt;\"><strong>Jean-Michel Rey, qu&rsquo;on ne pr\u00e9sente plus en D\u00e9odatie, s&rsquo;est lanc\u00e9 dans un nouveau projet musical. Mais cette fois-ci, l&rsquo;auteur, compositeur, interpr\u00e8te et guitariste d\u00e9odatien se tourne pour la premi\u00e8re fois vers un public adulte, et non pas vers les enfants comme ses 11 pr\u00e9c\u00e9dents albums.<\/strong><\/span><\/h2>\n<p><!--more--><\/p>\n<p>Judicieusement baptis\u00e9 \u00ab\u00a0Pourquoi pas\u00a0?\u00a0\u00bb, ce projet trouve son origine aux d\u00e9buts musicaux de Jean-Michel Rey. La guitare \u00e0 l&rsquo;\u00e2ge de 12 ans, les premiers \u00e9crits \u00e0 l&rsquo;adolescence, vers 16 ans, puis les premi\u00e8res chansons. Son aventure musicale d\u00e9bute vraiment en 1987 avec le duo acoustique \u00ab\u00a0Vis-\u00e0-Vis\u00a0\u00bb, qui se s\u00e9pare en 2000.<\/p>\n<p>Les chansons pour enfants prennent alors le relais, avec le succ\u00e8s que l&rsquo;on conna\u00eet. Un jour de 2016, une envie soudaine fait ressortir de l&rsquo;armoire les vieilles chansons. Cette envie, elle constitue la gen\u00e8se du projet \u00ab\u00a0Pourquoi pas\u00a0?\u00a0\u00bb, qui se concr\u00e9tise avec une semaine de studio au mois de d\u00e9cembre 2016. L&rsquo;aboutissement de la production de l&rsquo;album est proche lorsque le mixage d\u00e9marre en 2019, mais la crise sanitaire vient y mettre un coup d&rsquo;arr\u00eat. Apr\u00e8s cette parenth\u00e8se forc\u00e9e, le projet se remet en marche en janvier 2021.<\/p>\n<p>Pour finaliser les 13 chansons qui composent \u00ab\u00a0Pourquoi pas\u00a0?\u00a0\u00bb, une campagne sur la plate-forme de financement participatif \u00ab\u00a0Ulule\u00a0\u00bb a \u00e9t\u00e9 lanc\u00e9e ce vendredi 5 novembre. Un premier palier a \u00e9t\u00e9 fix\u00e9 \u00e0 de 6500 euros, afin de payer notamment les arrangements et les sessions d&rsquo;enregistrement, les musiciens, le mixage, le travail visuel ainsi que le premier clip \u00ab\u00a0Rayons de sommeil\u00a0\u00bb.<\/p>\n<p>La page de la campagne de financement participatif, qui pr\u00e9sente en d\u00e9tail le projet \u00ab\u00a0Pourquoi pas\u00a0?\u00a0\u00bb, est accessible via ce lien : <strong><a href=\"https:\/\/fr.ulule.com\/jean-michel-rey-pourquoi-pas\/\" target=\"_blank\" rel=\"noopener\">https:\/\/fr.ulule.com\/jean-michel-rey-pourquoi-pas\/<\/a><\/strong><\/p>\n<p>J.J.<\/p>\n<p><iframe loading=\"lazy\" src=\"\/\/www.youtube.com\/embed\/J7of8IU5rXQ\" width=\"425\" height=\"350\" allowfullscreen=\"allowfullscreen\"><\/iframe><\/p>\n","protected":false},"excerpt":{"rendered":"<p>Jean-Michel Rey, qu&rsquo;on ne pr\u00e9sente plus en D\u00e9odatie, s&rsquo;est lanc\u00e9 dans un nouveau projet musical. Mais cette fois-ci, l&rsquo;auteur, compositeur, [&hellip;]<\/p>\n","protected":false},"author":44,"featured_media":44758,"comment_status":"open","ping_status":"open","sticky":false,"template":"","format":"standard","meta":{"footnotes":""},"categories":[460,8019,7847,2915],"tags":[9463,2940,9464,2474],"class_list":["post-44757","post","type-post","status-publish","format-standard","has-post-thumbnail","hentry","category-a-la-une","category-vie-artistique-art-culture","category-art-culture","category-saint-die-son-canton","tag-financement-participatif","tag-jean-michel-rey","tag-pourquoi-pas","tag-ulule"],"acf":[],"yoast_head":"<!-- This site is optimized with the Yoast SEO plugin v22.5 - https:\/\/yoast.com\/wordpress\/plugins\/seo\/ -->\n<title>\u00ab\u00a0Pourquoi pas\u00a0?\u00a0\u00bb, le premier album de Jean-Michel Rey \u00ab\u00a0pour les grands\u00a0\u00bb - Saint Die Info<\/title>\n<meta name=\"robots\" content=\"index, follow, max-snippet:-1, max-image-preview:large, max-video-preview:-1\" \/>\n<link rel=\"canonical\" href=\"https:\/\/vosgesinfo.fr\/saintdieinfo\/2021\/11\/premier-album-de-jean-michel-rey-grands\/\" \/>\n<meta name=\"twitter:card\" content=\"summary_large_image\" \/>\n<meta name=\"twitter:title\" content=\"\u00ab\u00a0Pourquoi pas\u00a0?\u00a0\u00bb, le premier album de Jean-Michel Rey \u00ab\u00a0pour les grands\u00a0\u00bb - Saint Die Info\" \/>\n<meta name=\"twitter:description\" content=\"Jean-Michel Rey, qu&rsquo;on ne pr\u00e9sente plus en D\u00e9odatie, s&rsquo;est lanc\u00e9 dans un nouveau projet musical. Mais cette fois-ci, l&rsquo;auteur, compositeur, [&hellip;]\" \/>\n<meta name=\"twitter:image\" content=\"https:\/\/vosgesinfo.fr\/app\/uploads\/sites\/4\/2024\/08\/202111pourquoi-pas-jm-rey.jpg\" \/>\n<meta name=\"twitter:creator\" content=\"@VosgesInfo88\" \/>\n<meta name=\"twitter:site\" content=\"@VosgesInfo88\" \/>\n<meta name=\"twitter:label1\" content=\"\u00c9crit par\" \/>\n\t<meta name=\"twitter:data1\" content=\"la r\u00e9daction\" \/>\n\t<meta name=\"twitter:label2\" content=\"Dur\u00e9e de lecture estim\u00e9e\" \/>\n\t<meta name=\"twitter:data2\" content=\"1 minute\" \/>\n<script type=\"application\/ld+json\" class=\"yoast-schema-graph\">{\"@context\":\"https:\/\/schema.org\",\"@graph\":[{\"@type\":\"Article\",\"@id\":\"https:\/\/vosgesinfo.fr\/saintdieinfo\/2021\/11\/premier-album-de-jean-michel-rey-grands\/#article\",\"isPartOf\":{\"@id\":\"https:\/\/vosgesinfo.fr\/saintdieinfo\/2021\/11\/premier-album-de-jean-michel-rey-grands\/\"},\"author\":{\"name\":\"la r\u00e9daction\",\"@id\":\"https:\/\/vosgesinfo.fr\/saintdieinfo\/#\/schema\/person\/faee6704a21f3977511db84bd1cd450f\"},\"headline\":\"\u00ab\u00a0Pourquoi pas\u00a0?\u00a0\u00bb, le premier album de Jean-Michel Rey \u00ab\u00a0pour les grands\u00a0\u00bb\",\"datePublished\":\"2021-11-06T11:10:17+00:00\",\"dateModified\":\"2021-11-06T11:10:17+00:00\",\"mainEntityOfPage\":{\"@id\":\"https:\/\/vosgesinfo.fr\/saintdieinfo\/2021\/11\/premier-album-de-jean-michel-rey-grands\/\"},\"wordCount\":318,\"commentCount\":0,\"publisher\":{\"@id\":\"https:\/\/vosgesinfo.fr\/saintdieinfo\/#organization\"},\"image\":{\"@id\":\"https:\/\/vosgesinfo.fr\/saintdieinfo\/2021\/11\/premier-album-de-jean-michel-rey-grands\/#primaryimage\"},\"thumbnailUrl\":\"https:\/\/vosgesinfo.fr\/app\/uploads\/sites\/4\/2024\/08\/202111pourquoi-pas-jm-rey.jpg\",\"keywords\":[\"Financement participatif\",\"Jean-Michel Rey\",\"Pourquoi pas ?\",\"Ulule\"],\"articleSection\":[\"A la Une\",\"Art\",\"Culture\",\"Saint-Di\u00e9-des-Vosges et son Agglom\u00e9ration\"],\"inLanguage\":\"fr-FR\",\"potentialAction\":[{\"@type\":\"CommentAction\",\"name\":\"Comment\",\"target\":[\"https:\/\/vosgesinfo.fr\/saintdieinfo\/2021\/11\/premier-album-de-jean-michel-rey-grands\/#respond\"]}]},{\"@type\":\"WebPage\",\"@id\":\"https:\/\/vosgesinfo.fr\/saintdieinfo\/2021\/11\/premier-album-de-jean-michel-rey-grands\/\",\"url\":\"https:\/\/vosgesinfo.fr\/saintdieinfo\/2021\/11\/premier-album-de-jean-michel-rey-grands\/\",\"name\":\"\u00ab\u00a0Pourquoi pas\u00a0?\u00a0\u00bb, le premier album de Jean-Michel Rey \u00ab\u00a0pour les grands\u00a0\u00bb - Saint Die Info\",\"isPartOf\":{\"@id\":\"https:\/\/vosgesinfo.fr\/saintdieinfo\/#website\"},\"primaryImageOfPage\":{\"@id\":\"https:\/\/vosgesinfo.fr\/saintdieinfo\/2021\/11\/premier-album-de-jean-michel-rey-grands\/#primaryimage\"},\"image\":{\"@id\":\"https:\/\/vosgesinfo.fr\/saintdieinfo\/2021\/11\/premier-album-de-jean-michel-rey-grands\/#primaryimage\"},\"thumbnailUrl\":\"https:\/\/vosgesinfo.fr\/app\/uploads\/sites\/4\/2024\/08\/202111pourquoi-pas-jm-rey.jpg\",\"datePublished\":\"2021-11-06T11:10:17+00:00\",\"dateModified\":\"2021-11-06T11:10:17+00:00\",\"breadcrumb\":{\"@id\":\"https:\/\/vosgesinfo.fr\/saintdieinfo\/2021\/11\/premier-album-de-jean-michel-rey-grands\/#breadcrumb\"},\"inLanguage\":\"fr-FR\",\"potentialAction\":[{\"@type\":\"ReadAction\",\"target\":[\"https:\/\/vosgesinfo.fr\/saintdieinfo\/2021\/11\/premier-album-de-jean-michel-rey-grands\/\"]}]},{\"@type\":\"ImageObject\",\"inLanguage\":\"fr-FR\",\"@id\":\"https:\/\/vosgesinfo.fr\/saintdieinfo\/2021\/11\/premier-album-de-jean-michel-rey-grands\/#primaryimage\",\"url\":\"https:\/\/vosgesinfo.fr\/app\/uploads\/sites\/4\/2024\/08\/202111pourquoi-pas-jm-rey.jpg\",\"contentUrl\":\"https:\/\/vosgesinfo.fr\/app\/uploads\/sites\/4\/2024\/08\/202111pourquoi-pas-jm-rey.jpg\",\"width\":800,\"height\":452},{\"@type\":\"BreadcrumbList\",\"@id\":\"https:\/\/vosgesinfo.fr\/saintdieinfo\/2021\/11\/premier-album-de-jean-michel-rey-grands\/#breadcrumb\",\"itemListElement\":[{\"@type\":\"ListItem\",\"position\":1,\"name\":\"Home\",\"item\":\"https:\/\/vosgesinfo.fr\/saintdieinfo\/\"},{\"@type\":\"ListItem\",\"position\":2,\"name\":\"\u00ab\u00a0Pourquoi pas\u00a0?\u00a0\u00bb, le premier album de Jean-Michel Rey \u00ab\u00a0pour les grands\u00a0\u00bb\"}]},{\"@type\":\"WebSite\",\"@id\":\"https:\/\/vosgesinfo.fr\/saintdieinfo\/#website\",\"url\":\"https:\/\/vosgesinfo.fr\/saintdieinfo\/\",\"name\":\"Saint Die Info\",\"description\":\"Toute l&#039;actualit\u00e9 de Saint-Di\u00e9-Des-Vosges\",\"publisher\":{\"@id\":\"https:\/\/vosgesinfo.fr\/saintdieinfo\/#organization\"},\"alternateName\":\"Toute l'actualit\u00e9 de Saint-Di\u00e9-Des-Vosges\",\"potentialAction\":[{\"@type\":\"SearchAction\",\"target\":{\"@type\":\"EntryPoint\",\"urlTemplate\":\"https:\/\/vosgesinfo.fr\/saintdieinfo\/?s={search_term_string}\"},\"query-input\":\"required name=search_term_string\"}],\"inLanguage\":\"fr-FR\"},{\"@type\":\"Organization\",\"@id\":\"https:\/\/vosgesinfo.fr\/saintdieinfo\/#organization\",\"name\":\"Saint Die Info\",\"url\":\"https:\/\/vosgesinfo.fr\/saintdieinfo\/\",\"logo\":{\"@type\":\"ImageObject\",\"inLanguage\":\"fr-FR\",\"@id\":\"https:\/\/vosgesinfo.fr\/saintdieinfo\/#\/schema\/logo\/image\/\",\"url\":\"https:\/\/vosgesinfo.fr\/app\/uploads\/sites\/4\/2024\/02\/logo-sdi.jpg\",\"contentUrl\":\"https:\/\/vosgesinfo.fr\/app\/uploads\/sites\/4\/2024\/02\/logo-sdi.jpg\",\"width\":600,\"height\":600,\"caption\":\"Saint Die Info\"},\"image\":{\"@id\":\"https:\/\/vosgesinfo.fr\/saintdieinfo\/#\/schema\/logo\/image\/\"},\"sameAs\":[\"https:\/\/www.facebook.com\/Saintdieinfofr\",\"https:\/\/x.com\/VosgesInfo88\",\"https:\/\/www.youtube.com\/@vosgesinfo\"]},{\"@type\":\"Person\",\"@id\":\"https:\/\/vosgesinfo.fr\/saintdieinfo\/#\/schema\/person\/faee6704a21f3977511db84bd1cd450f\",\"name\":\"la r\u00e9daction\",\"image\":{\"@type\":\"ImageObject\",\"inLanguage\":\"fr-FR\",\"@id\":\"https:\/\/vosgesinfo.fr\/saintdieinfo\/#\/schema\/person\/image\/\",\"url\":\"https:\/\/secure.gravatar.com\/avatar\/6673d8bc6a9c17fa9a453eaa3448de834fa308c2ec9635b7aa99441a7c8d2cf6?s=96&d=mm&r=g\",\"contentUrl\":\"https:\/\/secure.gravatar.com\/avatar\/6673d8bc6a9c17fa9a453eaa3448de834fa308c2ec9635b7aa99441a7c8d2cf6?s=96&d=mm&r=g\",\"caption\":\"la r\u00e9daction\"},\"url\":\"https:\/\/vosgesinfo.fr\/saintdieinfo\/author\/redac\/\"}]}<\/script>\n<!-- \/ Yoast SEO plugin. -->","yoast_head_json":{"title":"\u00ab\u00a0Pourquoi pas\u00a0?\u00a0\u00bb, le premier album de Jean-Michel Rey \u00ab\u00a0pour les grands\u00a0\u00bb - Saint Die Info","robots":{"index":"index","follow":"follow","max-snippet":"max-snippet:-1","max-image-preview":"max-image-preview:large","max-video-preview":"max-video-preview:-1"},"canonical":"https:\/\/vosgesinfo.fr\/saintdieinfo\/2021\/11\/premier-album-de-jean-michel-rey-grands\/","twitter_card":"summary_large_image","twitter_title":"\u00ab\u00a0Pourquoi pas\u00a0?\u00a0\u00bb, le premier album de Jean-Michel Rey \u00ab\u00a0pour les grands\u00a0\u00bb - Saint Die Info","twitter_description":"Jean-Michel Rey, qu&rsquo;on ne pr\u00e9sente plus en D\u00e9odatie, s&rsquo;est lanc\u00e9 dans un nouveau projet musical. Mais cette fois-ci, l&rsquo;auteur, compositeur, [&hellip;]","twitter_image":"https:\/\/vosgesinfo.fr\/app\/uploads\/sites\/4\/2024\/08\/202111pourquoi-pas-jm-rey.jpg","twitter_creator":"@VosgesInfo88","twitter_site":"@VosgesInfo88","twitter_misc":{"\u00c9crit par":"la r\u00e9daction","Dur\u00e9e de lecture estim\u00e9e":"1 minute"},"schema":{"@context":"https:\/\/schema.org","@graph":[{"@type":"Article","@id":"https:\/\/vosgesinfo.fr\/saintdieinfo\/2021\/11\/premier-album-de-jean-michel-rey-grands\/#article","isPartOf":{"@id":"https:\/\/vosgesinfo.fr\/saintdieinfo\/2021\/11\/premier-album-de-jean-michel-rey-grands\/"},"author":{"name":"la r\u00e9daction","@id":"https:\/\/vosgesinfo.fr\/saintdieinfo\/#\/schema\/person\/faee6704a21f3977511db84bd1cd450f"},"headline":"\u00ab\u00a0Pourquoi pas\u00a0?\u00a0\u00bb, le premier album de Jean-Michel Rey \u00ab\u00a0pour les grands\u00a0\u00bb","datePublished":"2021-11-06T11:10:17+00:00","dateModified":"2021-11-06T11:10:17+00:00","mainEntityOfPage":{"@id":"https:\/\/vosgesinfo.fr\/saintdieinfo\/2021\/11\/premier-album-de-jean-michel-rey-grands\/"},"wordCount":318,"commentCount":0,"publisher":{"@id":"https:\/\/vosgesinfo.fr\/saintdieinfo\/#organization"},"image":{"@id":"https:\/\/vosgesinfo.fr\/saintdieinfo\/2021\/11\/premier-album-de-jean-michel-rey-grands\/#primaryimage"},"thumbnailUrl":"https:\/\/vosgesinfo.fr\/app\/uploads\/sites\/4\/2024\/08\/202111pourquoi-pas-jm-rey.jpg","keywords":["Financement participatif","Jean-Michel Rey","Pourquoi pas ?","Ulule"],"articleSection":["A la Une","Art","Culture","Saint-Di\u00e9-des-Vosges et son Agglom\u00e9ration"],"inLanguage":"fr-FR","potentialAction":[{"@type":"CommentAction","name":"Comment","target":["https:\/\/vosgesinfo.fr\/saintdieinfo\/2021\/11\/premier-album-de-jean-michel-rey-grands\/#respond"]}]},{"@type":"WebPage","@id":"https:\/\/vosgesinfo.fr\/saintdieinfo\/2021\/11\/premier-album-de-jean-michel-rey-grands\/","url":"https:\/\/vosgesinfo.fr\/saintdieinfo\/2021\/11\/premier-album-de-jean-michel-rey-grands\/","name":"\u00ab\u00a0Pourquoi pas\u00a0?\u00a0\u00bb, le premier album de Jean-Michel Rey \u00ab\u00a0pour les grands\u00a0\u00bb - Saint Die Info","isPartOf":{"@id":"https:\/\/vosgesinfo.fr\/saintdieinfo\/#website"},"primaryImageOfPage":{"@id":"https:\/\/vosgesinfo.fr\/saintdieinfo\/2021\/11\/premier-album-de-jean-michel-rey-grands\/#primaryimage"},"image":{"@id":"https:\/\/vosgesinfo.fr\/saintdieinfo\/2021\/11\/premier-album-de-jean-michel-rey-grands\/#primaryimage"},"thumbnailUrl":"https:\/\/vosgesinfo.fr\/app\/uploads\/sites\/4\/2024\/08\/202111pourquoi-pas-jm-rey.jpg","datePublished":"2021-11-06T11:10:17+00:00","dateModified":"2021-11-06T11:10:17+00:00","breadcrumb":{"@id":"https:\/\/vosgesinfo.fr\/saintdieinfo\/2021\/11\/premier-album-de-jean-michel-rey-grands\/#breadcrumb"},"inLanguage":"fr-FR","potentialAction":[{"@type":"ReadAction","target":["https:\/\/vosgesinfo.fr\/saintdieinfo\/2021\/11\/premier-album-de-jean-michel-rey-grands\/"]}]},{"@type":"ImageObject","inLanguage":"fr-FR","@id":"https:\/\/vosgesinfo.fr\/saintdieinfo\/2021\/11\/premier-album-de-jean-michel-rey-grands\/#primaryimage","url":"https:\/\/vosgesinfo.fr\/app\/uploads\/sites\/4\/2024\/08\/202111pourquoi-pas-jm-rey.jpg","contentUrl":"https:\/\/vosgesinfo.fr\/app\/uploads\/sites\/4\/2024\/08\/202111pourquoi-pas-jm-rey.jpg","width":800,"height":452},{"@type":"BreadcrumbList","@id":"https:\/\/vosgesinfo.fr\/saintdieinfo\/2021\/11\/premier-album-de-jean-michel-rey-grands\/#breadcrumb","itemListElement":[{"@type":"ListItem","position":1,"name":"Home","item":"https:\/\/vosgesinfo.fr\/saintdieinfo\/"},{"@type":"ListItem","position":2,"name":"\u00ab\u00a0Pourquoi pas\u00a0?\u00a0\u00bb, le premier album de Jean-Michel Rey \u00ab\u00a0pour les grands\u00a0\u00bb"}]},{"@type":"WebSite","@id":"https:\/\/vosgesinfo.fr\/saintdieinfo\/#website","url":"https:\/\/vosgesinfo.fr\/saintdieinfo\/","name":"Saint Die Info","description":"Toute l&#039;actualit\u00e9 de Saint-Di\u00e9-Des-Vosges","publisher":{"@id":"https:\/\/vosgesinfo.fr\/saintdieinfo\/#organization"},"alternateName":"Toute l'actualit\u00e9 de Saint-Di\u00e9-Des-Vosges","potentialAction":[{"@type":"SearchAction","target":{"@type":"EntryPoint","urlTemplate":"https:\/\/vosgesinfo.fr\/saintdieinfo\/?s={search_term_string}"},"query-input":"required name=search_term_string"}],"inLanguage":"fr-FR"},{"@type":"Organization","@id":"https:\/\/vosgesinfo.fr\/saintdieinfo\/#organization","name":"Saint Die Info","url":"https:\/\/vosgesinfo.fr\/saintdieinfo\/","logo":{"@type":"ImageObject","inLanguage":"fr-FR","@id":"https:\/\/vosgesinfo.fr\/saintdieinfo\/#\/schema\/logo\/image\/","url":"https:\/\/vosgesinfo.fr\/app\/uploads\/sites\/4\/2024\/02\/logo-sdi.jpg","contentUrl":"https:\/\/vosgesinfo.fr\/app\/uploads\/sites\/4\/2024\/02\/logo-sdi.jpg","width":600,"height":600,"caption":"Saint Die Info"},"image":{"@id":"https:\/\/vosgesinfo.fr\/saintdieinfo\/#\/schema\/logo\/image\/"},"sameAs":["https:\/\/www.facebook.com\/Saintdieinfofr","https:\/\/x.com\/VosgesInfo88","https:\/\/www.youtube.com\/@vosgesinfo"]},{"@type":"Person","@id":"https:\/\/vosgesinfo.fr\/saintdieinfo\/#\/schema\/person\/faee6704a21f3977511db84bd1cd450f","name":"la r\u00e9daction","image":{"@type":"ImageObject","inLanguage":"fr-FR","@id":"https:\/\/vosgesinfo.fr\/saintdieinfo\/#\/schema\/person\/image\/","url":"https:\/\/secure.gravatar.com\/avatar\/6673d8bc6a9c17fa9a453eaa3448de834fa308c2ec9635b7aa99441a7c8d2cf6?s=96&d=mm&r=g","contentUrl":"https:\/\/secure.gravatar.com\/avatar\/6673d8bc6a9c17fa9a453eaa3448de834fa308c2ec9635b7aa99441a7c8d2cf6?s=96&d=mm&r=g","caption":"la r\u00e9daction"},"url":"https:\/\/vosgesinfo.fr\/saintdieinfo\/author\/redac\/"}]}},"_links":{"self":[{"href":"https:\/\/vosgesinfo.fr\/saintdieinfo\/wp-json\/wp\/v2\/posts\/44757","targetHints":{"allow":["GET"]}}],"collection":[{"href":"https:\/\/vosgesinfo.fr\/saintdieinfo\/wp-json\/wp\/v2\/posts"}],"about":[{"href":"https:\/\/vosgesinfo.fr\/saintdieinfo\/wp-json\/wp\/v2\/types\/post"}],"author":[{"embeddable":true,"href":"https:\/\/vosgesinfo.fr\/saintdieinfo\/wp-json\/wp\/v2\/users\/44"}],"replies":[{"embeddable":true,"href":"https:\/\/vosgesinfo.fr\/saintdieinfo\/wp-json\/wp\/v2\/comments?post=44757"}],"version-history":[{"count":0,"href":"https:\/\/vosgesinfo.fr\/saintdieinfo\/wp-json\/wp\/v2\/posts\/44757\/revisions"}],"wp:featuredmedia":[{"embeddable":true,"href":"https:\/\/vosgesinfo.fr\/saintdieinfo\/wp-json\/wp\/v2\/media\/44758"}],"wp:attachment":[{"href":"https:\/\/vosgesinfo.fr\/saintdieinfo\/wp-json\/wp\/v2\/media?parent=44757"}],"wp:term":[{"taxonomy":"category","embeddable":true,"href":"https:\/\/vosgesinfo.fr\/saintdieinfo\/wp-json\/wp\/v2\/categories?post=44757"},{"taxonomy":"post_tag","embeddable":true,"href":"https:\/\/vosgesinfo.fr\/saintdieinfo\/wp-json\/wp\/v2\/tags?post=44757"}],"curies":[{"name":"wp","href":"https:\/\/api.w.org\/{rel}","templated":true}]}}