{"id":45236,"date":"2021-11-19T10:00:20","date_gmt":"2021-11-19T09:00:20","guid":{"rendered":"https:\/\/vosgesinfo.fr\/saintdieinfo\/2021\/11\/vosges-lautocar-recrutement-sillonnera-departement-semaine-prochaine\/"},"modified":"2021-11-19T10:00:20","modified_gmt":"2021-11-19T09:00:20","slug":"vosges-lautocar-recrutement-sillonnera-departement-semaine-prochaine","status":"publish","type":"post","link":"https:\/\/vosgesinfo.fr\/saintdieinfo\/2021\/11\/vosges-lautocar-recrutement-sillonnera-departement-semaine-prochaine\/","title":{"rendered":"Vosges \u2013 L&rsquo;autocar du recrutement sillonnera le d\u00e9partement la semaine prochaine"},"content":{"rendered":"<div id=\"attachment_174834\" style=\"width: 393px\" class=\"wp-caption aligncenter\"><img decoding=\"async\" aria-describedby=\"caption-attachment-174834\" class=\"wp-image-174834 size-medium\" src=\"\/2021\/11\/Autocar-383x255.jpg\" alt=\"Autocar\" width=\"383\" height=\"255\" \/><p id=\"caption-attachment-174834\" class=\"wp-caption-text\">(Illustration)<\/p><\/div>\n<h2 class=\"article_entete\"><strong><span style=\"font-size: 14pt;\">Dans le cadre de la semaine de l&rsquo;industrie, la DDETSPP et FACE Vosges, en partenariat avec P\u00f4le Emploi et les Missions Locales du d\u00e9partement, organisent du 22 au 26 novembre 2021, \u00ab\u00a0L\u00a0\u00bbautocar du recrutement\u00a0\u00bb.<\/span><\/strong><\/h2>\n<p><!--more--><\/p>\n<h3><span style=\"font-size: 12pt;\"><strong>Ainsi, un bus sillonnera les Vosges avec des demandeurs d&#8217;emplois, leur permettant ainsi de :<\/strong><\/span><\/h3>\n<ul>\n<li>d\u00e9couvrir des entreprises et des m\u00e9tiers ;<\/li>\n<li>\u00e9changer et partager avec des chefs d&rsquo;entreprises ;<\/li>\n<li>d\u00e9poser des candidatures.<\/li>\n<\/ul>\n<p><b>\u00a0\u00a0\u00a0\u00a0\u00a0\u00a0\u00a0\u00a0\u00a0\u00a0\u00a0\u00a0\u00a0\u00a0\u00a0\u00a0\u00a0\u00a0\u00a0\u00a0\u00a0\u00a0\u00a0\u00a0\u00a0\u00a0\u00a0\u00a0\u00a0\u00a0\u00a0\u00a0\u00a0\u00a0\u00a0\u00a0\u00a0\u00a0\u00a0\u00a0\u00a0\u00a0\u00a0\u00a0\u00a0\u00a0\u00a0\u00a0\u00a0\u00a0\u00a0\u00a0\u00a0\u00a0\u00a0\u00a0\u00a0\u00a0\u00a0\u00a0\u00a0\u00a0\u00a0\u00a0\u00a0\u00a0\u00a0\u00a0\u00a0\u00a0\u00a0\u00a0<\/b><u><b>\u00a0Programme de la semaine<\/b><\/u><\/p>\n<p><b><u>Bassin d&rsquo;Epinal lundi 22 novembre :<\/u><\/b><\/p>\n<ul>\n<li>D\u00e9part \u00e0 8 h 30 de la Mission Locale<\/li>\n<li>9 H \u00e0 11 H 30 : visite de FIVES CRYO \u00e0 Golbey<\/li>\n<li>11 h 45 : Restaurant Poivre Rouge \u00e0 Epinal<\/li>\n<li>13 h 30 : visite d&rsquo;EGGER \u00e0 Rambervillers<\/li>\n<li>Retour \u00e0 la Mission Locale vers 16 h 00<\/li>\n<\/ul>\n<p><b><u>Bassin de Remiremont\u00a0mardi 23 novembre :<\/u><\/b><\/p>\n<ul>\n<li>D\u00e9part \u00e0 8 H 30 du P\u00f4le Emploi<\/li>\n<li>9 H \u00e0 11 H : visite de De Buyer<\/li>\n<li>11 H 45 : repas au Cercle Mixte \u00e0 Saint-Etienne-L\u00e8s-Remiremont<\/li>\n<li>13 h\u00a0 \u00e0 14 H : visite de Cod&rsquo;Etiq<\/li>\n<li>14 H 30 \u00e0 15 H 30 : visite de CASHDEV \u00e0 Vagney<\/li>\n<li>Retour au P\u00f4le Emploi vers 16 h<\/li>\n<\/ul>\n<p><u><b>Bassin de Neufch\u00e2teau<u><b>mercredi 24 novembre<\/b><\/u> : <\/b><\/u><\/p>\n<ul>\n<li>Rendez-vous \u00e0 8 h 30 devant la gare et d\u00e9part 8 h 40 maximum<\/li>\n<li>8 h 45 \u00e0 10 h 15 : visite de NEORALI \u00e0 Neufch\u00e2teau<\/li>\n<li>10 h 30 \u00e0 11 h 30 : visite de MANUFACTURE ADAM \u00e0 Neufch\u00e2teau<\/li>\n<li>11 h 30 \u00e0 12 h 15 : Repas IMT-RAT \u00e0 Neufch\u00e2teau<\/li>\n<li>13 h \u00e0 14 h : visite de FERALU \u00e0 Mirecourt<\/li>\n<li>14 h 30 \u00e0 15 h 30 : visite de NESTLE \u00e0 Vittel<\/li>\n<li>Retour vers 16h \u00e0 Neufch\u00e2teau<\/li>\n<\/ul>\n<p><b><u>Bassin de Saint-Di\u00e9 jeudi\u00a025 novembre\u00a0:<\/u><\/b><\/p>\n<ul>\n<li>Rendez-vous \u00e0 8 h 30 devant la Mission Locale et d\u00e9part 8 h 40 maximum<\/li>\n<li>8 h 45 \u00e0 10 h 15 : visite de WEISROCK \u00e0 Saulcy-sur-Meurthe<\/li>\n<li>10 h 30 \u00e0 12h : visite de la MEA \u00e0 Saint-Di\u00e9-Des-Vosges<\/li>\n<li>12 h 15 : repas \u00e0 l&rsquo;ESAT Le Belmont \u00e0 Saint- Michel-sur-Meurthe<\/li>\n<li>14 h \u00e0 15 h 30 : visite de PYROMETAL \u00e0 Saint-Michel-sur-Meurthe<\/li>\n<li>Retour vers 16 h \u00e0 la Mission Locale<\/li>\n<\/ul>\n<p><u><b>Bassin de G\u00e9rardmer vendredi 26 novembre :<\/b><\/u><\/p>\n<ul>\n<li>Rendez-vous \u00e0 8 h 30 devant la Mission Locale, d\u00e9part au plus tard 8 h 40<\/li>\n<li>8 h 45 \u00e0 10 h 15 : visite de la Scierie Mathieu \u00e0 G\u00e9rardmer<\/li>\n<li>10 h 30 \u00e0 12 h : visite de Marcillat \u00e0 Corcieux<\/li>\n<li>12 h 15 : repas froid au CFA de Papetier (traiteur)<\/li>\n<li>14 h : visite de la confiserie G\u00e9romoise \u00e0 G\u00e9rardmer<\/li>\n<li>Retour \u00e0 la Mission Locale vers 15 h 30<\/li>\n<\/ul>\n<p>Les inscriptions se font directement aupr\u00e8s des r\u00e9f\u00e9rents, P\u00f4le emploi, Mission Locale ou CAP emploi.<\/p>\n","protected":false},"excerpt":{"rendered":"<p>Dans le cadre de la semaine de l&rsquo;industrie, la DDETSPP et FACE Vosges, en partenariat avec P\u00f4le Emploi et les [&hellip;]<\/p>\n","protected":false},"author":44,"featured_media":45237,"comment_status":"open","ping_status":"open","sticky":false,"template":"","format":"standard","meta":{"footnotes":""},"categories":[460,18],"tags":[9665,9666,9102,9667],"class_list":["post-45236","post","type-post","status-publish","format-standard","has-post-thumbnail","hentry","category-a-la-une","category-vosges","tag-autocar-du-recrutement","tag-ddetspp","tag-face-vosges","tag-semaine-de-lindustrie"],"acf":[],"yoast_head":"<!-- This site is optimized with the Yoast SEO plugin v22.5 - https:\/\/yoast.com\/wordpress\/plugins\/seo\/ -->\n<title>Vosges \u2013 L&#039;autocar du recrutement sillonnera le d\u00e9partement la semaine prochaine - Saint Die Info<\/title>\n<meta name=\"robots\" content=\"index, follow, max-snippet:-1, max-image-preview:large, max-video-preview:-1\" \/>\n<link rel=\"canonical\" href=\"https:\/\/vosgesinfo.fr\/saintdieinfo\/2021\/11\/vosges-lautocar-recrutement-sillonnera-departement-semaine-prochaine\/\" \/>\n<meta name=\"twitter:card\" content=\"summary_large_image\" \/>\n<meta name=\"twitter:title\" content=\"Vosges \u2013 L&#039;autocar du recrutement sillonnera le d\u00e9partement la semaine prochaine - Saint Die Info\" \/>\n<meta name=\"twitter:description\" content=\"Dans le cadre de la semaine de l&rsquo;industrie, la DDETSPP et FACE Vosges, en partenariat avec P\u00f4le Emploi et les [&hellip;]\" \/>\n<meta name=\"twitter:image\" content=\"https:\/\/vosgesinfo.fr\/app\/uploads\/sites\/4\/2024\/08\/202111autocar.jpg\" \/>\n<meta name=\"twitter:creator\" content=\"@VosgesInfo88\" \/>\n<meta name=\"twitter:site\" content=\"@VosgesInfo88\" \/>\n<meta name=\"twitter:label1\" content=\"\u00c9crit par\" \/>\n\t<meta name=\"twitter:data1\" content=\"la r\u00e9daction\" \/>\n\t<meta name=\"twitter:label2\" content=\"Dur\u00e9e de lecture estim\u00e9e\" \/>\n\t<meta name=\"twitter:data2\" content=\"2 minutes\" \/>\n<script type=\"application\/ld+json\" class=\"yoast-schema-graph\">{\"@context\":\"https:\/\/schema.org\",\"@graph\":[{\"@type\":\"Article\",\"@id\":\"https:\/\/vosgesinfo.fr\/saintdieinfo\/2021\/11\/vosges-lautocar-recrutement-sillonnera-departement-semaine-prochaine\/#article\",\"isPartOf\":{\"@id\":\"https:\/\/vosgesinfo.fr\/saintdieinfo\/2021\/11\/vosges-lautocar-recrutement-sillonnera-departement-semaine-prochaine\/\"},\"author\":{\"name\":\"la r\u00e9daction\",\"@id\":\"https:\/\/vosgesinfo.fr\/saintdieinfo\/#\/schema\/person\/faee6704a21f3977511db84bd1cd450f\"},\"headline\":\"Vosges \u2013 L&rsquo;autocar du recrutement sillonnera le d\u00e9partement la semaine prochaine\",\"datePublished\":\"2021-11-19T09:00:20+00:00\",\"dateModified\":\"2021-11-19T09:00:20+00:00\",\"mainEntityOfPage\":{\"@id\":\"https:\/\/vosgesinfo.fr\/saintdieinfo\/2021\/11\/vosges-lautocar-recrutement-sillonnera-departement-semaine-prochaine\/\"},\"wordCount\":352,\"commentCount\":0,\"publisher\":{\"@id\":\"https:\/\/vosgesinfo.fr\/saintdieinfo\/#organization\"},\"image\":{\"@id\":\"https:\/\/vosgesinfo.fr\/saintdieinfo\/2021\/11\/vosges-lautocar-recrutement-sillonnera-departement-semaine-prochaine\/#primaryimage\"},\"thumbnailUrl\":\"https:\/\/vosgesinfo.fr\/app\/uploads\/sites\/4\/2024\/08\/202111autocar.jpg\",\"keywords\":[\"Autocar du recrutement\",\"DDETSPP\",\"FACE Vosges\",\"Semaine de l'Industrie\"],\"articleSection\":[\"A la Une\",\"Vosges\"],\"inLanguage\":\"fr-FR\",\"potentialAction\":[{\"@type\":\"CommentAction\",\"name\":\"Comment\",\"target\":[\"https:\/\/vosgesinfo.fr\/saintdieinfo\/2021\/11\/vosges-lautocar-recrutement-sillonnera-departement-semaine-prochaine\/#respond\"]}]},{\"@type\":\"WebPage\",\"@id\":\"https:\/\/vosgesinfo.fr\/saintdieinfo\/2021\/11\/vosges-lautocar-recrutement-sillonnera-departement-semaine-prochaine\/\",\"url\":\"https:\/\/vosgesinfo.fr\/saintdieinfo\/2021\/11\/vosges-lautocar-recrutement-sillonnera-departement-semaine-prochaine\/\",\"name\":\"Vosges \u2013 L'autocar du recrutement sillonnera le d\u00e9partement la semaine prochaine - Saint Die Info\",\"isPartOf\":{\"@id\":\"https:\/\/vosgesinfo.fr\/saintdieinfo\/#website\"},\"primaryImageOfPage\":{\"@id\":\"https:\/\/vosgesinfo.fr\/saintdieinfo\/2021\/11\/vosges-lautocar-recrutement-sillonnera-departement-semaine-prochaine\/#primaryimage\"},\"image\":{\"@id\":\"https:\/\/vosgesinfo.fr\/saintdieinfo\/2021\/11\/vosges-lautocar-recrutement-sillonnera-departement-semaine-prochaine\/#primaryimage\"},\"thumbnailUrl\":\"https:\/\/vosgesinfo.fr\/app\/uploads\/sites\/4\/2024\/08\/202111autocar.jpg\",\"datePublished\":\"2021-11-19T09:00:20+00:00\",\"dateModified\":\"2021-11-19T09:00:20+00:00\",\"breadcrumb\":{\"@id\":\"https:\/\/vosgesinfo.fr\/saintdieinfo\/2021\/11\/vosges-lautocar-recrutement-sillonnera-departement-semaine-prochaine\/#breadcrumb\"},\"inLanguage\":\"fr-FR\",\"potentialAction\":[{\"@type\":\"ReadAction\",\"target\":[\"https:\/\/vosgesinfo.fr\/saintdieinfo\/2021\/11\/vosges-lautocar-recrutement-sillonnera-departement-semaine-prochaine\/\"]}]},{\"@type\":\"ImageObject\",\"inLanguage\":\"fr-FR\",\"@id\":\"https:\/\/vosgesinfo.fr\/saintdieinfo\/2021\/11\/vosges-lautocar-recrutement-sillonnera-departement-semaine-prochaine\/#primaryimage\",\"url\":\"https:\/\/vosgesinfo.fr\/app\/uploads\/sites\/4\/2024\/08\/202111autocar.jpg\",\"contentUrl\":\"https:\/\/vosgesinfo.fr\/app\/uploads\/sites\/4\/2024\/08\/202111autocar.jpg\",\"width\":800,\"height\":533},{\"@type\":\"BreadcrumbList\",\"@id\":\"https:\/\/vosgesinfo.fr\/saintdieinfo\/2021\/11\/vosges-lautocar-recrutement-sillonnera-departement-semaine-prochaine\/#breadcrumb\",\"itemListElement\":[{\"@type\":\"ListItem\",\"position\":1,\"name\":\"Home\",\"item\":\"https:\/\/vosgesinfo.fr\/saintdieinfo\/\"},{\"@type\":\"ListItem\",\"position\":2,\"name\":\"Vosges \u2013 L&rsquo;autocar du recrutement sillonnera le d\u00e9partement la semaine prochaine\"}]},{\"@type\":\"WebSite\",\"@id\":\"https:\/\/vosgesinfo.fr\/saintdieinfo\/#website\",\"url\":\"https:\/\/vosgesinfo.fr\/saintdieinfo\/\",\"name\":\"Saint Die Info\",\"description\":\"Toute l&#039;actualit\u00e9 de Saint-Di\u00e9-Des-Vosges\",\"publisher\":{\"@id\":\"https:\/\/vosgesinfo.fr\/saintdieinfo\/#organization\"},\"alternateName\":\"Toute l'actualit\u00e9 de Saint-Di\u00e9-Des-Vosges\",\"potentialAction\":[{\"@type\":\"SearchAction\",\"target\":{\"@type\":\"EntryPoint\",\"urlTemplate\":\"https:\/\/vosgesinfo.fr\/saintdieinfo\/?s={search_term_string}\"},\"query-input\":\"required name=search_term_string\"}],\"inLanguage\":\"fr-FR\"},{\"@type\":\"Organization\",\"@id\":\"https:\/\/vosgesinfo.fr\/saintdieinfo\/#organization\",\"name\":\"Saint Die Info\",\"url\":\"https:\/\/vosgesinfo.fr\/saintdieinfo\/\",\"logo\":{\"@type\":\"ImageObject\",\"inLanguage\":\"fr-FR\",\"@id\":\"https:\/\/vosgesinfo.fr\/saintdieinfo\/#\/schema\/logo\/image\/\",\"url\":\"https:\/\/vosgesinfo.fr\/app\/uploads\/sites\/4\/2024\/02\/logo-sdi.jpg\",\"contentUrl\":\"https:\/\/vosgesinfo.fr\/app\/uploads\/sites\/4\/2024\/02\/logo-sdi.jpg\",\"width\":600,\"height\":600,\"caption\":\"Saint Die Info\"},\"image\":{\"@id\":\"https:\/\/vosgesinfo.fr\/saintdieinfo\/#\/schema\/logo\/image\/\"},\"sameAs\":[\"https:\/\/www.facebook.com\/Saintdieinfofr\",\"https:\/\/x.com\/VosgesInfo88\",\"https:\/\/www.youtube.com\/@vosgesinfo\"]},{\"@type\":\"Person\",\"@id\":\"https:\/\/vosgesinfo.fr\/saintdieinfo\/#\/schema\/person\/faee6704a21f3977511db84bd1cd450f\",\"name\":\"la r\u00e9daction\",\"image\":{\"@type\":\"ImageObject\",\"inLanguage\":\"fr-FR\",\"@id\":\"https:\/\/vosgesinfo.fr\/saintdieinfo\/#\/schema\/person\/image\/\",\"url\":\"https:\/\/secure.gravatar.com\/avatar\/6673d8bc6a9c17fa9a453eaa3448de834fa308c2ec9635b7aa99441a7c8d2cf6?s=96&d=mm&r=g\",\"contentUrl\":\"https:\/\/secure.gravatar.com\/avatar\/6673d8bc6a9c17fa9a453eaa3448de834fa308c2ec9635b7aa99441a7c8d2cf6?s=96&d=mm&r=g\",\"caption\":\"la r\u00e9daction\"},\"url\":\"https:\/\/vosgesinfo.fr\/saintdieinfo\/author\/redac\/\"}]}<\/script>\n<!-- \/ Yoast SEO plugin. -->","yoast_head_json":{"title":"Vosges \u2013 L'autocar du recrutement sillonnera le d\u00e9partement la semaine prochaine - Saint Die Info","robots":{"index":"index","follow":"follow","max-snippet":"max-snippet:-1","max-image-preview":"max-image-preview:large","max-video-preview":"max-video-preview:-1"},"canonical":"https:\/\/vosgesinfo.fr\/saintdieinfo\/2021\/11\/vosges-lautocar-recrutement-sillonnera-departement-semaine-prochaine\/","twitter_card":"summary_large_image","twitter_title":"Vosges \u2013 L'autocar du recrutement sillonnera le d\u00e9partement la semaine prochaine - Saint Die Info","twitter_description":"Dans le cadre de la semaine de l&rsquo;industrie, la DDETSPP et FACE Vosges, en partenariat avec P\u00f4le Emploi et les [&hellip;]","twitter_image":"https:\/\/vosgesinfo.fr\/app\/uploads\/sites\/4\/2024\/08\/202111autocar.jpg","twitter_creator":"@VosgesInfo88","twitter_site":"@VosgesInfo88","twitter_misc":{"\u00c9crit par":"la r\u00e9daction","Dur\u00e9e de lecture estim\u00e9e":"2 minutes"},"schema":{"@context":"https:\/\/schema.org","@graph":[{"@type":"Article","@id":"https:\/\/vosgesinfo.fr\/saintdieinfo\/2021\/11\/vosges-lautocar-recrutement-sillonnera-departement-semaine-prochaine\/#article","isPartOf":{"@id":"https:\/\/vosgesinfo.fr\/saintdieinfo\/2021\/11\/vosges-lautocar-recrutement-sillonnera-departement-semaine-prochaine\/"},"author":{"name":"la r\u00e9daction","@id":"https:\/\/vosgesinfo.fr\/saintdieinfo\/#\/schema\/person\/faee6704a21f3977511db84bd1cd450f"},"headline":"Vosges \u2013 L&rsquo;autocar du recrutement sillonnera le d\u00e9partement la semaine prochaine","datePublished":"2021-11-19T09:00:20+00:00","dateModified":"2021-11-19T09:00:20+00:00","mainEntityOfPage":{"@id":"https:\/\/vosgesinfo.fr\/saintdieinfo\/2021\/11\/vosges-lautocar-recrutement-sillonnera-departement-semaine-prochaine\/"},"wordCount":352,"commentCount":0,"publisher":{"@id":"https:\/\/vosgesinfo.fr\/saintdieinfo\/#organization"},"image":{"@id":"https:\/\/vosgesinfo.fr\/saintdieinfo\/2021\/11\/vosges-lautocar-recrutement-sillonnera-departement-semaine-prochaine\/#primaryimage"},"thumbnailUrl":"https:\/\/vosgesinfo.fr\/app\/uploads\/sites\/4\/2024\/08\/202111autocar.jpg","keywords":["Autocar du recrutement","DDETSPP","FACE Vosges","Semaine de l'Industrie"],"articleSection":["A la Une","Vosges"],"inLanguage":"fr-FR","potentialAction":[{"@type":"CommentAction","name":"Comment","target":["https:\/\/vosgesinfo.fr\/saintdieinfo\/2021\/11\/vosges-lautocar-recrutement-sillonnera-departement-semaine-prochaine\/#respond"]}]},{"@type":"WebPage","@id":"https:\/\/vosgesinfo.fr\/saintdieinfo\/2021\/11\/vosges-lautocar-recrutement-sillonnera-departement-semaine-prochaine\/","url":"https:\/\/vosgesinfo.fr\/saintdieinfo\/2021\/11\/vosges-lautocar-recrutement-sillonnera-departement-semaine-prochaine\/","name":"Vosges \u2013 L'autocar du recrutement sillonnera le d\u00e9partement la semaine prochaine - Saint Die Info","isPartOf":{"@id":"https:\/\/vosgesinfo.fr\/saintdieinfo\/#website"},"primaryImageOfPage":{"@id":"https:\/\/vosgesinfo.fr\/saintdieinfo\/2021\/11\/vosges-lautocar-recrutement-sillonnera-departement-semaine-prochaine\/#primaryimage"},"image":{"@id":"https:\/\/vosgesinfo.fr\/saintdieinfo\/2021\/11\/vosges-lautocar-recrutement-sillonnera-departement-semaine-prochaine\/#primaryimage"},"thumbnailUrl":"https:\/\/vosgesinfo.fr\/app\/uploads\/sites\/4\/2024\/08\/202111autocar.jpg","datePublished":"2021-11-19T09:00:20+00:00","dateModified":"2021-11-19T09:00:20+00:00","breadcrumb":{"@id":"https:\/\/vosgesinfo.fr\/saintdieinfo\/2021\/11\/vosges-lautocar-recrutement-sillonnera-departement-semaine-prochaine\/#breadcrumb"},"inLanguage":"fr-FR","potentialAction":[{"@type":"ReadAction","target":["https:\/\/vosgesinfo.fr\/saintdieinfo\/2021\/11\/vosges-lautocar-recrutement-sillonnera-departement-semaine-prochaine\/"]}]},{"@type":"ImageObject","inLanguage":"fr-FR","@id":"https:\/\/vosgesinfo.fr\/saintdieinfo\/2021\/11\/vosges-lautocar-recrutement-sillonnera-departement-semaine-prochaine\/#primaryimage","url":"https:\/\/vosgesinfo.fr\/app\/uploads\/sites\/4\/2024\/08\/202111autocar.jpg","contentUrl":"https:\/\/vosgesinfo.fr\/app\/uploads\/sites\/4\/2024\/08\/202111autocar.jpg","width":800,"height":533},{"@type":"BreadcrumbList","@id":"https:\/\/vosgesinfo.fr\/saintdieinfo\/2021\/11\/vosges-lautocar-recrutement-sillonnera-departement-semaine-prochaine\/#breadcrumb","itemListElement":[{"@type":"ListItem","position":1,"name":"Home","item":"https:\/\/vosgesinfo.fr\/saintdieinfo\/"},{"@type":"ListItem","position":2,"name":"Vosges \u2013 L&rsquo;autocar du recrutement sillonnera le d\u00e9partement la semaine prochaine"}]},{"@type":"WebSite","@id":"https:\/\/vosgesinfo.fr\/saintdieinfo\/#website","url":"https:\/\/vosgesinfo.fr\/saintdieinfo\/","name":"Saint Die Info","description":"Toute l&#039;actualit\u00e9 de Saint-Di\u00e9-Des-Vosges","publisher":{"@id":"https:\/\/vosgesinfo.fr\/saintdieinfo\/#organization"},"alternateName":"Toute l'actualit\u00e9 de Saint-Di\u00e9-Des-Vosges","potentialAction":[{"@type":"SearchAction","target":{"@type":"EntryPoint","urlTemplate":"https:\/\/vosgesinfo.fr\/saintdieinfo\/?s={search_term_string}"},"query-input":"required name=search_term_string"}],"inLanguage":"fr-FR"},{"@type":"Organization","@id":"https:\/\/vosgesinfo.fr\/saintdieinfo\/#organization","name":"Saint Die Info","url":"https:\/\/vosgesinfo.fr\/saintdieinfo\/","logo":{"@type":"ImageObject","inLanguage":"fr-FR","@id":"https:\/\/vosgesinfo.fr\/saintdieinfo\/#\/schema\/logo\/image\/","url":"https:\/\/vosgesinfo.fr\/app\/uploads\/sites\/4\/2024\/02\/logo-sdi.jpg","contentUrl":"https:\/\/vosgesinfo.fr\/app\/uploads\/sites\/4\/2024\/02\/logo-sdi.jpg","width":600,"height":600,"caption":"Saint Die Info"},"image":{"@id":"https:\/\/vosgesinfo.fr\/saintdieinfo\/#\/schema\/logo\/image\/"},"sameAs":["https:\/\/www.facebook.com\/Saintdieinfofr","https:\/\/x.com\/VosgesInfo88","https:\/\/www.youtube.com\/@vosgesinfo"]},{"@type":"Person","@id":"https:\/\/vosgesinfo.fr\/saintdieinfo\/#\/schema\/person\/faee6704a21f3977511db84bd1cd450f","name":"la r\u00e9daction","image":{"@type":"ImageObject","inLanguage":"fr-FR","@id":"https:\/\/vosgesinfo.fr\/saintdieinfo\/#\/schema\/person\/image\/","url":"https:\/\/secure.gravatar.com\/avatar\/6673d8bc6a9c17fa9a453eaa3448de834fa308c2ec9635b7aa99441a7c8d2cf6?s=96&d=mm&r=g","contentUrl":"https:\/\/secure.gravatar.com\/avatar\/6673d8bc6a9c17fa9a453eaa3448de834fa308c2ec9635b7aa99441a7c8d2cf6?s=96&d=mm&r=g","caption":"la r\u00e9daction"},"url":"https:\/\/vosgesinfo.fr\/saintdieinfo\/author\/redac\/"}]}},"_links":{"self":[{"href":"https:\/\/vosgesinfo.fr\/saintdieinfo\/wp-json\/wp\/v2\/posts\/45236","targetHints":{"allow":["GET"]}}],"collection":[{"href":"https:\/\/vosgesinfo.fr\/saintdieinfo\/wp-json\/wp\/v2\/posts"}],"about":[{"href":"https:\/\/vosgesinfo.fr\/saintdieinfo\/wp-json\/wp\/v2\/types\/post"}],"author":[{"embeddable":true,"href":"https:\/\/vosgesinfo.fr\/saintdieinfo\/wp-json\/wp\/v2\/users\/44"}],"replies":[{"embeddable":true,"href":"https:\/\/vosgesinfo.fr\/saintdieinfo\/wp-json\/wp\/v2\/comments?post=45236"}],"version-history":[{"count":0,"href":"https:\/\/vosgesinfo.fr\/saintdieinfo\/wp-json\/wp\/v2\/posts\/45236\/revisions"}],"wp:featuredmedia":[{"embeddable":true,"href":"https:\/\/vosgesinfo.fr\/saintdieinfo\/wp-json\/wp\/v2\/media\/45237"}],"wp:attachment":[{"href":"https:\/\/vosgesinfo.fr\/saintdieinfo\/wp-json\/wp\/v2\/media?parent=45236"}],"wp:term":[{"taxonomy":"category","embeddable":true,"href":"https:\/\/vosgesinfo.fr\/saintdieinfo\/wp-json\/wp\/v2\/categories?post=45236"},{"taxonomy":"post_tag","embeddable":true,"href":"https:\/\/vosgesinfo.fr\/saintdieinfo\/wp-json\/wp\/v2\/tags?post=45236"}],"curies":[{"name":"wp","href":"https:\/\/api.w.org\/{rel}","templated":true}]}}