{"id":45576,"date":"2021-11-29T11:23:58","date_gmt":"2021-11-29T10:23:58","guid":{"rendered":"https:\/\/vosgesinfo.fr\/saintdieinfo\/2021\/11\/plus-de-100-couronnes-120-convives-journee-de-lavent-de-leglise-protestante-unie\/"},"modified":"2021-11-29T11:23:58","modified_gmt":"2021-11-29T10:23:58","slug":"plus-de-100-couronnes-120-convives-journee-de-lavent-de-leglise-protestante-unie","status":"publish","type":"post","link":"https:\/\/vosgesinfo.fr\/saintdieinfo\/2021\/11\/plus-de-100-couronnes-120-convives-journee-de-lavent-de-leglise-protestante-unie\/","title":{"rendered":"Plus de 100 couronnes et 120 convives pour la Journ\u00e9e de l&rsquo;Avent de l&rsquo;Eglise Protestante Unie"},"content":{"rendered":"<div id=\"attachment_175339\" style=\"width: 810px\" class=\"wp-caption aligncenter\"><a href=\"\/2021\/11\/Journ\u00e9e_Avent_EPU-4.jpg\" target=\"_blank\" rel=\"noopener\"><img decoding=\"async\" aria-describedby=\"caption-attachment-175339\" class=\"wp-image-175339 size-full\" src=\"\/2021\/11\/Journ\u00e9e_Avent_EPU-4.jpg\" alt=\"Journ\u00e9e_Avent_EPU (4)\" width=\"800\" height=\"600\" \/><\/a><p id=\"caption-attachment-175339\" class=\"wp-caption-text\">(Photographies Marc Fourniquet)<\/p><\/div>\n<h2><span style=\"font-size: 14pt;\"><strong>L&rsquo;Eglise Protestante Unie Vosges-Meurthe organisait, hier dimanche, sa traditionnelle Journ\u00e9e de l&rsquo;Avent \u00e0 l&rsquo;Espace Fran\u00e7ois-Mitterrand.<\/strong><\/span><\/h2>\n<p><!--more--><\/p>\n<p><span style=\"font-size: 14pt;\"><span style=\"font-size: 12pt;\">Sur place, les b\u00e9n\u00e9voles de la paroisse proposaient des p\u00e2tisseries, des d\u00e9corations de No\u00ebl, des confitures et autres savons naturels&#8230; et bien entendu des couronnes de l&rsquo;Avent, dont 110 avaient \u00e9t\u00e9 confectionn\u00e9es pour l&rsquo;occasion. Du temps de midi, les 123 convives ayant pris part au repas ont pu savourer un ap\u00e9ritif et ses amuse-bouche, un potage de l\u00e9gume, de la blanquette de veau accompagn\u00e9e de tagliatelles fra\u00eeches, du fromage, une assiette gourmande pour le dessert, un caf\u00e9&#8230; et beaucoup de convivialit\u00e9 !<\/span><strong><br \/>\n<\/strong><\/span><\/p>\n<p>J.J.<\/p>\n\n","protected":false},"excerpt":{"rendered":"<p>L&rsquo;Eglise Protestante Unie Vosges-Meurthe organisait, hier dimanche, sa traditionnelle Journ\u00e9e de l&rsquo;Avent \u00e0 l&rsquo;Espace Fran\u00e7ois-Mitterrand.<\/p>\n","protected":false},"author":44,"featured_media":45577,"comment_status":"open","ping_status":"open","sticky":false,"template":"","format":"standard","meta":{"footnotes":""},"categories":[460,2915],"tags":[3444,3089,5120,5111],"class_list":["post-45576","post","type-post","status-publish","format-standard","has-post-thumbnail","hentry","category-a-la-une","category-saint-die-son-canton","tag-eglise-protestante-unie-vosges-meurthe","tag-espace-francois-mitterrand","tag-journee-de-lavent","tag-journee-de-lavent-de-leglise-protestante-unie"],"acf":[],"yoast_head":"<!-- This site is optimized with the Yoast SEO plugin v22.5 - https:\/\/yoast.com\/wordpress\/plugins\/seo\/ -->\n<title>Plus de 100 couronnes et 120 convives pour la Journ\u00e9e de l&#039;Avent de l&#039;Eglise Protestante Unie - Saint Die Info<\/title>\n<meta name=\"robots\" content=\"index, follow, max-snippet:-1, max-image-preview:large, max-video-preview:-1\" \/>\n<link rel=\"canonical\" href=\"https:\/\/vosgesinfo.fr\/saintdieinfo\/2021\/11\/plus-de-100-couronnes-120-convives-journee-de-lavent-de-leglise-protestante-unie\/\" \/>\n<meta name=\"twitter:card\" content=\"summary_large_image\" \/>\n<meta name=\"twitter:title\" content=\"Plus de 100 couronnes et 120 convives pour la Journ\u00e9e de l&#039;Avent de l&#039;Eglise Protestante Unie - Saint Die Info\" \/>\n<meta name=\"twitter:description\" content=\"L&rsquo;Eglise Protestante Unie Vosges-Meurthe organisait, hier dimanche, sa traditionnelle Journ\u00e9e de l&rsquo;Avent \u00e0 l&rsquo;Espace Fran\u00e7ois-Mitterrand.\" \/>\n<meta name=\"twitter:image\" content=\"https:\/\/vosgesinfo.fr\/app\/uploads\/sites\/4\/2024\/08\/202111journee-avent-epu-4.jpg\" \/>\n<meta name=\"twitter:creator\" content=\"@VosgesInfo88\" \/>\n<meta name=\"twitter:site\" content=\"@VosgesInfo88\" \/>\n<meta name=\"twitter:label1\" content=\"\u00c9crit par\" \/>\n\t<meta name=\"twitter:data1\" content=\"la r\u00e9daction\" \/>\n\t<meta name=\"twitter:label2\" content=\"Dur\u00e9e de lecture estim\u00e9e\" \/>\n\t<meta name=\"twitter:data2\" content=\"1 minute\" \/>\n<script type=\"application\/ld+json\" class=\"yoast-schema-graph\">{\"@context\":\"https:\/\/schema.org\",\"@graph\":[{\"@type\":\"Article\",\"@id\":\"https:\/\/vosgesinfo.fr\/saintdieinfo\/2021\/11\/plus-de-100-couronnes-120-convives-journee-de-lavent-de-leglise-protestante-unie\/#article\",\"isPartOf\":{\"@id\":\"https:\/\/vosgesinfo.fr\/saintdieinfo\/2021\/11\/plus-de-100-couronnes-120-convives-journee-de-lavent-de-leglise-protestante-unie\/\"},\"author\":{\"name\":\"la r\u00e9daction\",\"@id\":\"https:\/\/vosgesinfo.fr\/saintdieinfo\/#\/schema\/person\/faee6704a21f3977511db84bd1cd450f\"},\"headline\":\"Plus de 100 couronnes et 120 convives pour la Journ\u00e9e de l&rsquo;Avent de l&rsquo;Eglise Protestante Unie\",\"datePublished\":\"2021-11-29T10:23:58+00:00\",\"dateModified\":\"2021-11-29T10:23:58+00:00\",\"mainEntityOfPage\":{\"@id\":\"https:\/\/vosgesinfo.fr\/saintdieinfo\/2021\/11\/plus-de-100-couronnes-120-convives-journee-de-lavent-de-leglise-protestante-unie\/\"},\"wordCount\":145,\"commentCount\":0,\"publisher\":{\"@id\":\"https:\/\/vosgesinfo.fr\/saintdieinfo\/#organization\"},\"image\":{\"@id\":\"https:\/\/vosgesinfo.fr\/saintdieinfo\/2021\/11\/plus-de-100-couronnes-120-convives-journee-de-lavent-de-leglise-protestante-unie\/#primaryimage\"},\"thumbnailUrl\":\"https:\/\/vosgesinfo.fr\/app\/uploads\/sites\/4\/2024\/08\/202111journee-avent-epu-4.jpg\",\"keywords\":[\"Eglise Protestante Unie Vosges-Meurthe\",\"Espace Fran\u00e7ois-Mitterrand\",\"Journ\u00e9e de l'Avent\",\"Journ\u00e9e de l'Avent de l'Eglise Protestante Unie\"],\"articleSection\":[\"A la Une\",\"Saint-Di\u00e9-des-Vosges et son Agglom\u00e9ration\"],\"inLanguage\":\"fr-FR\",\"potentialAction\":[{\"@type\":\"CommentAction\",\"name\":\"Comment\",\"target\":[\"https:\/\/vosgesinfo.fr\/saintdieinfo\/2021\/11\/plus-de-100-couronnes-120-convives-journee-de-lavent-de-leglise-protestante-unie\/#respond\"]}]},{\"@type\":\"WebPage\",\"@id\":\"https:\/\/vosgesinfo.fr\/saintdieinfo\/2021\/11\/plus-de-100-couronnes-120-convives-journee-de-lavent-de-leglise-protestante-unie\/\",\"url\":\"https:\/\/vosgesinfo.fr\/saintdieinfo\/2021\/11\/plus-de-100-couronnes-120-convives-journee-de-lavent-de-leglise-protestante-unie\/\",\"name\":\"Plus de 100 couronnes et 120 convives pour la Journ\u00e9e de l'Avent de l'Eglise Protestante Unie - Saint Die Info\",\"isPartOf\":{\"@id\":\"https:\/\/vosgesinfo.fr\/saintdieinfo\/#website\"},\"primaryImageOfPage\":{\"@id\":\"https:\/\/vosgesinfo.fr\/saintdieinfo\/2021\/11\/plus-de-100-couronnes-120-convives-journee-de-lavent-de-leglise-protestante-unie\/#primaryimage\"},\"image\":{\"@id\":\"https:\/\/vosgesinfo.fr\/saintdieinfo\/2021\/11\/plus-de-100-couronnes-120-convives-journee-de-lavent-de-leglise-protestante-unie\/#primaryimage\"},\"thumbnailUrl\":\"https:\/\/vosgesinfo.fr\/app\/uploads\/sites\/4\/2024\/08\/202111journee-avent-epu-4.jpg\",\"datePublished\":\"2021-11-29T10:23:58+00:00\",\"dateModified\":\"2021-11-29T10:23:58+00:00\",\"breadcrumb\":{\"@id\":\"https:\/\/vosgesinfo.fr\/saintdieinfo\/2021\/11\/plus-de-100-couronnes-120-convives-journee-de-lavent-de-leglise-protestante-unie\/#breadcrumb\"},\"inLanguage\":\"fr-FR\",\"potentialAction\":[{\"@type\":\"ReadAction\",\"target\":[\"https:\/\/vosgesinfo.fr\/saintdieinfo\/2021\/11\/plus-de-100-couronnes-120-convives-journee-de-lavent-de-leglise-protestante-unie\/\"]}]},{\"@type\":\"ImageObject\",\"inLanguage\":\"fr-FR\",\"@id\":\"https:\/\/vosgesinfo.fr\/saintdieinfo\/2021\/11\/plus-de-100-couronnes-120-convives-journee-de-lavent-de-leglise-protestante-unie\/#primaryimage\",\"url\":\"https:\/\/vosgesinfo.fr\/app\/uploads\/sites\/4\/2024\/08\/202111journee-avent-epu-4.jpg\",\"contentUrl\":\"https:\/\/vosgesinfo.fr\/app\/uploads\/sites\/4\/2024\/08\/202111journee-avent-epu-4.jpg\",\"width\":800,\"height\":600},{\"@type\":\"BreadcrumbList\",\"@id\":\"https:\/\/vosgesinfo.fr\/saintdieinfo\/2021\/11\/plus-de-100-couronnes-120-convives-journee-de-lavent-de-leglise-protestante-unie\/#breadcrumb\",\"itemListElement\":[{\"@type\":\"ListItem\",\"position\":1,\"name\":\"Home\",\"item\":\"https:\/\/vosgesinfo.fr\/saintdieinfo\/\"},{\"@type\":\"ListItem\",\"position\":2,\"name\":\"Plus de 100 couronnes et 120 convives pour la Journ\u00e9e de l&rsquo;Avent de l&rsquo;Eglise Protestante Unie\"}]},{\"@type\":\"WebSite\",\"@id\":\"https:\/\/vosgesinfo.fr\/saintdieinfo\/#website\",\"url\":\"https:\/\/vosgesinfo.fr\/saintdieinfo\/\",\"name\":\"Saint Die Info\",\"description\":\"Toute l&#039;actualit\u00e9 de Saint-Di\u00e9-Des-Vosges\",\"publisher\":{\"@id\":\"https:\/\/vosgesinfo.fr\/saintdieinfo\/#organization\"},\"alternateName\":\"Toute l'actualit\u00e9 de Saint-Di\u00e9-Des-Vosges\",\"potentialAction\":[{\"@type\":\"SearchAction\",\"target\":{\"@type\":\"EntryPoint\",\"urlTemplate\":\"https:\/\/vosgesinfo.fr\/saintdieinfo\/?s={search_term_string}\"},\"query-input\":\"required name=search_term_string\"}],\"inLanguage\":\"fr-FR\"},{\"@type\":\"Organization\",\"@id\":\"https:\/\/vosgesinfo.fr\/saintdieinfo\/#organization\",\"name\":\"Saint Die Info\",\"url\":\"https:\/\/vosgesinfo.fr\/saintdieinfo\/\",\"logo\":{\"@type\":\"ImageObject\",\"inLanguage\":\"fr-FR\",\"@id\":\"https:\/\/vosgesinfo.fr\/saintdieinfo\/#\/schema\/logo\/image\/\",\"url\":\"https:\/\/vosgesinfo.fr\/app\/uploads\/sites\/4\/2024\/02\/logo-sdi.jpg\",\"contentUrl\":\"https:\/\/vosgesinfo.fr\/app\/uploads\/sites\/4\/2024\/02\/logo-sdi.jpg\",\"width\":600,\"height\":600,\"caption\":\"Saint Die Info\"},\"image\":{\"@id\":\"https:\/\/vosgesinfo.fr\/saintdieinfo\/#\/schema\/logo\/image\/\"},\"sameAs\":[\"https:\/\/www.facebook.com\/Saintdieinfofr\",\"https:\/\/x.com\/VosgesInfo88\",\"https:\/\/www.youtube.com\/@vosgesinfo\"]},{\"@type\":\"Person\",\"@id\":\"https:\/\/vosgesinfo.fr\/saintdieinfo\/#\/schema\/person\/faee6704a21f3977511db84bd1cd450f\",\"name\":\"la r\u00e9daction\",\"image\":{\"@type\":\"ImageObject\",\"inLanguage\":\"fr-FR\",\"@id\":\"https:\/\/vosgesinfo.fr\/saintdieinfo\/#\/schema\/person\/image\/\",\"url\":\"https:\/\/secure.gravatar.com\/avatar\/6673d8bc6a9c17fa9a453eaa3448de834fa308c2ec9635b7aa99441a7c8d2cf6?s=96&d=mm&r=g\",\"contentUrl\":\"https:\/\/secure.gravatar.com\/avatar\/6673d8bc6a9c17fa9a453eaa3448de834fa308c2ec9635b7aa99441a7c8d2cf6?s=96&d=mm&r=g\",\"caption\":\"la r\u00e9daction\"},\"url\":\"https:\/\/vosgesinfo.fr\/saintdieinfo\/author\/redac\/\"}]}<\/script>\n<!-- \/ Yoast SEO plugin. -->","yoast_head_json":{"title":"Plus de 100 couronnes et 120 convives pour la Journ\u00e9e de l'Avent de l'Eglise Protestante Unie - Saint Die Info","robots":{"index":"index","follow":"follow","max-snippet":"max-snippet:-1","max-image-preview":"max-image-preview:large","max-video-preview":"max-video-preview:-1"},"canonical":"https:\/\/vosgesinfo.fr\/saintdieinfo\/2021\/11\/plus-de-100-couronnes-120-convives-journee-de-lavent-de-leglise-protestante-unie\/","twitter_card":"summary_large_image","twitter_title":"Plus de 100 couronnes et 120 convives pour la Journ\u00e9e de l'Avent de l'Eglise Protestante Unie - Saint Die Info","twitter_description":"L&rsquo;Eglise Protestante Unie Vosges-Meurthe organisait, hier dimanche, sa traditionnelle Journ\u00e9e de l&rsquo;Avent \u00e0 l&rsquo;Espace Fran\u00e7ois-Mitterrand.","twitter_image":"https:\/\/vosgesinfo.fr\/app\/uploads\/sites\/4\/2024\/08\/202111journee-avent-epu-4.jpg","twitter_creator":"@VosgesInfo88","twitter_site":"@VosgesInfo88","twitter_misc":{"\u00c9crit par":"la r\u00e9daction","Dur\u00e9e de lecture estim\u00e9e":"1 minute"},"schema":{"@context":"https:\/\/schema.org","@graph":[{"@type":"Article","@id":"https:\/\/vosgesinfo.fr\/saintdieinfo\/2021\/11\/plus-de-100-couronnes-120-convives-journee-de-lavent-de-leglise-protestante-unie\/#article","isPartOf":{"@id":"https:\/\/vosgesinfo.fr\/saintdieinfo\/2021\/11\/plus-de-100-couronnes-120-convives-journee-de-lavent-de-leglise-protestante-unie\/"},"author":{"name":"la r\u00e9daction","@id":"https:\/\/vosgesinfo.fr\/saintdieinfo\/#\/schema\/person\/faee6704a21f3977511db84bd1cd450f"},"headline":"Plus de 100 couronnes et 120 convives pour la Journ\u00e9e de l&rsquo;Avent de l&rsquo;Eglise Protestante Unie","datePublished":"2021-11-29T10:23:58+00:00","dateModified":"2021-11-29T10:23:58+00:00","mainEntityOfPage":{"@id":"https:\/\/vosgesinfo.fr\/saintdieinfo\/2021\/11\/plus-de-100-couronnes-120-convives-journee-de-lavent-de-leglise-protestante-unie\/"},"wordCount":145,"commentCount":0,"publisher":{"@id":"https:\/\/vosgesinfo.fr\/saintdieinfo\/#organization"},"image":{"@id":"https:\/\/vosgesinfo.fr\/saintdieinfo\/2021\/11\/plus-de-100-couronnes-120-convives-journee-de-lavent-de-leglise-protestante-unie\/#primaryimage"},"thumbnailUrl":"https:\/\/vosgesinfo.fr\/app\/uploads\/sites\/4\/2024\/08\/202111journee-avent-epu-4.jpg","keywords":["Eglise Protestante Unie Vosges-Meurthe","Espace Fran\u00e7ois-Mitterrand","Journ\u00e9e de l'Avent","Journ\u00e9e de l'Avent de l'Eglise Protestante Unie"],"articleSection":["A la Une","Saint-Di\u00e9-des-Vosges et son Agglom\u00e9ration"],"inLanguage":"fr-FR","potentialAction":[{"@type":"CommentAction","name":"Comment","target":["https:\/\/vosgesinfo.fr\/saintdieinfo\/2021\/11\/plus-de-100-couronnes-120-convives-journee-de-lavent-de-leglise-protestante-unie\/#respond"]}]},{"@type":"WebPage","@id":"https:\/\/vosgesinfo.fr\/saintdieinfo\/2021\/11\/plus-de-100-couronnes-120-convives-journee-de-lavent-de-leglise-protestante-unie\/","url":"https:\/\/vosgesinfo.fr\/saintdieinfo\/2021\/11\/plus-de-100-couronnes-120-convives-journee-de-lavent-de-leglise-protestante-unie\/","name":"Plus de 100 couronnes et 120 convives pour la Journ\u00e9e de l'Avent de l'Eglise Protestante Unie - Saint Die Info","isPartOf":{"@id":"https:\/\/vosgesinfo.fr\/saintdieinfo\/#website"},"primaryImageOfPage":{"@id":"https:\/\/vosgesinfo.fr\/saintdieinfo\/2021\/11\/plus-de-100-couronnes-120-convives-journee-de-lavent-de-leglise-protestante-unie\/#primaryimage"},"image":{"@id":"https:\/\/vosgesinfo.fr\/saintdieinfo\/2021\/11\/plus-de-100-couronnes-120-convives-journee-de-lavent-de-leglise-protestante-unie\/#primaryimage"},"thumbnailUrl":"https:\/\/vosgesinfo.fr\/app\/uploads\/sites\/4\/2024\/08\/202111journee-avent-epu-4.jpg","datePublished":"2021-11-29T10:23:58+00:00","dateModified":"2021-11-29T10:23:58+00:00","breadcrumb":{"@id":"https:\/\/vosgesinfo.fr\/saintdieinfo\/2021\/11\/plus-de-100-couronnes-120-convives-journee-de-lavent-de-leglise-protestante-unie\/#breadcrumb"},"inLanguage":"fr-FR","potentialAction":[{"@type":"ReadAction","target":["https:\/\/vosgesinfo.fr\/saintdieinfo\/2021\/11\/plus-de-100-couronnes-120-convives-journee-de-lavent-de-leglise-protestante-unie\/"]}]},{"@type":"ImageObject","inLanguage":"fr-FR","@id":"https:\/\/vosgesinfo.fr\/saintdieinfo\/2021\/11\/plus-de-100-couronnes-120-convives-journee-de-lavent-de-leglise-protestante-unie\/#primaryimage","url":"https:\/\/vosgesinfo.fr\/app\/uploads\/sites\/4\/2024\/08\/202111journee-avent-epu-4.jpg","contentUrl":"https:\/\/vosgesinfo.fr\/app\/uploads\/sites\/4\/2024\/08\/202111journee-avent-epu-4.jpg","width":800,"height":600},{"@type":"BreadcrumbList","@id":"https:\/\/vosgesinfo.fr\/saintdieinfo\/2021\/11\/plus-de-100-couronnes-120-convives-journee-de-lavent-de-leglise-protestante-unie\/#breadcrumb","itemListElement":[{"@type":"ListItem","position":1,"name":"Home","item":"https:\/\/vosgesinfo.fr\/saintdieinfo\/"},{"@type":"ListItem","position":2,"name":"Plus de 100 couronnes et 120 convives pour la Journ\u00e9e de l&rsquo;Avent de l&rsquo;Eglise Protestante Unie"}]},{"@type":"WebSite","@id":"https:\/\/vosgesinfo.fr\/saintdieinfo\/#website","url":"https:\/\/vosgesinfo.fr\/saintdieinfo\/","name":"Saint Die Info","description":"Toute l&#039;actualit\u00e9 de Saint-Di\u00e9-Des-Vosges","publisher":{"@id":"https:\/\/vosgesinfo.fr\/saintdieinfo\/#organization"},"alternateName":"Toute l'actualit\u00e9 de Saint-Di\u00e9-Des-Vosges","potentialAction":[{"@type":"SearchAction","target":{"@type":"EntryPoint","urlTemplate":"https:\/\/vosgesinfo.fr\/saintdieinfo\/?s={search_term_string}"},"query-input":"required name=search_term_string"}],"inLanguage":"fr-FR"},{"@type":"Organization","@id":"https:\/\/vosgesinfo.fr\/saintdieinfo\/#organization","name":"Saint Die Info","url":"https:\/\/vosgesinfo.fr\/saintdieinfo\/","logo":{"@type":"ImageObject","inLanguage":"fr-FR","@id":"https:\/\/vosgesinfo.fr\/saintdieinfo\/#\/schema\/logo\/image\/","url":"https:\/\/vosgesinfo.fr\/app\/uploads\/sites\/4\/2024\/02\/logo-sdi.jpg","contentUrl":"https:\/\/vosgesinfo.fr\/app\/uploads\/sites\/4\/2024\/02\/logo-sdi.jpg","width":600,"height":600,"caption":"Saint Die Info"},"image":{"@id":"https:\/\/vosgesinfo.fr\/saintdieinfo\/#\/schema\/logo\/image\/"},"sameAs":["https:\/\/www.facebook.com\/Saintdieinfofr","https:\/\/x.com\/VosgesInfo88","https:\/\/www.youtube.com\/@vosgesinfo"]},{"@type":"Person","@id":"https:\/\/vosgesinfo.fr\/saintdieinfo\/#\/schema\/person\/faee6704a21f3977511db84bd1cd450f","name":"la r\u00e9daction","image":{"@type":"ImageObject","inLanguage":"fr-FR","@id":"https:\/\/vosgesinfo.fr\/saintdieinfo\/#\/schema\/person\/image\/","url":"https:\/\/secure.gravatar.com\/avatar\/6673d8bc6a9c17fa9a453eaa3448de834fa308c2ec9635b7aa99441a7c8d2cf6?s=96&d=mm&r=g","contentUrl":"https:\/\/secure.gravatar.com\/avatar\/6673d8bc6a9c17fa9a453eaa3448de834fa308c2ec9635b7aa99441a7c8d2cf6?s=96&d=mm&r=g","caption":"la r\u00e9daction"},"url":"https:\/\/vosgesinfo.fr\/saintdieinfo\/author\/redac\/"}]}},"_links":{"self":[{"href":"https:\/\/vosgesinfo.fr\/saintdieinfo\/wp-json\/wp\/v2\/posts\/45576","targetHints":{"allow":["GET"]}}],"collection":[{"href":"https:\/\/vosgesinfo.fr\/saintdieinfo\/wp-json\/wp\/v2\/posts"}],"about":[{"href":"https:\/\/vosgesinfo.fr\/saintdieinfo\/wp-json\/wp\/v2\/types\/post"}],"author":[{"embeddable":true,"href":"https:\/\/vosgesinfo.fr\/saintdieinfo\/wp-json\/wp\/v2\/users\/44"}],"replies":[{"embeddable":true,"href":"https:\/\/vosgesinfo.fr\/saintdieinfo\/wp-json\/wp\/v2\/comments?post=45576"}],"version-history":[{"count":0,"href":"https:\/\/vosgesinfo.fr\/saintdieinfo\/wp-json\/wp\/v2\/posts\/45576\/revisions"}],"wp:featuredmedia":[{"embeddable":true,"href":"https:\/\/vosgesinfo.fr\/saintdieinfo\/wp-json\/wp\/v2\/media\/45577"}],"wp:attachment":[{"href":"https:\/\/vosgesinfo.fr\/saintdieinfo\/wp-json\/wp\/v2\/media?parent=45576"}],"wp:term":[{"taxonomy":"category","embeddable":true,"href":"https:\/\/vosgesinfo.fr\/saintdieinfo\/wp-json\/wp\/v2\/categories?post=45576"},{"taxonomy":"post_tag","embeddable":true,"href":"https:\/\/vosgesinfo.fr\/saintdieinfo\/wp-json\/wp\/v2\/tags?post=45576"}],"curies":[{"name":"wp","href":"https:\/\/api.w.org\/{rel}","templated":true}]}}