{"id":45581,"date":"2021-11-29T12:36:13","date_gmt":"2021-11-29T11:36:13","guid":{"rendered":"https:\/\/vosgesinfo.fr\/saintdieinfo\/2021\/11\/vosges-deux-interventions-compliquees-pompiers-secouristes-de-montagne\/"},"modified":"2021-11-29T12:36:13","modified_gmt":"2021-11-29T11:36:13","slug":"vosges-deux-interventions-compliquees-pompiers-secouristes-de-montagne","status":"publish","type":"post","link":"https:\/\/vosgesinfo.fr\/saintdieinfo\/2021\/11\/vosges-deux-interventions-compliquees-pompiers-secouristes-de-montagne\/","title":{"rendered":"Vosges \u2013 Deux interventions compliqu\u00e9es pour les pompiers secouristes de montagne"},"content":{"rendered":"<div id=\"attachment_175349\" style=\"width: 810px\" class=\"wp-caption aligncenter\"><a href=\"\/2021\/11\/262200445_4691321934292079_3609634044749316016_n.jpg\" target=\"_blank\" rel=\"noopener\"><img decoding=\"async\" aria-describedby=\"caption-attachment-175349\" class=\"wp-image-175349 size-full\" src=\"\/2021\/11\/262200445_4691321934292079_3609634044749316016_n.jpg\" alt=\"262200445_4691321934292079_3609634044749316016_n\" width=\"800\" height=\"526\" \/><\/a><p id=\"caption-attachment-175349\" class=\"wp-caption-text\">(Photographies GSMSP des Vosges)<\/p><\/div>\n<h2><span style=\"font-size: 14pt;\"><strong>La semaine derni\u00e8re, le Groupe Secours Montagne Sapeurs-Pompiers \u2013 GSMSP \u2013 des Vosges est intervenu dans le secteur de La Bresse sur 2 secours aux conditions d&rsquo;intervention compliqu\u00e9es.<\/strong><\/span><\/h2>\n<p><!--more--><\/p>\n<p>Jeudi, une personne bless\u00e9e dans un chemin de randonn\u00e9e a n\u00e9cessit\u00e9 un brancardage de 3 heures dans des conditions \u00e9prouvantes, sachant que la m\u00e9t\u00e9o interdisait l&rsquo;utilisation d&rsquo;un h\u00e9licopt\u00e8re. A noter que les secouristes ont \u00e9t\u00e9 aid\u00e9s par un m\u00e9decin urgentiste de passage.<\/p>\n<p>Hier dimanche, un skieur de randonn\u00e9e a \u00e9t\u00e9 \u00e9vacu\u00e9 en tra\u00eeneau jusqu&rsquo;\u00e0 la station, car la m\u00e9t\u00e9o mais aussi la topographie des lieux ont rendu impossible tout acc\u00e8s motoris\u00e9. <em>\u00ab\u00a0Une belle coop\u00e9ration du groupe avec le sapeurs-pompiers de La Bresse et de G\u00e9rardmer, ainsi que le service de sant\u00e9 et de secours m\u00e9dical des sapeurs-pompiers des Vosges. Saluons enfin l&rsquo;esprit de cord\u00e9e des compagnons de notre infortun\u00e9 skieur qui, apr\u00e8s avoir alert\u00e9 les secours et prodigu\u00e9 les premiers secours, ont particip\u00e9 activement \u00e0 l&rsquo;\u00e9vacuation de la victime\u00a0\u00bb<\/em> a comment\u00e9 le GSMSP suite \u00e0 cette seconde intervention.<\/p>\n<p>J.J.<\/p>\n\n","protected":false},"excerpt":{"rendered":"<p>La semaine derni\u00e8re, le Groupe Secours Montagne Sapeurs-Pompiers \u2013 GSMSP \u2013 des Vosges est intervenu dans le secteur de La [&hellip;]<\/p>\n","protected":false},"author":44,"featured_media":45582,"comment_status":"open","ping_status":"open","sticky":false,"template":"","format":"standard","meta":{"footnotes":""},"categories":[460,2924,18],"tags":[9758,9759,159],"class_list":["post-45581","post","type-post","status-publish","format-standard","has-post-thumbnail","hentry","category-a-la-une","category-fait-divers","category-vosges","tag-groupe-secours-montagne-sapeurs-pompiers-des-vosges","tag-gsmsp-des-vosges","tag-la-bresse"],"acf":[],"yoast_head":"<!-- This site is optimized with the Yoast SEO plugin v22.5 - https:\/\/yoast.com\/wordpress\/plugins\/seo\/ -->\n<title>Vosges \u2013 Deux interventions compliqu\u00e9es pour les pompiers secouristes de montagne - Saint Die Info<\/title>\n<meta name=\"robots\" content=\"index, follow, max-snippet:-1, max-image-preview:large, max-video-preview:-1\" \/>\n<link rel=\"canonical\" href=\"https:\/\/vosgesinfo.fr\/saintdieinfo\/2021\/11\/vosges-deux-interventions-compliquees-pompiers-secouristes-de-montagne\/\" \/>\n<meta name=\"twitter:card\" content=\"summary_large_image\" \/>\n<meta name=\"twitter:title\" content=\"Vosges \u2013 Deux interventions compliqu\u00e9es pour les pompiers secouristes de montagne - Saint Die Info\" \/>\n<meta name=\"twitter:description\" content=\"La semaine derni\u00e8re, le Groupe Secours Montagne Sapeurs-Pompiers \u2013 GSMSP \u2013 des Vosges est intervenu dans le secteur de La [&hellip;]\" \/>\n<meta name=\"twitter:image\" content=\"https:\/\/vosgesinfo.fr\/app\/uploads\/sites\/4\/2024\/08\/202111262200445-4691321934292079-3609634044749316016-n.jpg\" \/>\n<meta name=\"twitter:creator\" content=\"@VosgesInfo88\" \/>\n<meta name=\"twitter:site\" content=\"@VosgesInfo88\" \/>\n<meta name=\"twitter:label1\" content=\"\u00c9crit par\" \/>\n\t<meta name=\"twitter:data1\" content=\"la r\u00e9daction\" \/>\n\t<meta name=\"twitter:label2\" content=\"Dur\u00e9e de lecture estim\u00e9e\" \/>\n\t<meta name=\"twitter:data2\" content=\"1 minute\" \/>\n<script type=\"application\/ld+json\" class=\"yoast-schema-graph\">{\"@context\":\"https:\/\/schema.org\",\"@graph\":[{\"@type\":\"Article\",\"@id\":\"https:\/\/vosgesinfo.fr\/saintdieinfo\/2021\/11\/vosges-deux-interventions-compliquees-pompiers-secouristes-de-montagne\/#article\",\"isPartOf\":{\"@id\":\"https:\/\/vosgesinfo.fr\/saintdieinfo\/2021\/11\/vosges-deux-interventions-compliquees-pompiers-secouristes-de-montagne\/\"},\"author\":{\"name\":\"la r\u00e9daction\",\"@id\":\"https:\/\/vosgesinfo.fr\/saintdieinfo\/#\/schema\/person\/faee6704a21f3977511db84bd1cd450f\"},\"headline\":\"Vosges \u2013 Deux interventions compliqu\u00e9es pour les pompiers secouristes de montagne\",\"datePublished\":\"2021-11-29T11:36:13+00:00\",\"dateModified\":\"2021-11-29T11:36:13+00:00\",\"mainEntityOfPage\":{\"@id\":\"https:\/\/vosgesinfo.fr\/saintdieinfo\/2021\/11\/vosges-deux-interventions-compliquees-pompiers-secouristes-de-montagne\/\"},\"wordCount\":216,\"commentCount\":0,\"publisher\":{\"@id\":\"https:\/\/vosgesinfo.fr\/saintdieinfo\/#organization\"},\"image\":{\"@id\":\"https:\/\/vosgesinfo.fr\/saintdieinfo\/2021\/11\/vosges-deux-interventions-compliquees-pompiers-secouristes-de-montagne\/#primaryimage\"},\"thumbnailUrl\":\"https:\/\/vosgesinfo.fr\/app\/uploads\/sites\/4\/2024\/08\/202111262200445-4691321934292079-3609634044749316016-n.jpg\",\"keywords\":[\"Groupe Secours Montagne Sapeurs-Pompiers des Vosges\",\"GSMSP des Vosges\",\"La Bresse\"],\"articleSection\":[\"A la Une\",\"Fait Divers\",\"Vosges\"],\"inLanguage\":\"fr-FR\",\"potentialAction\":[{\"@type\":\"CommentAction\",\"name\":\"Comment\",\"target\":[\"https:\/\/vosgesinfo.fr\/saintdieinfo\/2021\/11\/vosges-deux-interventions-compliquees-pompiers-secouristes-de-montagne\/#respond\"]}]},{\"@type\":\"WebPage\",\"@id\":\"https:\/\/vosgesinfo.fr\/saintdieinfo\/2021\/11\/vosges-deux-interventions-compliquees-pompiers-secouristes-de-montagne\/\",\"url\":\"https:\/\/vosgesinfo.fr\/saintdieinfo\/2021\/11\/vosges-deux-interventions-compliquees-pompiers-secouristes-de-montagne\/\",\"name\":\"Vosges \u2013 Deux interventions compliqu\u00e9es pour les pompiers secouristes de montagne - Saint Die Info\",\"isPartOf\":{\"@id\":\"https:\/\/vosgesinfo.fr\/saintdieinfo\/#website\"},\"primaryImageOfPage\":{\"@id\":\"https:\/\/vosgesinfo.fr\/saintdieinfo\/2021\/11\/vosges-deux-interventions-compliquees-pompiers-secouristes-de-montagne\/#primaryimage\"},\"image\":{\"@id\":\"https:\/\/vosgesinfo.fr\/saintdieinfo\/2021\/11\/vosges-deux-interventions-compliquees-pompiers-secouristes-de-montagne\/#primaryimage\"},\"thumbnailUrl\":\"https:\/\/vosgesinfo.fr\/app\/uploads\/sites\/4\/2024\/08\/202111262200445-4691321934292079-3609634044749316016-n.jpg\",\"datePublished\":\"2021-11-29T11:36:13+00:00\",\"dateModified\":\"2021-11-29T11:36:13+00:00\",\"breadcrumb\":{\"@id\":\"https:\/\/vosgesinfo.fr\/saintdieinfo\/2021\/11\/vosges-deux-interventions-compliquees-pompiers-secouristes-de-montagne\/#breadcrumb\"},\"inLanguage\":\"fr-FR\",\"potentialAction\":[{\"@type\":\"ReadAction\",\"target\":[\"https:\/\/vosgesinfo.fr\/saintdieinfo\/2021\/11\/vosges-deux-interventions-compliquees-pompiers-secouristes-de-montagne\/\"]}]},{\"@type\":\"ImageObject\",\"inLanguage\":\"fr-FR\",\"@id\":\"https:\/\/vosgesinfo.fr\/saintdieinfo\/2021\/11\/vosges-deux-interventions-compliquees-pompiers-secouristes-de-montagne\/#primaryimage\",\"url\":\"https:\/\/vosgesinfo.fr\/app\/uploads\/sites\/4\/2024\/08\/202111262200445-4691321934292079-3609634044749316016-n.jpg\",\"contentUrl\":\"https:\/\/vosgesinfo.fr\/app\/uploads\/sites\/4\/2024\/08\/202111262200445-4691321934292079-3609634044749316016-n.jpg\",\"width\":800,\"height\":526},{\"@type\":\"BreadcrumbList\",\"@id\":\"https:\/\/vosgesinfo.fr\/saintdieinfo\/2021\/11\/vosges-deux-interventions-compliquees-pompiers-secouristes-de-montagne\/#breadcrumb\",\"itemListElement\":[{\"@type\":\"ListItem\",\"position\":1,\"name\":\"Home\",\"item\":\"https:\/\/vosgesinfo.fr\/saintdieinfo\/\"},{\"@type\":\"ListItem\",\"position\":2,\"name\":\"Vosges \u2013 Deux interventions compliqu\u00e9es pour les pompiers secouristes de montagne\"}]},{\"@type\":\"WebSite\",\"@id\":\"https:\/\/vosgesinfo.fr\/saintdieinfo\/#website\",\"url\":\"https:\/\/vosgesinfo.fr\/saintdieinfo\/\",\"name\":\"Saint Die Info\",\"description\":\"Toute l&#039;actualit\u00e9 de Saint-Di\u00e9-Des-Vosges\",\"publisher\":{\"@id\":\"https:\/\/vosgesinfo.fr\/saintdieinfo\/#organization\"},\"alternateName\":\"Toute l'actualit\u00e9 de Saint-Di\u00e9-Des-Vosges\",\"potentialAction\":[{\"@type\":\"SearchAction\",\"target\":{\"@type\":\"EntryPoint\",\"urlTemplate\":\"https:\/\/vosgesinfo.fr\/saintdieinfo\/?s={search_term_string}\"},\"query-input\":\"required name=search_term_string\"}],\"inLanguage\":\"fr-FR\"},{\"@type\":\"Organization\",\"@id\":\"https:\/\/vosgesinfo.fr\/saintdieinfo\/#organization\",\"name\":\"Saint Die Info\",\"url\":\"https:\/\/vosgesinfo.fr\/saintdieinfo\/\",\"logo\":{\"@type\":\"ImageObject\",\"inLanguage\":\"fr-FR\",\"@id\":\"https:\/\/vosgesinfo.fr\/saintdieinfo\/#\/schema\/logo\/image\/\",\"url\":\"https:\/\/vosgesinfo.fr\/app\/uploads\/sites\/4\/2024\/02\/logo-sdi.jpg\",\"contentUrl\":\"https:\/\/vosgesinfo.fr\/app\/uploads\/sites\/4\/2024\/02\/logo-sdi.jpg\",\"width\":600,\"height\":600,\"caption\":\"Saint Die Info\"},\"image\":{\"@id\":\"https:\/\/vosgesinfo.fr\/saintdieinfo\/#\/schema\/logo\/image\/\"},\"sameAs\":[\"https:\/\/www.facebook.com\/Saintdieinfofr\",\"https:\/\/x.com\/VosgesInfo88\",\"https:\/\/www.youtube.com\/@vosgesinfo\"]},{\"@type\":\"Person\",\"@id\":\"https:\/\/vosgesinfo.fr\/saintdieinfo\/#\/schema\/person\/faee6704a21f3977511db84bd1cd450f\",\"name\":\"la r\u00e9daction\",\"image\":{\"@type\":\"ImageObject\",\"inLanguage\":\"fr-FR\",\"@id\":\"https:\/\/vosgesinfo.fr\/saintdieinfo\/#\/schema\/person\/image\/\",\"url\":\"https:\/\/secure.gravatar.com\/avatar\/6673d8bc6a9c17fa9a453eaa3448de834fa308c2ec9635b7aa99441a7c8d2cf6?s=96&d=mm&r=g\",\"contentUrl\":\"https:\/\/secure.gravatar.com\/avatar\/6673d8bc6a9c17fa9a453eaa3448de834fa308c2ec9635b7aa99441a7c8d2cf6?s=96&d=mm&r=g\",\"caption\":\"la r\u00e9daction\"},\"url\":\"https:\/\/vosgesinfo.fr\/saintdieinfo\/author\/redac\/\"}]}<\/script>\n<!-- \/ Yoast SEO plugin. -->","yoast_head_json":{"title":"Vosges \u2013 Deux interventions compliqu\u00e9es pour les pompiers secouristes de montagne - Saint Die Info","robots":{"index":"index","follow":"follow","max-snippet":"max-snippet:-1","max-image-preview":"max-image-preview:large","max-video-preview":"max-video-preview:-1"},"canonical":"https:\/\/vosgesinfo.fr\/saintdieinfo\/2021\/11\/vosges-deux-interventions-compliquees-pompiers-secouristes-de-montagne\/","twitter_card":"summary_large_image","twitter_title":"Vosges \u2013 Deux interventions compliqu\u00e9es pour les pompiers secouristes de montagne - Saint Die Info","twitter_description":"La semaine derni\u00e8re, le Groupe Secours Montagne Sapeurs-Pompiers \u2013 GSMSP \u2013 des Vosges est intervenu dans le secteur de La [&hellip;]","twitter_image":"https:\/\/vosgesinfo.fr\/app\/uploads\/sites\/4\/2024\/08\/202111262200445-4691321934292079-3609634044749316016-n.jpg","twitter_creator":"@VosgesInfo88","twitter_site":"@VosgesInfo88","twitter_misc":{"\u00c9crit par":"la r\u00e9daction","Dur\u00e9e de lecture estim\u00e9e":"1 minute"},"schema":{"@context":"https:\/\/schema.org","@graph":[{"@type":"Article","@id":"https:\/\/vosgesinfo.fr\/saintdieinfo\/2021\/11\/vosges-deux-interventions-compliquees-pompiers-secouristes-de-montagne\/#article","isPartOf":{"@id":"https:\/\/vosgesinfo.fr\/saintdieinfo\/2021\/11\/vosges-deux-interventions-compliquees-pompiers-secouristes-de-montagne\/"},"author":{"name":"la r\u00e9daction","@id":"https:\/\/vosgesinfo.fr\/saintdieinfo\/#\/schema\/person\/faee6704a21f3977511db84bd1cd450f"},"headline":"Vosges \u2013 Deux interventions compliqu\u00e9es pour les pompiers secouristes de montagne","datePublished":"2021-11-29T11:36:13+00:00","dateModified":"2021-11-29T11:36:13+00:00","mainEntityOfPage":{"@id":"https:\/\/vosgesinfo.fr\/saintdieinfo\/2021\/11\/vosges-deux-interventions-compliquees-pompiers-secouristes-de-montagne\/"},"wordCount":216,"commentCount":0,"publisher":{"@id":"https:\/\/vosgesinfo.fr\/saintdieinfo\/#organization"},"image":{"@id":"https:\/\/vosgesinfo.fr\/saintdieinfo\/2021\/11\/vosges-deux-interventions-compliquees-pompiers-secouristes-de-montagne\/#primaryimage"},"thumbnailUrl":"https:\/\/vosgesinfo.fr\/app\/uploads\/sites\/4\/2024\/08\/202111262200445-4691321934292079-3609634044749316016-n.jpg","keywords":["Groupe Secours Montagne Sapeurs-Pompiers des Vosges","GSMSP des Vosges","La Bresse"],"articleSection":["A la Une","Fait Divers","Vosges"],"inLanguage":"fr-FR","potentialAction":[{"@type":"CommentAction","name":"Comment","target":["https:\/\/vosgesinfo.fr\/saintdieinfo\/2021\/11\/vosges-deux-interventions-compliquees-pompiers-secouristes-de-montagne\/#respond"]}]},{"@type":"WebPage","@id":"https:\/\/vosgesinfo.fr\/saintdieinfo\/2021\/11\/vosges-deux-interventions-compliquees-pompiers-secouristes-de-montagne\/","url":"https:\/\/vosgesinfo.fr\/saintdieinfo\/2021\/11\/vosges-deux-interventions-compliquees-pompiers-secouristes-de-montagne\/","name":"Vosges \u2013 Deux interventions compliqu\u00e9es pour les pompiers secouristes de montagne - Saint Die Info","isPartOf":{"@id":"https:\/\/vosgesinfo.fr\/saintdieinfo\/#website"},"primaryImageOfPage":{"@id":"https:\/\/vosgesinfo.fr\/saintdieinfo\/2021\/11\/vosges-deux-interventions-compliquees-pompiers-secouristes-de-montagne\/#primaryimage"},"image":{"@id":"https:\/\/vosgesinfo.fr\/saintdieinfo\/2021\/11\/vosges-deux-interventions-compliquees-pompiers-secouristes-de-montagne\/#primaryimage"},"thumbnailUrl":"https:\/\/vosgesinfo.fr\/app\/uploads\/sites\/4\/2024\/08\/202111262200445-4691321934292079-3609634044749316016-n.jpg","datePublished":"2021-11-29T11:36:13+00:00","dateModified":"2021-11-29T11:36:13+00:00","breadcrumb":{"@id":"https:\/\/vosgesinfo.fr\/saintdieinfo\/2021\/11\/vosges-deux-interventions-compliquees-pompiers-secouristes-de-montagne\/#breadcrumb"},"inLanguage":"fr-FR","potentialAction":[{"@type":"ReadAction","target":["https:\/\/vosgesinfo.fr\/saintdieinfo\/2021\/11\/vosges-deux-interventions-compliquees-pompiers-secouristes-de-montagne\/"]}]},{"@type":"ImageObject","inLanguage":"fr-FR","@id":"https:\/\/vosgesinfo.fr\/saintdieinfo\/2021\/11\/vosges-deux-interventions-compliquees-pompiers-secouristes-de-montagne\/#primaryimage","url":"https:\/\/vosgesinfo.fr\/app\/uploads\/sites\/4\/2024\/08\/202111262200445-4691321934292079-3609634044749316016-n.jpg","contentUrl":"https:\/\/vosgesinfo.fr\/app\/uploads\/sites\/4\/2024\/08\/202111262200445-4691321934292079-3609634044749316016-n.jpg","width":800,"height":526},{"@type":"BreadcrumbList","@id":"https:\/\/vosgesinfo.fr\/saintdieinfo\/2021\/11\/vosges-deux-interventions-compliquees-pompiers-secouristes-de-montagne\/#breadcrumb","itemListElement":[{"@type":"ListItem","position":1,"name":"Home","item":"https:\/\/vosgesinfo.fr\/saintdieinfo\/"},{"@type":"ListItem","position":2,"name":"Vosges \u2013 Deux interventions compliqu\u00e9es pour les pompiers secouristes de montagne"}]},{"@type":"WebSite","@id":"https:\/\/vosgesinfo.fr\/saintdieinfo\/#website","url":"https:\/\/vosgesinfo.fr\/saintdieinfo\/","name":"Saint Die Info","description":"Toute l&#039;actualit\u00e9 de Saint-Di\u00e9-Des-Vosges","publisher":{"@id":"https:\/\/vosgesinfo.fr\/saintdieinfo\/#organization"},"alternateName":"Toute l'actualit\u00e9 de Saint-Di\u00e9-Des-Vosges","potentialAction":[{"@type":"SearchAction","target":{"@type":"EntryPoint","urlTemplate":"https:\/\/vosgesinfo.fr\/saintdieinfo\/?s={search_term_string}"},"query-input":"required name=search_term_string"}],"inLanguage":"fr-FR"},{"@type":"Organization","@id":"https:\/\/vosgesinfo.fr\/saintdieinfo\/#organization","name":"Saint Die Info","url":"https:\/\/vosgesinfo.fr\/saintdieinfo\/","logo":{"@type":"ImageObject","inLanguage":"fr-FR","@id":"https:\/\/vosgesinfo.fr\/saintdieinfo\/#\/schema\/logo\/image\/","url":"https:\/\/vosgesinfo.fr\/app\/uploads\/sites\/4\/2024\/02\/logo-sdi.jpg","contentUrl":"https:\/\/vosgesinfo.fr\/app\/uploads\/sites\/4\/2024\/02\/logo-sdi.jpg","width":600,"height":600,"caption":"Saint Die Info"},"image":{"@id":"https:\/\/vosgesinfo.fr\/saintdieinfo\/#\/schema\/logo\/image\/"},"sameAs":["https:\/\/www.facebook.com\/Saintdieinfofr","https:\/\/x.com\/VosgesInfo88","https:\/\/www.youtube.com\/@vosgesinfo"]},{"@type":"Person","@id":"https:\/\/vosgesinfo.fr\/saintdieinfo\/#\/schema\/person\/faee6704a21f3977511db84bd1cd450f","name":"la r\u00e9daction","image":{"@type":"ImageObject","inLanguage":"fr-FR","@id":"https:\/\/vosgesinfo.fr\/saintdieinfo\/#\/schema\/person\/image\/","url":"https:\/\/secure.gravatar.com\/avatar\/6673d8bc6a9c17fa9a453eaa3448de834fa308c2ec9635b7aa99441a7c8d2cf6?s=96&d=mm&r=g","contentUrl":"https:\/\/secure.gravatar.com\/avatar\/6673d8bc6a9c17fa9a453eaa3448de834fa308c2ec9635b7aa99441a7c8d2cf6?s=96&d=mm&r=g","caption":"la r\u00e9daction"},"url":"https:\/\/vosgesinfo.fr\/saintdieinfo\/author\/redac\/"}]}},"_links":{"self":[{"href":"https:\/\/vosgesinfo.fr\/saintdieinfo\/wp-json\/wp\/v2\/posts\/45581","targetHints":{"allow":["GET"]}}],"collection":[{"href":"https:\/\/vosgesinfo.fr\/saintdieinfo\/wp-json\/wp\/v2\/posts"}],"about":[{"href":"https:\/\/vosgesinfo.fr\/saintdieinfo\/wp-json\/wp\/v2\/types\/post"}],"author":[{"embeddable":true,"href":"https:\/\/vosgesinfo.fr\/saintdieinfo\/wp-json\/wp\/v2\/users\/44"}],"replies":[{"embeddable":true,"href":"https:\/\/vosgesinfo.fr\/saintdieinfo\/wp-json\/wp\/v2\/comments?post=45581"}],"version-history":[{"count":0,"href":"https:\/\/vosgesinfo.fr\/saintdieinfo\/wp-json\/wp\/v2\/posts\/45581\/revisions"}],"wp:featuredmedia":[{"embeddable":true,"href":"https:\/\/vosgesinfo.fr\/saintdieinfo\/wp-json\/wp\/v2\/media\/45582"}],"wp:attachment":[{"href":"https:\/\/vosgesinfo.fr\/saintdieinfo\/wp-json\/wp\/v2\/media?parent=45581"}],"wp:term":[{"taxonomy":"category","embeddable":true,"href":"https:\/\/vosgesinfo.fr\/saintdieinfo\/wp-json\/wp\/v2\/categories?post=45581"},{"taxonomy":"post_tag","embeddable":true,"href":"https:\/\/vosgesinfo.fr\/saintdieinfo\/wp-json\/wp\/v2\/tags?post=45581"}],"curies":[{"name":"wp","href":"https:\/\/api.w.org\/{rel}","templated":true}]}}