{"id":45955,"date":"2022-01-11T10:02:35","date_gmt":"2022-01-11T09:02:35","guid":{"rendered":"https:\/\/vosgesinfo.fr\/saintdieinfo\/2022\/01\/lagenda-2022-de-lecurie-gentiane-historique\/"},"modified":"2022-01-11T10:02:35","modified_gmt":"2022-01-11T09:02:35","slug":"lagenda-2022-de-lecurie-gentiane-historique","status":"publish","type":"post","link":"https:\/\/vosgesinfo.fr\/saintdieinfo\/2022\/01\/lagenda-2022-de-lecurie-gentiane-historique\/","title":{"rendered":"L&rsquo;agenda 2022 de l&rsquo;Ecurie Gentiane Historique"},"content":{"rendered":"<div id=\"attachment_137024\" style=\"width: 970px\" class=\"wp-caption aligncenter\"><a href=\"\/2019\/04\/Exposition_Ecurie_Gentiane_Historique-3.jpg\" target=\"_blank\" rel=\"noopener\"><img decoding=\"async\" aria-describedby=\"caption-attachment-137024\" class=\"wp-image-137024 size-large\" src=\"\/2019\/04\/Exposition_Ecurie_Gentiane_Historique-3-1024x683.jpg\" alt=\"Exposition_Ecurie_Gentiane_Historique (3)\" width=\"960\" height=\"640\" \/><\/a><p id=\"caption-attachment-137024\" class=\"wp-caption-text\">(Archive)<\/p><\/div>\n<h2><strong><span style=\"font-size: 14pt;\">L&rsquo;Ecurie Gentiane Historique, qui organise notamment des rassemblements mensuels de voitures anciennes et de prestige, vient de publier son agenda pour l&rsquo;ann\u00e9e 2022. Comme le pr\u00e9cise l&rsquo;association, <em>\u00ab\u00a0ce calendrier reste provisoire, compte tenu de l&rsquo;\u00e9volution de l&rsquo;\u00e9pid\u00e9mie de Covid-19, aucune manifestation n&rsquo;est pour l&rsquo;heure garantie \u00e0 100%\u00a0\u00bb.<\/em><\/span><\/strong><\/h2>\n<p><!--more--><\/p>\n<h3><strong><span style=\"font-size: 12pt;\">Les dates des prochains rassemblements, qui ont lieu de 9h30 \u00e0 12h30 sur la Place du March\u00e9 de Saint-Di\u00e9-des-Vosges :<\/span><\/strong><\/h3>\n<ul>\n<li>Dimanche 6 mars\u00a0;<\/li>\n<li>Dimanche 3 avril\u00a0;<\/li>\n<li>Dimanche 1er mai\u00a0;<\/li>\n<li>Dimanche 5 juin\u00a0;<\/li>\n<li>Dimanche 3 juillet\u00a0;<\/li>\n<li>Dimanche 7 ao\u00fbt\u00a0;<\/li>\n<li>Dimanche 4 septembre, une date susceptible de modification car l&rsquo;Ecurie Gentiane Historique souhaite organiser une journ\u00e9e sp\u00e9ciale avec des animations.<\/li>\n<li>Dimanche 9 octobre.<\/li>\n<\/ul>\n<p>Ces rassemblements sont gratuits, sans inscription et ouverts \u00e0 tous. La seule condition \u00e9tant de poss\u00e9der un v\u00e9hicule historique ou de prestige.<\/p>\n<p>Au titre des nouveaut\u00e9s, l&rsquo;association organisera cette ann\u00e9e, dimanche 26 mars, la Premi\u00e8re Vir\u00e9e des 4 Cols. Cette nouvelle \u00e9preuve de navigation viendra remplacer la traditionnelle Parade de la Gentiane. L&rsquo;association rappelle \u00e9galement que lors de ses manifestations, le port du masque et obligatoire, la distanciation sociale et le respect des gestes barri\u00e8res sont \u00e0 respecter.<\/p>\n<p>Pour rester inform\u00e9 de l&rsquo;actualit\u00e9 de l&rsquo;Ecurie Gentiane Historique\u00a0: <strong><a href=\"http:\/\/www.ecuriegentianehistorique.fr\/\" target=\"_blank\" rel=\"noopener\">www.ecuriegentianehistorique.fr<\/a><\/strong><\/p>\n<p>J.J.<\/p>\n","protected":false},"excerpt":{"rendered":"<p>L&rsquo;Ecurie Gentiane Historique, qui organise notamment des rassemblements mensuels de voitures anciennes et de prestige, vient de publier son agenda [&hellip;]<\/p>\n","protected":false},"author":44,"featured_media":45956,"comment_status":"open","ping_status":"open","sticky":false,"template":"","format":"standard","meta":{"footnotes":""},"categories":[460,20,2915,17],"tags":[9901,2930],"class_list":["post-45955","post","type-post","status-publish","format-standard","has-post-thumbnail","hentry","category-a-la-une","category-loisirs","category-saint-die-son-canton","category-vie-associative","tag-agenda-2022-de-lecurie-gentiane-historique","tag-ecurie-gentiane-historique"],"acf":[],"yoast_head":"<!-- This site is optimized with the Yoast SEO plugin v22.5 - https:\/\/yoast.com\/wordpress\/plugins\/seo\/ -->\n<title>L&#039;agenda 2022 de l&#039;Ecurie Gentiane Historique - Saint Die Info<\/title>\n<meta name=\"robots\" content=\"index, follow, max-snippet:-1, max-image-preview:large, max-video-preview:-1\" \/>\n<link rel=\"canonical\" href=\"https:\/\/vosgesinfo.fr\/saintdieinfo\/2022\/01\/lagenda-2022-de-lecurie-gentiane-historique\/\" \/>\n<meta name=\"twitter:card\" content=\"summary_large_image\" \/>\n<meta name=\"twitter:title\" content=\"L&#039;agenda 2022 de l&#039;Ecurie Gentiane Historique - Saint Die Info\" \/>\n<meta name=\"twitter:description\" content=\"L&rsquo;Ecurie Gentiane Historique, qui organise notamment des rassemblements mensuels de voitures anciennes et de prestige, vient de publier son agenda [&hellip;]\" \/>\n<meta name=\"twitter:image\" content=\"https:\/\/vosgesinfo.fr\/app\/uploads\/sites\/4\/2024\/08\/201904exposition-ecurie-gentiane-historique-3.jpg\" \/>\n<meta name=\"twitter:creator\" content=\"@VosgesInfo88\" \/>\n<meta name=\"twitter:site\" content=\"@VosgesInfo88\" \/>\n<meta name=\"twitter:label1\" content=\"\u00c9crit par\" \/>\n\t<meta name=\"twitter:data1\" content=\"la r\u00e9daction\" \/>\n\t<meta name=\"twitter:label2\" content=\"Dur\u00e9e de lecture estim\u00e9e\" \/>\n\t<meta name=\"twitter:data2\" content=\"1 minute\" \/>\n<script type=\"application\/ld+json\" class=\"yoast-schema-graph\">{\"@context\":\"https:\/\/schema.org\",\"@graph\":[{\"@type\":\"Article\",\"@id\":\"https:\/\/vosgesinfo.fr\/saintdieinfo\/2022\/01\/lagenda-2022-de-lecurie-gentiane-historique\/#article\",\"isPartOf\":{\"@id\":\"https:\/\/vosgesinfo.fr\/saintdieinfo\/2022\/01\/lagenda-2022-de-lecurie-gentiane-historique\/\"},\"author\":{\"name\":\"la r\u00e9daction\",\"@id\":\"https:\/\/vosgesinfo.fr\/saintdieinfo\/#\/schema\/person\/faee6704a21f3977511db84bd1cd450f\"},\"headline\":\"L&rsquo;agenda 2022 de l&rsquo;Ecurie Gentiane Historique\",\"datePublished\":\"2022-01-11T09:02:35+00:00\",\"dateModified\":\"2022-01-11T09:02:35+00:00\",\"mainEntityOfPage\":{\"@id\":\"https:\/\/vosgesinfo.fr\/saintdieinfo\/2022\/01\/lagenda-2022-de-lecurie-gentiane-historique\/\"},\"wordCount\":225,\"commentCount\":0,\"publisher\":{\"@id\":\"https:\/\/vosgesinfo.fr\/saintdieinfo\/#organization\"},\"image\":{\"@id\":\"https:\/\/vosgesinfo.fr\/saintdieinfo\/2022\/01\/lagenda-2022-de-lecurie-gentiane-historique\/#primaryimage\"},\"thumbnailUrl\":\"https:\/\/vosgesinfo.fr\/app\/uploads\/sites\/4\/2024\/08\/201904exposition-ecurie-gentiane-historique-3.jpg\",\"keywords\":[\"Agenda 2022 de l'Ecurie Gentiane Historique\",\"Ecurie Gentiane Historique\"],\"articleSection\":[\"A la Une\",\"Loisirs\",\"Saint-Di\u00e9-des-Vosges et son Agglom\u00e9ration\",\"Vie Associative\"],\"inLanguage\":\"fr-FR\",\"potentialAction\":[{\"@type\":\"CommentAction\",\"name\":\"Comment\",\"target\":[\"https:\/\/vosgesinfo.fr\/saintdieinfo\/2022\/01\/lagenda-2022-de-lecurie-gentiane-historique\/#respond\"]}]},{\"@type\":\"WebPage\",\"@id\":\"https:\/\/vosgesinfo.fr\/saintdieinfo\/2022\/01\/lagenda-2022-de-lecurie-gentiane-historique\/\",\"url\":\"https:\/\/vosgesinfo.fr\/saintdieinfo\/2022\/01\/lagenda-2022-de-lecurie-gentiane-historique\/\",\"name\":\"L'agenda 2022 de l'Ecurie Gentiane Historique - Saint Die Info\",\"isPartOf\":{\"@id\":\"https:\/\/vosgesinfo.fr\/saintdieinfo\/#website\"},\"primaryImageOfPage\":{\"@id\":\"https:\/\/vosgesinfo.fr\/saintdieinfo\/2022\/01\/lagenda-2022-de-lecurie-gentiane-historique\/#primaryimage\"},\"image\":{\"@id\":\"https:\/\/vosgesinfo.fr\/saintdieinfo\/2022\/01\/lagenda-2022-de-lecurie-gentiane-historique\/#primaryimage\"},\"thumbnailUrl\":\"https:\/\/vosgesinfo.fr\/app\/uploads\/sites\/4\/2024\/08\/201904exposition-ecurie-gentiane-historique-3.jpg\",\"datePublished\":\"2022-01-11T09:02:35+00:00\",\"dateModified\":\"2022-01-11T09:02:35+00:00\",\"breadcrumb\":{\"@id\":\"https:\/\/vosgesinfo.fr\/saintdieinfo\/2022\/01\/lagenda-2022-de-lecurie-gentiane-historique\/#breadcrumb\"},\"inLanguage\":\"fr-FR\",\"potentialAction\":[{\"@type\":\"ReadAction\",\"target\":[\"https:\/\/vosgesinfo.fr\/saintdieinfo\/2022\/01\/lagenda-2022-de-lecurie-gentiane-historique\/\"]}]},{\"@type\":\"ImageObject\",\"inLanguage\":\"fr-FR\",\"@id\":\"https:\/\/vosgesinfo.fr\/saintdieinfo\/2022\/01\/lagenda-2022-de-lecurie-gentiane-historique\/#primaryimage\",\"url\":\"https:\/\/vosgesinfo.fr\/app\/uploads\/sites\/4\/2024\/08\/201904exposition-ecurie-gentiane-historique-3.jpg\",\"contentUrl\":\"https:\/\/vosgesinfo.fr\/app\/uploads\/sites\/4\/2024\/08\/201904exposition-ecurie-gentiane-historique-3.jpg\",\"width\":1024,\"height\":683},{\"@type\":\"BreadcrumbList\",\"@id\":\"https:\/\/vosgesinfo.fr\/saintdieinfo\/2022\/01\/lagenda-2022-de-lecurie-gentiane-historique\/#breadcrumb\",\"itemListElement\":[{\"@type\":\"ListItem\",\"position\":1,\"name\":\"Home\",\"item\":\"https:\/\/vosgesinfo.fr\/saintdieinfo\/\"},{\"@type\":\"ListItem\",\"position\":2,\"name\":\"L&rsquo;agenda 2022 de l&rsquo;Ecurie Gentiane Historique\"}]},{\"@type\":\"WebSite\",\"@id\":\"https:\/\/vosgesinfo.fr\/saintdieinfo\/#website\",\"url\":\"https:\/\/vosgesinfo.fr\/saintdieinfo\/\",\"name\":\"Saint Die Info\",\"description\":\"Toute l&#039;actualit\u00e9 de Saint-Di\u00e9-Des-Vosges\",\"publisher\":{\"@id\":\"https:\/\/vosgesinfo.fr\/saintdieinfo\/#organization\"},\"alternateName\":\"Toute l'actualit\u00e9 de Saint-Di\u00e9-Des-Vosges\",\"potentialAction\":[{\"@type\":\"SearchAction\",\"target\":{\"@type\":\"EntryPoint\",\"urlTemplate\":\"https:\/\/vosgesinfo.fr\/saintdieinfo\/?s={search_term_string}\"},\"query-input\":\"required name=search_term_string\"}],\"inLanguage\":\"fr-FR\"},{\"@type\":\"Organization\",\"@id\":\"https:\/\/vosgesinfo.fr\/saintdieinfo\/#organization\",\"name\":\"Saint Die Info\",\"url\":\"https:\/\/vosgesinfo.fr\/saintdieinfo\/\",\"logo\":{\"@type\":\"ImageObject\",\"inLanguage\":\"fr-FR\",\"@id\":\"https:\/\/vosgesinfo.fr\/saintdieinfo\/#\/schema\/logo\/image\/\",\"url\":\"https:\/\/vosgesinfo.fr\/app\/uploads\/sites\/4\/2024\/02\/logo-sdi.jpg\",\"contentUrl\":\"https:\/\/vosgesinfo.fr\/app\/uploads\/sites\/4\/2024\/02\/logo-sdi.jpg\",\"width\":600,\"height\":600,\"caption\":\"Saint Die Info\"},\"image\":{\"@id\":\"https:\/\/vosgesinfo.fr\/saintdieinfo\/#\/schema\/logo\/image\/\"},\"sameAs\":[\"https:\/\/www.facebook.com\/Saintdieinfofr\",\"https:\/\/x.com\/VosgesInfo88\",\"https:\/\/www.youtube.com\/@vosgesinfo\"]},{\"@type\":\"Person\",\"@id\":\"https:\/\/vosgesinfo.fr\/saintdieinfo\/#\/schema\/person\/faee6704a21f3977511db84bd1cd450f\",\"name\":\"la r\u00e9daction\",\"image\":{\"@type\":\"ImageObject\",\"inLanguage\":\"fr-FR\",\"@id\":\"https:\/\/vosgesinfo.fr\/saintdieinfo\/#\/schema\/person\/image\/\",\"url\":\"https:\/\/secure.gravatar.com\/avatar\/6673d8bc6a9c17fa9a453eaa3448de834fa308c2ec9635b7aa99441a7c8d2cf6?s=96&d=mm&r=g\",\"contentUrl\":\"https:\/\/secure.gravatar.com\/avatar\/6673d8bc6a9c17fa9a453eaa3448de834fa308c2ec9635b7aa99441a7c8d2cf6?s=96&d=mm&r=g\",\"caption\":\"la r\u00e9daction\"},\"url\":\"https:\/\/vosgesinfo.fr\/saintdieinfo\/author\/redac\/\"}]}<\/script>\n<!-- \/ Yoast SEO plugin. -->","yoast_head_json":{"title":"L'agenda 2022 de l'Ecurie Gentiane Historique - Saint Die Info","robots":{"index":"index","follow":"follow","max-snippet":"max-snippet:-1","max-image-preview":"max-image-preview:large","max-video-preview":"max-video-preview:-1"},"canonical":"https:\/\/vosgesinfo.fr\/saintdieinfo\/2022\/01\/lagenda-2022-de-lecurie-gentiane-historique\/","twitter_card":"summary_large_image","twitter_title":"L'agenda 2022 de l'Ecurie Gentiane Historique - Saint Die Info","twitter_description":"L&rsquo;Ecurie Gentiane Historique, qui organise notamment des rassemblements mensuels de voitures anciennes et de prestige, vient de publier son agenda [&hellip;]","twitter_image":"https:\/\/vosgesinfo.fr\/app\/uploads\/sites\/4\/2024\/08\/201904exposition-ecurie-gentiane-historique-3.jpg","twitter_creator":"@VosgesInfo88","twitter_site":"@VosgesInfo88","twitter_misc":{"\u00c9crit par":"la r\u00e9daction","Dur\u00e9e de lecture estim\u00e9e":"1 minute"},"schema":{"@context":"https:\/\/schema.org","@graph":[{"@type":"Article","@id":"https:\/\/vosgesinfo.fr\/saintdieinfo\/2022\/01\/lagenda-2022-de-lecurie-gentiane-historique\/#article","isPartOf":{"@id":"https:\/\/vosgesinfo.fr\/saintdieinfo\/2022\/01\/lagenda-2022-de-lecurie-gentiane-historique\/"},"author":{"name":"la r\u00e9daction","@id":"https:\/\/vosgesinfo.fr\/saintdieinfo\/#\/schema\/person\/faee6704a21f3977511db84bd1cd450f"},"headline":"L&rsquo;agenda 2022 de l&rsquo;Ecurie Gentiane Historique","datePublished":"2022-01-11T09:02:35+00:00","dateModified":"2022-01-11T09:02:35+00:00","mainEntityOfPage":{"@id":"https:\/\/vosgesinfo.fr\/saintdieinfo\/2022\/01\/lagenda-2022-de-lecurie-gentiane-historique\/"},"wordCount":225,"commentCount":0,"publisher":{"@id":"https:\/\/vosgesinfo.fr\/saintdieinfo\/#organization"},"image":{"@id":"https:\/\/vosgesinfo.fr\/saintdieinfo\/2022\/01\/lagenda-2022-de-lecurie-gentiane-historique\/#primaryimage"},"thumbnailUrl":"https:\/\/vosgesinfo.fr\/app\/uploads\/sites\/4\/2024\/08\/201904exposition-ecurie-gentiane-historique-3.jpg","keywords":["Agenda 2022 de l'Ecurie Gentiane Historique","Ecurie Gentiane Historique"],"articleSection":["A la Une","Loisirs","Saint-Di\u00e9-des-Vosges et son Agglom\u00e9ration","Vie Associative"],"inLanguage":"fr-FR","potentialAction":[{"@type":"CommentAction","name":"Comment","target":["https:\/\/vosgesinfo.fr\/saintdieinfo\/2022\/01\/lagenda-2022-de-lecurie-gentiane-historique\/#respond"]}]},{"@type":"WebPage","@id":"https:\/\/vosgesinfo.fr\/saintdieinfo\/2022\/01\/lagenda-2022-de-lecurie-gentiane-historique\/","url":"https:\/\/vosgesinfo.fr\/saintdieinfo\/2022\/01\/lagenda-2022-de-lecurie-gentiane-historique\/","name":"L'agenda 2022 de l'Ecurie Gentiane Historique - Saint Die Info","isPartOf":{"@id":"https:\/\/vosgesinfo.fr\/saintdieinfo\/#website"},"primaryImageOfPage":{"@id":"https:\/\/vosgesinfo.fr\/saintdieinfo\/2022\/01\/lagenda-2022-de-lecurie-gentiane-historique\/#primaryimage"},"image":{"@id":"https:\/\/vosgesinfo.fr\/saintdieinfo\/2022\/01\/lagenda-2022-de-lecurie-gentiane-historique\/#primaryimage"},"thumbnailUrl":"https:\/\/vosgesinfo.fr\/app\/uploads\/sites\/4\/2024\/08\/201904exposition-ecurie-gentiane-historique-3.jpg","datePublished":"2022-01-11T09:02:35+00:00","dateModified":"2022-01-11T09:02:35+00:00","breadcrumb":{"@id":"https:\/\/vosgesinfo.fr\/saintdieinfo\/2022\/01\/lagenda-2022-de-lecurie-gentiane-historique\/#breadcrumb"},"inLanguage":"fr-FR","potentialAction":[{"@type":"ReadAction","target":["https:\/\/vosgesinfo.fr\/saintdieinfo\/2022\/01\/lagenda-2022-de-lecurie-gentiane-historique\/"]}]},{"@type":"ImageObject","inLanguage":"fr-FR","@id":"https:\/\/vosgesinfo.fr\/saintdieinfo\/2022\/01\/lagenda-2022-de-lecurie-gentiane-historique\/#primaryimage","url":"https:\/\/vosgesinfo.fr\/app\/uploads\/sites\/4\/2024\/08\/201904exposition-ecurie-gentiane-historique-3.jpg","contentUrl":"https:\/\/vosgesinfo.fr\/app\/uploads\/sites\/4\/2024\/08\/201904exposition-ecurie-gentiane-historique-3.jpg","width":1024,"height":683},{"@type":"BreadcrumbList","@id":"https:\/\/vosgesinfo.fr\/saintdieinfo\/2022\/01\/lagenda-2022-de-lecurie-gentiane-historique\/#breadcrumb","itemListElement":[{"@type":"ListItem","position":1,"name":"Home","item":"https:\/\/vosgesinfo.fr\/saintdieinfo\/"},{"@type":"ListItem","position":2,"name":"L&rsquo;agenda 2022 de l&rsquo;Ecurie Gentiane Historique"}]},{"@type":"WebSite","@id":"https:\/\/vosgesinfo.fr\/saintdieinfo\/#website","url":"https:\/\/vosgesinfo.fr\/saintdieinfo\/","name":"Saint Die Info","description":"Toute l&#039;actualit\u00e9 de Saint-Di\u00e9-Des-Vosges","publisher":{"@id":"https:\/\/vosgesinfo.fr\/saintdieinfo\/#organization"},"alternateName":"Toute l'actualit\u00e9 de Saint-Di\u00e9-Des-Vosges","potentialAction":[{"@type":"SearchAction","target":{"@type":"EntryPoint","urlTemplate":"https:\/\/vosgesinfo.fr\/saintdieinfo\/?s={search_term_string}"},"query-input":"required name=search_term_string"}],"inLanguage":"fr-FR"},{"@type":"Organization","@id":"https:\/\/vosgesinfo.fr\/saintdieinfo\/#organization","name":"Saint Die Info","url":"https:\/\/vosgesinfo.fr\/saintdieinfo\/","logo":{"@type":"ImageObject","inLanguage":"fr-FR","@id":"https:\/\/vosgesinfo.fr\/saintdieinfo\/#\/schema\/logo\/image\/","url":"https:\/\/vosgesinfo.fr\/app\/uploads\/sites\/4\/2024\/02\/logo-sdi.jpg","contentUrl":"https:\/\/vosgesinfo.fr\/app\/uploads\/sites\/4\/2024\/02\/logo-sdi.jpg","width":600,"height":600,"caption":"Saint Die Info"},"image":{"@id":"https:\/\/vosgesinfo.fr\/saintdieinfo\/#\/schema\/logo\/image\/"},"sameAs":["https:\/\/www.facebook.com\/Saintdieinfofr","https:\/\/x.com\/VosgesInfo88","https:\/\/www.youtube.com\/@vosgesinfo"]},{"@type":"Person","@id":"https:\/\/vosgesinfo.fr\/saintdieinfo\/#\/schema\/person\/faee6704a21f3977511db84bd1cd450f","name":"la r\u00e9daction","image":{"@type":"ImageObject","inLanguage":"fr-FR","@id":"https:\/\/vosgesinfo.fr\/saintdieinfo\/#\/schema\/person\/image\/","url":"https:\/\/secure.gravatar.com\/avatar\/6673d8bc6a9c17fa9a453eaa3448de834fa308c2ec9635b7aa99441a7c8d2cf6?s=96&d=mm&r=g","contentUrl":"https:\/\/secure.gravatar.com\/avatar\/6673d8bc6a9c17fa9a453eaa3448de834fa308c2ec9635b7aa99441a7c8d2cf6?s=96&d=mm&r=g","caption":"la r\u00e9daction"},"url":"https:\/\/vosgesinfo.fr\/saintdieinfo\/author\/redac\/"}]}},"_links":{"self":[{"href":"https:\/\/vosgesinfo.fr\/saintdieinfo\/wp-json\/wp\/v2\/posts\/45955","targetHints":{"allow":["GET"]}}],"collection":[{"href":"https:\/\/vosgesinfo.fr\/saintdieinfo\/wp-json\/wp\/v2\/posts"}],"about":[{"href":"https:\/\/vosgesinfo.fr\/saintdieinfo\/wp-json\/wp\/v2\/types\/post"}],"author":[{"embeddable":true,"href":"https:\/\/vosgesinfo.fr\/saintdieinfo\/wp-json\/wp\/v2\/users\/44"}],"replies":[{"embeddable":true,"href":"https:\/\/vosgesinfo.fr\/saintdieinfo\/wp-json\/wp\/v2\/comments?post=45955"}],"version-history":[{"count":0,"href":"https:\/\/vosgesinfo.fr\/saintdieinfo\/wp-json\/wp\/v2\/posts\/45955\/revisions"}],"wp:featuredmedia":[{"embeddable":true,"href":"https:\/\/vosgesinfo.fr\/saintdieinfo\/wp-json\/wp\/v2\/media\/45956"}],"wp:attachment":[{"href":"https:\/\/vosgesinfo.fr\/saintdieinfo\/wp-json\/wp\/v2\/media?parent=45955"}],"wp:term":[{"taxonomy":"category","embeddable":true,"href":"https:\/\/vosgesinfo.fr\/saintdieinfo\/wp-json\/wp\/v2\/categories?post=45955"},{"taxonomy":"post_tag","embeddable":true,"href":"https:\/\/vosgesinfo.fr\/saintdieinfo\/wp-json\/wp\/v2\/tags?post=45955"}],"curies":[{"name":"wp","href":"https:\/\/api.w.org\/{rel}","templated":true}]}}