{"id":46096,"date":"2022-01-14T06:25:44","date_gmt":"2022-01-14T05:25:44","guid":{"rendered":"https:\/\/vosgesinfo.fr\/saintdieinfo\/2022\/01\/baguette-a-29-centimes-quen-pensent-boulangers-vosgiens\/"},"modified":"2022-01-14T06:25:44","modified_gmt":"2022-01-14T05:25:44","slug":"baguette-a-29-centimes-quen-pensent-boulangers-vosgiens","status":"publish","type":"post","link":"https:\/\/vosgesinfo.fr\/saintdieinfo\/2022\/01\/baguette-a-29-centimes-quen-pensent-boulangers-vosgiens\/","title":{"rendered":"Baguette \u00e0 29 centimes : qu\u2019en pensent les boulangers vosgiens ?"},"content":{"rendered":"<div id=\"attachment_177408\" style=\"width: 970px\" class=\"wp-caption aligncenter\"><a href=\"\/2022\/01\/baguette-246424_960_720.jpg\" target=\"_blank\" rel=\"noopener\"><img decoding=\"async\" aria-describedby=\"caption-attachment-177408\" class=\"wp-image-177408 size-full\" src=\"\/2022\/01\/baguette-246424_960_720.jpg\" alt=\"baguette-246424_960_720\" width=\"960\" height=\"640\" \/><\/a><p id=\"caption-attachment-177408\" class=\"wp-caption-text\">(Illustration)<\/p><\/div>\n<h2 class=\"western\" align=\"left\"><span style=\"font-size: 14pt;\"><strong>La cha\u00eene de grande distribution E. Leclerc a annonc\u00e9 que le prix de sa baguette serait bloqu\u00e9 \u00e0 29 centimes d\u2019euro pendant 4 mois,\u00a0\u00ab\u00a0pour d\u00e9fendre le pouvoir d\u2019achat face \u00e0 l\u2019inflation\u00a0\u00bb. Une initiative qui passe mal aupr\u00e8s des acteurs du pain, des agriculteurs aux boulangers.\u00a0<\/strong><\/span><\/h2>\n<p><!--more--><\/p>\n<p class=\"western\" align=\"left\"><em>\u00ab\u00a0C\u2019est une campagne d\u00e9magogique\u00a0\u00bb<\/em>, affirme Philippe Thiebaut, vice-pr\u00e9sident de la F\u00e9d\u00e9ration des Artisans boulangers des Vosges. L\u2019objectif du dirigeant de la chaine nationale de distribution\u00a0serait de <em>\u00ab\u00a0faire le buzz\u00a0\u00bb.<\/em> En r\u00e9alit\u00e9, rien de bien nouveau, simple coup de publicit\u00e9. Cette campagne donne l\u2019impression que <em>\u00ab\u00a0tous les produits pourraient se vendre \u00e0 n\u2019importe quel prix\u00a0\u00bb<\/em>, explique le boulanger. Cependant, <em>\u00ab\u00a0o<\/em><em>n compare deux produits qui ne sont pas comparables\u00a0\u00bb<\/em>, affirme-t-il. <em>\u00ab\u00a0On propose au consommateur une baguette industrielle\u00a0\u00bb<\/em>, qui n\u2019a pas les m\u00eames caract\u00e9ristiques et les m\u00eames qualit\u00e9s que les produits propos\u00e9s par les artisans boulangers. <em>\u00ab\u00a0Il serait int\u00e9ressant de conna\u00eetre la composition exacte de ces baguettes \u00e0 29 centimes\u00a0\u00bb.<\/em><\/p>\n<p class=\"western\" align=\"left\">Le type de farine utilis\u00e9, comment la baguette est travaill\u00e9e, et quels sont les additifs ajout\u00e9s dans la recette. Avec une telle campagne,\u00a0<em>\u00ab o<\/em><em>n essaie de tromper le consommateur\u00a0\u00bb<\/em>, affirme Philippe Thiebaut.<em> \u00ab\u00a0A ce prix l\u00e0, un boulanger vendrait \u00e0 perte <\/em><em>(\u2026) Tout le monde doit vivre\u00a0de son travail\u00a0\u00bb. <\/em>La F\u00e9d\u00e9ration des Boulangers des Vosges insiste sur l\u2019importance de la pr\u00e9sence de nombreuses boulangeries partout en France qui maillent le territoire et qui doivent vivre pour \u00e9viter les d\u00e9serts territoriaux. L\u2019objectif pour un artisan est d\u2019<em>\u00ab\u00a0apporter son savoir-faire pour sortir le meilleur produit. Au juste prix\u00a0\u00bb.\u00a0<\/em><\/p>\n","protected":false},"excerpt":{"rendered":"<p>La cha\u00eene de grande distribution E. Leclerc a annonc\u00e9 que le prix de sa baguette serait bloqu\u00e9 \u00e0 29 centimes [&hellip;]<\/p>\n","protected":false},"author":44,"featured_media":46097,"comment_status":"open","ping_status":"open","sticky":false,"template":"","format":"standard","meta":{"footnotes":""},"categories":[460,13,18],"tags":[9948,6839,4727],"class_list":["post-46096","post","type-post","status-publish","format-standard","has-post-thumbnail","hentry","category-a-la-une","category-societe","category-vosges","tag-baguette-de-pain-a-29-centimes","tag-e-leclerc","tag-federation-des-artisans-boulangers-des-vosges"],"acf":[],"yoast_head":"<!-- This site is optimized with the Yoast SEO plugin v22.5 - https:\/\/yoast.com\/wordpress\/plugins\/seo\/ -->\n<title>Baguette \u00e0 29 centimes : qu\u2019en pensent les boulangers vosgiens ? - Saint Die Info<\/title>\n<meta name=\"robots\" content=\"index, follow, max-snippet:-1, max-image-preview:large, max-video-preview:-1\" \/>\n<link rel=\"canonical\" href=\"https:\/\/vosgesinfo.fr\/saintdieinfo\/2022\/01\/baguette-a-29-centimes-quen-pensent-boulangers-vosgiens\/\" \/>\n<meta name=\"twitter:card\" content=\"summary_large_image\" \/>\n<meta name=\"twitter:title\" content=\"Baguette \u00e0 29 centimes : qu\u2019en pensent les boulangers vosgiens ? - Saint Die Info\" \/>\n<meta name=\"twitter:description\" content=\"La cha\u00eene de grande distribution E. Leclerc a annonc\u00e9 que le prix de sa baguette serait bloqu\u00e9 \u00e0 29 centimes [&hellip;]\" \/>\n<meta name=\"twitter:image\" content=\"https:\/\/vosgesinfo.fr\/app\/uploads\/sites\/4\/2024\/08\/202201baguette-246424-960-720.jpg\" \/>\n<meta name=\"twitter:creator\" content=\"@VosgesInfo88\" \/>\n<meta name=\"twitter:site\" content=\"@VosgesInfo88\" \/>\n<meta name=\"twitter:label1\" content=\"\u00c9crit par\" \/>\n\t<meta name=\"twitter:data1\" content=\"la r\u00e9daction\" \/>\n\t<meta name=\"twitter:label2\" content=\"Dur\u00e9e de lecture estim\u00e9e\" \/>\n\t<meta name=\"twitter:data2\" content=\"1 minute\" \/>\n<script type=\"application\/ld+json\" class=\"yoast-schema-graph\">{\"@context\":\"https:\/\/schema.org\",\"@graph\":[{\"@type\":\"Article\",\"@id\":\"https:\/\/vosgesinfo.fr\/saintdieinfo\/2022\/01\/baguette-a-29-centimes-quen-pensent-boulangers-vosgiens\/#article\",\"isPartOf\":{\"@id\":\"https:\/\/vosgesinfo.fr\/saintdieinfo\/2022\/01\/baguette-a-29-centimes-quen-pensent-boulangers-vosgiens\/\"},\"author\":{\"name\":\"la r\u00e9daction\",\"@id\":\"https:\/\/vosgesinfo.fr\/saintdieinfo\/#\/schema\/person\/faee6704a21f3977511db84bd1cd450f\"},\"headline\":\"Baguette \u00e0 29 centimes : qu\u2019en pensent les boulangers vosgiens ?\",\"datePublished\":\"2022-01-14T05:25:44+00:00\",\"dateModified\":\"2022-01-14T05:25:44+00:00\",\"mainEntityOfPage\":{\"@id\":\"https:\/\/vosgesinfo.fr\/saintdieinfo\/2022\/01\/baguette-a-29-centimes-quen-pensent-boulangers-vosgiens\/\"},\"wordCount\":292,\"commentCount\":0,\"publisher\":{\"@id\":\"https:\/\/vosgesinfo.fr\/saintdieinfo\/#organization\"},\"image\":{\"@id\":\"https:\/\/vosgesinfo.fr\/saintdieinfo\/2022\/01\/baguette-a-29-centimes-quen-pensent-boulangers-vosgiens\/#primaryimage\"},\"thumbnailUrl\":\"https:\/\/vosgesinfo.fr\/app\/uploads\/sites\/4\/2024\/08\/202201baguette-246424-960-720.jpg\",\"keywords\":[\"Baguette de pain \u00e0 29 centimes\",\"E. Leclerc\",\"F\u00e9d\u00e9ration des Artisans Boulangers des Vosges\"],\"articleSection\":[\"A la Une\",\"Soci\u00e9t\u00e9\",\"Vosges\"],\"inLanguage\":\"fr-FR\",\"potentialAction\":[{\"@type\":\"CommentAction\",\"name\":\"Comment\",\"target\":[\"https:\/\/vosgesinfo.fr\/saintdieinfo\/2022\/01\/baguette-a-29-centimes-quen-pensent-boulangers-vosgiens\/#respond\"]}]},{\"@type\":\"WebPage\",\"@id\":\"https:\/\/vosgesinfo.fr\/saintdieinfo\/2022\/01\/baguette-a-29-centimes-quen-pensent-boulangers-vosgiens\/\",\"url\":\"https:\/\/vosgesinfo.fr\/saintdieinfo\/2022\/01\/baguette-a-29-centimes-quen-pensent-boulangers-vosgiens\/\",\"name\":\"Baguette \u00e0 29 centimes : qu\u2019en pensent les boulangers vosgiens ? - Saint Die Info\",\"isPartOf\":{\"@id\":\"https:\/\/vosgesinfo.fr\/saintdieinfo\/#website\"},\"primaryImageOfPage\":{\"@id\":\"https:\/\/vosgesinfo.fr\/saintdieinfo\/2022\/01\/baguette-a-29-centimes-quen-pensent-boulangers-vosgiens\/#primaryimage\"},\"image\":{\"@id\":\"https:\/\/vosgesinfo.fr\/saintdieinfo\/2022\/01\/baguette-a-29-centimes-quen-pensent-boulangers-vosgiens\/#primaryimage\"},\"thumbnailUrl\":\"https:\/\/vosgesinfo.fr\/app\/uploads\/sites\/4\/2024\/08\/202201baguette-246424-960-720.jpg\",\"datePublished\":\"2022-01-14T05:25:44+00:00\",\"dateModified\":\"2022-01-14T05:25:44+00:00\",\"breadcrumb\":{\"@id\":\"https:\/\/vosgesinfo.fr\/saintdieinfo\/2022\/01\/baguette-a-29-centimes-quen-pensent-boulangers-vosgiens\/#breadcrumb\"},\"inLanguage\":\"fr-FR\",\"potentialAction\":[{\"@type\":\"ReadAction\",\"target\":[\"https:\/\/vosgesinfo.fr\/saintdieinfo\/2022\/01\/baguette-a-29-centimes-quen-pensent-boulangers-vosgiens\/\"]}]},{\"@type\":\"ImageObject\",\"inLanguage\":\"fr-FR\",\"@id\":\"https:\/\/vosgesinfo.fr\/saintdieinfo\/2022\/01\/baguette-a-29-centimes-quen-pensent-boulangers-vosgiens\/#primaryimage\",\"url\":\"https:\/\/vosgesinfo.fr\/app\/uploads\/sites\/4\/2024\/08\/202201baguette-246424-960-720.jpg\",\"contentUrl\":\"https:\/\/vosgesinfo.fr\/app\/uploads\/sites\/4\/2024\/08\/202201baguette-246424-960-720.jpg\",\"width\":960,\"height\":640},{\"@type\":\"BreadcrumbList\",\"@id\":\"https:\/\/vosgesinfo.fr\/saintdieinfo\/2022\/01\/baguette-a-29-centimes-quen-pensent-boulangers-vosgiens\/#breadcrumb\",\"itemListElement\":[{\"@type\":\"ListItem\",\"position\":1,\"name\":\"Home\",\"item\":\"https:\/\/vosgesinfo.fr\/saintdieinfo\/\"},{\"@type\":\"ListItem\",\"position\":2,\"name\":\"Baguette \u00e0 29 centimes : qu\u2019en pensent les boulangers vosgiens ?\"}]},{\"@type\":\"WebSite\",\"@id\":\"https:\/\/vosgesinfo.fr\/saintdieinfo\/#website\",\"url\":\"https:\/\/vosgesinfo.fr\/saintdieinfo\/\",\"name\":\"Saint Die Info\",\"description\":\"Toute l&#039;actualit\u00e9 de Saint-Di\u00e9-Des-Vosges\",\"publisher\":{\"@id\":\"https:\/\/vosgesinfo.fr\/saintdieinfo\/#organization\"},\"alternateName\":\"Toute l'actualit\u00e9 de Saint-Di\u00e9-Des-Vosges\",\"potentialAction\":[{\"@type\":\"SearchAction\",\"target\":{\"@type\":\"EntryPoint\",\"urlTemplate\":\"https:\/\/vosgesinfo.fr\/saintdieinfo\/?s={search_term_string}\"},\"query-input\":\"required name=search_term_string\"}],\"inLanguage\":\"fr-FR\"},{\"@type\":\"Organization\",\"@id\":\"https:\/\/vosgesinfo.fr\/saintdieinfo\/#organization\",\"name\":\"Saint Die Info\",\"url\":\"https:\/\/vosgesinfo.fr\/saintdieinfo\/\",\"logo\":{\"@type\":\"ImageObject\",\"inLanguage\":\"fr-FR\",\"@id\":\"https:\/\/vosgesinfo.fr\/saintdieinfo\/#\/schema\/logo\/image\/\",\"url\":\"https:\/\/vosgesinfo.fr\/app\/uploads\/sites\/4\/2024\/02\/logo-sdi.jpg\",\"contentUrl\":\"https:\/\/vosgesinfo.fr\/app\/uploads\/sites\/4\/2024\/02\/logo-sdi.jpg\",\"width\":600,\"height\":600,\"caption\":\"Saint Die Info\"},\"image\":{\"@id\":\"https:\/\/vosgesinfo.fr\/saintdieinfo\/#\/schema\/logo\/image\/\"},\"sameAs\":[\"https:\/\/www.facebook.com\/Saintdieinfofr\",\"https:\/\/x.com\/VosgesInfo88\",\"https:\/\/www.youtube.com\/@vosgesinfo\"]},{\"@type\":\"Person\",\"@id\":\"https:\/\/vosgesinfo.fr\/saintdieinfo\/#\/schema\/person\/faee6704a21f3977511db84bd1cd450f\",\"name\":\"la r\u00e9daction\",\"image\":{\"@type\":\"ImageObject\",\"inLanguage\":\"fr-FR\",\"@id\":\"https:\/\/vosgesinfo.fr\/saintdieinfo\/#\/schema\/person\/image\/\",\"url\":\"https:\/\/secure.gravatar.com\/avatar\/6673d8bc6a9c17fa9a453eaa3448de834fa308c2ec9635b7aa99441a7c8d2cf6?s=96&d=mm&r=g\",\"contentUrl\":\"https:\/\/secure.gravatar.com\/avatar\/6673d8bc6a9c17fa9a453eaa3448de834fa308c2ec9635b7aa99441a7c8d2cf6?s=96&d=mm&r=g\",\"caption\":\"la r\u00e9daction\"},\"url\":\"https:\/\/vosgesinfo.fr\/saintdieinfo\/author\/redac\/\"}]}<\/script>\n<!-- \/ Yoast SEO plugin. -->","yoast_head_json":{"title":"Baguette \u00e0 29 centimes : qu\u2019en pensent les boulangers vosgiens ? - Saint Die Info","robots":{"index":"index","follow":"follow","max-snippet":"max-snippet:-1","max-image-preview":"max-image-preview:large","max-video-preview":"max-video-preview:-1"},"canonical":"https:\/\/vosgesinfo.fr\/saintdieinfo\/2022\/01\/baguette-a-29-centimes-quen-pensent-boulangers-vosgiens\/","twitter_card":"summary_large_image","twitter_title":"Baguette \u00e0 29 centimes : qu\u2019en pensent les boulangers vosgiens ? - Saint Die Info","twitter_description":"La cha\u00eene de grande distribution E. Leclerc a annonc\u00e9 que le prix de sa baguette serait bloqu\u00e9 \u00e0 29 centimes [&hellip;]","twitter_image":"https:\/\/vosgesinfo.fr\/app\/uploads\/sites\/4\/2024\/08\/202201baguette-246424-960-720.jpg","twitter_creator":"@VosgesInfo88","twitter_site":"@VosgesInfo88","twitter_misc":{"\u00c9crit par":"la r\u00e9daction","Dur\u00e9e de lecture estim\u00e9e":"1 minute"},"schema":{"@context":"https:\/\/schema.org","@graph":[{"@type":"Article","@id":"https:\/\/vosgesinfo.fr\/saintdieinfo\/2022\/01\/baguette-a-29-centimes-quen-pensent-boulangers-vosgiens\/#article","isPartOf":{"@id":"https:\/\/vosgesinfo.fr\/saintdieinfo\/2022\/01\/baguette-a-29-centimes-quen-pensent-boulangers-vosgiens\/"},"author":{"name":"la r\u00e9daction","@id":"https:\/\/vosgesinfo.fr\/saintdieinfo\/#\/schema\/person\/faee6704a21f3977511db84bd1cd450f"},"headline":"Baguette \u00e0 29 centimes : qu\u2019en pensent les boulangers vosgiens ?","datePublished":"2022-01-14T05:25:44+00:00","dateModified":"2022-01-14T05:25:44+00:00","mainEntityOfPage":{"@id":"https:\/\/vosgesinfo.fr\/saintdieinfo\/2022\/01\/baguette-a-29-centimes-quen-pensent-boulangers-vosgiens\/"},"wordCount":292,"commentCount":0,"publisher":{"@id":"https:\/\/vosgesinfo.fr\/saintdieinfo\/#organization"},"image":{"@id":"https:\/\/vosgesinfo.fr\/saintdieinfo\/2022\/01\/baguette-a-29-centimes-quen-pensent-boulangers-vosgiens\/#primaryimage"},"thumbnailUrl":"https:\/\/vosgesinfo.fr\/app\/uploads\/sites\/4\/2024\/08\/202201baguette-246424-960-720.jpg","keywords":["Baguette de pain \u00e0 29 centimes","E. Leclerc","F\u00e9d\u00e9ration des Artisans Boulangers des Vosges"],"articleSection":["A la Une","Soci\u00e9t\u00e9","Vosges"],"inLanguage":"fr-FR","potentialAction":[{"@type":"CommentAction","name":"Comment","target":["https:\/\/vosgesinfo.fr\/saintdieinfo\/2022\/01\/baguette-a-29-centimes-quen-pensent-boulangers-vosgiens\/#respond"]}]},{"@type":"WebPage","@id":"https:\/\/vosgesinfo.fr\/saintdieinfo\/2022\/01\/baguette-a-29-centimes-quen-pensent-boulangers-vosgiens\/","url":"https:\/\/vosgesinfo.fr\/saintdieinfo\/2022\/01\/baguette-a-29-centimes-quen-pensent-boulangers-vosgiens\/","name":"Baguette \u00e0 29 centimes : qu\u2019en pensent les boulangers vosgiens ? - Saint Die Info","isPartOf":{"@id":"https:\/\/vosgesinfo.fr\/saintdieinfo\/#website"},"primaryImageOfPage":{"@id":"https:\/\/vosgesinfo.fr\/saintdieinfo\/2022\/01\/baguette-a-29-centimes-quen-pensent-boulangers-vosgiens\/#primaryimage"},"image":{"@id":"https:\/\/vosgesinfo.fr\/saintdieinfo\/2022\/01\/baguette-a-29-centimes-quen-pensent-boulangers-vosgiens\/#primaryimage"},"thumbnailUrl":"https:\/\/vosgesinfo.fr\/app\/uploads\/sites\/4\/2024\/08\/202201baguette-246424-960-720.jpg","datePublished":"2022-01-14T05:25:44+00:00","dateModified":"2022-01-14T05:25:44+00:00","breadcrumb":{"@id":"https:\/\/vosgesinfo.fr\/saintdieinfo\/2022\/01\/baguette-a-29-centimes-quen-pensent-boulangers-vosgiens\/#breadcrumb"},"inLanguage":"fr-FR","potentialAction":[{"@type":"ReadAction","target":["https:\/\/vosgesinfo.fr\/saintdieinfo\/2022\/01\/baguette-a-29-centimes-quen-pensent-boulangers-vosgiens\/"]}]},{"@type":"ImageObject","inLanguage":"fr-FR","@id":"https:\/\/vosgesinfo.fr\/saintdieinfo\/2022\/01\/baguette-a-29-centimes-quen-pensent-boulangers-vosgiens\/#primaryimage","url":"https:\/\/vosgesinfo.fr\/app\/uploads\/sites\/4\/2024\/08\/202201baguette-246424-960-720.jpg","contentUrl":"https:\/\/vosgesinfo.fr\/app\/uploads\/sites\/4\/2024\/08\/202201baguette-246424-960-720.jpg","width":960,"height":640},{"@type":"BreadcrumbList","@id":"https:\/\/vosgesinfo.fr\/saintdieinfo\/2022\/01\/baguette-a-29-centimes-quen-pensent-boulangers-vosgiens\/#breadcrumb","itemListElement":[{"@type":"ListItem","position":1,"name":"Home","item":"https:\/\/vosgesinfo.fr\/saintdieinfo\/"},{"@type":"ListItem","position":2,"name":"Baguette \u00e0 29 centimes : qu\u2019en pensent les boulangers vosgiens ?"}]},{"@type":"WebSite","@id":"https:\/\/vosgesinfo.fr\/saintdieinfo\/#website","url":"https:\/\/vosgesinfo.fr\/saintdieinfo\/","name":"Saint Die Info","description":"Toute l&#039;actualit\u00e9 de Saint-Di\u00e9-Des-Vosges","publisher":{"@id":"https:\/\/vosgesinfo.fr\/saintdieinfo\/#organization"},"alternateName":"Toute l'actualit\u00e9 de Saint-Di\u00e9-Des-Vosges","potentialAction":[{"@type":"SearchAction","target":{"@type":"EntryPoint","urlTemplate":"https:\/\/vosgesinfo.fr\/saintdieinfo\/?s={search_term_string}"},"query-input":"required name=search_term_string"}],"inLanguage":"fr-FR"},{"@type":"Organization","@id":"https:\/\/vosgesinfo.fr\/saintdieinfo\/#organization","name":"Saint Die Info","url":"https:\/\/vosgesinfo.fr\/saintdieinfo\/","logo":{"@type":"ImageObject","inLanguage":"fr-FR","@id":"https:\/\/vosgesinfo.fr\/saintdieinfo\/#\/schema\/logo\/image\/","url":"https:\/\/vosgesinfo.fr\/app\/uploads\/sites\/4\/2024\/02\/logo-sdi.jpg","contentUrl":"https:\/\/vosgesinfo.fr\/app\/uploads\/sites\/4\/2024\/02\/logo-sdi.jpg","width":600,"height":600,"caption":"Saint Die Info"},"image":{"@id":"https:\/\/vosgesinfo.fr\/saintdieinfo\/#\/schema\/logo\/image\/"},"sameAs":["https:\/\/www.facebook.com\/Saintdieinfofr","https:\/\/x.com\/VosgesInfo88","https:\/\/www.youtube.com\/@vosgesinfo"]},{"@type":"Person","@id":"https:\/\/vosgesinfo.fr\/saintdieinfo\/#\/schema\/person\/faee6704a21f3977511db84bd1cd450f","name":"la r\u00e9daction","image":{"@type":"ImageObject","inLanguage":"fr-FR","@id":"https:\/\/vosgesinfo.fr\/saintdieinfo\/#\/schema\/person\/image\/","url":"https:\/\/secure.gravatar.com\/avatar\/6673d8bc6a9c17fa9a453eaa3448de834fa308c2ec9635b7aa99441a7c8d2cf6?s=96&d=mm&r=g","contentUrl":"https:\/\/secure.gravatar.com\/avatar\/6673d8bc6a9c17fa9a453eaa3448de834fa308c2ec9635b7aa99441a7c8d2cf6?s=96&d=mm&r=g","caption":"la r\u00e9daction"},"url":"https:\/\/vosgesinfo.fr\/saintdieinfo\/author\/redac\/"}]}},"_links":{"self":[{"href":"https:\/\/vosgesinfo.fr\/saintdieinfo\/wp-json\/wp\/v2\/posts\/46096","targetHints":{"allow":["GET"]}}],"collection":[{"href":"https:\/\/vosgesinfo.fr\/saintdieinfo\/wp-json\/wp\/v2\/posts"}],"about":[{"href":"https:\/\/vosgesinfo.fr\/saintdieinfo\/wp-json\/wp\/v2\/types\/post"}],"author":[{"embeddable":true,"href":"https:\/\/vosgesinfo.fr\/saintdieinfo\/wp-json\/wp\/v2\/users\/44"}],"replies":[{"embeddable":true,"href":"https:\/\/vosgesinfo.fr\/saintdieinfo\/wp-json\/wp\/v2\/comments?post=46096"}],"version-history":[{"count":0,"href":"https:\/\/vosgesinfo.fr\/saintdieinfo\/wp-json\/wp\/v2\/posts\/46096\/revisions"}],"wp:featuredmedia":[{"embeddable":true,"href":"https:\/\/vosgesinfo.fr\/saintdieinfo\/wp-json\/wp\/v2\/media\/46097"}],"wp:attachment":[{"href":"https:\/\/vosgesinfo.fr\/saintdieinfo\/wp-json\/wp\/v2\/media?parent=46096"}],"wp:term":[{"taxonomy":"category","embeddable":true,"href":"https:\/\/vosgesinfo.fr\/saintdieinfo\/wp-json\/wp\/v2\/categories?post=46096"},{"taxonomy":"post_tag","embeddable":true,"href":"https:\/\/vosgesinfo.fr\/saintdieinfo\/wp-json\/wp\/v2\/tags?post=46096"}],"curies":[{"name":"wp","href":"https:\/\/api.w.org\/{rel}","templated":true}]}}