{"id":46119,"date":"2022-01-15T13:00:12","date_gmt":"2022-01-15T12:00:12","guid":{"rendered":"https:\/\/vosgesinfo.fr\/saintdieinfo\/2022\/01\/l214-sensibilise-passants-de-rue-thiers-veganuary\/"},"modified":"2022-01-15T13:00:12","modified_gmt":"2022-01-15T12:00:12","slug":"l214-sensibilise-passants-de-rue-thiers-veganuary","status":"publish","type":"post","link":"https:\/\/vosgesinfo.fr\/saintdieinfo\/2022\/01\/l214-sensibilise-passants-de-rue-thiers-veganuary\/","title":{"rendered":"L214 sensibilise les passants de la rue Thiers au \u00ab\u00a0Veganuary\u00a0\u00bb"},"content":{"rendered":"<div id=\"attachment_177442\" style=\"width: 970px\" class=\"wp-caption aligncenter\"><a href=\"\/2022\/01\/Veganuary_L214-2.jpg\" target=\"_blank\" rel=\"noopener\"><img decoding=\"async\" aria-describedby=\"caption-attachment-177442\" class=\"wp-image-177442 size-large\" src=\"\/2022\/01\/Veganuary_L214-2-1024x683.jpg\" alt=\"Veganuary_L214 (2)\" width=\"960\" height=\"640\" \/><\/a><p id=\"caption-attachment-177442\" class=\"wp-caption-text\">(Photographies Marc Fourniquet)<\/p><\/div>\n<h2><strong><span style=\"font-size: 14pt;\">Des militants de l&rsquo;antenne vosgienne de L214 \u2013 Ethiques&amp;Animaux \u2013 sensibilisaient les passants de la rue Thiers au \u00ab\u00a0veganuary\u00a0\u00bb ce samedi apr\u00e8s-midi.<\/span><\/strong><\/h2>\n<p><!--more--><\/p>\n<p>Contraction de \u00ab\u00a0vegan\u00a0\u00bb et \u00ab\u00a0january\u00a0\u00bb, le \u00ab\u00a0veganuary\u00a0\u00bb encourage le public \u00e0 manger vegan pendant le mois de janvier&#8230; et pourquoi pas le reste de l&rsquo;ann\u00e9e. Les personnes qui souhaitent participer \u00e0 ce d\u00e9fi sont invit\u00e9es <strong><a href=\"https:\/\/veganuary.com\/fr\/partner\/l214\/\" target=\"_blank\" rel=\"noopener\">\u00e0 s&rsquo;inscrire ici.<\/a><\/strong> Ces m\u00eames personnes recevront ensuite un mail chaque jour, avec des recettes, des conseils alimentaires et diverses informations li\u00e9es au v\u00e9ganisme.<\/p>\n<p>Pour les recettes, on retrouvera par exemple des galettes de sarrasin aux champignons et cr\u00e8me v\u00e9g\u00e9tale, des p\u00e2tes bolognaise aux prot\u00e9ines de soja ou aux lentilles, du chili sin carn\u00e9, du curry de l\u00e9gumes, des burgers. \u00ab\u00a0Il y a tous les jours une recette de plat sal\u00e9 et une recette de dessert\u00a0\u00bb pr\u00e9cise Catherine Perry, r\u00e9f\u00e9rente L214 Vosges. Un exemple de recette\u00a0: <strong><a href=\"http:\/\/www.enviedunerecette.com\/2016\/02\/03\/recette-de-base-meringue-vegan\/\" target=\"_blank\" rel=\"noopener\">la meringue vegan.<\/a><\/strong><\/p>\n<p>\u00ab\u00a0Notre vision est simple\u00a0: nous voulons un monde vegan. Un monde sans \u00e9levages et sans abattoirs. Un monde o\u00f9 la production alimentaire ne d\u00e9cime pas les for\u00eats, ne pollue pas les rivi\u00e8res et les oc\u00e9ans, n&rsquo;aggrave pas le changement climatique et ne conduit pas des populations d&rsquo;animaux sauvages \u00e0 l&rsquo;extinction\u00a0\u00bb peut-on notamment lire sur le site <strong><a href=\"https:\/\/veganuary.com\/fr\/\" target=\"_blank\" rel=\"noopener\">https:\/\/veganuary.com\/fr\/<\/a><\/strong><\/p>\n<p>En 2020, un peu plus de 580 000 personnes dans le monde ont particip\u00e9 au \u00ab\u00a0veganuary\u00a0\u00bb.<\/p>\n<p>J.J.<\/p>\n\n","protected":false},"excerpt":{"rendered":"<p>Des militants de l&rsquo;antenne vosgienne de L214 \u2013 Ethiques&amp;Animaux \u2013 sensibilisaient les passants de la rue Thiers au \u00ab\u00a0veganuary\u00a0\u00bb ce [&hellip;]<\/p>\n","protected":false},"author":44,"featured_media":46120,"comment_status":"open","ping_status":"open","sticky":false,"template":"","format":"standard","meta":{"footnotes":""},"categories":[460,2915,13,17],"tags":[5020,9975],"class_list":["post-46119","post","type-post","status-publish","format-standard","has-post-thumbnail","hentry","category-a-la-une","category-saint-die-son-canton","category-societe","category-vie-associative","tag-l214","tag-veganuary"],"acf":[],"yoast_head":"<!-- This site is optimized with the Yoast SEO plugin v22.5 - https:\/\/yoast.com\/wordpress\/plugins\/seo\/ -->\n<title>L214 sensibilise les passants de la rue Thiers au \u00ab\u00a0Veganuary\u00a0\u00bb - Saint Die Info<\/title>\n<meta name=\"robots\" content=\"index, follow, max-snippet:-1, max-image-preview:large, max-video-preview:-1\" \/>\n<link rel=\"canonical\" href=\"https:\/\/vosgesinfo.fr\/saintdieinfo\/2022\/01\/l214-sensibilise-passants-de-rue-thiers-veganuary\/\" \/>\n<meta name=\"twitter:card\" content=\"summary_large_image\" \/>\n<meta name=\"twitter:title\" content=\"L214 sensibilise les passants de la rue Thiers au \u00ab\u00a0Veganuary\u00a0\u00bb - Saint Die Info\" \/>\n<meta name=\"twitter:description\" content=\"Des militants de l&rsquo;antenne vosgienne de L214 \u2013 Ethiques&amp;Animaux \u2013 sensibilisaient les passants de la rue Thiers au \u00ab\u00a0veganuary\u00a0\u00bb ce [&hellip;]\" \/>\n<meta name=\"twitter:image\" content=\"https:\/\/vosgesinfo.fr\/app\/uploads\/sites\/4\/2024\/08\/202201veganuary-l214-2.jpg\" \/>\n<meta name=\"twitter:creator\" content=\"@VosgesInfo88\" \/>\n<meta name=\"twitter:site\" content=\"@VosgesInfo88\" \/>\n<meta name=\"twitter:label1\" content=\"\u00c9crit par\" \/>\n\t<meta name=\"twitter:data1\" content=\"la r\u00e9daction\" \/>\n\t<meta name=\"twitter:label2\" content=\"Dur\u00e9e de lecture estim\u00e9e\" \/>\n\t<meta name=\"twitter:data2\" content=\"1 minute\" \/>\n<script type=\"application\/ld+json\" class=\"yoast-schema-graph\">{\"@context\":\"https:\/\/schema.org\",\"@graph\":[{\"@type\":\"Article\",\"@id\":\"https:\/\/vosgesinfo.fr\/saintdieinfo\/2022\/01\/l214-sensibilise-passants-de-rue-thiers-veganuary\/#article\",\"isPartOf\":{\"@id\":\"https:\/\/vosgesinfo.fr\/saintdieinfo\/2022\/01\/l214-sensibilise-passants-de-rue-thiers-veganuary\/\"},\"author\":{\"name\":\"la r\u00e9daction\",\"@id\":\"https:\/\/vosgesinfo.fr\/saintdieinfo\/#\/schema\/person\/faee6704a21f3977511db84bd1cd450f\"},\"headline\":\"L214 sensibilise les passants de la rue Thiers au \u00ab\u00a0Veganuary\u00a0\u00bb\",\"datePublished\":\"2022-01-15T12:00:12+00:00\",\"dateModified\":\"2022-01-15T12:00:12+00:00\",\"mainEntityOfPage\":{\"@id\":\"https:\/\/vosgesinfo.fr\/saintdieinfo\/2022\/01\/l214-sensibilise-passants-de-rue-thiers-veganuary\/\"},\"wordCount\":269,\"commentCount\":0,\"publisher\":{\"@id\":\"https:\/\/vosgesinfo.fr\/saintdieinfo\/#organization\"},\"image\":{\"@id\":\"https:\/\/vosgesinfo.fr\/saintdieinfo\/2022\/01\/l214-sensibilise-passants-de-rue-thiers-veganuary\/#primaryimage\"},\"thumbnailUrl\":\"https:\/\/vosgesinfo.fr\/app\/uploads\/sites\/4\/2024\/08\/202201veganuary-l214-2.jpg\",\"keywords\":[\"L214\",\"Veganuary\"],\"articleSection\":[\"A la Une\",\"Saint-Di\u00e9-des-Vosges et son Agglom\u00e9ration\",\"Soci\u00e9t\u00e9\",\"Vie Associative\"],\"inLanguage\":\"fr-FR\",\"potentialAction\":[{\"@type\":\"CommentAction\",\"name\":\"Comment\",\"target\":[\"https:\/\/vosgesinfo.fr\/saintdieinfo\/2022\/01\/l214-sensibilise-passants-de-rue-thiers-veganuary\/#respond\"]}]},{\"@type\":\"WebPage\",\"@id\":\"https:\/\/vosgesinfo.fr\/saintdieinfo\/2022\/01\/l214-sensibilise-passants-de-rue-thiers-veganuary\/\",\"url\":\"https:\/\/vosgesinfo.fr\/saintdieinfo\/2022\/01\/l214-sensibilise-passants-de-rue-thiers-veganuary\/\",\"name\":\"L214 sensibilise les passants de la rue Thiers au \u00ab\u00a0Veganuary\u00a0\u00bb - Saint Die Info\",\"isPartOf\":{\"@id\":\"https:\/\/vosgesinfo.fr\/saintdieinfo\/#website\"},\"primaryImageOfPage\":{\"@id\":\"https:\/\/vosgesinfo.fr\/saintdieinfo\/2022\/01\/l214-sensibilise-passants-de-rue-thiers-veganuary\/#primaryimage\"},\"image\":{\"@id\":\"https:\/\/vosgesinfo.fr\/saintdieinfo\/2022\/01\/l214-sensibilise-passants-de-rue-thiers-veganuary\/#primaryimage\"},\"thumbnailUrl\":\"https:\/\/vosgesinfo.fr\/app\/uploads\/sites\/4\/2024\/08\/202201veganuary-l214-2.jpg\",\"datePublished\":\"2022-01-15T12:00:12+00:00\",\"dateModified\":\"2022-01-15T12:00:12+00:00\",\"breadcrumb\":{\"@id\":\"https:\/\/vosgesinfo.fr\/saintdieinfo\/2022\/01\/l214-sensibilise-passants-de-rue-thiers-veganuary\/#breadcrumb\"},\"inLanguage\":\"fr-FR\",\"potentialAction\":[{\"@type\":\"ReadAction\",\"target\":[\"https:\/\/vosgesinfo.fr\/saintdieinfo\/2022\/01\/l214-sensibilise-passants-de-rue-thiers-veganuary\/\"]}]},{\"@type\":\"ImageObject\",\"inLanguage\":\"fr-FR\",\"@id\":\"https:\/\/vosgesinfo.fr\/saintdieinfo\/2022\/01\/l214-sensibilise-passants-de-rue-thiers-veganuary\/#primaryimage\",\"url\":\"https:\/\/vosgesinfo.fr\/app\/uploads\/sites\/4\/2024\/08\/202201veganuary-l214-2.jpg\",\"contentUrl\":\"https:\/\/vosgesinfo.fr\/app\/uploads\/sites\/4\/2024\/08\/202201veganuary-l214-2.jpg\",\"width\":1024,\"height\":683},{\"@type\":\"BreadcrumbList\",\"@id\":\"https:\/\/vosgesinfo.fr\/saintdieinfo\/2022\/01\/l214-sensibilise-passants-de-rue-thiers-veganuary\/#breadcrumb\",\"itemListElement\":[{\"@type\":\"ListItem\",\"position\":1,\"name\":\"Home\",\"item\":\"https:\/\/vosgesinfo.fr\/saintdieinfo\/\"},{\"@type\":\"ListItem\",\"position\":2,\"name\":\"L214 sensibilise les passants de la rue Thiers au \u00ab\u00a0Veganuary\u00a0\u00bb\"}]},{\"@type\":\"WebSite\",\"@id\":\"https:\/\/vosgesinfo.fr\/saintdieinfo\/#website\",\"url\":\"https:\/\/vosgesinfo.fr\/saintdieinfo\/\",\"name\":\"Saint Die Info\",\"description\":\"Toute l&#039;actualit\u00e9 de Saint-Di\u00e9-Des-Vosges\",\"publisher\":{\"@id\":\"https:\/\/vosgesinfo.fr\/saintdieinfo\/#organization\"},\"alternateName\":\"Toute l'actualit\u00e9 de Saint-Di\u00e9-Des-Vosges\",\"potentialAction\":[{\"@type\":\"SearchAction\",\"target\":{\"@type\":\"EntryPoint\",\"urlTemplate\":\"https:\/\/vosgesinfo.fr\/saintdieinfo\/?s={search_term_string}\"},\"query-input\":\"required name=search_term_string\"}],\"inLanguage\":\"fr-FR\"},{\"@type\":\"Organization\",\"@id\":\"https:\/\/vosgesinfo.fr\/saintdieinfo\/#organization\",\"name\":\"Saint Die Info\",\"url\":\"https:\/\/vosgesinfo.fr\/saintdieinfo\/\",\"logo\":{\"@type\":\"ImageObject\",\"inLanguage\":\"fr-FR\",\"@id\":\"https:\/\/vosgesinfo.fr\/saintdieinfo\/#\/schema\/logo\/image\/\",\"url\":\"https:\/\/vosgesinfo.fr\/app\/uploads\/sites\/4\/2024\/02\/logo-sdi.jpg\",\"contentUrl\":\"https:\/\/vosgesinfo.fr\/app\/uploads\/sites\/4\/2024\/02\/logo-sdi.jpg\",\"width\":600,\"height\":600,\"caption\":\"Saint Die Info\"},\"image\":{\"@id\":\"https:\/\/vosgesinfo.fr\/saintdieinfo\/#\/schema\/logo\/image\/\"},\"sameAs\":[\"https:\/\/www.facebook.com\/Saintdieinfofr\",\"https:\/\/x.com\/VosgesInfo88\",\"https:\/\/www.youtube.com\/@vosgesinfo\"]},{\"@type\":\"Person\",\"@id\":\"https:\/\/vosgesinfo.fr\/saintdieinfo\/#\/schema\/person\/faee6704a21f3977511db84bd1cd450f\",\"name\":\"la r\u00e9daction\",\"image\":{\"@type\":\"ImageObject\",\"inLanguage\":\"fr-FR\",\"@id\":\"https:\/\/vosgesinfo.fr\/saintdieinfo\/#\/schema\/person\/image\/\",\"url\":\"https:\/\/secure.gravatar.com\/avatar\/6673d8bc6a9c17fa9a453eaa3448de834fa308c2ec9635b7aa99441a7c8d2cf6?s=96&d=mm&r=g\",\"contentUrl\":\"https:\/\/secure.gravatar.com\/avatar\/6673d8bc6a9c17fa9a453eaa3448de834fa308c2ec9635b7aa99441a7c8d2cf6?s=96&d=mm&r=g\",\"caption\":\"la r\u00e9daction\"},\"url\":\"https:\/\/vosgesinfo.fr\/saintdieinfo\/author\/redac\/\"}]}<\/script>\n<!-- \/ Yoast SEO plugin. -->","yoast_head_json":{"title":"L214 sensibilise les passants de la rue Thiers au \u00ab\u00a0Veganuary\u00a0\u00bb - Saint Die Info","robots":{"index":"index","follow":"follow","max-snippet":"max-snippet:-1","max-image-preview":"max-image-preview:large","max-video-preview":"max-video-preview:-1"},"canonical":"https:\/\/vosgesinfo.fr\/saintdieinfo\/2022\/01\/l214-sensibilise-passants-de-rue-thiers-veganuary\/","twitter_card":"summary_large_image","twitter_title":"L214 sensibilise les passants de la rue Thiers au \u00ab\u00a0Veganuary\u00a0\u00bb - Saint Die Info","twitter_description":"Des militants de l&rsquo;antenne vosgienne de L214 \u2013 Ethiques&amp;Animaux \u2013 sensibilisaient les passants de la rue Thiers au \u00ab\u00a0veganuary\u00a0\u00bb ce [&hellip;]","twitter_image":"https:\/\/vosgesinfo.fr\/app\/uploads\/sites\/4\/2024\/08\/202201veganuary-l214-2.jpg","twitter_creator":"@VosgesInfo88","twitter_site":"@VosgesInfo88","twitter_misc":{"\u00c9crit par":"la r\u00e9daction","Dur\u00e9e de lecture estim\u00e9e":"1 minute"},"schema":{"@context":"https:\/\/schema.org","@graph":[{"@type":"Article","@id":"https:\/\/vosgesinfo.fr\/saintdieinfo\/2022\/01\/l214-sensibilise-passants-de-rue-thiers-veganuary\/#article","isPartOf":{"@id":"https:\/\/vosgesinfo.fr\/saintdieinfo\/2022\/01\/l214-sensibilise-passants-de-rue-thiers-veganuary\/"},"author":{"name":"la r\u00e9daction","@id":"https:\/\/vosgesinfo.fr\/saintdieinfo\/#\/schema\/person\/faee6704a21f3977511db84bd1cd450f"},"headline":"L214 sensibilise les passants de la rue Thiers au \u00ab\u00a0Veganuary\u00a0\u00bb","datePublished":"2022-01-15T12:00:12+00:00","dateModified":"2022-01-15T12:00:12+00:00","mainEntityOfPage":{"@id":"https:\/\/vosgesinfo.fr\/saintdieinfo\/2022\/01\/l214-sensibilise-passants-de-rue-thiers-veganuary\/"},"wordCount":269,"commentCount":0,"publisher":{"@id":"https:\/\/vosgesinfo.fr\/saintdieinfo\/#organization"},"image":{"@id":"https:\/\/vosgesinfo.fr\/saintdieinfo\/2022\/01\/l214-sensibilise-passants-de-rue-thiers-veganuary\/#primaryimage"},"thumbnailUrl":"https:\/\/vosgesinfo.fr\/app\/uploads\/sites\/4\/2024\/08\/202201veganuary-l214-2.jpg","keywords":["L214","Veganuary"],"articleSection":["A la Une","Saint-Di\u00e9-des-Vosges et son Agglom\u00e9ration","Soci\u00e9t\u00e9","Vie Associative"],"inLanguage":"fr-FR","potentialAction":[{"@type":"CommentAction","name":"Comment","target":["https:\/\/vosgesinfo.fr\/saintdieinfo\/2022\/01\/l214-sensibilise-passants-de-rue-thiers-veganuary\/#respond"]}]},{"@type":"WebPage","@id":"https:\/\/vosgesinfo.fr\/saintdieinfo\/2022\/01\/l214-sensibilise-passants-de-rue-thiers-veganuary\/","url":"https:\/\/vosgesinfo.fr\/saintdieinfo\/2022\/01\/l214-sensibilise-passants-de-rue-thiers-veganuary\/","name":"L214 sensibilise les passants de la rue Thiers au \u00ab\u00a0Veganuary\u00a0\u00bb - Saint Die Info","isPartOf":{"@id":"https:\/\/vosgesinfo.fr\/saintdieinfo\/#website"},"primaryImageOfPage":{"@id":"https:\/\/vosgesinfo.fr\/saintdieinfo\/2022\/01\/l214-sensibilise-passants-de-rue-thiers-veganuary\/#primaryimage"},"image":{"@id":"https:\/\/vosgesinfo.fr\/saintdieinfo\/2022\/01\/l214-sensibilise-passants-de-rue-thiers-veganuary\/#primaryimage"},"thumbnailUrl":"https:\/\/vosgesinfo.fr\/app\/uploads\/sites\/4\/2024\/08\/202201veganuary-l214-2.jpg","datePublished":"2022-01-15T12:00:12+00:00","dateModified":"2022-01-15T12:00:12+00:00","breadcrumb":{"@id":"https:\/\/vosgesinfo.fr\/saintdieinfo\/2022\/01\/l214-sensibilise-passants-de-rue-thiers-veganuary\/#breadcrumb"},"inLanguage":"fr-FR","potentialAction":[{"@type":"ReadAction","target":["https:\/\/vosgesinfo.fr\/saintdieinfo\/2022\/01\/l214-sensibilise-passants-de-rue-thiers-veganuary\/"]}]},{"@type":"ImageObject","inLanguage":"fr-FR","@id":"https:\/\/vosgesinfo.fr\/saintdieinfo\/2022\/01\/l214-sensibilise-passants-de-rue-thiers-veganuary\/#primaryimage","url":"https:\/\/vosgesinfo.fr\/app\/uploads\/sites\/4\/2024\/08\/202201veganuary-l214-2.jpg","contentUrl":"https:\/\/vosgesinfo.fr\/app\/uploads\/sites\/4\/2024\/08\/202201veganuary-l214-2.jpg","width":1024,"height":683},{"@type":"BreadcrumbList","@id":"https:\/\/vosgesinfo.fr\/saintdieinfo\/2022\/01\/l214-sensibilise-passants-de-rue-thiers-veganuary\/#breadcrumb","itemListElement":[{"@type":"ListItem","position":1,"name":"Home","item":"https:\/\/vosgesinfo.fr\/saintdieinfo\/"},{"@type":"ListItem","position":2,"name":"L214 sensibilise les passants de la rue Thiers au \u00ab\u00a0Veganuary\u00a0\u00bb"}]},{"@type":"WebSite","@id":"https:\/\/vosgesinfo.fr\/saintdieinfo\/#website","url":"https:\/\/vosgesinfo.fr\/saintdieinfo\/","name":"Saint Die Info","description":"Toute l&#039;actualit\u00e9 de Saint-Di\u00e9-Des-Vosges","publisher":{"@id":"https:\/\/vosgesinfo.fr\/saintdieinfo\/#organization"},"alternateName":"Toute l'actualit\u00e9 de Saint-Di\u00e9-Des-Vosges","potentialAction":[{"@type":"SearchAction","target":{"@type":"EntryPoint","urlTemplate":"https:\/\/vosgesinfo.fr\/saintdieinfo\/?s={search_term_string}"},"query-input":"required name=search_term_string"}],"inLanguage":"fr-FR"},{"@type":"Organization","@id":"https:\/\/vosgesinfo.fr\/saintdieinfo\/#organization","name":"Saint Die Info","url":"https:\/\/vosgesinfo.fr\/saintdieinfo\/","logo":{"@type":"ImageObject","inLanguage":"fr-FR","@id":"https:\/\/vosgesinfo.fr\/saintdieinfo\/#\/schema\/logo\/image\/","url":"https:\/\/vosgesinfo.fr\/app\/uploads\/sites\/4\/2024\/02\/logo-sdi.jpg","contentUrl":"https:\/\/vosgesinfo.fr\/app\/uploads\/sites\/4\/2024\/02\/logo-sdi.jpg","width":600,"height":600,"caption":"Saint Die Info"},"image":{"@id":"https:\/\/vosgesinfo.fr\/saintdieinfo\/#\/schema\/logo\/image\/"},"sameAs":["https:\/\/www.facebook.com\/Saintdieinfofr","https:\/\/x.com\/VosgesInfo88","https:\/\/www.youtube.com\/@vosgesinfo"]},{"@type":"Person","@id":"https:\/\/vosgesinfo.fr\/saintdieinfo\/#\/schema\/person\/faee6704a21f3977511db84bd1cd450f","name":"la r\u00e9daction","image":{"@type":"ImageObject","inLanguage":"fr-FR","@id":"https:\/\/vosgesinfo.fr\/saintdieinfo\/#\/schema\/person\/image\/","url":"https:\/\/secure.gravatar.com\/avatar\/6673d8bc6a9c17fa9a453eaa3448de834fa308c2ec9635b7aa99441a7c8d2cf6?s=96&d=mm&r=g","contentUrl":"https:\/\/secure.gravatar.com\/avatar\/6673d8bc6a9c17fa9a453eaa3448de834fa308c2ec9635b7aa99441a7c8d2cf6?s=96&d=mm&r=g","caption":"la r\u00e9daction"},"url":"https:\/\/vosgesinfo.fr\/saintdieinfo\/author\/redac\/"}]}},"_links":{"self":[{"href":"https:\/\/vosgesinfo.fr\/saintdieinfo\/wp-json\/wp\/v2\/posts\/46119","targetHints":{"allow":["GET"]}}],"collection":[{"href":"https:\/\/vosgesinfo.fr\/saintdieinfo\/wp-json\/wp\/v2\/posts"}],"about":[{"href":"https:\/\/vosgesinfo.fr\/saintdieinfo\/wp-json\/wp\/v2\/types\/post"}],"author":[{"embeddable":true,"href":"https:\/\/vosgesinfo.fr\/saintdieinfo\/wp-json\/wp\/v2\/users\/44"}],"replies":[{"embeddable":true,"href":"https:\/\/vosgesinfo.fr\/saintdieinfo\/wp-json\/wp\/v2\/comments?post=46119"}],"version-history":[{"count":0,"href":"https:\/\/vosgesinfo.fr\/saintdieinfo\/wp-json\/wp\/v2\/posts\/46119\/revisions"}],"wp:featuredmedia":[{"embeddable":true,"href":"https:\/\/vosgesinfo.fr\/saintdieinfo\/wp-json\/wp\/v2\/media\/46120"}],"wp:attachment":[{"href":"https:\/\/vosgesinfo.fr\/saintdieinfo\/wp-json\/wp\/v2\/media?parent=46119"}],"wp:term":[{"taxonomy":"category","embeddable":true,"href":"https:\/\/vosgesinfo.fr\/saintdieinfo\/wp-json\/wp\/v2\/categories?post=46119"},{"taxonomy":"post_tag","embeddable":true,"href":"https:\/\/vosgesinfo.fr\/saintdieinfo\/wp-json\/wp\/v2\/tags?post=46119"}],"curies":[{"name":"wp","href":"https:\/\/api.w.org\/{rel}","templated":true}]}}