{"id":46124,"date":"2022-01-15T14:00:08","date_gmt":"2022-01-15T13:00:08","guid":{"rendered":"https:\/\/vosgesinfo.fr\/saintdieinfo\/2022\/01\/trentaine-de-participants-marche-aux-flambeaux-amis-de-gratin\/"},"modified":"2022-01-15T14:00:08","modified_gmt":"2022-01-15T13:00:08","slug":"trentaine-de-participants-marche-aux-flambeaux-amis-de-gratin","status":"publish","type":"post","link":"https:\/\/vosgesinfo.fr\/saintdieinfo\/2022\/01\/trentaine-de-participants-marche-aux-flambeaux-amis-de-gratin\/","title":{"rendered":"Une trentaine de participants pour la marche aux flambeaux des Amis de Gratin"},"content":{"rendered":"<div id=\"attachment_177451\" style=\"width: 970px\" class=\"wp-caption aligncenter\"><a href=\"\/2022\/01\/Marche_Flambeaux_Amis_de_Gratin-4.jpg\" target=\"_blank\" rel=\"noopener\"><img decoding=\"async\" aria-describedby=\"caption-attachment-177451\" class=\"wp-image-177451 size-large\" src=\"\/2022\/01\/Marche_Flambeaux_Amis_de_Gratin-4-1024x683.jpg\" alt=\"Marche_Flambeaux_Amis_de_Gratin (4)\" width=\"960\" height=\"640\" \/><\/a><p id=\"caption-attachment-177451\" class=\"wp-caption-text\">(Photographies Marc Fourniquet)<\/p><\/div>\n<h2><strong><span style=\"font-size: 14pt;\">Reculer pour mieux sauter. La traditionnelle marche aux flambeaux des Amis de Gratin devait avoir lieu le week-end dernier. Mais les pr\u00e9visions m\u00e9t\u00e9o peu rassurantes, avec notamment beaucoup de vent annonc\u00e9, ont d\u00e9cid\u00e9 l&rsquo;association de reporter la marche d&rsquo;une semaine.<\/span><\/strong><\/h2>\n<p><!--more--><\/p>\n<p>C&rsquo;est donc ce samedi \u00e0 partir de 16h30 que plus d&rsquo;une trentaine de participants s&rsquo;est r\u00e9unie du c\u00f4t\u00e9 du stade Pierre-Pebay, pour prendre le d\u00e9part \u00e0 17h aux c\u00f4t\u00e9s du pr\u00e9sident Jean-Marc Urb\u00e8s. Le plus jeune marcheur \u00e9tait \u00e2g\u00e9 de 8 ans, contre 77 ans pour le plus ancien. Au programme\u00a0: une boucle de 10 kilom\u00e8tres \u00e0 travers le massif de l&rsquo;Ormont, jusqu&rsquo;\u00e0 la Roche des F\u00e9es, avec un vin chaud offert aux marcheurs \u00e0 mi-parcours. Et pour celles et ceux qui le souhaitaient, un repas \u00e9tait propos\u00e9 au sein du club house du rugby&#8230; ou le r\u00e9confort apr\u00e8s l&rsquo;effort. Comme chaque ann\u00e9e, cette marche nocturne rev\u00eatait une dimension solidaire. Cette fois-ci, 3 euros par inscription seront prochainement revers\u00e9s au profit du T\u00e9l\u00e9thon.<\/p>\n<p>J.J.<\/p>\n\n","protected":false},"excerpt":{"rendered":"<p>Reculer pour mieux sauter. La traditionnelle marche aux flambeaux des Amis de Gratin devait avoir lieu le week-end dernier. Mais [&hellip;]<\/p>\n","protected":false},"author":44,"featured_media":46125,"comment_status":"open","ping_status":"open","sticky":false,"template":"","format":"standard","meta":{"footnotes":""},"categories":[460,2915,17],"tags":[],"class_list":["post-46124","post","type-post","status-publish","format-standard","has-post-thumbnail","hentry","category-a-la-une","category-saint-die-son-canton","category-vie-associative"],"acf":[],"yoast_head":"<!-- This site is optimized with the Yoast SEO plugin v22.5 - https:\/\/yoast.com\/wordpress\/plugins\/seo\/ -->\n<title>Une trentaine de participants pour la marche aux flambeaux des Amis de Gratin - Saint Die Info<\/title>\n<meta name=\"robots\" content=\"index, follow, max-snippet:-1, max-image-preview:large, max-video-preview:-1\" \/>\n<link rel=\"canonical\" href=\"https:\/\/vosgesinfo.fr\/saintdieinfo\/2022\/01\/trentaine-de-participants-marche-aux-flambeaux-amis-de-gratin\/\" \/>\n<meta name=\"twitter:card\" content=\"summary_large_image\" \/>\n<meta name=\"twitter:title\" content=\"Une trentaine de participants pour la marche aux flambeaux des Amis de Gratin - Saint Die Info\" \/>\n<meta name=\"twitter:description\" content=\"Reculer pour mieux sauter. La traditionnelle marche aux flambeaux des Amis de Gratin devait avoir lieu le week-end dernier. Mais [&hellip;]\" \/>\n<meta name=\"twitter:image\" content=\"https:\/\/vosgesinfo.fr\/app\/uploads\/sites\/4\/2024\/08\/202201marche-flambeaux-amis-de-gratin-4.jpg\" \/>\n<meta name=\"twitter:creator\" content=\"@VosgesInfo88\" \/>\n<meta name=\"twitter:site\" content=\"@VosgesInfo88\" \/>\n<meta name=\"twitter:label1\" content=\"\u00c9crit par\" \/>\n\t<meta name=\"twitter:data1\" content=\"la r\u00e9daction\" \/>\n\t<meta name=\"twitter:label2\" content=\"Dur\u00e9e de lecture estim\u00e9e\" \/>\n\t<meta name=\"twitter:data2\" content=\"1 minute\" \/>\n<script type=\"application\/ld+json\" class=\"yoast-schema-graph\">{\"@context\":\"https:\/\/schema.org\",\"@graph\":[{\"@type\":\"Article\",\"@id\":\"https:\/\/vosgesinfo.fr\/saintdieinfo\/2022\/01\/trentaine-de-participants-marche-aux-flambeaux-amis-de-gratin\/#article\",\"isPartOf\":{\"@id\":\"https:\/\/vosgesinfo.fr\/saintdieinfo\/2022\/01\/trentaine-de-participants-marche-aux-flambeaux-amis-de-gratin\/\"},\"author\":{\"name\":\"la r\u00e9daction\",\"@id\":\"https:\/\/vosgesinfo.fr\/saintdieinfo\/#\/schema\/person\/faee6704a21f3977511db84bd1cd450f\"},\"headline\":\"Une trentaine de participants pour la marche aux flambeaux des Amis de Gratin\",\"datePublished\":\"2022-01-15T13:00:08+00:00\",\"dateModified\":\"2022-01-15T13:00:08+00:00\",\"mainEntityOfPage\":{\"@id\":\"https:\/\/vosgesinfo.fr\/saintdieinfo\/2022\/01\/trentaine-de-participants-marche-aux-flambeaux-amis-de-gratin\/\"},\"wordCount\":213,\"commentCount\":0,\"publisher\":{\"@id\":\"https:\/\/vosgesinfo.fr\/saintdieinfo\/#organization\"},\"image\":{\"@id\":\"https:\/\/vosgesinfo.fr\/saintdieinfo\/2022\/01\/trentaine-de-participants-marche-aux-flambeaux-amis-de-gratin\/#primaryimage\"},\"thumbnailUrl\":\"https:\/\/vosgesinfo.fr\/app\/uploads\/sites\/4\/2024\/08\/202201marche-flambeaux-amis-de-gratin-4.jpg\",\"articleSection\":[\"A la Une\",\"Saint-Di\u00e9-des-Vosges et son Agglom\u00e9ration\",\"Vie Associative\"],\"inLanguage\":\"fr-FR\",\"potentialAction\":[{\"@type\":\"CommentAction\",\"name\":\"Comment\",\"target\":[\"https:\/\/vosgesinfo.fr\/saintdieinfo\/2022\/01\/trentaine-de-participants-marche-aux-flambeaux-amis-de-gratin\/#respond\"]}]},{\"@type\":\"WebPage\",\"@id\":\"https:\/\/vosgesinfo.fr\/saintdieinfo\/2022\/01\/trentaine-de-participants-marche-aux-flambeaux-amis-de-gratin\/\",\"url\":\"https:\/\/vosgesinfo.fr\/saintdieinfo\/2022\/01\/trentaine-de-participants-marche-aux-flambeaux-amis-de-gratin\/\",\"name\":\"Une trentaine de participants pour la marche aux flambeaux des Amis de Gratin - Saint Die Info\",\"isPartOf\":{\"@id\":\"https:\/\/vosgesinfo.fr\/saintdieinfo\/#website\"},\"primaryImageOfPage\":{\"@id\":\"https:\/\/vosgesinfo.fr\/saintdieinfo\/2022\/01\/trentaine-de-participants-marche-aux-flambeaux-amis-de-gratin\/#primaryimage\"},\"image\":{\"@id\":\"https:\/\/vosgesinfo.fr\/saintdieinfo\/2022\/01\/trentaine-de-participants-marche-aux-flambeaux-amis-de-gratin\/#primaryimage\"},\"thumbnailUrl\":\"https:\/\/vosgesinfo.fr\/app\/uploads\/sites\/4\/2024\/08\/202201marche-flambeaux-amis-de-gratin-4.jpg\",\"datePublished\":\"2022-01-15T13:00:08+00:00\",\"dateModified\":\"2022-01-15T13:00:08+00:00\",\"breadcrumb\":{\"@id\":\"https:\/\/vosgesinfo.fr\/saintdieinfo\/2022\/01\/trentaine-de-participants-marche-aux-flambeaux-amis-de-gratin\/#breadcrumb\"},\"inLanguage\":\"fr-FR\",\"potentialAction\":[{\"@type\":\"ReadAction\",\"target\":[\"https:\/\/vosgesinfo.fr\/saintdieinfo\/2022\/01\/trentaine-de-participants-marche-aux-flambeaux-amis-de-gratin\/\"]}]},{\"@type\":\"ImageObject\",\"inLanguage\":\"fr-FR\",\"@id\":\"https:\/\/vosgesinfo.fr\/saintdieinfo\/2022\/01\/trentaine-de-participants-marche-aux-flambeaux-amis-de-gratin\/#primaryimage\",\"url\":\"https:\/\/vosgesinfo.fr\/app\/uploads\/sites\/4\/2024\/08\/202201marche-flambeaux-amis-de-gratin-4.jpg\",\"contentUrl\":\"https:\/\/vosgesinfo.fr\/app\/uploads\/sites\/4\/2024\/08\/202201marche-flambeaux-amis-de-gratin-4.jpg\",\"width\":1024,\"height\":683},{\"@type\":\"BreadcrumbList\",\"@id\":\"https:\/\/vosgesinfo.fr\/saintdieinfo\/2022\/01\/trentaine-de-participants-marche-aux-flambeaux-amis-de-gratin\/#breadcrumb\",\"itemListElement\":[{\"@type\":\"ListItem\",\"position\":1,\"name\":\"Home\",\"item\":\"https:\/\/vosgesinfo.fr\/saintdieinfo\/\"},{\"@type\":\"ListItem\",\"position\":2,\"name\":\"Une trentaine de participants pour la marche aux flambeaux des Amis de Gratin\"}]},{\"@type\":\"WebSite\",\"@id\":\"https:\/\/vosgesinfo.fr\/saintdieinfo\/#website\",\"url\":\"https:\/\/vosgesinfo.fr\/saintdieinfo\/\",\"name\":\"Saint Die Info\",\"description\":\"Toute l&#039;actualit\u00e9 de Saint-Di\u00e9-Des-Vosges\",\"publisher\":{\"@id\":\"https:\/\/vosgesinfo.fr\/saintdieinfo\/#organization\"},\"alternateName\":\"Toute l'actualit\u00e9 de Saint-Di\u00e9-Des-Vosges\",\"potentialAction\":[{\"@type\":\"SearchAction\",\"target\":{\"@type\":\"EntryPoint\",\"urlTemplate\":\"https:\/\/vosgesinfo.fr\/saintdieinfo\/?s={search_term_string}\"},\"query-input\":\"required name=search_term_string\"}],\"inLanguage\":\"fr-FR\"},{\"@type\":\"Organization\",\"@id\":\"https:\/\/vosgesinfo.fr\/saintdieinfo\/#organization\",\"name\":\"Saint Die Info\",\"url\":\"https:\/\/vosgesinfo.fr\/saintdieinfo\/\",\"logo\":{\"@type\":\"ImageObject\",\"inLanguage\":\"fr-FR\",\"@id\":\"https:\/\/vosgesinfo.fr\/saintdieinfo\/#\/schema\/logo\/image\/\",\"url\":\"https:\/\/vosgesinfo.fr\/app\/uploads\/sites\/4\/2024\/02\/logo-sdi.jpg\",\"contentUrl\":\"https:\/\/vosgesinfo.fr\/app\/uploads\/sites\/4\/2024\/02\/logo-sdi.jpg\",\"width\":600,\"height\":600,\"caption\":\"Saint Die Info\"},\"image\":{\"@id\":\"https:\/\/vosgesinfo.fr\/saintdieinfo\/#\/schema\/logo\/image\/\"},\"sameAs\":[\"https:\/\/www.facebook.com\/Saintdieinfofr\",\"https:\/\/x.com\/VosgesInfo88\",\"https:\/\/www.youtube.com\/@vosgesinfo\"]},{\"@type\":\"Person\",\"@id\":\"https:\/\/vosgesinfo.fr\/saintdieinfo\/#\/schema\/person\/faee6704a21f3977511db84bd1cd450f\",\"name\":\"la r\u00e9daction\",\"image\":{\"@type\":\"ImageObject\",\"inLanguage\":\"fr-FR\",\"@id\":\"https:\/\/vosgesinfo.fr\/saintdieinfo\/#\/schema\/person\/image\/\",\"url\":\"https:\/\/secure.gravatar.com\/avatar\/6673d8bc6a9c17fa9a453eaa3448de834fa308c2ec9635b7aa99441a7c8d2cf6?s=96&d=mm&r=g\",\"contentUrl\":\"https:\/\/secure.gravatar.com\/avatar\/6673d8bc6a9c17fa9a453eaa3448de834fa308c2ec9635b7aa99441a7c8d2cf6?s=96&d=mm&r=g\",\"caption\":\"la r\u00e9daction\"},\"url\":\"https:\/\/vosgesinfo.fr\/saintdieinfo\/author\/redac\/\"}]}<\/script>\n<!-- \/ Yoast SEO plugin. -->","yoast_head_json":{"title":"Une trentaine de participants pour la marche aux flambeaux des Amis de Gratin - Saint Die Info","robots":{"index":"index","follow":"follow","max-snippet":"max-snippet:-1","max-image-preview":"max-image-preview:large","max-video-preview":"max-video-preview:-1"},"canonical":"https:\/\/vosgesinfo.fr\/saintdieinfo\/2022\/01\/trentaine-de-participants-marche-aux-flambeaux-amis-de-gratin\/","twitter_card":"summary_large_image","twitter_title":"Une trentaine de participants pour la marche aux flambeaux des Amis de Gratin - Saint Die Info","twitter_description":"Reculer pour mieux sauter. La traditionnelle marche aux flambeaux des Amis de Gratin devait avoir lieu le week-end dernier. Mais [&hellip;]","twitter_image":"https:\/\/vosgesinfo.fr\/app\/uploads\/sites\/4\/2024\/08\/202201marche-flambeaux-amis-de-gratin-4.jpg","twitter_creator":"@VosgesInfo88","twitter_site":"@VosgesInfo88","twitter_misc":{"\u00c9crit par":"la r\u00e9daction","Dur\u00e9e de lecture estim\u00e9e":"1 minute"},"schema":{"@context":"https:\/\/schema.org","@graph":[{"@type":"Article","@id":"https:\/\/vosgesinfo.fr\/saintdieinfo\/2022\/01\/trentaine-de-participants-marche-aux-flambeaux-amis-de-gratin\/#article","isPartOf":{"@id":"https:\/\/vosgesinfo.fr\/saintdieinfo\/2022\/01\/trentaine-de-participants-marche-aux-flambeaux-amis-de-gratin\/"},"author":{"name":"la r\u00e9daction","@id":"https:\/\/vosgesinfo.fr\/saintdieinfo\/#\/schema\/person\/faee6704a21f3977511db84bd1cd450f"},"headline":"Une trentaine de participants pour la marche aux flambeaux des Amis de Gratin","datePublished":"2022-01-15T13:00:08+00:00","dateModified":"2022-01-15T13:00:08+00:00","mainEntityOfPage":{"@id":"https:\/\/vosgesinfo.fr\/saintdieinfo\/2022\/01\/trentaine-de-participants-marche-aux-flambeaux-amis-de-gratin\/"},"wordCount":213,"commentCount":0,"publisher":{"@id":"https:\/\/vosgesinfo.fr\/saintdieinfo\/#organization"},"image":{"@id":"https:\/\/vosgesinfo.fr\/saintdieinfo\/2022\/01\/trentaine-de-participants-marche-aux-flambeaux-amis-de-gratin\/#primaryimage"},"thumbnailUrl":"https:\/\/vosgesinfo.fr\/app\/uploads\/sites\/4\/2024\/08\/202201marche-flambeaux-amis-de-gratin-4.jpg","articleSection":["A la Une","Saint-Di\u00e9-des-Vosges et son Agglom\u00e9ration","Vie Associative"],"inLanguage":"fr-FR","potentialAction":[{"@type":"CommentAction","name":"Comment","target":["https:\/\/vosgesinfo.fr\/saintdieinfo\/2022\/01\/trentaine-de-participants-marche-aux-flambeaux-amis-de-gratin\/#respond"]}]},{"@type":"WebPage","@id":"https:\/\/vosgesinfo.fr\/saintdieinfo\/2022\/01\/trentaine-de-participants-marche-aux-flambeaux-amis-de-gratin\/","url":"https:\/\/vosgesinfo.fr\/saintdieinfo\/2022\/01\/trentaine-de-participants-marche-aux-flambeaux-amis-de-gratin\/","name":"Une trentaine de participants pour la marche aux flambeaux des Amis de Gratin - Saint Die Info","isPartOf":{"@id":"https:\/\/vosgesinfo.fr\/saintdieinfo\/#website"},"primaryImageOfPage":{"@id":"https:\/\/vosgesinfo.fr\/saintdieinfo\/2022\/01\/trentaine-de-participants-marche-aux-flambeaux-amis-de-gratin\/#primaryimage"},"image":{"@id":"https:\/\/vosgesinfo.fr\/saintdieinfo\/2022\/01\/trentaine-de-participants-marche-aux-flambeaux-amis-de-gratin\/#primaryimage"},"thumbnailUrl":"https:\/\/vosgesinfo.fr\/app\/uploads\/sites\/4\/2024\/08\/202201marche-flambeaux-amis-de-gratin-4.jpg","datePublished":"2022-01-15T13:00:08+00:00","dateModified":"2022-01-15T13:00:08+00:00","breadcrumb":{"@id":"https:\/\/vosgesinfo.fr\/saintdieinfo\/2022\/01\/trentaine-de-participants-marche-aux-flambeaux-amis-de-gratin\/#breadcrumb"},"inLanguage":"fr-FR","potentialAction":[{"@type":"ReadAction","target":["https:\/\/vosgesinfo.fr\/saintdieinfo\/2022\/01\/trentaine-de-participants-marche-aux-flambeaux-amis-de-gratin\/"]}]},{"@type":"ImageObject","inLanguage":"fr-FR","@id":"https:\/\/vosgesinfo.fr\/saintdieinfo\/2022\/01\/trentaine-de-participants-marche-aux-flambeaux-amis-de-gratin\/#primaryimage","url":"https:\/\/vosgesinfo.fr\/app\/uploads\/sites\/4\/2024\/08\/202201marche-flambeaux-amis-de-gratin-4.jpg","contentUrl":"https:\/\/vosgesinfo.fr\/app\/uploads\/sites\/4\/2024\/08\/202201marche-flambeaux-amis-de-gratin-4.jpg","width":1024,"height":683},{"@type":"BreadcrumbList","@id":"https:\/\/vosgesinfo.fr\/saintdieinfo\/2022\/01\/trentaine-de-participants-marche-aux-flambeaux-amis-de-gratin\/#breadcrumb","itemListElement":[{"@type":"ListItem","position":1,"name":"Home","item":"https:\/\/vosgesinfo.fr\/saintdieinfo\/"},{"@type":"ListItem","position":2,"name":"Une trentaine de participants pour la marche aux flambeaux des Amis de Gratin"}]},{"@type":"WebSite","@id":"https:\/\/vosgesinfo.fr\/saintdieinfo\/#website","url":"https:\/\/vosgesinfo.fr\/saintdieinfo\/","name":"Saint Die Info","description":"Toute l&#039;actualit\u00e9 de Saint-Di\u00e9-Des-Vosges","publisher":{"@id":"https:\/\/vosgesinfo.fr\/saintdieinfo\/#organization"},"alternateName":"Toute l'actualit\u00e9 de Saint-Di\u00e9-Des-Vosges","potentialAction":[{"@type":"SearchAction","target":{"@type":"EntryPoint","urlTemplate":"https:\/\/vosgesinfo.fr\/saintdieinfo\/?s={search_term_string}"},"query-input":"required name=search_term_string"}],"inLanguage":"fr-FR"},{"@type":"Organization","@id":"https:\/\/vosgesinfo.fr\/saintdieinfo\/#organization","name":"Saint Die Info","url":"https:\/\/vosgesinfo.fr\/saintdieinfo\/","logo":{"@type":"ImageObject","inLanguage":"fr-FR","@id":"https:\/\/vosgesinfo.fr\/saintdieinfo\/#\/schema\/logo\/image\/","url":"https:\/\/vosgesinfo.fr\/app\/uploads\/sites\/4\/2024\/02\/logo-sdi.jpg","contentUrl":"https:\/\/vosgesinfo.fr\/app\/uploads\/sites\/4\/2024\/02\/logo-sdi.jpg","width":600,"height":600,"caption":"Saint Die Info"},"image":{"@id":"https:\/\/vosgesinfo.fr\/saintdieinfo\/#\/schema\/logo\/image\/"},"sameAs":["https:\/\/www.facebook.com\/Saintdieinfofr","https:\/\/x.com\/VosgesInfo88","https:\/\/www.youtube.com\/@vosgesinfo"]},{"@type":"Person","@id":"https:\/\/vosgesinfo.fr\/saintdieinfo\/#\/schema\/person\/faee6704a21f3977511db84bd1cd450f","name":"la r\u00e9daction","image":{"@type":"ImageObject","inLanguage":"fr-FR","@id":"https:\/\/vosgesinfo.fr\/saintdieinfo\/#\/schema\/person\/image\/","url":"https:\/\/secure.gravatar.com\/avatar\/6673d8bc6a9c17fa9a453eaa3448de834fa308c2ec9635b7aa99441a7c8d2cf6?s=96&d=mm&r=g","contentUrl":"https:\/\/secure.gravatar.com\/avatar\/6673d8bc6a9c17fa9a453eaa3448de834fa308c2ec9635b7aa99441a7c8d2cf6?s=96&d=mm&r=g","caption":"la r\u00e9daction"},"url":"https:\/\/vosgesinfo.fr\/saintdieinfo\/author\/redac\/"}]}},"_links":{"self":[{"href":"https:\/\/vosgesinfo.fr\/saintdieinfo\/wp-json\/wp\/v2\/posts\/46124","targetHints":{"allow":["GET"]}}],"collection":[{"href":"https:\/\/vosgesinfo.fr\/saintdieinfo\/wp-json\/wp\/v2\/posts"}],"about":[{"href":"https:\/\/vosgesinfo.fr\/saintdieinfo\/wp-json\/wp\/v2\/types\/post"}],"author":[{"embeddable":true,"href":"https:\/\/vosgesinfo.fr\/saintdieinfo\/wp-json\/wp\/v2\/users\/44"}],"replies":[{"embeddable":true,"href":"https:\/\/vosgesinfo.fr\/saintdieinfo\/wp-json\/wp\/v2\/comments?post=46124"}],"version-history":[{"count":0,"href":"https:\/\/vosgesinfo.fr\/saintdieinfo\/wp-json\/wp\/v2\/posts\/46124\/revisions"}],"wp:featuredmedia":[{"embeddable":true,"href":"https:\/\/vosgesinfo.fr\/saintdieinfo\/wp-json\/wp\/v2\/media\/46125"}],"wp:attachment":[{"href":"https:\/\/vosgesinfo.fr\/saintdieinfo\/wp-json\/wp\/v2\/media?parent=46124"}],"wp:term":[{"taxonomy":"category","embeddable":true,"href":"https:\/\/vosgesinfo.fr\/saintdieinfo\/wp-json\/wp\/v2\/categories?post=46124"},{"taxonomy":"post_tag","embeddable":true,"href":"https:\/\/vosgesinfo.fr\/saintdieinfo\/wp-json\/wp\/v2\/tags?post=46124"}],"curies":[{"name":"wp","href":"https:\/\/api.w.org\/{rel}","templated":true}]}}