{"id":46245,"date":"2022-01-19T07:15:53","date_gmt":"2022-01-19T06:15:53","guid":{"rendered":"https:\/\/vosgesinfo.fr\/saintdieinfo\/2022\/01\/vosges-adelor-demantelera-avions-a-laeroport-epinal-mirecourt\/"},"modified":"2022-01-19T07:15:53","modified_gmt":"2022-01-19T06:15:53","slug":"vosges-adelor-demantelera-avions-a-laeroport-epinal-mirecourt","status":"publish","type":"post","link":"https:\/\/vosgesinfo.fr\/saintdieinfo\/2022\/01\/vosges-adelor-demantelera-avions-a-laeroport-epinal-mirecourt\/","title":{"rendered":"Vosges \u2013 Adelor d\u00e9mant\u00e8lera des avions \u00e0 l\u2019a\u00e9roport Epinal \u2013 Mirecourt"},"content":{"rendered":"<h2><a href=\"\/2022\/01\/aeroport-epinal-mirecourt.jpg\" target=\"_blank\" rel=\"noopener\"><img decoding=\"async\" class=\"aligncenter wp-image-177632 size-large\" src=\"\/2022\/01\/aeroport-epinal-mirecourt-1024x768.jpg\" alt=\"aeroport-epinal-mirecourt\" width=\"960\" height=\"720\" \/><\/a><\/h2>\n<h2><strong><span style=\"font-size: 14pt;\">L\u2019entreprise Adelor, sp\u00e9cialis\u00e9e dans le d\u00e9mant\u00e8lement d\u2019avions va s\u2019implanter sur la zone de l\u2019a\u00e9roport Epinal-Mirecourt. Les travaux ont pris du retard, mais le pr\u00e9sident du Conseil d\u00e9partemental des Vosges a signal\u00e9 que son activit\u00e9 allait d\u00e9buter en 2022.\u00a0<\/span><\/strong><\/h2>\n<p><!--more--><\/p>\n<p>Fin f\u00e9vrier 2021, le Conseil d\u00e9partemental des Vosges avait valid\u00e9 l\u2019implantation d\u2019Adelor sur l\u2019a\u00e9roport d\u00a0\u2018Epinal-Mirecourt. Gr\u00e2ce \u00e0 une convention sign\u00e9e entre le Conseil d\u00e9partemental des Vosges, la soci\u00e9t\u00e9 Adelor, qui est sp\u00e9cialis\u00e9e dans le d\u00e9mant\u00e8lement d\u2019avions, est entrain de construire sur la zone d\u2019activit\u00e9 de l\u2019a\u00e9roport Epinal-Mirecourt, un centre de d\u00e9mant\u00e8lement. Le d\u00e9partement des Vosges a sign\u00e9 un bail de 35 ans.<\/p>\n<p>La suite de l&rsquo;article : <a href=\"https:\/\/epinalinfos.fr\/2022\/01\/adelor-demantelera-avions-a-laeroport-epinal-mirecourt\/\" target=\"_blank\" rel=\"noopener\">https:\/\/epinalinfos.fr\/2022\/01\/adelor-demantelera-avions-a-laeroport-epinal-mirecourt\/<\/a><\/p>\n","protected":false},"excerpt":{"rendered":"<p>L\u2019entreprise Adelor, sp\u00e9cialis\u00e9e dans le d\u00e9mant\u00e8lement d\u2019avions va s\u2019implanter sur la zone de l\u2019a\u00e9roport Epinal-Mirecourt. Les travaux ont pris du [&hellip;]<\/p>\n","protected":false},"author":44,"featured_media":46246,"comment_status":"open","ping_status":"open","sticky":false,"template":"","format":"standard","meta":{"footnotes":""},"categories":[460,5,18],"tags":[10023,10024],"class_list":["post-46245","post","type-post","status-publish","format-standard","has-post-thumbnail","hentry","category-a-la-une","category-economie","category-vosges","tag-adelor","tag-aeroport-epinal-mirecourt"],"acf":[],"yoast_head":"<!-- This site is optimized with the Yoast SEO plugin v22.5 - https:\/\/yoast.com\/wordpress\/plugins\/seo\/ -->\n<title>Vosges \u2013 Adelor d\u00e9mant\u00e8lera des avions \u00e0 l\u2019a\u00e9roport Epinal \u2013 Mirecourt - Saint Die Info<\/title>\n<meta name=\"robots\" content=\"index, follow, max-snippet:-1, max-image-preview:large, max-video-preview:-1\" \/>\n<link rel=\"canonical\" href=\"https:\/\/vosgesinfo.fr\/saintdieinfo\/2022\/01\/vosges-adelor-demantelera-avions-a-laeroport-epinal-mirecourt\/\" \/>\n<meta name=\"twitter:card\" content=\"summary_large_image\" \/>\n<meta name=\"twitter:title\" content=\"Vosges \u2013 Adelor d\u00e9mant\u00e8lera des avions \u00e0 l\u2019a\u00e9roport Epinal \u2013 Mirecourt - Saint Die Info\" \/>\n<meta name=\"twitter:description\" content=\"L\u2019entreprise Adelor, sp\u00e9cialis\u00e9e dans le d\u00e9mant\u00e8lement d\u2019avions va s\u2019implanter sur la zone de l\u2019a\u00e9roport Epinal-Mirecourt. Les travaux ont pris du [&hellip;]\" \/>\n<meta name=\"twitter:image\" content=\"https:\/\/vosgesinfo.fr\/app\/uploads\/sites\/4\/2024\/08\/202201aeroport-epinal-mirecourt.jpg\" \/>\n<meta name=\"twitter:creator\" content=\"@VosgesInfo88\" \/>\n<meta name=\"twitter:site\" content=\"@VosgesInfo88\" \/>\n<meta name=\"twitter:label1\" content=\"\u00c9crit par\" \/>\n\t<meta name=\"twitter:data1\" content=\"la r\u00e9daction\" \/>\n\t<meta name=\"twitter:label2\" content=\"Dur\u00e9e de lecture estim\u00e9e\" \/>\n\t<meta name=\"twitter:data2\" content=\"1 minute\" \/>\n<script type=\"application\/ld+json\" class=\"yoast-schema-graph\">{\"@context\":\"https:\/\/schema.org\",\"@graph\":[{\"@type\":\"Article\",\"@id\":\"https:\/\/vosgesinfo.fr\/saintdieinfo\/2022\/01\/vosges-adelor-demantelera-avions-a-laeroport-epinal-mirecourt\/#article\",\"isPartOf\":{\"@id\":\"https:\/\/vosgesinfo.fr\/saintdieinfo\/2022\/01\/vosges-adelor-demantelera-avions-a-laeroport-epinal-mirecourt\/\"},\"author\":{\"name\":\"la r\u00e9daction\",\"@id\":\"https:\/\/vosgesinfo.fr\/saintdieinfo\/#\/schema\/person\/faee6704a21f3977511db84bd1cd450f\"},\"headline\":\"Vosges \u2013 Adelor d\u00e9mant\u00e8lera des avions \u00e0 l\u2019a\u00e9roport Epinal \u2013 Mirecourt\",\"datePublished\":\"2022-01-19T06:15:53+00:00\",\"dateModified\":\"2022-01-19T06:15:53+00:00\",\"mainEntityOfPage\":{\"@id\":\"https:\/\/vosgesinfo.fr\/saintdieinfo\/2022\/01\/vosges-adelor-demantelera-avions-a-laeroport-epinal-mirecourt\/\"},\"wordCount\":151,\"commentCount\":0,\"publisher\":{\"@id\":\"https:\/\/vosgesinfo.fr\/saintdieinfo\/#organization\"},\"image\":{\"@id\":\"https:\/\/vosgesinfo.fr\/saintdieinfo\/2022\/01\/vosges-adelor-demantelera-avions-a-laeroport-epinal-mirecourt\/#primaryimage\"},\"thumbnailUrl\":\"https:\/\/vosgesinfo.fr\/app\/uploads\/sites\/4\/2024\/08\/202201aeroport-epinal-mirecourt.jpg\",\"keywords\":[\"Adelor\",\"A\u00e9roport Epinal-Mirecourt\"],\"articleSection\":[\"A la Une\",\"\u00c9conomie\",\"Vosges\"],\"inLanguage\":\"fr-FR\",\"potentialAction\":[{\"@type\":\"CommentAction\",\"name\":\"Comment\",\"target\":[\"https:\/\/vosgesinfo.fr\/saintdieinfo\/2022\/01\/vosges-adelor-demantelera-avions-a-laeroport-epinal-mirecourt\/#respond\"]}]},{\"@type\":\"WebPage\",\"@id\":\"https:\/\/vosgesinfo.fr\/saintdieinfo\/2022\/01\/vosges-adelor-demantelera-avions-a-laeroport-epinal-mirecourt\/\",\"url\":\"https:\/\/vosgesinfo.fr\/saintdieinfo\/2022\/01\/vosges-adelor-demantelera-avions-a-laeroport-epinal-mirecourt\/\",\"name\":\"Vosges \u2013 Adelor d\u00e9mant\u00e8lera des avions \u00e0 l\u2019a\u00e9roport Epinal \u2013 Mirecourt - Saint Die Info\",\"isPartOf\":{\"@id\":\"https:\/\/vosgesinfo.fr\/saintdieinfo\/#website\"},\"primaryImageOfPage\":{\"@id\":\"https:\/\/vosgesinfo.fr\/saintdieinfo\/2022\/01\/vosges-adelor-demantelera-avions-a-laeroport-epinal-mirecourt\/#primaryimage\"},\"image\":{\"@id\":\"https:\/\/vosgesinfo.fr\/saintdieinfo\/2022\/01\/vosges-adelor-demantelera-avions-a-laeroport-epinal-mirecourt\/#primaryimage\"},\"thumbnailUrl\":\"https:\/\/vosgesinfo.fr\/app\/uploads\/sites\/4\/2024\/08\/202201aeroport-epinal-mirecourt.jpg\",\"datePublished\":\"2022-01-19T06:15:53+00:00\",\"dateModified\":\"2022-01-19T06:15:53+00:00\",\"breadcrumb\":{\"@id\":\"https:\/\/vosgesinfo.fr\/saintdieinfo\/2022\/01\/vosges-adelor-demantelera-avions-a-laeroport-epinal-mirecourt\/#breadcrumb\"},\"inLanguage\":\"fr-FR\",\"potentialAction\":[{\"@type\":\"ReadAction\",\"target\":[\"https:\/\/vosgesinfo.fr\/saintdieinfo\/2022\/01\/vosges-adelor-demantelera-avions-a-laeroport-epinal-mirecourt\/\"]}]},{\"@type\":\"ImageObject\",\"inLanguage\":\"fr-FR\",\"@id\":\"https:\/\/vosgesinfo.fr\/saintdieinfo\/2022\/01\/vosges-adelor-demantelera-avions-a-laeroport-epinal-mirecourt\/#primaryimage\",\"url\":\"https:\/\/vosgesinfo.fr\/app\/uploads\/sites\/4\/2024\/08\/202201aeroport-epinal-mirecourt.jpg\",\"contentUrl\":\"https:\/\/vosgesinfo.fr\/app\/uploads\/sites\/4\/2024\/08\/202201aeroport-epinal-mirecourt.jpg\",\"width\":1024,\"height\":768},{\"@type\":\"BreadcrumbList\",\"@id\":\"https:\/\/vosgesinfo.fr\/saintdieinfo\/2022\/01\/vosges-adelor-demantelera-avions-a-laeroport-epinal-mirecourt\/#breadcrumb\",\"itemListElement\":[{\"@type\":\"ListItem\",\"position\":1,\"name\":\"Home\",\"item\":\"https:\/\/vosgesinfo.fr\/saintdieinfo\/\"},{\"@type\":\"ListItem\",\"position\":2,\"name\":\"Vosges \u2013 Adelor d\u00e9mant\u00e8lera des avions \u00e0 l\u2019a\u00e9roport Epinal \u2013 Mirecourt\"}]},{\"@type\":\"WebSite\",\"@id\":\"https:\/\/vosgesinfo.fr\/saintdieinfo\/#website\",\"url\":\"https:\/\/vosgesinfo.fr\/saintdieinfo\/\",\"name\":\"Saint Die Info\",\"description\":\"Toute l&#039;actualit\u00e9 de Saint-Di\u00e9-Des-Vosges\",\"publisher\":{\"@id\":\"https:\/\/vosgesinfo.fr\/saintdieinfo\/#organization\"},\"alternateName\":\"Toute l'actualit\u00e9 de Saint-Di\u00e9-Des-Vosges\",\"potentialAction\":[{\"@type\":\"SearchAction\",\"target\":{\"@type\":\"EntryPoint\",\"urlTemplate\":\"https:\/\/vosgesinfo.fr\/saintdieinfo\/?s={search_term_string}\"},\"query-input\":\"required name=search_term_string\"}],\"inLanguage\":\"fr-FR\"},{\"@type\":\"Organization\",\"@id\":\"https:\/\/vosgesinfo.fr\/saintdieinfo\/#organization\",\"name\":\"Saint Die Info\",\"url\":\"https:\/\/vosgesinfo.fr\/saintdieinfo\/\",\"logo\":{\"@type\":\"ImageObject\",\"inLanguage\":\"fr-FR\",\"@id\":\"https:\/\/vosgesinfo.fr\/saintdieinfo\/#\/schema\/logo\/image\/\",\"url\":\"https:\/\/vosgesinfo.fr\/app\/uploads\/sites\/4\/2024\/02\/logo-sdi.jpg\",\"contentUrl\":\"https:\/\/vosgesinfo.fr\/app\/uploads\/sites\/4\/2024\/02\/logo-sdi.jpg\",\"width\":600,\"height\":600,\"caption\":\"Saint Die Info\"},\"image\":{\"@id\":\"https:\/\/vosgesinfo.fr\/saintdieinfo\/#\/schema\/logo\/image\/\"},\"sameAs\":[\"https:\/\/www.facebook.com\/Saintdieinfofr\",\"https:\/\/x.com\/VosgesInfo88\",\"https:\/\/www.youtube.com\/@vosgesinfo\"]},{\"@type\":\"Person\",\"@id\":\"https:\/\/vosgesinfo.fr\/saintdieinfo\/#\/schema\/person\/faee6704a21f3977511db84bd1cd450f\",\"name\":\"la r\u00e9daction\",\"image\":{\"@type\":\"ImageObject\",\"inLanguage\":\"fr-FR\",\"@id\":\"https:\/\/vosgesinfo.fr\/saintdieinfo\/#\/schema\/person\/image\/\",\"url\":\"https:\/\/secure.gravatar.com\/avatar\/6673d8bc6a9c17fa9a453eaa3448de834fa308c2ec9635b7aa99441a7c8d2cf6?s=96&d=mm&r=g\",\"contentUrl\":\"https:\/\/secure.gravatar.com\/avatar\/6673d8bc6a9c17fa9a453eaa3448de834fa308c2ec9635b7aa99441a7c8d2cf6?s=96&d=mm&r=g\",\"caption\":\"la r\u00e9daction\"},\"url\":\"https:\/\/vosgesinfo.fr\/saintdieinfo\/author\/redac\/\"}]}<\/script>\n<!-- \/ Yoast SEO plugin. -->","yoast_head_json":{"title":"Vosges \u2013 Adelor d\u00e9mant\u00e8lera des avions \u00e0 l\u2019a\u00e9roport Epinal \u2013 Mirecourt - Saint Die Info","robots":{"index":"index","follow":"follow","max-snippet":"max-snippet:-1","max-image-preview":"max-image-preview:large","max-video-preview":"max-video-preview:-1"},"canonical":"https:\/\/vosgesinfo.fr\/saintdieinfo\/2022\/01\/vosges-adelor-demantelera-avions-a-laeroport-epinal-mirecourt\/","twitter_card":"summary_large_image","twitter_title":"Vosges \u2013 Adelor d\u00e9mant\u00e8lera des avions \u00e0 l\u2019a\u00e9roport Epinal \u2013 Mirecourt - Saint Die Info","twitter_description":"L\u2019entreprise Adelor, sp\u00e9cialis\u00e9e dans le d\u00e9mant\u00e8lement d\u2019avions va s\u2019implanter sur la zone de l\u2019a\u00e9roport Epinal-Mirecourt. Les travaux ont pris du [&hellip;]","twitter_image":"https:\/\/vosgesinfo.fr\/app\/uploads\/sites\/4\/2024\/08\/202201aeroport-epinal-mirecourt.jpg","twitter_creator":"@VosgesInfo88","twitter_site":"@VosgesInfo88","twitter_misc":{"\u00c9crit par":"la r\u00e9daction","Dur\u00e9e de lecture estim\u00e9e":"1 minute"},"schema":{"@context":"https:\/\/schema.org","@graph":[{"@type":"Article","@id":"https:\/\/vosgesinfo.fr\/saintdieinfo\/2022\/01\/vosges-adelor-demantelera-avions-a-laeroport-epinal-mirecourt\/#article","isPartOf":{"@id":"https:\/\/vosgesinfo.fr\/saintdieinfo\/2022\/01\/vosges-adelor-demantelera-avions-a-laeroport-epinal-mirecourt\/"},"author":{"name":"la r\u00e9daction","@id":"https:\/\/vosgesinfo.fr\/saintdieinfo\/#\/schema\/person\/faee6704a21f3977511db84bd1cd450f"},"headline":"Vosges \u2013 Adelor d\u00e9mant\u00e8lera des avions \u00e0 l\u2019a\u00e9roport Epinal \u2013 Mirecourt","datePublished":"2022-01-19T06:15:53+00:00","dateModified":"2022-01-19T06:15:53+00:00","mainEntityOfPage":{"@id":"https:\/\/vosgesinfo.fr\/saintdieinfo\/2022\/01\/vosges-adelor-demantelera-avions-a-laeroport-epinal-mirecourt\/"},"wordCount":151,"commentCount":0,"publisher":{"@id":"https:\/\/vosgesinfo.fr\/saintdieinfo\/#organization"},"image":{"@id":"https:\/\/vosgesinfo.fr\/saintdieinfo\/2022\/01\/vosges-adelor-demantelera-avions-a-laeroport-epinal-mirecourt\/#primaryimage"},"thumbnailUrl":"https:\/\/vosgesinfo.fr\/app\/uploads\/sites\/4\/2024\/08\/202201aeroport-epinal-mirecourt.jpg","keywords":["Adelor","A\u00e9roport Epinal-Mirecourt"],"articleSection":["A la Une","\u00c9conomie","Vosges"],"inLanguage":"fr-FR","potentialAction":[{"@type":"CommentAction","name":"Comment","target":["https:\/\/vosgesinfo.fr\/saintdieinfo\/2022\/01\/vosges-adelor-demantelera-avions-a-laeroport-epinal-mirecourt\/#respond"]}]},{"@type":"WebPage","@id":"https:\/\/vosgesinfo.fr\/saintdieinfo\/2022\/01\/vosges-adelor-demantelera-avions-a-laeroport-epinal-mirecourt\/","url":"https:\/\/vosgesinfo.fr\/saintdieinfo\/2022\/01\/vosges-adelor-demantelera-avions-a-laeroport-epinal-mirecourt\/","name":"Vosges \u2013 Adelor d\u00e9mant\u00e8lera des avions \u00e0 l\u2019a\u00e9roport Epinal \u2013 Mirecourt - Saint Die Info","isPartOf":{"@id":"https:\/\/vosgesinfo.fr\/saintdieinfo\/#website"},"primaryImageOfPage":{"@id":"https:\/\/vosgesinfo.fr\/saintdieinfo\/2022\/01\/vosges-adelor-demantelera-avions-a-laeroport-epinal-mirecourt\/#primaryimage"},"image":{"@id":"https:\/\/vosgesinfo.fr\/saintdieinfo\/2022\/01\/vosges-adelor-demantelera-avions-a-laeroport-epinal-mirecourt\/#primaryimage"},"thumbnailUrl":"https:\/\/vosgesinfo.fr\/app\/uploads\/sites\/4\/2024\/08\/202201aeroport-epinal-mirecourt.jpg","datePublished":"2022-01-19T06:15:53+00:00","dateModified":"2022-01-19T06:15:53+00:00","breadcrumb":{"@id":"https:\/\/vosgesinfo.fr\/saintdieinfo\/2022\/01\/vosges-adelor-demantelera-avions-a-laeroport-epinal-mirecourt\/#breadcrumb"},"inLanguage":"fr-FR","potentialAction":[{"@type":"ReadAction","target":["https:\/\/vosgesinfo.fr\/saintdieinfo\/2022\/01\/vosges-adelor-demantelera-avions-a-laeroport-epinal-mirecourt\/"]}]},{"@type":"ImageObject","inLanguage":"fr-FR","@id":"https:\/\/vosgesinfo.fr\/saintdieinfo\/2022\/01\/vosges-adelor-demantelera-avions-a-laeroport-epinal-mirecourt\/#primaryimage","url":"https:\/\/vosgesinfo.fr\/app\/uploads\/sites\/4\/2024\/08\/202201aeroport-epinal-mirecourt.jpg","contentUrl":"https:\/\/vosgesinfo.fr\/app\/uploads\/sites\/4\/2024\/08\/202201aeroport-epinal-mirecourt.jpg","width":1024,"height":768},{"@type":"BreadcrumbList","@id":"https:\/\/vosgesinfo.fr\/saintdieinfo\/2022\/01\/vosges-adelor-demantelera-avions-a-laeroport-epinal-mirecourt\/#breadcrumb","itemListElement":[{"@type":"ListItem","position":1,"name":"Home","item":"https:\/\/vosgesinfo.fr\/saintdieinfo\/"},{"@type":"ListItem","position":2,"name":"Vosges \u2013 Adelor d\u00e9mant\u00e8lera des avions \u00e0 l\u2019a\u00e9roport Epinal \u2013 Mirecourt"}]},{"@type":"WebSite","@id":"https:\/\/vosgesinfo.fr\/saintdieinfo\/#website","url":"https:\/\/vosgesinfo.fr\/saintdieinfo\/","name":"Saint Die Info","description":"Toute l&#039;actualit\u00e9 de Saint-Di\u00e9-Des-Vosges","publisher":{"@id":"https:\/\/vosgesinfo.fr\/saintdieinfo\/#organization"},"alternateName":"Toute l'actualit\u00e9 de Saint-Di\u00e9-Des-Vosges","potentialAction":[{"@type":"SearchAction","target":{"@type":"EntryPoint","urlTemplate":"https:\/\/vosgesinfo.fr\/saintdieinfo\/?s={search_term_string}"},"query-input":"required name=search_term_string"}],"inLanguage":"fr-FR"},{"@type":"Organization","@id":"https:\/\/vosgesinfo.fr\/saintdieinfo\/#organization","name":"Saint Die Info","url":"https:\/\/vosgesinfo.fr\/saintdieinfo\/","logo":{"@type":"ImageObject","inLanguage":"fr-FR","@id":"https:\/\/vosgesinfo.fr\/saintdieinfo\/#\/schema\/logo\/image\/","url":"https:\/\/vosgesinfo.fr\/app\/uploads\/sites\/4\/2024\/02\/logo-sdi.jpg","contentUrl":"https:\/\/vosgesinfo.fr\/app\/uploads\/sites\/4\/2024\/02\/logo-sdi.jpg","width":600,"height":600,"caption":"Saint Die Info"},"image":{"@id":"https:\/\/vosgesinfo.fr\/saintdieinfo\/#\/schema\/logo\/image\/"},"sameAs":["https:\/\/www.facebook.com\/Saintdieinfofr","https:\/\/x.com\/VosgesInfo88","https:\/\/www.youtube.com\/@vosgesinfo"]},{"@type":"Person","@id":"https:\/\/vosgesinfo.fr\/saintdieinfo\/#\/schema\/person\/faee6704a21f3977511db84bd1cd450f","name":"la r\u00e9daction","image":{"@type":"ImageObject","inLanguage":"fr-FR","@id":"https:\/\/vosgesinfo.fr\/saintdieinfo\/#\/schema\/person\/image\/","url":"https:\/\/secure.gravatar.com\/avatar\/6673d8bc6a9c17fa9a453eaa3448de834fa308c2ec9635b7aa99441a7c8d2cf6?s=96&d=mm&r=g","contentUrl":"https:\/\/secure.gravatar.com\/avatar\/6673d8bc6a9c17fa9a453eaa3448de834fa308c2ec9635b7aa99441a7c8d2cf6?s=96&d=mm&r=g","caption":"la r\u00e9daction"},"url":"https:\/\/vosgesinfo.fr\/saintdieinfo\/author\/redac\/"}]}},"_links":{"self":[{"href":"https:\/\/vosgesinfo.fr\/saintdieinfo\/wp-json\/wp\/v2\/posts\/46245","targetHints":{"allow":["GET"]}}],"collection":[{"href":"https:\/\/vosgesinfo.fr\/saintdieinfo\/wp-json\/wp\/v2\/posts"}],"about":[{"href":"https:\/\/vosgesinfo.fr\/saintdieinfo\/wp-json\/wp\/v2\/types\/post"}],"author":[{"embeddable":true,"href":"https:\/\/vosgesinfo.fr\/saintdieinfo\/wp-json\/wp\/v2\/users\/44"}],"replies":[{"embeddable":true,"href":"https:\/\/vosgesinfo.fr\/saintdieinfo\/wp-json\/wp\/v2\/comments?post=46245"}],"version-history":[{"count":0,"href":"https:\/\/vosgesinfo.fr\/saintdieinfo\/wp-json\/wp\/v2\/posts\/46245\/revisions"}],"wp:featuredmedia":[{"embeddable":true,"href":"https:\/\/vosgesinfo.fr\/saintdieinfo\/wp-json\/wp\/v2\/media\/46246"}],"wp:attachment":[{"href":"https:\/\/vosgesinfo.fr\/saintdieinfo\/wp-json\/wp\/v2\/media?parent=46245"}],"wp:term":[{"taxonomy":"category","embeddable":true,"href":"https:\/\/vosgesinfo.fr\/saintdieinfo\/wp-json\/wp\/v2\/categories?post=46245"},{"taxonomy":"post_tag","embeddable":true,"href":"https:\/\/vosgesinfo.fr\/saintdieinfo\/wp-json\/wp\/v2\/tags?post=46245"}],"curies":[{"name":"wp","href":"https:\/\/api.w.org\/{rel}","templated":true}]}}