{"id":46456,"date":"2022-01-27T11:20:01","date_gmt":"2022-01-27T10:20:01","guid":{"rendered":"https:\/\/vosgesinfo.fr\/saintdieinfo\/2022\/01\/laureats-concours-communal-illuminations-de-noel\/"},"modified":"2022-01-27T11:20:01","modified_gmt":"2022-01-27T10:20:01","slug":"laureats-concours-communal-illuminations-de-noel","status":"publish","type":"post","link":"https:\/\/vosgesinfo.fr\/saintdieinfo\/2022\/01\/laureats-concours-communal-illuminations-de-noel\/","title":{"rendered":"Et les laur\u00e9ats du concours communal des illuminations de No\u00ebl sont&#8230;"},"content":{"rendered":"<div id=\"attachment_175976\" style=\"width: 970px\" class=\"wp-caption aligncenter\"><a href=\"\/2021\/12\/Tourn\u00e9e_Jury_Concours_Illuminations-3.jpg\" target=\"_blank\" rel=\"noopener\"><img decoding=\"async\" aria-describedby=\"caption-attachment-175976\" class=\"wp-image-175976 size-large\" src=\"\/2021\/12\/Tourn\u00e9e_Jury_Concours_Illuminations-3-1024x683.jpg\" alt=\"Tourn\u00e9e_Jury_Concours_Illuminations (3)\" width=\"960\" height=\"640\" \/><\/a><p id=\"caption-attachment-175976\" class=\"wp-caption-text\">Le jury du concours lors de sa tourn\u00e9e d&rsquo;\u00e9valuation, en d\u00e9cembre. (Archive)<\/p><\/div>\n<h2><strong><span style=\"font-size: 14pt;\">Chaque ann\u00e9e, la Ville de Saint-Di\u00e9-des-Vosges organise un concours communal des illuminations de No\u00ebl. Un concours dont c&rsquo;\u00e9tait la 18e \u00e9dition en 2021.<\/span><\/strong><\/h2>\n<p><!--more--><\/p>\n<p>En raison du contexte de crise sanitaire, le jury comptait moins de membres que d&rsquo;ordinaire, puisque les anciens laur\u00e9ats n&rsquo;y participaient pas. C&rsquo;est le mercredi 8 d\u00e9cembre dernier que les \u00e9lus, professionnels, techniciens et directeurs de la Ville ont effectu\u00e9 leur tourn\u00e9e d&rsquo;\u00e9valuation \u00e0 travers les diff\u00e9rents quartiers d\u00e9odatiens. Une tourn\u00e9e qui s&rsquo;est d\u00e9roul\u00e9e en 2 parties, avec une notation \u00e0 pied au centre-ville puis une seconde partie \u00e0 bord d&rsquo;un minibus municipal.<\/p>\n<p>Chacun des membres du jury ayant attribu\u00e9 2 notes sur 10 \u00e0 chaque participant. La premi\u00e8re \u00e9valuant l&rsquo;esth\u00e9tique, l&rsquo;originalit\u00e9, l&rsquo;harmonie des couleurs, le choix et l&rsquo;unit\u00e9 des couleurs, la visibilit\u00e9 depuis la rue&#8230; l&rsquo;autre moiti\u00e9 de la notation portant sur l&rsquo;investissement en temps et financier, ainsi que sur la d\u00e9marche \u00e9cologique. Car dans la continuit\u00e9 du dernier concours floral communal, le jury a tenu tout particuli\u00e8rement compte des d\u00e9marches en mati\u00e8re de protection de l&rsquo;environnement, comme l&rsquo;utilisation d&rsquo;ampoules \u00e0 LEDs ou de d\u00e9corations \u00ab\u00a0faites maison\u00a0\u00bb.<\/p>\n<p>Avec 65 participants inscrits dans les 3 cat\u00e9gories \u2013 Maisons, Balcons et Commerces \u2013 ce cru 2021 du concours des illuminations \u00e9tait un cru exceptionnel. A titre de comparaison, il y avait eu 36 participants en lice en 2019, et 33 en 2020. Les grands gagnants du concours sont les laur\u00e9ats des cat\u00e9gories exceptionnelles, qui ont re\u00e7u des ch\u00e8ques Cad&rsquo;UDAC de, respectivement, 250, 180 et 50 euros pour la cat\u00e9gorie Maisons\u00a0; 100, 80 et 50 euros pour la cat\u00e9gorie Balcons\u00a0; 220, 150 et 70 euros pour la cat\u00e9gorie Commerces. Les laur\u00e9ats des autres prix ont \u00e9galement re\u00e7u des ch\u00e8ques Cad&rsquo;UDAC, de montants allant de 20 \u00e0 70 euros. Et \u00e0 nouveau en raison de la crise sanitaire, la c\u00e9r\u00e9monie de remise des prix, qui devait avoir lieu ce mardi soir, a \u00e9t\u00e9 annul\u00e9e.<\/p>\n<h3><strong>Retrouvez ci-dessous les laur\u00e9ats des prix exceptionnels\u00a0:<\/strong><\/h3>\n<h4><strong>Cat\u00e9gorie \u00ab\u00a0Maisons\u00a0\u00bb\u00a0:<\/strong><\/h4>\n<ol>\n<li>Laurence Gromer\u00a0;<\/li>\n<li>Jocelyne Toussaint\u00a0;<\/li>\n<li>Maryse Toussaint.<\/li>\n<\/ol>\n<h4><strong>Cat\u00e9gorie \u00ab\u00a0Balcons\u00a0\u00bb\u00a0:<\/strong><\/h4>\n<ol>\n<li>Elodie Jasko\u00a0;<\/li>\n<li>Sabine Cuny\u00a0;<\/li>\n<li>Lauriane Husson.<\/li>\n<\/ol>\n<h4><strong>Cat\u00e9gorie \u00ab\u00a0Commerces\u00a0\u00bb\u00a0:<\/strong><\/h4>\n<ol>\n<li>Julien Cuny \u2013 La Cour des Arts\u00a0;<\/li>\n<li>Astou Seye \u2013 Concept Africa\u00a0;<\/li>\n<li>Margaux Martin \u2013 Institut Beaut\u00e9 Nature.<\/li>\n<\/ol>\n<p>J.J.<\/p>\n","protected":false},"excerpt":{"rendered":"<p>Chaque ann\u00e9e, la Ville de Saint-Di\u00e9-des-Vosges organise un concours communal des illuminations de No\u00ebl. Un concours dont c&rsquo;\u00e9tait la 18e [&hellip;]<\/p>\n","protected":false},"author":44,"featured_media":46457,"comment_status":"open","ping_status":"open","sticky":false,"template":"","format":"standard","meta":{"footnotes":""},"categories":[460,20,2915],"tags":[10108,10109,3240],"class_list":["post-46456","post","type-post","status-publish","format-standard","has-post-thumbnail","hentry","category-a-la-une","category-loisirs","category-saint-die-son-canton","tag-18e-concours-communal-des-illuminations-de-noel-de-saint-die-des-vosges","tag-concours-communal-des-illuminations-de-noel","tag-ville-de-saint-die-des-vosges"],"acf":[],"yoast_head":"<!-- This site is optimized with the Yoast SEO plugin v22.5 - https:\/\/yoast.com\/wordpress\/plugins\/seo\/ -->\n<title>Et les laur\u00e9ats du concours communal des illuminations de No\u00ebl sont... - Saint Die Info<\/title>\n<meta name=\"robots\" content=\"index, follow, max-snippet:-1, max-image-preview:large, max-video-preview:-1\" \/>\n<link rel=\"canonical\" href=\"https:\/\/vosgesinfo.fr\/saintdieinfo\/2022\/01\/laureats-concours-communal-illuminations-de-noel\/\" \/>\n<meta name=\"twitter:card\" content=\"summary_large_image\" \/>\n<meta name=\"twitter:title\" content=\"Et les laur\u00e9ats du concours communal des illuminations de No\u00ebl sont... - Saint Die Info\" \/>\n<meta name=\"twitter:description\" content=\"Chaque ann\u00e9e, la Ville de Saint-Di\u00e9-des-Vosges organise un concours communal des illuminations de No\u00ebl. Un concours dont c&rsquo;\u00e9tait la 18e [&hellip;]\" \/>\n<meta name=\"twitter:image\" content=\"https:\/\/vosgesinfo.fr\/app\/uploads\/sites\/4\/2024\/08\/202112tournee-jury-concours-illuminations-3.jpg\" \/>\n<meta name=\"twitter:creator\" content=\"@VosgesInfo88\" \/>\n<meta name=\"twitter:site\" content=\"@VosgesInfo88\" \/>\n<meta name=\"twitter:label1\" content=\"\u00c9crit par\" \/>\n\t<meta name=\"twitter:data1\" content=\"la r\u00e9daction\" \/>\n\t<meta name=\"twitter:label2\" content=\"Dur\u00e9e de lecture estim\u00e9e\" \/>\n\t<meta name=\"twitter:data2\" content=\"2 minutes\" \/>\n<script type=\"application\/ld+json\" class=\"yoast-schema-graph\">{\"@context\":\"https:\/\/schema.org\",\"@graph\":[{\"@type\":\"Article\",\"@id\":\"https:\/\/vosgesinfo.fr\/saintdieinfo\/2022\/01\/laureats-concours-communal-illuminations-de-noel\/#article\",\"isPartOf\":{\"@id\":\"https:\/\/vosgesinfo.fr\/saintdieinfo\/2022\/01\/laureats-concours-communal-illuminations-de-noel\/\"},\"author\":{\"name\":\"la r\u00e9daction\",\"@id\":\"https:\/\/vosgesinfo.fr\/saintdieinfo\/#\/schema\/person\/faee6704a21f3977511db84bd1cd450f\"},\"headline\":\"Et les laur\u00e9ats du concours communal des illuminations de No\u00ebl sont&#8230;\",\"datePublished\":\"2022-01-27T10:20:01+00:00\",\"dateModified\":\"2022-01-27T10:20:01+00:00\",\"mainEntityOfPage\":{\"@id\":\"https:\/\/vosgesinfo.fr\/saintdieinfo\/2022\/01\/laureats-concours-communal-illuminations-de-noel\/\"},\"wordCount\":413,\"commentCount\":0,\"publisher\":{\"@id\":\"https:\/\/vosgesinfo.fr\/saintdieinfo\/#organization\"},\"image\":{\"@id\":\"https:\/\/vosgesinfo.fr\/saintdieinfo\/2022\/01\/laureats-concours-communal-illuminations-de-noel\/#primaryimage\"},\"thumbnailUrl\":\"https:\/\/vosgesinfo.fr\/app\/uploads\/sites\/4\/2024\/08\/202112tournee-jury-concours-illuminations-3.jpg\",\"keywords\":[\"18e concours communal des illuminations de No\u00ebl de Saint-Di\u00e9-des-Vosges\",\"concours communal des illuminations de No\u00ebl\",\"Ville de Saint-Di\u00e9-des-Vosges\"],\"articleSection\":[\"A la Une\",\"Loisirs\",\"Saint-Di\u00e9-des-Vosges et son Agglom\u00e9ration\"],\"inLanguage\":\"fr-FR\",\"potentialAction\":[{\"@type\":\"CommentAction\",\"name\":\"Comment\",\"target\":[\"https:\/\/vosgesinfo.fr\/saintdieinfo\/2022\/01\/laureats-concours-communal-illuminations-de-noel\/#respond\"]}]},{\"@type\":\"WebPage\",\"@id\":\"https:\/\/vosgesinfo.fr\/saintdieinfo\/2022\/01\/laureats-concours-communal-illuminations-de-noel\/\",\"url\":\"https:\/\/vosgesinfo.fr\/saintdieinfo\/2022\/01\/laureats-concours-communal-illuminations-de-noel\/\",\"name\":\"Et les laur\u00e9ats du concours communal des illuminations de No\u00ebl sont... - Saint Die Info\",\"isPartOf\":{\"@id\":\"https:\/\/vosgesinfo.fr\/saintdieinfo\/#website\"},\"primaryImageOfPage\":{\"@id\":\"https:\/\/vosgesinfo.fr\/saintdieinfo\/2022\/01\/laureats-concours-communal-illuminations-de-noel\/#primaryimage\"},\"image\":{\"@id\":\"https:\/\/vosgesinfo.fr\/saintdieinfo\/2022\/01\/laureats-concours-communal-illuminations-de-noel\/#primaryimage\"},\"thumbnailUrl\":\"https:\/\/vosgesinfo.fr\/app\/uploads\/sites\/4\/2024\/08\/202112tournee-jury-concours-illuminations-3.jpg\",\"datePublished\":\"2022-01-27T10:20:01+00:00\",\"dateModified\":\"2022-01-27T10:20:01+00:00\",\"breadcrumb\":{\"@id\":\"https:\/\/vosgesinfo.fr\/saintdieinfo\/2022\/01\/laureats-concours-communal-illuminations-de-noel\/#breadcrumb\"},\"inLanguage\":\"fr-FR\",\"potentialAction\":[{\"@type\":\"ReadAction\",\"target\":[\"https:\/\/vosgesinfo.fr\/saintdieinfo\/2022\/01\/laureats-concours-communal-illuminations-de-noel\/\"]}]},{\"@type\":\"ImageObject\",\"inLanguage\":\"fr-FR\",\"@id\":\"https:\/\/vosgesinfo.fr\/saintdieinfo\/2022\/01\/laureats-concours-communal-illuminations-de-noel\/#primaryimage\",\"url\":\"https:\/\/vosgesinfo.fr\/app\/uploads\/sites\/4\/2024\/08\/202112tournee-jury-concours-illuminations-3.jpg\",\"contentUrl\":\"https:\/\/vosgesinfo.fr\/app\/uploads\/sites\/4\/2024\/08\/202112tournee-jury-concours-illuminations-3.jpg\",\"width\":1024,\"height\":683},{\"@type\":\"BreadcrumbList\",\"@id\":\"https:\/\/vosgesinfo.fr\/saintdieinfo\/2022\/01\/laureats-concours-communal-illuminations-de-noel\/#breadcrumb\",\"itemListElement\":[{\"@type\":\"ListItem\",\"position\":1,\"name\":\"Home\",\"item\":\"https:\/\/vosgesinfo.fr\/saintdieinfo\/\"},{\"@type\":\"ListItem\",\"position\":2,\"name\":\"Et les laur\u00e9ats du concours communal des illuminations de No\u00ebl sont&#8230;\"}]},{\"@type\":\"WebSite\",\"@id\":\"https:\/\/vosgesinfo.fr\/saintdieinfo\/#website\",\"url\":\"https:\/\/vosgesinfo.fr\/saintdieinfo\/\",\"name\":\"Saint Die Info\",\"description\":\"Toute l&#039;actualit\u00e9 de Saint-Di\u00e9-Des-Vosges\",\"publisher\":{\"@id\":\"https:\/\/vosgesinfo.fr\/saintdieinfo\/#organization\"},\"alternateName\":\"Toute l'actualit\u00e9 de Saint-Di\u00e9-Des-Vosges\",\"potentialAction\":[{\"@type\":\"SearchAction\",\"target\":{\"@type\":\"EntryPoint\",\"urlTemplate\":\"https:\/\/vosgesinfo.fr\/saintdieinfo\/?s={search_term_string}\"},\"query-input\":\"required name=search_term_string\"}],\"inLanguage\":\"fr-FR\"},{\"@type\":\"Organization\",\"@id\":\"https:\/\/vosgesinfo.fr\/saintdieinfo\/#organization\",\"name\":\"Saint Die Info\",\"url\":\"https:\/\/vosgesinfo.fr\/saintdieinfo\/\",\"logo\":{\"@type\":\"ImageObject\",\"inLanguage\":\"fr-FR\",\"@id\":\"https:\/\/vosgesinfo.fr\/saintdieinfo\/#\/schema\/logo\/image\/\",\"url\":\"https:\/\/vosgesinfo.fr\/app\/uploads\/sites\/4\/2024\/02\/logo-sdi.jpg\",\"contentUrl\":\"https:\/\/vosgesinfo.fr\/app\/uploads\/sites\/4\/2024\/02\/logo-sdi.jpg\",\"width\":600,\"height\":600,\"caption\":\"Saint Die Info\"},\"image\":{\"@id\":\"https:\/\/vosgesinfo.fr\/saintdieinfo\/#\/schema\/logo\/image\/\"},\"sameAs\":[\"https:\/\/www.facebook.com\/Saintdieinfofr\",\"https:\/\/x.com\/VosgesInfo88\",\"https:\/\/www.youtube.com\/@vosgesinfo\"]},{\"@type\":\"Person\",\"@id\":\"https:\/\/vosgesinfo.fr\/saintdieinfo\/#\/schema\/person\/faee6704a21f3977511db84bd1cd450f\",\"name\":\"la r\u00e9daction\",\"image\":{\"@type\":\"ImageObject\",\"inLanguage\":\"fr-FR\",\"@id\":\"https:\/\/vosgesinfo.fr\/saintdieinfo\/#\/schema\/person\/image\/\",\"url\":\"https:\/\/secure.gravatar.com\/avatar\/6673d8bc6a9c17fa9a453eaa3448de834fa308c2ec9635b7aa99441a7c8d2cf6?s=96&d=mm&r=g\",\"contentUrl\":\"https:\/\/secure.gravatar.com\/avatar\/6673d8bc6a9c17fa9a453eaa3448de834fa308c2ec9635b7aa99441a7c8d2cf6?s=96&d=mm&r=g\",\"caption\":\"la r\u00e9daction\"},\"url\":\"https:\/\/vosgesinfo.fr\/saintdieinfo\/author\/redac\/\"}]}<\/script>\n<!-- \/ Yoast SEO plugin. -->","yoast_head_json":{"title":"Et les laur\u00e9ats du concours communal des illuminations de No\u00ebl sont... - Saint Die Info","robots":{"index":"index","follow":"follow","max-snippet":"max-snippet:-1","max-image-preview":"max-image-preview:large","max-video-preview":"max-video-preview:-1"},"canonical":"https:\/\/vosgesinfo.fr\/saintdieinfo\/2022\/01\/laureats-concours-communal-illuminations-de-noel\/","twitter_card":"summary_large_image","twitter_title":"Et les laur\u00e9ats du concours communal des illuminations de No\u00ebl sont... - Saint Die Info","twitter_description":"Chaque ann\u00e9e, la Ville de Saint-Di\u00e9-des-Vosges organise un concours communal des illuminations de No\u00ebl. Un concours dont c&rsquo;\u00e9tait la 18e [&hellip;]","twitter_image":"https:\/\/vosgesinfo.fr\/app\/uploads\/sites\/4\/2024\/08\/202112tournee-jury-concours-illuminations-3.jpg","twitter_creator":"@VosgesInfo88","twitter_site":"@VosgesInfo88","twitter_misc":{"\u00c9crit par":"la r\u00e9daction","Dur\u00e9e de lecture estim\u00e9e":"2 minutes"},"schema":{"@context":"https:\/\/schema.org","@graph":[{"@type":"Article","@id":"https:\/\/vosgesinfo.fr\/saintdieinfo\/2022\/01\/laureats-concours-communal-illuminations-de-noel\/#article","isPartOf":{"@id":"https:\/\/vosgesinfo.fr\/saintdieinfo\/2022\/01\/laureats-concours-communal-illuminations-de-noel\/"},"author":{"name":"la r\u00e9daction","@id":"https:\/\/vosgesinfo.fr\/saintdieinfo\/#\/schema\/person\/faee6704a21f3977511db84bd1cd450f"},"headline":"Et les laur\u00e9ats du concours communal des illuminations de No\u00ebl sont&#8230;","datePublished":"2022-01-27T10:20:01+00:00","dateModified":"2022-01-27T10:20:01+00:00","mainEntityOfPage":{"@id":"https:\/\/vosgesinfo.fr\/saintdieinfo\/2022\/01\/laureats-concours-communal-illuminations-de-noel\/"},"wordCount":413,"commentCount":0,"publisher":{"@id":"https:\/\/vosgesinfo.fr\/saintdieinfo\/#organization"},"image":{"@id":"https:\/\/vosgesinfo.fr\/saintdieinfo\/2022\/01\/laureats-concours-communal-illuminations-de-noel\/#primaryimage"},"thumbnailUrl":"https:\/\/vosgesinfo.fr\/app\/uploads\/sites\/4\/2024\/08\/202112tournee-jury-concours-illuminations-3.jpg","keywords":["18e concours communal des illuminations de No\u00ebl de Saint-Di\u00e9-des-Vosges","concours communal des illuminations de No\u00ebl","Ville de Saint-Di\u00e9-des-Vosges"],"articleSection":["A la Une","Loisirs","Saint-Di\u00e9-des-Vosges et son Agglom\u00e9ration"],"inLanguage":"fr-FR","potentialAction":[{"@type":"CommentAction","name":"Comment","target":["https:\/\/vosgesinfo.fr\/saintdieinfo\/2022\/01\/laureats-concours-communal-illuminations-de-noel\/#respond"]}]},{"@type":"WebPage","@id":"https:\/\/vosgesinfo.fr\/saintdieinfo\/2022\/01\/laureats-concours-communal-illuminations-de-noel\/","url":"https:\/\/vosgesinfo.fr\/saintdieinfo\/2022\/01\/laureats-concours-communal-illuminations-de-noel\/","name":"Et les laur\u00e9ats du concours communal des illuminations de No\u00ebl sont... - Saint Die Info","isPartOf":{"@id":"https:\/\/vosgesinfo.fr\/saintdieinfo\/#website"},"primaryImageOfPage":{"@id":"https:\/\/vosgesinfo.fr\/saintdieinfo\/2022\/01\/laureats-concours-communal-illuminations-de-noel\/#primaryimage"},"image":{"@id":"https:\/\/vosgesinfo.fr\/saintdieinfo\/2022\/01\/laureats-concours-communal-illuminations-de-noel\/#primaryimage"},"thumbnailUrl":"https:\/\/vosgesinfo.fr\/app\/uploads\/sites\/4\/2024\/08\/202112tournee-jury-concours-illuminations-3.jpg","datePublished":"2022-01-27T10:20:01+00:00","dateModified":"2022-01-27T10:20:01+00:00","breadcrumb":{"@id":"https:\/\/vosgesinfo.fr\/saintdieinfo\/2022\/01\/laureats-concours-communal-illuminations-de-noel\/#breadcrumb"},"inLanguage":"fr-FR","potentialAction":[{"@type":"ReadAction","target":["https:\/\/vosgesinfo.fr\/saintdieinfo\/2022\/01\/laureats-concours-communal-illuminations-de-noel\/"]}]},{"@type":"ImageObject","inLanguage":"fr-FR","@id":"https:\/\/vosgesinfo.fr\/saintdieinfo\/2022\/01\/laureats-concours-communal-illuminations-de-noel\/#primaryimage","url":"https:\/\/vosgesinfo.fr\/app\/uploads\/sites\/4\/2024\/08\/202112tournee-jury-concours-illuminations-3.jpg","contentUrl":"https:\/\/vosgesinfo.fr\/app\/uploads\/sites\/4\/2024\/08\/202112tournee-jury-concours-illuminations-3.jpg","width":1024,"height":683},{"@type":"BreadcrumbList","@id":"https:\/\/vosgesinfo.fr\/saintdieinfo\/2022\/01\/laureats-concours-communal-illuminations-de-noel\/#breadcrumb","itemListElement":[{"@type":"ListItem","position":1,"name":"Home","item":"https:\/\/vosgesinfo.fr\/saintdieinfo\/"},{"@type":"ListItem","position":2,"name":"Et les laur\u00e9ats du concours communal des illuminations de No\u00ebl sont&#8230;"}]},{"@type":"WebSite","@id":"https:\/\/vosgesinfo.fr\/saintdieinfo\/#website","url":"https:\/\/vosgesinfo.fr\/saintdieinfo\/","name":"Saint Die Info","description":"Toute l&#039;actualit\u00e9 de Saint-Di\u00e9-Des-Vosges","publisher":{"@id":"https:\/\/vosgesinfo.fr\/saintdieinfo\/#organization"},"alternateName":"Toute l'actualit\u00e9 de Saint-Di\u00e9-Des-Vosges","potentialAction":[{"@type":"SearchAction","target":{"@type":"EntryPoint","urlTemplate":"https:\/\/vosgesinfo.fr\/saintdieinfo\/?s={search_term_string}"},"query-input":"required name=search_term_string"}],"inLanguage":"fr-FR"},{"@type":"Organization","@id":"https:\/\/vosgesinfo.fr\/saintdieinfo\/#organization","name":"Saint Die Info","url":"https:\/\/vosgesinfo.fr\/saintdieinfo\/","logo":{"@type":"ImageObject","inLanguage":"fr-FR","@id":"https:\/\/vosgesinfo.fr\/saintdieinfo\/#\/schema\/logo\/image\/","url":"https:\/\/vosgesinfo.fr\/app\/uploads\/sites\/4\/2024\/02\/logo-sdi.jpg","contentUrl":"https:\/\/vosgesinfo.fr\/app\/uploads\/sites\/4\/2024\/02\/logo-sdi.jpg","width":600,"height":600,"caption":"Saint Die Info"},"image":{"@id":"https:\/\/vosgesinfo.fr\/saintdieinfo\/#\/schema\/logo\/image\/"},"sameAs":["https:\/\/www.facebook.com\/Saintdieinfofr","https:\/\/x.com\/VosgesInfo88","https:\/\/www.youtube.com\/@vosgesinfo"]},{"@type":"Person","@id":"https:\/\/vosgesinfo.fr\/saintdieinfo\/#\/schema\/person\/faee6704a21f3977511db84bd1cd450f","name":"la r\u00e9daction","image":{"@type":"ImageObject","inLanguage":"fr-FR","@id":"https:\/\/vosgesinfo.fr\/saintdieinfo\/#\/schema\/person\/image\/","url":"https:\/\/secure.gravatar.com\/avatar\/6673d8bc6a9c17fa9a453eaa3448de834fa308c2ec9635b7aa99441a7c8d2cf6?s=96&d=mm&r=g","contentUrl":"https:\/\/secure.gravatar.com\/avatar\/6673d8bc6a9c17fa9a453eaa3448de834fa308c2ec9635b7aa99441a7c8d2cf6?s=96&d=mm&r=g","caption":"la r\u00e9daction"},"url":"https:\/\/vosgesinfo.fr\/saintdieinfo\/author\/redac\/"}]}},"_links":{"self":[{"href":"https:\/\/vosgesinfo.fr\/saintdieinfo\/wp-json\/wp\/v2\/posts\/46456","targetHints":{"allow":["GET"]}}],"collection":[{"href":"https:\/\/vosgesinfo.fr\/saintdieinfo\/wp-json\/wp\/v2\/posts"}],"about":[{"href":"https:\/\/vosgesinfo.fr\/saintdieinfo\/wp-json\/wp\/v2\/types\/post"}],"author":[{"embeddable":true,"href":"https:\/\/vosgesinfo.fr\/saintdieinfo\/wp-json\/wp\/v2\/users\/44"}],"replies":[{"embeddable":true,"href":"https:\/\/vosgesinfo.fr\/saintdieinfo\/wp-json\/wp\/v2\/comments?post=46456"}],"version-history":[{"count":0,"href":"https:\/\/vosgesinfo.fr\/saintdieinfo\/wp-json\/wp\/v2\/posts\/46456\/revisions"}],"wp:featuredmedia":[{"embeddable":true,"href":"https:\/\/vosgesinfo.fr\/saintdieinfo\/wp-json\/wp\/v2\/media\/46457"}],"wp:attachment":[{"href":"https:\/\/vosgesinfo.fr\/saintdieinfo\/wp-json\/wp\/v2\/media?parent=46456"}],"wp:term":[{"taxonomy":"category","embeddable":true,"href":"https:\/\/vosgesinfo.fr\/saintdieinfo\/wp-json\/wp\/v2\/categories?post=46456"},{"taxonomy":"post_tag","embeddable":true,"href":"https:\/\/vosgesinfo.fr\/saintdieinfo\/wp-json\/wp\/v2\/tags?post=46456"}],"curies":[{"name":"wp","href":"https:\/\/api.w.org\/{rel}","templated":true}]}}