{"id":46798,"date":"2022-02-08T07:00:44","date_gmt":"2022-02-08T06:00:44","guid":{"rendered":"https:\/\/vosgesinfo.fr\/saintdieinfo\/2022\/02\/emotions-apprivoisees-college-sainte-marie\/"},"modified":"2022-02-08T07:00:44","modified_gmt":"2022-02-08T06:00:44","slug":"emotions-apprivoisees-college-sainte-marie","status":"publish","type":"post","link":"https:\/\/vosgesinfo.fr\/saintdieinfo\/2022\/02\/emotions-apprivoisees-college-sainte-marie\/","title":{"rendered":"Des \u00e9motions apprivois\u00e9es au coll\u00e8ge Sainte-Marie"},"content":{"rendered":"<div id=\"attachment_178484\" style=\"width: 766px\" class=\"wp-caption aligncenter\"><a href=\"\/2022\/02\/1.jpg\" target=\"_blank\" rel=\"noopener\"><img decoding=\"async\" aria-describedby=\"caption-attachment-178484\" class=\"wp-image-178484 size-full\" src=\"\/2022\/02\/1.jpg\" alt=\"\" width=\"756\" height=\"567\" \/><\/a><p id=\"caption-attachment-178484\" class=\"wp-caption-text\">(Photographie Institution Sainte-Marie)<\/p><\/div>\n<h2><strong><span class=\"tojvnm2t a6sixzi8 abs2jz4q a8s20v7p t1p8iaqh k5wvi7nf q3lfd5jv pk4s997a bipmatt0 cebpdrjk qowsmv63 owwhemhu dp1hu0rb dhp61c6y iyyx5f41\" style=\"font-size: 14pt;\">La 10e s\u00e9ance aura \u00e9t\u00e9 la bonne, puisqu\u2019elle venait concr\u00e9tiser tout un cursus d\u2019une dizaine de semaines pour une quarantaine d\u2019\u00e9l\u00e8ves de 6e du Coll\u00e8ge Sainte-Marie. La formation \u00ab Apprendre \u00e0 se conna\u00eetre et mieux comprendre les autres \u00bb aura accompagn\u00e9 les petits Saint-Mariens tous les jeudis pour d\u00e9couvrir une palette de forces int\u00e9rieures insoup\u00e7onn\u00e9es jusque-l\u00e0.<\/span><\/strong><\/h2>\n<p><!--more--><\/p>\n<p><span class=\"tojvnm2t a6sixzi8 abs2jz4q a8s20v7p t1p8iaqh k5wvi7nf q3lfd5jv pk4s997a bipmatt0 cebpdrjk qowsmv63 owwhemhu dp1hu0rb dhp61c6y iyyx5f41\">Il suffisait de les voir s\u2019exprimer devant un parterre d\u2019adultes au moment de la remise des dipl\u00f4mes. De toute \u00e9vidence, la parole s\u2019est lib\u00e9r\u00e9e au moment o\u00f9 Val\u00e9rie Colus, directrice coordinateur de Marie-de-Galil\u00e9e, et Claire Grandclaude, adjointe de direction, ont d\u00e9livr\u00e9 les pr\u00e9cieux s\u00e9sames.<\/span><\/p>\n<p><span class=\"tojvnm2t a6sixzi8 abs2jz4q a8s20v7p t1p8iaqh k5wvi7nf q3lfd5jv pk4s997a bipmatt0 cebpdrjk qowsmv63 owwhemhu dp1hu0rb dhp61c6y iyyx5f41\"> Les mines r\u00e9jouies des jeunes comblaient d\u2019aise les formateurs, Anne Geisler (b\u00e9n\u00e9vole et responsable de la formation), Anne Palusci (Animatrice pastorale et b\u00e9n\u00e9vole) Isabelle Jacquot (professeur d\u2019Histoire\/G\u00e9o) et Ali Ghezala (Conseiller Principal d\u2019Education). Ils venaient de traverser en commun des modules comme les cinq sens, faire un stop, faire son cartable, g\u00e9rer son agenda, apprendre une le\u00e7on, savoir respirer, rep\u00e9rer ses \u00e9motions, passer d\u2019une chose \u00e0 l\u2019autre ou encore mobiliser son \u00e9nergie et retrouver son calme en toute circonstance. Autant d\u2019aspects qui auront de toute \u00e9vidence un impact certain sur un avenir \u00e0 court terme. Une bien belle aventure assur\u00e9ment\u2026<\/span><\/p>\n<p>A.G.<\/p>\n","protected":false},"excerpt":{"rendered":"<p>La 10e s\u00e9ance aura \u00e9t\u00e9 la bonne, puisqu\u2019elle venait concr\u00e9tiser tout un cursus d\u2019une dizaine de semaines pour une quarantaine [&hellip;]<\/p>\n","protected":false},"author":106,"featured_media":23556,"comment_status":"open","ping_status":"open","sticky":false,"template":"","format":"standard","meta":{"footnotes":""},"categories":[460,6,2915],"tags":[3265,10229,4439],"class_list":["post-46798","post","type-post","status-publish","format-standard","has-post-thumbnail","hentry","category-a-la-une","category-education","category-saint-die-son-canton","tag-college-sainte-marie","tag-formation-apprendre-a-se-connaitre-et-mieux-comprendre-les-autres","tag-institution-sainte-marie"],"acf":[],"yoast_head":"<!-- This site is optimized with the Yoast SEO plugin v22.5 - https:\/\/yoast.com\/wordpress\/plugins\/seo\/ -->\n<title>Des \u00e9motions apprivois\u00e9es au coll\u00e8ge Sainte-Marie - Saint Die Info<\/title>\n<meta name=\"robots\" content=\"index, follow, max-snippet:-1, max-image-preview:large, max-video-preview:-1\" \/>\n<link rel=\"canonical\" href=\"https:\/\/vosgesinfo.fr\/saintdieinfo\/2022\/02\/emotions-apprivoisees-college-sainte-marie\/\" \/>\n<meta name=\"twitter:card\" content=\"summary_large_image\" \/>\n<meta name=\"twitter:title\" content=\"Des \u00e9motions apprivois\u00e9es au coll\u00e8ge Sainte-Marie - Saint Die Info\" \/>\n<meta name=\"twitter:description\" content=\"La 10e s\u00e9ance aura \u00e9t\u00e9 la bonne, puisqu\u2019elle venait concr\u00e9tiser tout un cursus d\u2019une dizaine de semaines pour une quarantaine [&hellip;]\" \/>\n<meta name=\"twitter:image\" content=\"https:\/\/vosgesinfo.fr\/app\/uploads\/sites\/4\/2024\/01\/1.jpeg\" \/>\n<meta name=\"twitter:creator\" content=\"@VosgesInfo88\" \/>\n<meta name=\"twitter:site\" content=\"@VosgesInfo88\" \/>\n<meta name=\"twitter:label1\" content=\"\u00c9crit par\" \/>\n\t<meta name=\"twitter:data1\" content=\"Florence Deparis\" \/>\n\t<meta name=\"twitter:label2\" content=\"Dur\u00e9e de lecture estim\u00e9e\" \/>\n\t<meta name=\"twitter:data2\" content=\"1 minute\" \/>\n<script type=\"application\/ld+json\" class=\"yoast-schema-graph\">{\"@context\":\"https:\/\/schema.org\",\"@graph\":[{\"@type\":\"Article\",\"@id\":\"https:\/\/vosgesinfo.fr\/saintdieinfo\/2022\/02\/emotions-apprivoisees-college-sainte-marie\/#article\",\"isPartOf\":{\"@id\":\"https:\/\/vosgesinfo.fr\/saintdieinfo\/2022\/02\/emotions-apprivoisees-college-sainte-marie\/\"},\"author\":{\"name\":\"Florence Deparis\",\"@id\":\"https:\/\/vosgesinfo.fr\/saintdieinfo\/#\/schema\/person\/d594280b4b2c6cb7f640fded6c82ac54\"},\"headline\":\"Des \u00e9motions apprivois\u00e9es au coll\u00e8ge Sainte-Marie\",\"datePublished\":\"2022-02-08T06:00:44+00:00\",\"dateModified\":\"2022-02-08T06:00:44+00:00\",\"mainEntityOfPage\":{\"@id\":\"https:\/\/vosgesinfo.fr\/saintdieinfo\/2022\/02\/emotions-apprivoisees-college-sainte-marie\/\"},\"wordCount\":255,\"commentCount\":0,\"publisher\":{\"@id\":\"https:\/\/vosgesinfo.fr\/saintdieinfo\/#organization\"},\"image\":{\"@id\":\"https:\/\/vosgesinfo.fr\/saintdieinfo\/2022\/02\/emotions-apprivoisees-college-sainte-marie\/#primaryimage\"},\"thumbnailUrl\":\"https:\/\/vosgesinfo.fr\/app\/uploads\/sites\/4\/2024\/01\/1.jpeg\",\"keywords\":[\"Coll\u00e8ge Sainte-Marie\",\"Formation Apprendre \u00e0 se conna\u00eetre et mieux comprendre les autres\",\"Institution Sainte-Marie\"],\"articleSection\":[\"A la Une\",\"\u00c9ducation\",\"Saint-Di\u00e9-des-Vosges et son Agglom\u00e9ration\"],\"inLanguage\":\"fr-FR\",\"potentialAction\":[{\"@type\":\"CommentAction\",\"name\":\"Comment\",\"target\":[\"https:\/\/vosgesinfo.fr\/saintdieinfo\/2022\/02\/emotions-apprivoisees-college-sainte-marie\/#respond\"]}]},{\"@type\":\"WebPage\",\"@id\":\"https:\/\/vosgesinfo.fr\/saintdieinfo\/2022\/02\/emotions-apprivoisees-college-sainte-marie\/\",\"url\":\"https:\/\/vosgesinfo.fr\/saintdieinfo\/2022\/02\/emotions-apprivoisees-college-sainte-marie\/\",\"name\":\"Des \u00e9motions apprivois\u00e9es au coll\u00e8ge Sainte-Marie - Saint Die Info\",\"isPartOf\":{\"@id\":\"https:\/\/vosgesinfo.fr\/saintdieinfo\/#website\"},\"primaryImageOfPage\":{\"@id\":\"https:\/\/vosgesinfo.fr\/saintdieinfo\/2022\/02\/emotions-apprivoisees-college-sainte-marie\/#primaryimage\"},\"image\":{\"@id\":\"https:\/\/vosgesinfo.fr\/saintdieinfo\/2022\/02\/emotions-apprivoisees-college-sainte-marie\/#primaryimage\"},\"thumbnailUrl\":\"https:\/\/vosgesinfo.fr\/app\/uploads\/sites\/4\/2024\/01\/1.jpeg\",\"datePublished\":\"2022-02-08T06:00:44+00:00\",\"dateModified\":\"2022-02-08T06:00:44+00:00\",\"breadcrumb\":{\"@id\":\"https:\/\/vosgesinfo.fr\/saintdieinfo\/2022\/02\/emotions-apprivoisees-college-sainte-marie\/#breadcrumb\"},\"inLanguage\":\"fr-FR\",\"potentialAction\":[{\"@type\":\"ReadAction\",\"target\":[\"https:\/\/vosgesinfo.fr\/saintdieinfo\/2022\/02\/emotions-apprivoisees-college-sainte-marie\/\"]}]},{\"@type\":\"ImageObject\",\"inLanguage\":\"fr-FR\",\"@id\":\"https:\/\/vosgesinfo.fr\/saintdieinfo\/2022\/02\/emotions-apprivoisees-college-sainte-marie\/#primaryimage\",\"url\":\"https:\/\/vosgesinfo.fr\/app\/uploads\/sites\/4\/2024\/01\/1.jpeg\",\"contentUrl\":\"https:\/\/vosgesinfo.fr\/app\/uploads\/sites\/4\/2024\/01\/1.jpeg\",\"width\":1200,\"height\":1600},{\"@type\":\"BreadcrumbList\",\"@id\":\"https:\/\/vosgesinfo.fr\/saintdieinfo\/2022\/02\/emotions-apprivoisees-college-sainte-marie\/#breadcrumb\",\"itemListElement\":[{\"@type\":\"ListItem\",\"position\":1,\"name\":\"Home\",\"item\":\"https:\/\/vosgesinfo.fr\/saintdieinfo\/\"},{\"@type\":\"ListItem\",\"position\":2,\"name\":\"Des \u00e9motions apprivois\u00e9es au coll\u00e8ge Sainte-Marie\"}]},{\"@type\":\"WebSite\",\"@id\":\"https:\/\/vosgesinfo.fr\/saintdieinfo\/#website\",\"url\":\"https:\/\/vosgesinfo.fr\/saintdieinfo\/\",\"name\":\"Saint Die Info\",\"description\":\"Toute l&#039;actualit\u00e9 de Saint-Di\u00e9-Des-Vosges\",\"publisher\":{\"@id\":\"https:\/\/vosgesinfo.fr\/saintdieinfo\/#organization\"},\"alternateName\":\"Toute l'actualit\u00e9 de Saint-Di\u00e9-Des-Vosges\",\"potentialAction\":[{\"@type\":\"SearchAction\",\"target\":{\"@type\":\"EntryPoint\",\"urlTemplate\":\"https:\/\/vosgesinfo.fr\/saintdieinfo\/?s={search_term_string}\"},\"query-input\":\"required name=search_term_string\"}],\"inLanguage\":\"fr-FR\"},{\"@type\":\"Organization\",\"@id\":\"https:\/\/vosgesinfo.fr\/saintdieinfo\/#organization\",\"name\":\"Saint Die Info\",\"url\":\"https:\/\/vosgesinfo.fr\/saintdieinfo\/\",\"logo\":{\"@type\":\"ImageObject\",\"inLanguage\":\"fr-FR\",\"@id\":\"https:\/\/vosgesinfo.fr\/saintdieinfo\/#\/schema\/logo\/image\/\",\"url\":\"https:\/\/vosgesinfo.fr\/app\/uploads\/sites\/4\/2024\/02\/logo-sdi.jpg\",\"contentUrl\":\"https:\/\/vosgesinfo.fr\/app\/uploads\/sites\/4\/2024\/02\/logo-sdi.jpg\",\"width\":600,\"height\":600,\"caption\":\"Saint Die Info\"},\"image\":{\"@id\":\"https:\/\/vosgesinfo.fr\/saintdieinfo\/#\/schema\/logo\/image\/\"},\"sameAs\":[\"https:\/\/www.facebook.com\/Saintdieinfofr\",\"https:\/\/x.com\/VosgesInfo88\",\"https:\/\/www.youtube.com\/@vosgesinfo\"]},{\"@type\":\"Person\",\"@id\":\"https:\/\/vosgesinfo.fr\/saintdieinfo\/#\/schema\/person\/d594280b4b2c6cb7f640fded6c82ac54\",\"name\":\"Florence Deparis\",\"image\":{\"@type\":\"ImageObject\",\"inLanguage\":\"fr-FR\",\"@id\":\"https:\/\/vosgesinfo.fr\/saintdieinfo\/#\/schema\/person\/image\/\",\"url\":\"https:\/\/secure.gravatar.com\/avatar\/93ffed19f69fc91360e8cab7227a25b694431a3149d932ec5952255141197e46?s=96&d=mm&r=g\",\"contentUrl\":\"https:\/\/secure.gravatar.com\/avatar\/93ffed19f69fc91360e8cab7227a25b694431a3149d932ec5952255141197e46?s=96&d=mm&r=g\",\"caption\":\"Florence Deparis\"},\"url\":\"https:\/\/vosgesinfo.fr\/saintdieinfo\/author\/fdpaccueil\/\"}]}<\/script>\n<!-- \/ Yoast SEO plugin. -->","yoast_head_json":{"title":"Des \u00e9motions apprivois\u00e9es au coll\u00e8ge Sainte-Marie - Saint Die Info","robots":{"index":"index","follow":"follow","max-snippet":"max-snippet:-1","max-image-preview":"max-image-preview:large","max-video-preview":"max-video-preview:-1"},"canonical":"https:\/\/vosgesinfo.fr\/saintdieinfo\/2022\/02\/emotions-apprivoisees-college-sainte-marie\/","twitter_card":"summary_large_image","twitter_title":"Des \u00e9motions apprivois\u00e9es au coll\u00e8ge Sainte-Marie - Saint Die Info","twitter_description":"La 10e s\u00e9ance aura \u00e9t\u00e9 la bonne, puisqu\u2019elle venait concr\u00e9tiser tout un cursus d\u2019une dizaine de semaines pour une quarantaine [&hellip;]","twitter_image":"https:\/\/vosgesinfo.fr\/app\/uploads\/sites\/4\/2024\/01\/1.jpeg","twitter_creator":"@VosgesInfo88","twitter_site":"@VosgesInfo88","twitter_misc":{"\u00c9crit par":"Florence Deparis","Dur\u00e9e de lecture estim\u00e9e":"1 minute"},"schema":{"@context":"https:\/\/schema.org","@graph":[{"@type":"Article","@id":"https:\/\/vosgesinfo.fr\/saintdieinfo\/2022\/02\/emotions-apprivoisees-college-sainte-marie\/#article","isPartOf":{"@id":"https:\/\/vosgesinfo.fr\/saintdieinfo\/2022\/02\/emotions-apprivoisees-college-sainte-marie\/"},"author":{"name":"Florence Deparis","@id":"https:\/\/vosgesinfo.fr\/saintdieinfo\/#\/schema\/person\/d594280b4b2c6cb7f640fded6c82ac54"},"headline":"Des \u00e9motions apprivois\u00e9es au coll\u00e8ge Sainte-Marie","datePublished":"2022-02-08T06:00:44+00:00","dateModified":"2022-02-08T06:00:44+00:00","mainEntityOfPage":{"@id":"https:\/\/vosgesinfo.fr\/saintdieinfo\/2022\/02\/emotions-apprivoisees-college-sainte-marie\/"},"wordCount":255,"commentCount":0,"publisher":{"@id":"https:\/\/vosgesinfo.fr\/saintdieinfo\/#organization"},"image":{"@id":"https:\/\/vosgesinfo.fr\/saintdieinfo\/2022\/02\/emotions-apprivoisees-college-sainte-marie\/#primaryimage"},"thumbnailUrl":"https:\/\/vosgesinfo.fr\/app\/uploads\/sites\/4\/2024\/01\/1.jpeg","keywords":["Coll\u00e8ge Sainte-Marie","Formation Apprendre \u00e0 se conna\u00eetre et mieux comprendre les autres","Institution Sainte-Marie"],"articleSection":["A la Une","\u00c9ducation","Saint-Di\u00e9-des-Vosges et son Agglom\u00e9ration"],"inLanguage":"fr-FR","potentialAction":[{"@type":"CommentAction","name":"Comment","target":["https:\/\/vosgesinfo.fr\/saintdieinfo\/2022\/02\/emotions-apprivoisees-college-sainte-marie\/#respond"]}]},{"@type":"WebPage","@id":"https:\/\/vosgesinfo.fr\/saintdieinfo\/2022\/02\/emotions-apprivoisees-college-sainte-marie\/","url":"https:\/\/vosgesinfo.fr\/saintdieinfo\/2022\/02\/emotions-apprivoisees-college-sainte-marie\/","name":"Des \u00e9motions apprivois\u00e9es au coll\u00e8ge Sainte-Marie - Saint Die Info","isPartOf":{"@id":"https:\/\/vosgesinfo.fr\/saintdieinfo\/#website"},"primaryImageOfPage":{"@id":"https:\/\/vosgesinfo.fr\/saintdieinfo\/2022\/02\/emotions-apprivoisees-college-sainte-marie\/#primaryimage"},"image":{"@id":"https:\/\/vosgesinfo.fr\/saintdieinfo\/2022\/02\/emotions-apprivoisees-college-sainte-marie\/#primaryimage"},"thumbnailUrl":"https:\/\/vosgesinfo.fr\/app\/uploads\/sites\/4\/2024\/01\/1.jpeg","datePublished":"2022-02-08T06:00:44+00:00","dateModified":"2022-02-08T06:00:44+00:00","breadcrumb":{"@id":"https:\/\/vosgesinfo.fr\/saintdieinfo\/2022\/02\/emotions-apprivoisees-college-sainte-marie\/#breadcrumb"},"inLanguage":"fr-FR","potentialAction":[{"@type":"ReadAction","target":["https:\/\/vosgesinfo.fr\/saintdieinfo\/2022\/02\/emotions-apprivoisees-college-sainte-marie\/"]}]},{"@type":"ImageObject","inLanguage":"fr-FR","@id":"https:\/\/vosgesinfo.fr\/saintdieinfo\/2022\/02\/emotions-apprivoisees-college-sainte-marie\/#primaryimage","url":"https:\/\/vosgesinfo.fr\/app\/uploads\/sites\/4\/2024\/01\/1.jpeg","contentUrl":"https:\/\/vosgesinfo.fr\/app\/uploads\/sites\/4\/2024\/01\/1.jpeg","width":1200,"height":1600},{"@type":"BreadcrumbList","@id":"https:\/\/vosgesinfo.fr\/saintdieinfo\/2022\/02\/emotions-apprivoisees-college-sainte-marie\/#breadcrumb","itemListElement":[{"@type":"ListItem","position":1,"name":"Home","item":"https:\/\/vosgesinfo.fr\/saintdieinfo\/"},{"@type":"ListItem","position":2,"name":"Des \u00e9motions apprivois\u00e9es au coll\u00e8ge Sainte-Marie"}]},{"@type":"WebSite","@id":"https:\/\/vosgesinfo.fr\/saintdieinfo\/#website","url":"https:\/\/vosgesinfo.fr\/saintdieinfo\/","name":"Saint Die Info","description":"Toute l&#039;actualit\u00e9 de Saint-Di\u00e9-Des-Vosges","publisher":{"@id":"https:\/\/vosgesinfo.fr\/saintdieinfo\/#organization"},"alternateName":"Toute l'actualit\u00e9 de Saint-Di\u00e9-Des-Vosges","potentialAction":[{"@type":"SearchAction","target":{"@type":"EntryPoint","urlTemplate":"https:\/\/vosgesinfo.fr\/saintdieinfo\/?s={search_term_string}"},"query-input":"required name=search_term_string"}],"inLanguage":"fr-FR"},{"@type":"Organization","@id":"https:\/\/vosgesinfo.fr\/saintdieinfo\/#organization","name":"Saint Die Info","url":"https:\/\/vosgesinfo.fr\/saintdieinfo\/","logo":{"@type":"ImageObject","inLanguage":"fr-FR","@id":"https:\/\/vosgesinfo.fr\/saintdieinfo\/#\/schema\/logo\/image\/","url":"https:\/\/vosgesinfo.fr\/app\/uploads\/sites\/4\/2024\/02\/logo-sdi.jpg","contentUrl":"https:\/\/vosgesinfo.fr\/app\/uploads\/sites\/4\/2024\/02\/logo-sdi.jpg","width":600,"height":600,"caption":"Saint Die Info"},"image":{"@id":"https:\/\/vosgesinfo.fr\/saintdieinfo\/#\/schema\/logo\/image\/"},"sameAs":["https:\/\/www.facebook.com\/Saintdieinfofr","https:\/\/x.com\/VosgesInfo88","https:\/\/www.youtube.com\/@vosgesinfo"]},{"@type":"Person","@id":"https:\/\/vosgesinfo.fr\/saintdieinfo\/#\/schema\/person\/d594280b4b2c6cb7f640fded6c82ac54","name":"Florence Deparis","image":{"@type":"ImageObject","inLanguage":"fr-FR","@id":"https:\/\/vosgesinfo.fr\/saintdieinfo\/#\/schema\/person\/image\/","url":"https:\/\/secure.gravatar.com\/avatar\/93ffed19f69fc91360e8cab7227a25b694431a3149d932ec5952255141197e46?s=96&d=mm&r=g","contentUrl":"https:\/\/secure.gravatar.com\/avatar\/93ffed19f69fc91360e8cab7227a25b694431a3149d932ec5952255141197e46?s=96&d=mm&r=g","caption":"Florence Deparis"},"url":"https:\/\/vosgesinfo.fr\/saintdieinfo\/author\/fdpaccueil\/"}]}},"_links":{"self":[{"href":"https:\/\/vosgesinfo.fr\/saintdieinfo\/wp-json\/wp\/v2\/posts\/46798","targetHints":{"allow":["GET"]}}],"collection":[{"href":"https:\/\/vosgesinfo.fr\/saintdieinfo\/wp-json\/wp\/v2\/posts"}],"about":[{"href":"https:\/\/vosgesinfo.fr\/saintdieinfo\/wp-json\/wp\/v2\/types\/post"}],"author":[{"embeddable":true,"href":"https:\/\/vosgesinfo.fr\/saintdieinfo\/wp-json\/wp\/v2\/users\/106"}],"replies":[{"embeddable":true,"href":"https:\/\/vosgesinfo.fr\/saintdieinfo\/wp-json\/wp\/v2\/comments?post=46798"}],"version-history":[{"count":0,"href":"https:\/\/vosgesinfo.fr\/saintdieinfo\/wp-json\/wp\/v2\/posts\/46798\/revisions"}],"wp:featuredmedia":[{"embeddable":true,"href":"https:\/\/vosgesinfo.fr\/saintdieinfo\/wp-json\/wp\/v2\/media\/23556"}],"wp:attachment":[{"href":"https:\/\/vosgesinfo.fr\/saintdieinfo\/wp-json\/wp\/v2\/media?parent=46798"}],"wp:term":[{"taxonomy":"category","embeddable":true,"href":"https:\/\/vosgesinfo.fr\/saintdieinfo\/wp-json\/wp\/v2\/categories?post=46798"},{"taxonomy":"post_tag","embeddable":true,"href":"https:\/\/vosgesinfo.fr\/saintdieinfo\/wp-json\/wp\/v2\/tags?post=46798"}],"curies":[{"name":"wp","href":"https:\/\/api.w.org\/{rel}","templated":true}]}}