{"id":46807,"date":"2022-02-07T19:06:20","date_gmt":"2022-02-07T18:06:20","guid":{"rendered":"https:\/\/vosgesinfo.fr\/saintdieinfo\/2022\/02\/pneus-neige-a-gerardmer-larrete-maire-suspendu-tribunal-administratif\/"},"modified":"2022-02-07T19:06:20","modified_gmt":"2022-02-07T18:06:20","slug":"pneus-neige-a-gerardmer-larrete-maire-suspendu-tribunal-administratif","status":"publish","type":"post","link":"https:\/\/vosgesinfo.fr\/saintdieinfo\/2022\/02\/pneus-neige-a-gerardmer-larrete-maire-suspendu-tribunal-administratif\/","title":{"rendered":"Pneus neige \u00e0 G\u00e9rardmer \u2013 L\u2019arr\u00eat\u00e9 du maire suspendu par le tribunal administratif"},"content":{"rendered":"<p><strong>Communiqu\u00e9 du tribunal administratif<\/strong><\/p>\n<p>Par ordonnance du 7 f\u00e9vrier 2022, le juge des r\u00e9f\u00e9r\u00e9s du tribunal administratif de Nancy a suspendu, \u00e0 la demande du pr\u00e9fet des Vosges et dans l\u2019attente de l\u2019examen de l\u2019affaire au fond, l\u2019arr\u00eat\u00e9 du maire du G\u00e9rardmer du 11 octobre 2021 rendant obligatoires les \u00e9quipements antid\u00e9rapants par temps de neige sur l\u2019ensemble du territoire de la commune du 1er novembre 2021 au 31 mars 2022. Lire la suite du communiqu\u00e9 ici : <span style=\"color: #0000ff;\"><a style=\"color: #0000ff;\" href=\"http:\/\/nancy.tribunal-administratif.fr\/Actualites-du-Tribunal\/Communiques-de-presse\/Equipement-des-vehicules-par-temps-de-neige-a-Gerardmer-arrete-du-maire-suspendu\">http:\/\/nancy.tribunal-administratif.fr\/Actualites-du-Tribunal\/Communiques-de-presse\/Equipement-des-vehicules-par-temps-de-neige-a-Gerardmer-arrete-du-maire-suspendu<\/a><\/span><\/p>\n","protected":false},"excerpt":{"rendered":"<p>Communiqu\u00e9 du tribunal administratif Par ordonnance du 7 f\u00e9vrier 2022, le juge des r\u00e9f\u00e9r\u00e9s du tribunal administratif de Nancy a [&hellip;]<\/p>\n","protected":false},"author":44,"featured_media":46808,"comment_status":"open","ping_status":"open","sticky":false,"template":"","format":"standard","meta":{"footnotes":""},"categories":[460,18],"tags":[79,10237,8931],"class_list":["post-46807","post","type-post","status-publish","format-standard","has-post-thumbnail","hentry","category-a-la-une","category-vosges","tag-gerardmer","tag-port-obligatoire-des-pneus-neiges","tag-tribunal-administratif-de-nancy"],"acf":[],"yoast_head":"<!-- This site is optimized with the Yoast SEO plugin v22.5 - https:\/\/yoast.com\/wordpress\/plugins\/seo\/ -->\n<title>Pneus neige \u00e0 G\u00e9rardmer \u2013 L\u2019arr\u00eat\u00e9 du maire suspendu par le tribunal administratif - Saint Die Info<\/title>\n<meta name=\"robots\" content=\"index, follow, max-snippet:-1, max-image-preview:large, max-video-preview:-1\" \/>\n<link rel=\"canonical\" href=\"https:\/\/vosgesinfo.fr\/saintdieinfo\/2022\/02\/pneus-neige-a-gerardmer-larrete-maire-suspendu-tribunal-administratif\/\" \/>\n<meta name=\"twitter:card\" content=\"summary_large_image\" \/>\n<meta name=\"twitter:title\" content=\"Pneus neige \u00e0 G\u00e9rardmer \u2013 L\u2019arr\u00eat\u00e9 du maire suspendu par le tribunal administratif - Saint Die Info\" \/>\n<meta name=\"twitter:description\" content=\"Communiqu\u00e9 du tribunal administratif Par ordonnance du 7 f\u00e9vrier 2022, le juge des r\u00e9f\u00e9r\u00e9s du tribunal administratif de Nancy a [&hellip;]\" \/>\n<meta name=\"twitter:image\" content=\"https:\/\/vosgesinfo.fr\/app\/uploads\/sites\/4\/2024\/08\/201911dunlop-hiver-1200x640-2.jpg\" \/>\n<meta name=\"twitter:creator\" content=\"@VosgesInfo88\" \/>\n<meta name=\"twitter:site\" content=\"@VosgesInfo88\" \/>\n<meta name=\"twitter:label1\" content=\"\u00c9crit par\" \/>\n\t<meta name=\"twitter:data1\" content=\"la r\u00e9daction\" \/>\n<script type=\"application\/ld+json\" class=\"yoast-schema-graph\">{\"@context\":\"https:\/\/schema.org\",\"@graph\":[{\"@type\":\"Article\",\"@id\":\"https:\/\/vosgesinfo.fr\/saintdieinfo\/2022\/02\/pneus-neige-a-gerardmer-larrete-maire-suspendu-tribunal-administratif\/#article\",\"isPartOf\":{\"@id\":\"https:\/\/vosgesinfo.fr\/saintdieinfo\/2022\/02\/pneus-neige-a-gerardmer-larrete-maire-suspendu-tribunal-administratif\/\"},\"author\":{\"name\":\"la r\u00e9daction\",\"@id\":\"https:\/\/vosgesinfo.fr\/saintdieinfo\/#\/schema\/person\/faee6704a21f3977511db84bd1cd450f\"},\"headline\":\"Pneus neige \u00e0 G\u00e9rardmer \u2013 L\u2019arr\u00eat\u00e9 du maire suspendu par le tribunal administratif\",\"datePublished\":\"2022-02-07T18:06:20+00:00\",\"dateModified\":\"2022-02-07T18:06:20+00:00\",\"mainEntityOfPage\":{\"@id\":\"https:\/\/vosgesinfo.fr\/saintdieinfo\/2022\/02\/pneus-neige-a-gerardmer-larrete-maire-suspendu-tribunal-administratif\/\"},\"wordCount\":102,\"commentCount\":0,\"publisher\":{\"@id\":\"https:\/\/vosgesinfo.fr\/saintdieinfo\/#organization\"},\"image\":{\"@id\":\"https:\/\/vosgesinfo.fr\/saintdieinfo\/2022\/02\/pneus-neige-a-gerardmer-larrete-maire-suspendu-tribunal-administratif\/#primaryimage\"},\"thumbnailUrl\":\"https:\/\/vosgesinfo.fr\/app\/uploads\/sites\/4\/2024\/08\/201911dunlop-hiver-1200x640-2.jpg\",\"keywords\":[\"G\u00e9rardmer\",\"Port obligatoire des pneus neiges\",\"Tribunal administratif de Nancy\"],\"articleSection\":[\"A la Une\",\"Vosges\"],\"inLanguage\":\"fr-FR\",\"potentialAction\":[{\"@type\":\"CommentAction\",\"name\":\"Comment\",\"target\":[\"https:\/\/vosgesinfo.fr\/saintdieinfo\/2022\/02\/pneus-neige-a-gerardmer-larrete-maire-suspendu-tribunal-administratif\/#respond\"]}]},{\"@type\":\"WebPage\",\"@id\":\"https:\/\/vosgesinfo.fr\/saintdieinfo\/2022\/02\/pneus-neige-a-gerardmer-larrete-maire-suspendu-tribunal-administratif\/\",\"url\":\"https:\/\/vosgesinfo.fr\/saintdieinfo\/2022\/02\/pneus-neige-a-gerardmer-larrete-maire-suspendu-tribunal-administratif\/\",\"name\":\"Pneus neige \u00e0 G\u00e9rardmer \u2013 L\u2019arr\u00eat\u00e9 du maire suspendu par le tribunal administratif - Saint Die Info\",\"isPartOf\":{\"@id\":\"https:\/\/vosgesinfo.fr\/saintdieinfo\/#website\"},\"primaryImageOfPage\":{\"@id\":\"https:\/\/vosgesinfo.fr\/saintdieinfo\/2022\/02\/pneus-neige-a-gerardmer-larrete-maire-suspendu-tribunal-administratif\/#primaryimage\"},\"image\":{\"@id\":\"https:\/\/vosgesinfo.fr\/saintdieinfo\/2022\/02\/pneus-neige-a-gerardmer-larrete-maire-suspendu-tribunal-administratif\/#primaryimage\"},\"thumbnailUrl\":\"https:\/\/vosgesinfo.fr\/app\/uploads\/sites\/4\/2024\/08\/201911dunlop-hiver-1200x640-2.jpg\",\"datePublished\":\"2022-02-07T18:06:20+00:00\",\"dateModified\":\"2022-02-07T18:06:20+00:00\",\"breadcrumb\":{\"@id\":\"https:\/\/vosgesinfo.fr\/saintdieinfo\/2022\/02\/pneus-neige-a-gerardmer-larrete-maire-suspendu-tribunal-administratif\/#breadcrumb\"},\"inLanguage\":\"fr-FR\",\"potentialAction\":[{\"@type\":\"ReadAction\",\"target\":[\"https:\/\/vosgesinfo.fr\/saintdieinfo\/2022\/02\/pneus-neige-a-gerardmer-larrete-maire-suspendu-tribunal-administratif\/\"]}]},{\"@type\":\"ImageObject\",\"inLanguage\":\"fr-FR\",\"@id\":\"https:\/\/vosgesinfo.fr\/saintdieinfo\/2022\/02\/pneus-neige-a-gerardmer-larrete-maire-suspendu-tribunal-administratif\/#primaryimage\",\"url\":\"https:\/\/vosgesinfo.fr\/app\/uploads\/sites\/4\/2024\/08\/201911dunlop-hiver-1200x640-2.jpg\",\"contentUrl\":\"https:\/\/vosgesinfo.fr\/app\/uploads\/sites\/4\/2024\/08\/201911dunlop-hiver-1200x640-2.jpg\",\"width\":1200,\"height\":640},{\"@type\":\"BreadcrumbList\",\"@id\":\"https:\/\/vosgesinfo.fr\/saintdieinfo\/2022\/02\/pneus-neige-a-gerardmer-larrete-maire-suspendu-tribunal-administratif\/#breadcrumb\",\"itemListElement\":[{\"@type\":\"ListItem\",\"position\":1,\"name\":\"Home\",\"item\":\"https:\/\/vosgesinfo.fr\/saintdieinfo\/\"},{\"@type\":\"ListItem\",\"position\":2,\"name\":\"Pneus neige \u00e0 G\u00e9rardmer \u2013 L\u2019arr\u00eat\u00e9 du maire suspendu par le tribunal administratif\"}]},{\"@type\":\"WebSite\",\"@id\":\"https:\/\/vosgesinfo.fr\/saintdieinfo\/#website\",\"url\":\"https:\/\/vosgesinfo.fr\/saintdieinfo\/\",\"name\":\"Saint Die Info\",\"description\":\"Toute l&#039;actualit\u00e9 de Saint-Di\u00e9-Des-Vosges\",\"publisher\":{\"@id\":\"https:\/\/vosgesinfo.fr\/saintdieinfo\/#organization\"},\"alternateName\":\"Toute l'actualit\u00e9 de Saint-Di\u00e9-Des-Vosges\",\"potentialAction\":[{\"@type\":\"SearchAction\",\"target\":{\"@type\":\"EntryPoint\",\"urlTemplate\":\"https:\/\/vosgesinfo.fr\/saintdieinfo\/?s={search_term_string}\"},\"query-input\":\"required name=search_term_string\"}],\"inLanguage\":\"fr-FR\"},{\"@type\":\"Organization\",\"@id\":\"https:\/\/vosgesinfo.fr\/saintdieinfo\/#organization\",\"name\":\"Saint Die Info\",\"url\":\"https:\/\/vosgesinfo.fr\/saintdieinfo\/\",\"logo\":{\"@type\":\"ImageObject\",\"inLanguage\":\"fr-FR\",\"@id\":\"https:\/\/vosgesinfo.fr\/saintdieinfo\/#\/schema\/logo\/image\/\",\"url\":\"https:\/\/vosgesinfo.fr\/app\/uploads\/sites\/4\/2024\/02\/logo-sdi.jpg\",\"contentUrl\":\"https:\/\/vosgesinfo.fr\/app\/uploads\/sites\/4\/2024\/02\/logo-sdi.jpg\",\"width\":600,\"height\":600,\"caption\":\"Saint Die Info\"},\"image\":{\"@id\":\"https:\/\/vosgesinfo.fr\/saintdieinfo\/#\/schema\/logo\/image\/\"},\"sameAs\":[\"https:\/\/www.facebook.com\/Saintdieinfofr\",\"https:\/\/x.com\/VosgesInfo88\",\"https:\/\/www.youtube.com\/@vosgesinfo\"]},{\"@type\":\"Person\",\"@id\":\"https:\/\/vosgesinfo.fr\/saintdieinfo\/#\/schema\/person\/faee6704a21f3977511db84bd1cd450f\",\"name\":\"la r\u00e9daction\",\"image\":{\"@type\":\"ImageObject\",\"inLanguage\":\"fr-FR\",\"@id\":\"https:\/\/vosgesinfo.fr\/saintdieinfo\/#\/schema\/person\/image\/\",\"url\":\"https:\/\/secure.gravatar.com\/avatar\/6673d8bc6a9c17fa9a453eaa3448de834fa308c2ec9635b7aa99441a7c8d2cf6?s=96&d=mm&r=g\",\"contentUrl\":\"https:\/\/secure.gravatar.com\/avatar\/6673d8bc6a9c17fa9a453eaa3448de834fa308c2ec9635b7aa99441a7c8d2cf6?s=96&d=mm&r=g\",\"caption\":\"la r\u00e9daction\"},\"url\":\"https:\/\/vosgesinfo.fr\/saintdieinfo\/author\/redac\/\"}]}<\/script>\n<!-- \/ Yoast SEO plugin. -->","yoast_head_json":{"title":"Pneus neige \u00e0 G\u00e9rardmer \u2013 L\u2019arr\u00eat\u00e9 du maire suspendu par le tribunal administratif - Saint Die Info","robots":{"index":"index","follow":"follow","max-snippet":"max-snippet:-1","max-image-preview":"max-image-preview:large","max-video-preview":"max-video-preview:-1"},"canonical":"https:\/\/vosgesinfo.fr\/saintdieinfo\/2022\/02\/pneus-neige-a-gerardmer-larrete-maire-suspendu-tribunal-administratif\/","twitter_card":"summary_large_image","twitter_title":"Pneus neige \u00e0 G\u00e9rardmer \u2013 L\u2019arr\u00eat\u00e9 du maire suspendu par le tribunal administratif - Saint Die Info","twitter_description":"Communiqu\u00e9 du tribunal administratif Par ordonnance du 7 f\u00e9vrier 2022, le juge des r\u00e9f\u00e9r\u00e9s du tribunal administratif de Nancy a [&hellip;]","twitter_image":"https:\/\/vosgesinfo.fr\/app\/uploads\/sites\/4\/2024\/08\/201911dunlop-hiver-1200x640-2.jpg","twitter_creator":"@VosgesInfo88","twitter_site":"@VosgesInfo88","twitter_misc":{"\u00c9crit par":"la r\u00e9daction"},"schema":{"@context":"https:\/\/schema.org","@graph":[{"@type":"Article","@id":"https:\/\/vosgesinfo.fr\/saintdieinfo\/2022\/02\/pneus-neige-a-gerardmer-larrete-maire-suspendu-tribunal-administratif\/#article","isPartOf":{"@id":"https:\/\/vosgesinfo.fr\/saintdieinfo\/2022\/02\/pneus-neige-a-gerardmer-larrete-maire-suspendu-tribunal-administratif\/"},"author":{"name":"la r\u00e9daction","@id":"https:\/\/vosgesinfo.fr\/saintdieinfo\/#\/schema\/person\/faee6704a21f3977511db84bd1cd450f"},"headline":"Pneus neige \u00e0 G\u00e9rardmer \u2013 L\u2019arr\u00eat\u00e9 du maire suspendu par le tribunal administratif","datePublished":"2022-02-07T18:06:20+00:00","dateModified":"2022-02-07T18:06:20+00:00","mainEntityOfPage":{"@id":"https:\/\/vosgesinfo.fr\/saintdieinfo\/2022\/02\/pneus-neige-a-gerardmer-larrete-maire-suspendu-tribunal-administratif\/"},"wordCount":102,"commentCount":0,"publisher":{"@id":"https:\/\/vosgesinfo.fr\/saintdieinfo\/#organization"},"image":{"@id":"https:\/\/vosgesinfo.fr\/saintdieinfo\/2022\/02\/pneus-neige-a-gerardmer-larrete-maire-suspendu-tribunal-administratif\/#primaryimage"},"thumbnailUrl":"https:\/\/vosgesinfo.fr\/app\/uploads\/sites\/4\/2024\/08\/201911dunlop-hiver-1200x640-2.jpg","keywords":["G\u00e9rardmer","Port obligatoire des pneus neiges","Tribunal administratif de Nancy"],"articleSection":["A la Une","Vosges"],"inLanguage":"fr-FR","potentialAction":[{"@type":"CommentAction","name":"Comment","target":["https:\/\/vosgesinfo.fr\/saintdieinfo\/2022\/02\/pneus-neige-a-gerardmer-larrete-maire-suspendu-tribunal-administratif\/#respond"]}]},{"@type":"WebPage","@id":"https:\/\/vosgesinfo.fr\/saintdieinfo\/2022\/02\/pneus-neige-a-gerardmer-larrete-maire-suspendu-tribunal-administratif\/","url":"https:\/\/vosgesinfo.fr\/saintdieinfo\/2022\/02\/pneus-neige-a-gerardmer-larrete-maire-suspendu-tribunal-administratif\/","name":"Pneus neige \u00e0 G\u00e9rardmer \u2013 L\u2019arr\u00eat\u00e9 du maire suspendu par le tribunal administratif - Saint Die Info","isPartOf":{"@id":"https:\/\/vosgesinfo.fr\/saintdieinfo\/#website"},"primaryImageOfPage":{"@id":"https:\/\/vosgesinfo.fr\/saintdieinfo\/2022\/02\/pneus-neige-a-gerardmer-larrete-maire-suspendu-tribunal-administratif\/#primaryimage"},"image":{"@id":"https:\/\/vosgesinfo.fr\/saintdieinfo\/2022\/02\/pneus-neige-a-gerardmer-larrete-maire-suspendu-tribunal-administratif\/#primaryimage"},"thumbnailUrl":"https:\/\/vosgesinfo.fr\/app\/uploads\/sites\/4\/2024\/08\/201911dunlop-hiver-1200x640-2.jpg","datePublished":"2022-02-07T18:06:20+00:00","dateModified":"2022-02-07T18:06:20+00:00","breadcrumb":{"@id":"https:\/\/vosgesinfo.fr\/saintdieinfo\/2022\/02\/pneus-neige-a-gerardmer-larrete-maire-suspendu-tribunal-administratif\/#breadcrumb"},"inLanguage":"fr-FR","potentialAction":[{"@type":"ReadAction","target":["https:\/\/vosgesinfo.fr\/saintdieinfo\/2022\/02\/pneus-neige-a-gerardmer-larrete-maire-suspendu-tribunal-administratif\/"]}]},{"@type":"ImageObject","inLanguage":"fr-FR","@id":"https:\/\/vosgesinfo.fr\/saintdieinfo\/2022\/02\/pneus-neige-a-gerardmer-larrete-maire-suspendu-tribunal-administratif\/#primaryimage","url":"https:\/\/vosgesinfo.fr\/app\/uploads\/sites\/4\/2024\/08\/201911dunlop-hiver-1200x640-2.jpg","contentUrl":"https:\/\/vosgesinfo.fr\/app\/uploads\/sites\/4\/2024\/08\/201911dunlop-hiver-1200x640-2.jpg","width":1200,"height":640},{"@type":"BreadcrumbList","@id":"https:\/\/vosgesinfo.fr\/saintdieinfo\/2022\/02\/pneus-neige-a-gerardmer-larrete-maire-suspendu-tribunal-administratif\/#breadcrumb","itemListElement":[{"@type":"ListItem","position":1,"name":"Home","item":"https:\/\/vosgesinfo.fr\/saintdieinfo\/"},{"@type":"ListItem","position":2,"name":"Pneus neige \u00e0 G\u00e9rardmer \u2013 L\u2019arr\u00eat\u00e9 du maire suspendu par le tribunal administratif"}]},{"@type":"WebSite","@id":"https:\/\/vosgesinfo.fr\/saintdieinfo\/#website","url":"https:\/\/vosgesinfo.fr\/saintdieinfo\/","name":"Saint Die Info","description":"Toute l&#039;actualit\u00e9 de Saint-Di\u00e9-Des-Vosges","publisher":{"@id":"https:\/\/vosgesinfo.fr\/saintdieinfo\/#organization"},"alternateName":"Toute l'actualit\u00e9 de Saint-Di\u00e9-Des-Vosges","potentialAction":[{"@type":"SearchAction","target":{"@type":"EntryPoint","urlTemplate":"https:\/\/vosgesinfo.fr\/saintdieinfo\/?s={search_term_string}"},"query-input":"required name=search_term_string"}],"inLanguage":"fr-FR"},{"@type":"Organization","@id":"https:\/\/vosgesinfo.fr\/saintdieinfo\/#organization","name":"Saint Die Info","url":"https:\/\/vosgesinfo.fr\/saintdieinfo\/","logo":{"@type":"ImageObject","inLanguage":"fr-FR","@id":"https:\/\/vosgesinfo.fr\/saintdieinfo\/#\/schema\/logo\/image\/","url":"https:\/\/vosgesinfo.fr\/app\/uploads\/sites\/4\/2024\/02\/logo-sdi.jpg","contentUrl":"https:\/\/vosgesinfo.fr\/app\/uploads\/sites\/4\/2024\/02\/logo-sdi.jpg","width":600,"height":600,"caption":"Saint Die Info"},"image":{"@id":"https:\/\/vosgesinfo.fr\/saintdieinfo\/#\/schema\/logo\/image\/"},"sameAs":["https:\/\/www.facebook.com\/Saintdieinfofr","https:\/\/x.com\/VosgesInfo88","https:\/\/www.youtube.com\/@vosgesinfo"]},{"@type":"Person","@id":"https:\/\/vosgesinfo.fr\/saintdieinfo\/#\/schema\/person\/faee6704a21f3977511db84bd1cd450f","name":"la r\u00e9daction","image":{"@type":"ImageObject","inLanguage":"fr-FR","@id":"https:\/\/vosgesinfo.fr\/saintdieinfo\/#\/schema\/person\/image\/","url":"https:\/\/secure.gravatar.com\/avatar\/6673d8bc6a9c17fa9a453eaa3448de834fa308c2ec9635b7aa99441a7c8d2cf6?s=96&d=mm&r=g","contentUrl":"https:\/\/secure.gravatar.com\/avatar\/6673d8bc6a9c17fa9a453eaa3448de834fa308c2ec9635b7aa99441a7c8d2cf6?s=96&d=mm&r=g","caption":"la r\u00e9daction"},"url":"https:\/\/vosgesinfo.fr\/saintdieinfo\/author\/redac\/"}]}},"_links":{"self":[{"href":"https:\/\/vosgesinfo.fr\/saintdieinfo\/wp-json\/wp\/v2\/posts\/46807","targetHints":{"allow":["GET"]}}],"collection":[{"href":"https:\/\/vosgesinfo.fr\/saintdieinfo\/wp-json\/wp\/v2\/posts"}],"about":[{"href":"https:\/\/vosgesinfo.fr\/saintdieinfo\/wp-json\/wp\/v2\/types\/post"}],"author":[{"embeddable":true,"href":"https:\/\/vosgesinfo.fr\/saintdieinfo\/wp-json\/wp\/v2\/users\/44"}],"replies":[{"embeddable":true,"href":"https:\/\/vosgesinfo.fr\/saintdieinfo\/wp-json\/wp\/v2\/comments?post=46807"}],"version-history":[{"count":0,"href":"https:\/\/vosgesinfo.fr\/saintdieinfo\/wp-json\/wp\/v2\/posts\/46807\/revisions"}],"wp:featuredmedia":[{"embeddable":true,"href":"https:\/\/vosgesinfo.fr\/saintdieinfo\/wp-json\/wp\/v2\/media\/46808"}],"wp:attachment":[{"href":"https:\/\/vosgesinfo.fr\/saintdieinfo\/wp-json\/wp\/v2\/media?parent=46807"}],"wp:term":[{"taxonomy":"category","embeddable":true,"href":"https:\/\/vosgesinfo.fr\/saintdieinfo\/wp-json\/wp\/v2\/categories?post=46807"},{"taxonomy":"post_tag","embeddable":true,"href":"https:\/\/vosgesinfo.fr\/saintdieinfo\/wp-json\/wp\/v2\/tags?post=46807"}],"curies":[{"name":"wp","href":"https:\/\/api.w.org\/{rel}","templated":true}]}}