{"id":46816,"date":"2022-02-08T08:53:32","date_gmt":"2022-02-08T07:53:32","guid":{"rendered":"https:\/\/vosgesinfo.fr\/saintdieinfo\/2022\/02\/vosges-skieuse-heliportee-pghm\/"},"modified":"2022-02-08T08:53:32","modified_gmt":"2022-02-08T07:53:32","slug":"vosges-skieuse-heliportee-pghm","status":"publish","type":"post","link":"https:\/\/vosgesinfo.fr\/saintdieinfo\/2022\/02\/vosges-skieuse-heliportee-pghm\/","title":{"rendered":"Vosges \u2013 Une skieuse h\u00e9liport\u00e9e par le PGHM"},"content":{"rendered":"<div id=\"attachment_178517\" style=\"width: 970px\" class=\"wp-caption aligncenter\"><a href=\"\/2022\/02\/Dragon-La-Bresse.jpg\" target=\"_blank\" rel=\"noopener\"><img decoding=\"async\" aria-describedby=\"caption-attachment-178517\" class=\"wp-image-178517 size-large\" src=\"\/2022\/02\/Dragon-La-Bresse-1024x768.jpg\" alt=\"Dragon-La-Bresse\" width=\"960\" height=\"720\" \/><\/a><p id=\"caption-attachment-178517\" class=\"wp-caption-text\">(Photographie PGHM de Xonrupt-Longemer)<\/p><\/div>\n<h2><strong><span style=\"font-size: 14pt;\">Ce lundi, vers 15 h, le PGHM de Xonrupt Longemer a \u00e9t\u00e9 sollicit\u00e9 en renfort sur le domaine skiable de la Bresse pour secourir une jeune femme de 30 ans, victime d\u2019une grave fracture \u00e0 la jambe.<\/span><\/strong><\/h2>\n<p><!--more--><\/p>\n<p>Alors qu\u2019elle skiait sur une piste du domaine, cette derni\u00e8re, seule en cause, a chut\u00e9 fortement. Prise en charge rapidement par les pisteurs secouristes de la station, la gravit\u00e9 de ses blessures n\u00e9cessitait une prise en charge m\u00e9dicale, ainsi qu\u2019une \u00e9vacuation h\u00e9liport\u00e9e. Un secouriste du PGHM est intervenue avec l\u2019h\u00e9licopt\u00e8re Dragon 67 et un m\u00e9decin, et apr\u00e8s avoir \u00e9t\u00e9 m\u00e9dicalis\u00e9e, la victime a \u00e9t\u00e9 h\u00e9litreuill\u00e9 puis transport\u00e9e sur le centre hospitalier de Strasbourg.<\/p>\n<h3><strong><span style=\"font-size: 12pt;\">Un peu plus tard, vers 18 heures 15, le PGHM de Xonrupt Longemer a \u00e9t\u00e9 sollicit\u00e9 sur deux secours simultan\u00e9s :<\/span><\/strong><\/h3>\n<ul>\n<li>\u00a0sur un sentier de randonn\u00e9e \u00e0 proximit\u00e9 de la Roche de Boslimpr\u00e9 \u00e0 Ban-sur-Meurthe Clefcy, pour un homme de 51 ans qui a chut\u00e9 alors qu\u2019il promenait ses chiens. Souffrant d\u2019un traumatisme \u00e0 la cheville, il a \u00e9t\u00e9 pris en charge par deux secouristes du PGHM et trois sapeurs pompiers locaux. Apr\u00e8s avoir \u00e9t\u00e9 conditionn\u00e9, il a \u00e9t\u00e9 brancard\u00e9 par le PGHM sur 400 m\u00e8tres de sentier jusqu\u2019au VSAV des pompiers, puis a \u00e9t\u00e9 transport\u00e9 sur le centre hospitalier de Saint Di\u00e9 des Vosges.<\/li>\n<li>sur le GR5, au niveau du Gazon Martin, sur la ligne de cr\u00eate, pour une femme de 40 ans, qui randonnait seule et a \u00e9t\u00e9 surprise par la nuit sur un sentier devenu tr\u00e8s glissant d\u00e8s la tomb\u00e9e du jour. \u00c9puis\u00e9e, elle a appel\u00e9 \u00e0 l\u2019aide, et a \u00e9t\u00e9 g\u00e9olocalis\u00e9e par l\u2019application Gendloc. Rapidement, deux secouristes du PGHM se sont rendus en motoneige au Gazon Martin, puis a pied sur le GR5 jusqu\u2019\u00e0 la rencontre de l\u2019int\u00e9ress\u00e9e. Elle a \u00e9t\u00e9 ramen\u00e9e en toute s\u00e9curit\u00e9 sur le sentier jusqu\u2019\u00e0 la motoneige, puis jusqu\u2019au parking de la Schlucht.<\/li>\n<\/ul>\n","protected":false},"excerpt":{"rendered":"<p>Ce lundi, vers 15 h, le PGHM de Xonrupt Longemer a \u00e9t\u00e9 sollicit\u00e9 en renfort sur le domaine skiable de [&hellip;]<\/p>\n","protected":false},"author":44,"featured_media":46817,"comment_status":"open","ping_status":"open","sticky":false,"template":"","format":"standard","meta":{"footnotes":""},"categories":[460,2924,18],"tags":[10238,159,3058],"class_list":["post-46816","post","type-post","status-publish","format-standard","has-post-thumbnail","hentry","category-a-la-une","category-fait-divers","category-vosges","tag-domaine-skiable-de-la-bresse","tag-la-bresse","tag-pghm-de-xonrupt-longemer"],"acf":[],"yoast_head":"<!-- This site is optimized with the Yoast SEO plugin v22.5 - https:\/\/yoast.com\/wordpress\/plugins\/seo\/ -->\n<title>Vosges \u2013 Une skieuse h\u00e9liport\u00e9e par le PGHM - Saint Die Info<\/title>\n<meta name=\"robots\" content=\"index, follow, max-snippet:-1, max-image-preview:large, max-video-preview:-1\" \/>\n<link rel=\"canonical\" href=\"https:\/\/vosgesinfo.fr\/saintdieinfo\/2022\/02\/vosges-skieuse-heliportee-pghm\/\" \/>\n<meta name=\"twitter:card\" content=\"summary_large_image\" \/>\n<meta name=\"twitter:title\" content=\"Vosges \u2013 Une skieuse h\u00e9liport\u00e9e par le PGHM - Saint Die Info\" \/>\n<meta name=\"twitter:description\" content=\"Ce lundi, vers 15 h, le PGHM de Xonrupt Longemer a \u00e9t\u00e9 sollicit\u00e9 en renfort sur le domaine skiable de [&hellip;]\" \/>\n<meta name=\"twitter:image\" content=\"https:\/\/vosgesinfo.fr\/app\/uploads\/sites\/4\/2024\/08\/202202dragon-la-bresse.jpg\" \/>\n<meta name=\"twitter:creator\" content=\"@VosgesInfo88\" \/>\n<meta name=\"twitter:site\" content=\"@VosgesInfo88\" \/>\n<meta name=\"twitter:label1\" content=\"\u00c9crit par\" \/>\n\t<meta name=\"twitter:data1\" content=\"la r\u00e9daction\" \/>\n\t<meta name=\"twitter:label2\" content=\"Dur\u00e9e de lecture estim\u00e9e\" \/>\n\t<meta name=\"twitter:data2\" content=\"2 minutes\" \/>\n<script type=\"application\/ld+json\" class=\"yoast-schema-graph\">{\"@context\":\"https:\/\/schema.org\",\"@graph\":[{\"@type\":\"Article\",\"@id\":\"https:\/\/vosgesinfo.fr\/saintdieinfo\/2022\/02\/vosges-skieuse-heliportee-pghm\/#article\",\"isPartOf\":{\"@id\":\"https:\/\/vosgesinfo.fr\/saintdieinfo\/2022\/02\/vosges-skieuse-heliportee-pghm\/\"},\"author\":{\"name\":\"la r\u00e9daction\",\"@id\":\"https:\/\/vosgesinfo.fr\/saintdieinfo\/#\/schema\/person\/faee6704a21f3977511db84bd1cd450f\"},\"headline\":\"Vosges \u2013 Une skieuse h\u00e9liport\u00e9e par le PGHM\",\"datePublished\":\"2022-02-08T07:53:32+00:00\",\"dateModified\":\"2022-02-08T07:53:32+00:00\",\"mainEntityOfPage\":{\"@id\":\"https:\/\/vosgesinfo.fr\/saintdieinfo\/2022\/02\/vosges-skieuse-heliportee-pghm\/\"},\"wordCount\":356,\"commentCount\":0,\"publisher\":{\"@id\":\"https:\/\/vosgesinfo.fr\/saintdieinfo\/#organization\"},\"image\":{\"@id\":\"https:\/\/vosgesinfo.fr\/saintdieinfo\/2022\/02\/vosges-skieuse-heliportee-pghm\/#primaryimage\"},\"thumbnailUrl\":\"https:\/\/vosgesinfo.fr\/app\/uploads\/sites\/4\/2024\/08\/202202dragon-la-bresse.jpg\",\"keywords\":[\"Domaine skiable de La Bresse\",\"La Bresse\",\"PGHM de Xonrupt-Longemer\"],\"articleSection\":[\"A la Une\",\"Fait Divers\",\"Vosges\"],\"inLanguage\":\"fr-FR\",\"potentialAction\":[{\"@type\":\"CommentAction\",\"name\":\"Comment\",\"target\":[\"https:\/\/vosgesinfo.fr\/saintdieinfo\/2022\/02\/vosges-skieuse-heliportee-pghm\/#respond\"]}]},{\"@type\":\"WebPage\",\"@id\":\"https:\/\/vosgesinfo.fr\/saintdieinfo\/2022\/02\/vosges-skieuse-heliportee-pghm\/\",\"url\":\"https:\/\/vosgesinfo.fr\/saintdieinfo\/2022\/02\/vosges-skieuse-heliportee-pghm\/\",\"name\":\"Vosges \u2013 Une skieuse h\u00e9liport\u00e9e par le PGHM - Saint Die Info\",\"isPartOf\":{\"@id\":\"https:\/\/vosgesinfo.fr\/saintdieinfo\/#website\"},\"primaryImageOfPage\":{\"@id\":\"https:\/\/vosgesinfo.fr\/saintdieinfo\/2022\/02\/vosges-skieuse-heliportee-pghm\/#primaryimage\"},\"image\":{\"@id\":\"https:\/\/vosgesinfo.fr\/saintdieinfo\/2022\/02\/vosges-skieuse-heliportee-pghm\/#primaryimage\"},\"thumbnailUrl\":\"https:\/\/vosgesinfo.fr\/app\/uploads\/sites\/4\/2024\/08\/202202dragon-la-bresse.jpg\",\"datePublished\":\"2022-02-08T07:53:32+00:00\",\"dateModified\":\"2022-02-08T07:53:32+00:00\",\"breadcrumb\":{\"@id\":\"https:\/\/vosgesinfo.fr\/saintdieinfo\/2022\/02\/vosges-skieuse-heliportee-pghm\/#breadcrumb\"},\"inLanguage\":\"fr-FR\",\"potentialAction\":[{\"@type\":\"ReadAction\",\"target\":[\"https:\/\/vosgesinfo.fr\/saintdieinfo\/2022\/02\/vosges-skieuse-heliportee-pghm\/\"]}]},{\"@type\":\"ImageObject\",\"inLanguage\":\"fr-FR\",\"@id\":\"https:\/\/vosgesinfo.fr\/saintdieinfo\/2022\/02\/vosges-skieuse-heliportee-pghm\/#primaryimage\",\"url\":\"https:\/\/vosgesinfo.fr\/app\/uploads\/sites\/4\/2024\/08\/202202dragon-la-bresse.jpg\",\"contentUrl\":\"https:\/\/vosgesinfo.fr\/app\/uploads\/sites\/4\/2024\/08\/202202dragon-la-bresse.jpg\",\"width\":1698,\"height\":1273},{\"@type\":\"BreadcrumbList\",\"@id\":\"https:\/\/vosgesinfo.fr\/saintdieinfo\/2022\/02\/vosges-skieuse-heliportee-pghm\/#breadcrumb\",\"itemListElement\":[{\"@type\":\"ListItem\",\"position\":1,\"name\":\"Home\",\"item\":\"https:\/\/vosgesinfo.fr\/saintdieinfo\/\"},{\"@type\":\"ListItem\",\"position\":2,\"name\":\"Vosges \u2013 Une skieuse h\u00e9liport\u00e9e par le PGHM\"}]},{\"@type\":\"WebSite\",\"@id\":\"https:\/\/vosgesinfo.fr\/saintdieinfo\/#website\",\"url\":\"https:\/\/vosgesinfo.fr\/saintdieinfo\/\",\"name\":\"Saint Die Info\",\"description\":\"Toute l&#039;actualit\u00e9 de Saint-Di\u00e9-Des-Vosges\",\"publisher\":{\"@id\":\"https:\/\/vosgesinfo.fr\/saintdieinfo\/#organization\"},\"alternateName\":\"Toute l'actualit\u00e9 de Saint-Di\u00e9-Des-Vosges\",\"potentialAction\":[{\"@type\":\"SearchAction\",\"target\":{\"@type\":\"EntryPoint\",\"urlTemplate\":\"https:\/\/vosgesinfo.fr\/saintdieinfo\/?s={search_term_string}\"},\"query-input\":\"required name=search_term_string\"}],\"inLanguage\":\"fr-FR\"},{\"@type\":\"Organization\",\"@id\":\"https:\/\/vosgesinfo.fr\/saintdieinfo\/#organization\",\"name\":\"Saint Die Info\",\"url\":\"https:\/\/vosgesinfo.fr\/saintdieinfo\/\",\"logo\":{\"@type\":\"ImageObject\",\"inLanguage\":\"fr-FR\",\"@id\":\"https:\/\/vosgesinfo.fr\/saintdieinfo\/#\/schema\/logo\/image\/\",\"url\":\"https:\/\/vosgesinfo.fr\/app\/uploads\/sites\/4\/2024\/02\/logo-sdi.jpg\",\"contentUrl\":\"https:\/\/vosgesinfo.fr\/app\/uploads\/sites\/4\/2024\/02\/logo-sdi.jpg\",\"width\":600,\"height\":600,\"caption\":\"Saint Die Info\"},\"image\":{\"@id\":\"https:\/\/vosgesinfo.fr\/saintdieinfo\/#\/schema\/logo\/image\/\"},\"sameAs\":[\"https:\/\/www.facebook.com\/Saintdieinfofr\",\"https:\/\/x.com\/VosgesInfo88\",\"https:\/\/www.youtube.com\/@vosgesinfo\"]},{\"@type\":\"Person\",\"@id\":\"https:\/\/vosgesinfo.fr\/saintdieinfo\/#\/schema\/person\/faee6704a21f3977511db84bd1cd450f\",\"name\":\"la r\u00e9daction\",\"image\":{\"@type\":\"ImageObject\",\"inLanguage\":\"fr-FR\",\"@id\":\"https:\/\/vosgesinfo.fr\/saintdieinfo\/#\/schema\/person\/image\/\",\"url\":\"https:\/\/secure.gravatar.com\/avatar\/6673d8bc6a9c17fa9a453eaa3448de834fa308c2ec9635b7aa99441a7c8d2cf6?s=96&d=mm&r=g\",\"contentUrl\":\"https:\/\/secure.gravatar.com\/avatar\/6673d8bc6a9c17fa9a453eaa3448de834fa308c2ec9635b7aa99441a7c8d2cf6?s=96&d=mm&r=g\",\"caption\":\"la r\u00e9daction\"},\"url\":\"https:\/\/vosgesinfo.fr\/saintdieinfo\/author\/redac\/\"}]}<\/script>\n<!-- \/ Yoast SEO plugin. -->","yoast_head_json":{"title":"Vosges \u2013 Une skieuse h\u00e9liport\u00e9e par le PGHM - Saint Die Info","robots":{"index":"index","follow":"follow","max-snippet":"max-snippet:-1","max-image-preview":"max-image-preview:large","max-video-preview":"max-video-preview:-1"},"canonical":"https:\/\/vosgesinfo.fr\/saintdieinfo\/2022\/02\/vosges-skieuse-heliportee-pghm\/","twitter_card":"summary_large_image","twitter_title":"Vosges \u2013 Une skieuse h\u00e9liport\u00e9e par le PGHM - Saint Die Info","twitter_description":"Ce lundi, vers 15 h, le PGHM de Xonrupt Longemer a \u00e9t\u00e9 sollicit\u00e9 en renfort sur le domaine skiable de [&hellip;]","twitter_image":"https:\/\/vosgesinfo.fr\/app\/uploads\/sites\/4\/2024\/08\/202202dragon-la-bresse.jpg","twitter_creator":"@VosgesInfo88","twitter_site":"@VosgesInfo88","twitter_misc":{"\u00c9crit par":"la r\u00e9daction","Dur\u00e9e de lecture estim\u00e9e":"2 minutes"},"schema":{"@context":"https:\/\/schema.org","@graph":[{"@type":"Article","@id":"https:\/\/vosgesinfo.fr\/saintdieinfo\/2022\/02\/vosges-skieuse-heliportee-pghm\/#article","isPartOf":{"@id":"https:\/\/vosgesinfo.fr\/saintdieinfo\/2022\/02\/vosges-skieuse-heliportee-pghm\/"},"author":{"name":"la r\u00e9daction","@id":"https:\/\/vosgesinfo.fr\/saintdieinfo\/#\/schema\/person\/faee6704a21f3977511db84bd1cd450f"},"headline":"Vosges \u2013 Une skieuse h\u00e9liport\u00e9e par le PGHM","datePublished":"2022-02-08T07:53:32+00:00","dateModified":"2022-02-08T07:53:32+00:00","mainEntityOfPage":{"@id":"https:\/\/vosgesinfo.fr\/saintdieinfo\/2022\/02\/vosges-skieuse-heliportee-pghm\/"},"wordCount":356,"commentCount":0,"publisher":{"@id":"https:\/\/vosgesinfo.fr\/saintdieinfo\/#organization"},"image":{"@id":"https:\/\/vosgesinfo.fr\/saintdieinfo\/2022\/02\/vosges-skieuse-heliportee-pghm\/#primaryimage"},"thumbnailUrl":"https:\/\/vosgesinfo.fr\/app\/uploads\/sites\/4\/2024\/08\/202202dragon-la-bresse.jpg","keywords":["Domaine skiable de La Bresse","La Bresse","PGHM de Xonrupt-Longemer"],"articleSection":["A la Une","Fait Divers","Vosges"],"inLanguage":"fr-FR","potentialAction":[{"@type":"CommentAction","name":"Comment","target":["https:\/\/vosgesinfo.fr\/saintdieinfo\/2022\/02\/vosges-skieuse-heliportee-pghm\/#respond"]}]},{"@type":"WebPage","@id":"https:\/\/vosgesinfo.fr\/saintdieinfo\/2022\/02\/vosges-skieuse-heliportee-pghm\/","url":"https:\/\/vosgesinfo.fr\/saintdieinfo\/2022\/02\/vosges-skieuse-heliportee-pghm\/","name":"Vosges \u2013 Une skieuse h\u00e9liport\u00e9e par le PGHM - Saint Die Info","isPartOf":{"@id":"https:\/\/vosgesinfo.fr\/saintdieinfo\/#website"},"primaryImageOfPage":{"@id":"https:\/\/vosgesinfo.fr\/saintdieinfo\/2022\/02\/vosges-skieuse-heliportee-pghm\/#primaryimage"},"image":{"@id":"https:\/\/vosgesinfo.fr\/saintdieinfo\/2022\/02\/vosges-skieuse-heliportee-pghm\/#primaryimage"},"thumbnailUrl":"https:\/\/vosgesinfo.fr\/app\/uploads\/sites\/4\/2024\/08\/202202dragon-la-bresse.jpg","datePublished":"2022-02-08T07:53:32+00:00","dateModified":"2022-02-08T07:53:32+00:00","breadcrumb":{"@id":"https:\/\/vosgesinfo.fr\/saintdieinfo\/2022\/02\/vosges-skieuse-heliportee-pghm\/#breadcrumb"},"inLanguage":"fr-FR","potentialAction":[{"@type":"ReadAction","target":["https:\/\/vosgesinfo.fr\/saintdieinfo\/2022\/02\/vosges-skieuse-heliportee-pghm\/"]}]},{"@type":"ImageObject","inLanguage":"fr-FR","@id":"https:\/\/vosgesinfo.fr\/saintdieinfo\/2022\/02\/vosges-skieuse-heliportee-pghm\/#primaryimage","url":"https:\/\/vosgesinfo.fr\/app\/uploads\/sites\/4\/2024\/08\/202202dragon-la-bresse.jpg","contentUrl":"https:\/\/vosgesinfo.fr\/app\/uploads\/sites\/4\/2024\/08\/202202dragon-la-bresse.jpg","width":1698,"height":1273},{"@type":"BreadcrumbList","@id":"https:\/\/vosgesinfo.fr\/saintdieinfo\/2022\/02\/vosges-skieuse-heliportee-pghm\/#breadcrumb","itemListElement":[{"@type":"ListItem","position":1,"name":"Home","item":"https:\/\/vosgesinfo.fr\/saintdieinfo\/"},{"@type":"ListItem","position":2,"name":"Vosges \u2013 Une skieuse h\u00e9liport\u00e9e par le PGHM"}]},{"@type":"WebSite","@id":"https:\/\/vosgesinfo.fr\/saintdieinfo\/#website","url":"https:\/\/vosgesinfo.fr\/saintdieinfo\/","name":"Saint Die Info","description":"Toute l&#039;actualit\u00e9 de Saint-Di\u00e9-Des-Vosges","publisher":{"@id":"https:\/\/vosgesinfo.fr\/saintdieinfo\/#organization"},"alternateName":"Toute l'actualit\u00e9 de Saint-Di\u00e9-Des-Vosges","potentialAction":[{"@type":"SearchAction","target":{"@type":"EntryPoint","urlTemplate":"https:\/\/vosgesinfo.fr\/saintdieinfo\/?s={search_term_string}"},"query-input":"required name=search_term_string"}],"inLanguage":"fr-FR"},{"@type":"Organization","@id":"https:\/\/vosgesinfo.fr\/saintdieinfo\/#organization","name":"Saint Die Info","url":"https:\/\/vosgesinfo.fr\/saintdieinfo\/","logo":{"@type":"ImageObject","inLanguage":"fr-FR","@id":"https:\/\/vosgesinfo.fr\/saintdieinfo\/#\/schema\/logo\/image\/","url":"https:\/\/vosgesinfo.fr\/app\/uploads\/sites\/4\/2024\/02\/logo-sdi.jpg","contentUrl":"https:\/\/vosgesinfo.fr\/app\/uploads\/sites\/4\/2024\/02\/logo-sdi.jpg","width":600,"height":600,"caption":"Saint Die Info"},"image":{"@id":"https:\/\/vosgesinfo.fr\/saintdieinfo\/#\/schema\/logo\/image\/"},"sameAs":["https:\/\/www.facebook.com\/Saintdieinfofr","https:\/\/x.com\/VosgesInfo88","https:\/\/www.youtube.com\/@vosgesinfo"]},{"@type":"Person","@id":"https:\/\/vosgesinfo.fr\/saintdieinfo\/#\/schema\/person\/faee6704a21f3977511db84bd1cd450f","name":"la r\u00e9daction","image":{"@type":"ImageObject","inLanguage":"fr-FR","@id":"https:\/\/vosgesinfo.fr\/saintdieinfo\/#\/schema\/person\/image\/","url":"https:\/\/secure.gravatar.com\/avatar\/6673d8bc6a9c17fa9a453eaa3448de834fa308c2ec9635b7aa99441a7c8d2cf6?s=96&d=mm&r=g","contentUrl":"https:\/\/secure.gravatar.com\/avatar\/6673d8bc6a9c17fa9a453eaa3448de834fa308c2ec9635b7aa99441a7c8d2cf6?s=96&d=mm&r=g","caption":"la r\u00e9daction"},"url":"https:\/\/vosgesinfo.fr\/saintdieinfo\/author\/redac\/"}]}},"_links":{"self":[{"href":"https:\/\/vosgesinfo.fr\/saintdieinfo\/wp-json\/wp\/v2\/posts\/46816","targetHints":{"allow":["GET"]}}],"collection":[{"href":"https:\/\/vosgesinfo.fr\/saintdieinfo\/wp-json\/wp\/v2\/posts"}],"about":[{"href":"https:\/\/vosgesinfo.fr\/saintdieinfo\/wp-json\/wp\/v2\/types\/post"}],"author":[{"embeddable":true,"href":"https:\/\/vosgesinfo.fr\/saintdieinfo\/wp-json\/wp\/v2\/users\/44"}],"replies":[{"embeddable":true,"href":"https:\/\/vosgesinfo.fr\/saintdieinfo\/wp-json\/wp\/v2\/comments?post=46816"}],"version-history":[{"count":0,"href":"https:\/\/vosgesinfo.fr\/saintdieinfo\/wp-json\/wp\/v2\/posts\/46816\/revisions"}],"wp:featuredmedia":[{"embeddable":true,"href":"https:\/\/vosgesinfo.fr\/saintdieinfo\/wp-json\/wp\/v2\/media\/46817"}],"wp:attachment":[{"href":"https:\/\/vosgesinfo.fr\/saintdieinfo\/wp-json\/wp\/v2\/media?parent=46816"}],"wp:term":[{"taxonomy":"category","embeddable":true,"href":"https:\/\/vosgesinfo.fr\/saintdieinfo\/wp-json\/wp\/v2\/categories?post=46816"},{"taxonomy":"post_tag","embeddable":true,"href":"https:\/\/vosgesinfo.fr\/saintdieinfo\/wp-json\/wp\/v2\/tags?post=46816"}],"curies":[{"name":"wp","href":"https:\/\/api.w.org\/{rel}","templated":true}]}}