{"id":46939,"date":"2022-02-12T12:18:39","date_gmt":"2022-02-12T11:18:39","guid":{"rendered":"https:\/\/vosgesinfo.fr\/saintdieinfo\/2022\/02\/centre-de-vaccination-de-saint-die-vosges-sadapte-enfants\/"},"modified":"2022-02-12T12:18:39","modified_gmt":"2022-02-12T11:18:39","slug":"centre-de-vaccination-de-saint-die-vosges-sadapte-enfants","status":"publish","type":"post","link":"https:\/\/vosgesinfo.fr\/saintdieinfo\/2022\/02\/centre-de-vaccination-de-saint-die-vosges-sadapte-enfants\/","title":{"rendered":"Le centre de vaccination de Saint-Di\u00e9-des-Vosges s&rsquo;adapte pour les enfants"},"content":{"rendered":"<div id=\"attachment_178689\" style=\"width: 970px\" class=\"wp-caption aligncenter\"><a href=\"\/2022\/02\/Centre_Vaccination_SDDV_Enfants-1.jpg\" target=\"_blank\" rel=\"noopener\"><img decoding=\"async\" aria-describedby=\"caption-attachment-178689\" class=\"wp-image-178689 size-large\" src=\"\/2022\/02\/Centre_Vaccination_SDDV_Enfants-1-1024x771.jpg\" alt=\"Centre_Vaccination_SDDV_Enfants (1)\" width=\"960\" height=\"723\" \/><\/a><p id=\"caption-attachment-178689\" class=\"wp-caption-text\">Deux enfants vaccin\u00e9s ce samedi matin avec leur \u00ab\u00a0dipl\u00f4me de l&rsquo;enfant courageux\u00a0\u00bb.<\/p><\/div>\n<h2><strong><span style=\"font-size: 14pt;\">Chaque samedi depuis le 22 janvier, le centre de vaccination contre la Covid-19 de la salle Carbonnar s&rsquo;adapte pour les enfants avec une organisation diff\u00e9rente, comme l&rsquo;a expliqu\u00e9 ce matin le premier adjoint Bruno Toussaint.<\/span><\/strong><\/h2>\n<p><!--more--><\/p>\n<p><em>\u00ab\u00a0On a voulu s\u00e9parer le vaccination des enfants et des adultes pour que les enfants se sentent comme chez eux. On a install\u00e9 des ballons un peu partout et des affiches de films dans les cabines de vaccination. On propose \u00e9galement des jeux, des bonbons, des boissons et un petit go\u00fbter. Et apr\u00e8s la vaccination, un petit dipl\u00f4me est remis \u00e0 chaque enfant. L&rsquo;accueil se veut d\u00e9tendu, et le rendez-vous avec le m\u00e9decin est pass\u00e9 de 5 minutes pour les adultes \u00e0 15 minutes pour les enfants. Ce qui permet notamment de r\u00e9pondre aux \u00e9ventuelles interrogations des parents. L&rsquo;id\u00e9e est de mettre \u00e0 l&rsquo;aise les enfants et rassurer les parents qui ont besoin de l&rsquo;\u00eatre. D&rsquo;une mani\u00e8re g\u00e9n\u00e9rale cela se passe tr\u00e8s bien.\u00a0\u00bb<\/em><\/p>\n<p>Cette journ\u00e9e r\u00e9serv\u00e9e aux enfants a \u00e9t\u00e9 d\u00e9cid\u00e9e \u00e0 l&rsquo;origine pour d\u00e9sengorger le Centre Hospitalier de Saint-Di\u00e9-des-Vosges, qui \u00e9tait alors d\u00e9bord\u00e9. A l&rsquo;heure actuelle, 69 enfants ont \u00e9t\u00e9 vaccin\u00e9s \u00e0 la salle Carbonnar. Quant \u00e0 la vaccination des plus de 12 ans, le rythme est en nette diminution ces derniers jours. <em>\u00ab\u00a0Il y a 2 semaines on \u00e9tait encore \u00e0 plus de 500 vaccinations par jour, avec un pic \u00e0 580. Pour la semaine de la rentr\u00e9e scolaire, nous avons \u00e0 peine 380 rendez-vous de pris pour toute la semaine. D&rsquo;ailleurs \u00e0 partir de la rentr\u00e9e le centre de vaccination sera d\u00e9sormais ferm\u00e9 les mardis et jeudis \u00bb<\/em> pr\u00e9cise Bruno Toussaint.<\/p>\n<p>J.J.<\/p>\n\n","protected":false},"excerpt":{"rendered":"<p>Chaque samedi depuis le 22 janvier, le centre de vaccination contre la Covid-19 de la salle Carbonnar s&rsquo;adapte pour les [&hellip;]<\/p>\n","protected":false},"author":44,"featured_media":46940,"comment_status":"open","ping_status":"open","sticky":false,"template":"","format":"standard","meta":{"footnotes":""},"categories":[460,2915,4152,13],"tags":[8062,1072,3571,8010,10111],"class_list":["post-46939","post","type-post","status-publish","format-standard","has-post-thumbnail","hentry","category-a-la-une","category-saint-die-son-canton","category-sante","category-societe","tag-centre-de-vaccination-de-saint-die-des-vosges","tag-covid-19","tag-salle-carbonnar","tag-vaccin-contre-la-covid-19","tag-vaccination-des-enfants"],"acf":[],"yoast_head":"<!-- This site is optimized with the Yoast SEO plugin v22.5 - https:\/\/yoast.com\/wordpress\/plugins\/seo\/ -->\n<title>Le centre de vaccination de Saint-Di\u00e9-des-Vosges s&#039;adapte pour les enfants - Saint Die Info<\/title>\n<meta name=\"robots\" content=\"index, follow, max-snippet:-1, max-image-preview:large, max-video-preview:-1\" \/>\n<link rel=\"canonical\" href=\"https:\/\/vosgesinfo.fr\/saintdieinfo\/2022\/02\/centre-de-vaccination-de-saint-die-vosges-sadapte-enfants\/\" \/>\n<meta name=\"twitter:card\" content=\"summary_large_image\" \/>\n<meta name=\"twitter:title\" content=\"Le centre de vaccination de Saint-Di\u00e9-des-Vosges s&#039;adapte pour les enfants - Saint Die Info\" \/>\n<meta name=\"twitter:description\" content=\"Chaque samedi depuis le 22 janvier, le centre de vaccination contre la Covid-19 de la salle Carbonnar s&rsquo;adapte pour les [&hellip;]\" \/>\n<meta name=\"twitter:image\" content=\"https:\/\/vosgesinfo.fr\/app\/uploads\/sites\/4\/2024\/08\/202202centre-vaccination-sddv-enfants-1.jpg\" \/>\n<meta name=\"twitter:creator\" content=\"@VosgesInfo88\" \/>\n<meta name=\"twitter:site\" content=\"@VosgesInfo88\" \/>\n<meta name=\"twitter:label1\" content=\"\u00c9crit par\" \/>\n\t<meta name=\"twitter:data1\" content=\"la r\u00e9daction\" \/>\n\t<meta name=\"twitter:label2\" content=\"Dur\u00e9e de lecture estim\u00e9e\" \/>\n\t<meta name=\"twitter:data2\" content=\"2 minutes\" \/>\n<script type=\"application\/ld+json\" class=\"yoast-schema-graph\">{\"@context\":\"https:\/\/schema.org\",\"@graph\":[{\"@type\":\"Article\",\"@id\":\"https:\/\/vosgesinfo.fr\/saintdieinfo\/2022\/02\/centre-de-vaccination-de-saint-die-vosges-sadapte-enfants\/#article\",\"isPartOf\":{\"@id\":\"https:\/\/vosgesinfo.fr\/saintdieinfo\/2022\/02\/centre-de-vaccination-de-saint-die-vosges-sadapte-enfants\/\"},\"author\":{\"name\":\"la r\u00e9daction\",\"@id\":\"https:\/\/vosgesinfo.fr\/saintdieinfo\/#\/schema\/person\/faee6704a21f3977511db84bd1cd450f\"},\"headline\":\"Le centre de vaccination de Saint-Di\u00e9-des-Vosges s&rsquo;adapte pour les enfants\",\"datePublished\":\"2022-02-12T11:18:39+00:00\",\"dateModified\":\"2022-02-12T11:18:39+00:00\",\"mainEntityOfPage\":{\"@id\":\"https:\/\/vosgesinfo.fr\/saintdieinfo\/2022\/02\/centre-de-vaccination-de-saint-die-vosges-sadapte-enfants\/\"},\"wordCount\":327,\"commentCount\":0,\"publisher\":{\"@id\":\"https:\/\/vosgesinfo.fr\/saintdieinfo\/#organization\"},\"image\":{\"@id\":\"https:\/\/vosgesinfo.fr\/saintdieinfo\/2022\/02\/centre-de-vaccination-de-saint-die-vosges-sadapte-enfants\/#primaryimage\"},\"thumbnailUrl\":\"https:\/\/vosgesinfo.fr\/app\/uploads\/sites\/4\/2024\/08\/202202centre-vaccination-sddv-enfants-1.jpg\",\"keywords\":[\"Centre de vaccination de Saint-Di\u00e9-des-Vosges\",\"Covid-19\",\"Salle Carbonnar\",\"Vaccin contre la Covid-19\",\"Vaccination des enfants\"],\"articleSection\":[\"A la Une\",\"Saint-Di\u00e9-des-Vosges et son Agglom\u00e9ration\",\"Sant\u00e9\",\"Soci\u00e9t\u00e9\"],\"inLanguage\":\"fr-FR\",\"potentialAction\":[{\"@type\":\"CommentAction\",\"name\":\"Comment\",\"target\":[\"https:\/\/vosgesinfo.fr\/saintdieinfo\/2022\/02\/centre-de-vaccination-de-saint-die-vosges-sadapte-enfants\/#respond\"]}]},{\"@type\":\"WebPage\",\"@id\":\"https:\/\/vosgesinfo.fr\/saintdieinfo\/2022\/02\/centre-de-vaccination-de-saint-die-vosges-sadapte-enfants\/\",\"url\":\"https:\/\/vosgesinfo.fr\/saintdieinfo\/2022\/02\/centre-de-vaccination-de-saint-die-vosges-sadapte-enfants\/\",\"name\":\"Le centre de vaccination de Saint-Di\u00e9-des-Vosges s'adapte pour les enfants - Saint Die Info\",\"isPartOf\":{\"@id\":\"https:\/\/vosgesinfo.fr\/saintdieinfo\/#website\"},\"primaryImageOfPage\":{\"@id\":\"https:\/\/vosgesinfo.fr\/saintdieinfo\/2022\/02\/centre-de-vaccination-de-saint-die-vosges-sadapte-enfants\/#primaryimage\"},\"image\":{\"@id\":\"https:\/\/vosgesinfo.fr\/saintdieinfo\/2022\/02\/centre-de-vaccination-de-saint-die-vosges-sadapte-enfants\/#primaryimage\"},\"thumbnailUrl\":\"https:\/\/vosgesinfo.fr\/app\/uploads\/sites\/4\/2024\/08\/202202centre-vaccination-sddv-enfants-1.jpg\",\"datePublished\":\"2022-02-12T11:18:39+00:00\",\"dateModified\":\"2022-02-12T11:18:39+00:00\",\"breadcrumb\":{\"@id\":\"https:\/\/vosgesinfo.fr\/saintdieinfo\/2022\/02\/centre-de-vaccination-de-saint-die-vosges-sadapte-enfants\/#breadcrumb\"},\"inLanguage\":\"fr-FR\",\"potentialAction\":[{\"@type\":\"ReadAction\",\"target\":[\"https:\/\/vosgesinfo.fr\/saintdieinfo\/2022\/02\/centre-de-vaccination-de-saint-die-vosges-sadapte-enfants\/\"]}]},{\"@type\":\"ImageObject\",\"inLanguage\":\"fr-FR\",\"@id\":\"https:\/\/vosgesinfo.fr\/saintdieinfo\/2022\/02\/centre-de-vaccination-de-saint-die-vosges-sadapte-enfants\/#primaryimage\",\"url\":\"https:\/\/vosgesinfo.fr\/app\/uploads\/sites\/4\/2024\/08\/202202centre-vaccination-sddv-enfants-1.jpg\",\"contentUrl\":\"https:\/\/vosgesinfo.fr\/app\/uploads\/sites\/4\/2024\/08\/202202centre-vaccination-sddv-enfants-1.jpg\",\"width\":1600,\"height\":1205},{\"@type\":\"BreadcrumbList\",\"@id\":\"https:\/\/vosgesinfo.fr\/saintdieinfo\/2022\/02\/centre-de-vaccination-de-saint-die-vosges-sadapte-enfants\/#breadcrumb\",\"itemListElement\":[{\"@type\":\"ListItem\",\"position\":1,\"name\":\"Home\",\"item\":\"https:\/\/vosgesinfo.fr\/saintdieinfo\/\"},{\"@type\":\"ListItem\",\"position\":2,\"name\":\"Le centre de vaccination de Saint-Di\u00e9-des-Vosges s&rsquo;adapte pour les enfants\"}]},{\"@type\":\"WebSite\",\"@id\":\"https:\/\/vosgesinfo.fr\/saintdieinfo\/#website\",\"url\":\"https:\/\/vosgesinfo.fr\/saintdieinfo\/\",\"name\":\"Saint Die Info\",\"description\":\"Toute l&#039;actualit\u00e9 de Saint-Di\u00e9-Des-Vosges\",\"publisher\":{\"@id\":\"https:\/\/vosgesinfo.fr\/saintdieinfo\/#organization\"},\"alternateName\":\"Toute l'actualit\u00e9 de Saint-Di\u00e9-Des-Vosges\",\"potentialAction\":[{\"@type\":\"SearchAction\",\"target\":{\"@type\":\"EntryPoint\",\"urlTemplate\":\"https:\/\/vosgesinfo.fr\/saintdieinfo\/?s={search_term_string}\"},\"query-input\":\"required name=search_term_string\"}],\"inLanguage\":\"fr-FR\"},{\"@type\":\"Organization\",\"@id\":\"https:\/\/vosgesinfo.fr\/saintdieinfo\/#organization\",\"name\":\"Saint Die Info\",\"url\":\"https:\/\/vosgesinfo.fr\/saintdieinfo\/\",\"logo\":{\"@type\":\"ImageObject\",\"inLanguage\":\"fr-FR\",\"@id\":\"https:\/\/vosgesinfo.fr\/saintdieinfo\/#\/schema\/logo\/image\/\",\"url\":\"https:\/\/vosgesinfo.fr\/app\/uploads\/sites\/4\/2024\/02\/logo-sdi.jpg\",\"contentUrl\":\"https:\/\/vosgesinfo.fr\/app\/uploads\/sites\/4\/2024\/02\/logo-sdi.jpg\",\"width\":600,\"height\":600,\"caption\":\"Saint Die Info\"},\"image\":{\"@id\":\"https:\/\/vosgesinfo.fr\/saintdieinfo\/#\/schema\/logo\/image\/\"},\"sameAs\":[\"https:\/\/www.facebook.com\/Saintdieinfofr\",\"https:\/\/x.com\/VosgesInfo88\",\"https:\/\/www.youtube.com\/@vosgesinfo\"]},{\"@type\":\"Person\",\"@id\":\"https:\/\/vosgesinfo.fr\/saintdieinfo\/#\/schema\/person\/faee6704a21f3977511db84bd1cd450f\",\"name\":\"la r\u00e9daction\",\"image\":{\"@type\":\"ImageObject\",\"inLanguage\":\"fr-FR\",\"@id\":\"https:\/\/vosgesinfo.fr\/saintdieinfo\/#\/schema\/person\/image\/\",\"url\":\"https:\/\/secure.gravatar.com\/avatar\/6673d8bc6a9c17fa9a453eaa3448de834fa308c2ec9635b7aa99441a7c8d2cf6?s=96&d=mm&r=g\",\"contentUrl\":\"https:\/\/secure.gravatar.com\/avatar\/6673d8bc6a9c17fa9a453eaa3448de834fa308c2ec9635b7aa99441a7c8d2cf6?s=96&d=mm&r=g\",\"caption\":\"la r\u00e9daction\"},\"url\":\"https:\/\/vosgesinfo.fr\/saintdieinfo\/author\/redac\/\"}]}<\/script>\n<!-- \/ Yoast SEO plugin. -->","yoast_head_json":{"title":"Le centre de vaccination de Saint-Di\u00e9-des-Vosges s'adapte pour les enfants - Saint Die Info","robots":{"index":"index","follow":"follow","max-snippet":"max-snippet:-1","max-image-preview":"max-image-preview:large","max-video-preview":"max-video-preview:-1"},"canonical":"https:\/\/vosgesinfo.fr\/saintdieinfo\/2022\/02\/centre-de-vaccination-de-saint-die-vosges-sadapte-enfants\/","twitter_card":"summary_large_image","twitter_title":"Le centre de vaccination de Saint-Di\u00e9-des-Vosges s'adapte pour les enfants - Saint Die Info","twitter_description":"Chaque samedi depuis le 22 janvier, le centre de vaccination contre la Covid-19 de la salle Carbonnar s&rsquo;adapte pour les [&hellip;]","twitter_image":"https:\/\/vosgesinfo.fr\/app\/uploads\/sites\/4\/2024\/08\/202202centre-vaccination-sddv-enfants-1.jpg","twitter_creator":"@VosgesInfo88","twitter_site":"@VosgesInfo88","twitter_misc":{"\u00c9crit par":"la r\u00e9daction","Dur\u00e9e de lecture estim\u00e9e":"2 minutes"},"schema":{"@context":"https:\/\/schema.org","@graph":[{"@type":"Article","@id":"https:\/\/vosgesinfo.fr\/saintdieinfo\/2022\/02\/centre-de-vaccination-de-saint-die-vosges-sadapte-enfants\/#article","isPartOf":{"@id":"https:\/\/vosgesinfo.fr\/saintdieinfo\/2022\/02\/centre-de-vaccination-de-saint-die-vosges-sadapte-enfants\/"},"author":{"name":"la r\u00e9daction","@id":"https:\/\/vosgesinfo.fr\/saintdieinfo\/#\/schema\/person\/faee6704a21f3977511db84bd1cd450f"},"headline":"Le centre de vaccination de Saint-Di\u00e9-des-Vosges s&rsquo;adapte pour les enfants","datePublished":"2022-02-12T11:18:39+00:00","dateModified":"2022-02-12T11:18:39+00:00","mainEntityOfPage":{"@id":"https:\/\/vosgesinfo.fr\/saintdieinfo\/2022\/02\/centre-de-vaccination-de-saint-die-vosges-sadapte-enfants\/"},"wordCount":327,"commentCount":0,"publisher":{"@id":"https:\/\/vosgesinfo.fr\/saintdieinfo\/#organization"},"image":{"@id":"https:\/\/vosgesinfo.fr\/saintdieinfo\/2022\/02\/centre-de-vaccination-de-saint-die-vosges-sadapte-enfants\/#primaryimage"},"thumbnailUrl":"https:\/\/vosgesinfo.fr\/app\/uploads\/sites\/4\/2024\/08\/202202centre-vaccination-sddv-enfants-1.jpg","keywords":["Centre de vaccination de Saint-Di\u00e9-des-Vosges","Covid-19","Salle Carbonnar","Vaccin contre la Covid-19","Vaccination des enfants"],"articleSection":["A la Une","Saint-Di\u00e9-des-Vosges et son Agglom\u00e9ration","Sant\u00e9","Soci\u00e9t\u00e9"],"inLanguage":"fr-FR","potentialAction":[{"@type":"CommentAction","name":"Comment","target":["https:\/\/vosgesinfo.fr\/saintdieinfo\/2022\/02\/centre-de-vaccination-de-saint-die-vosges-sadapte-enfants\/#respond"]}]},{"@type":"WebPage","@id":"https:\/\/vosgesinfo.fr\/saintdieinfo\/2022\/02\/centre-de-vaccination-de-saint-die-vosges-sadapte-enfants\/","url":"https:\/\/vosgesinfo.fr\/saintdieinfo\/2022\/02\/centre-de-vaccination-de-saint-die-vosges-sadapte-enfants\/","name":"Le centre de vaccination de Saint-Di\u00e9-des-Vosges s'adapte pour les enfants - Saint Die Info","isPartOf":{"@id":"https:\/\/vosgesinfo.fr\/saintdieinfo\/#website"},"primaryImageOfPage":{"@id":"https:\/\/vosgesinfo.fr\/saintdieinfo\/2022\/02\/centre-de-vaccination-de-saint-die-vosges-sadapte-enfants\/#primaryimage"},"image":{"@id":"https:\/\/vosgesinfo.fr\/saintdieinfo\/2022\/02\/centre-de-vaccination-de-saint-die-vosges-sadapte-enfants\/#primaryimage"},"thumbnailUrl":"https:\/\/vosgesinfo.fr\/app\/uploads\/sites\/4\/2024\/08\/202202centre-vaccination-sddv-enfants-1.jpg","datePublished":"2022-02-12T11:18:39+00:00","dateModified":"2022-02-12T11:18:39+00:00","breadcrumb":{"@id":"https:\/\/vosgesinfo.fr\/saintdieinfo\/2022\/02\/centre-de-vaccination-de-saint-die-vosges-sadapte-enfants\/#breadcrumb"},"inLanguage":"fr-FR","potentialAction":[{"@type":"ReadAction","target":["https:\/\/vosgesinfo.fr\/saintdieinfo\/2022\/02\/centre-de-vaccination-de-saint-die-vosges-sadapte-enfants\/"]}]},{"@type":"ImageObject","inLanguage":"fr-FR","@id":"https:\/\/vosgesinfo.fr\/saintdieinfo\/2022\/02\/centre-de-vaccination-de-saint-die-vosges-sadapte-enfants\/#primaryimage","url":"https:\/\/vosgesinfo.fr\/app\/uploads\/sites\/4\/2024\/08\/202202centre-vaccination-sddv-enfants-1.jpg","contentUrl":"https:\/\/vosgesinfo.fr\/app\/uploads\/sites\/4\/2024\/08\/202202centre-vaccination-sddv-enfants-1.jpg","width":1600,"height":1205},{"@type":"BreadcrumbList","@id":"https:\/\/vosgesinfo.fr\/saintdieinfo\/2022\/02\/centre-de-vaccination-de-saint-die-vosges-sadapte-enfants\/#breadcrumb","itemListElement":[{"@type":"ListItem","position":1,"name":"Home","item":"https:\/\/vosgesinfo.fr\/saintdieinfo\/"},{"@type":"ListItem","position":2,"name":"Le centre de vaccination de Saint-Di\u00e9-des-Vosges s&rsquo;adapte pour les enfants"}]},{"@type":"WebSite","@id":"https:\/\/vosgesinfo.fr\/saintdieinfo\/#website","url":"https:\/\/vosgesinfo.fr\/saintdieinfo\/","name":"Saint Die Info","description":"Toute l&#039;actualit\u00e9 de Saint-Di\u00e9-Des-Vosges","publisher":{"@id":"https:\/\/vosgesinfo.fr\/saintdieinfo\/#organization"},"alternateName":"Toute l'actualit\u00e9 de Saint-Di\u00e9-Des-Vosges","potentialAction":[{"@type":"SearchAction","target":{"@type":"EntryPoint","urlTemplate":"https:\/\/vosgesinfo.fr\/saintdieinfo\/?s={search_term_string}"},"query-input":"required name=search_term_string"}],"inLanguage":"fr-FR"},{"@type":"Organization","@id":"https:\/\/vosgesinfo.fr\/saintdieinfo\/#organization","name":"Saint Die Info","url":"https:\/\/vosgesinfo.fr\/saintdieinfo\/","logo":{"@type":"ImageObject","inLanguage":"fr-FR","@id":"https:\/\/vosgesinfo.fr\/saintdieinfo\/#\/schema\/logo\/image\/","url":"https:\/\/vosgesinfo.fr\/app\/uploads\/sites\/4\/2024\/02\/logo-sdi.jpg","contentUrl":"https:\/\/vosgesinfo.fr\/app\/uploads\/sites\/4\/2024\/02\/logo-sdi.jpg","width":600,"height":600,"caption":"Saint Die Info"},"image":{"@id":"https:\/\/vosgesinfo.fr\/saintdieinfo\/#\/schema\/logo\/image\/"},"sameAs":["https:\/\/www.facebook.com\/Saintdieinfofr","https:\/\/x.com\/VosgesInfo88","https:\/\/www.youtube.com\/@vosgesinfo"]},{"@type":"Person","@id":"https:\/\/vosgesinfo.fr\/saintdieinfo\/#\/schema\/person\/faee6704a21f3977511db84bd1cd450f","name":"la r\u00e9daction","image":{"@type":"ImageObject","inLanguage":"fr-FR","@id":"https:\/\/vosgesinfo.fr\/saintdieinfo\/#\/schema\/person\/image\/","url":"https:\/\/secure.gravatar.com\/avatar\/6673d8bc6a9c17fa9a453eaa3448de834fa308c2ec9635b7aa99441a7c8d2cf6?s=96&d=mm&r=g","contentUrl":"https:\/\/secure.gravatar.com\/avatar\/6673d8bc6a9c17fa9a453eaa3448de834fa308c2ec9635b7aa99441a7c8d2cf6?s=96&d=mm&r=g","caption":"la r\u00e9daction"},"url":"https:\/\/vosgesinfo.fr\/saintdieinfo\/author\/redac\/"}]}},"_links":{"self":[{"href":"https:\/\/vosgesinfo.fr\/saintdieinfo\/wp-json\/wp\/v2\/posts\/46939","targetHints":{"allow":["GET"]}}],"collection":[{"href":"https:\/\/vosgesinfo.fr\/saintdieinfo\/wp-json\/wp\/v2\/posts"}],"about":[{"href":"https:\/\/vosgesinfo.fr\/saintdieinfo\/wp-json\/wp\/v2\/types\/post"}],"author":[{"embeddable":true,"href":"https:\/\/vosgesinfo.fr\/saintdieinfo\/wp-json\/wp\/v2\/users\/44"}],"replies":[{"embeddable":true,"href":"https:\/\/vosgesinfo.fr\/saintdieinfo\/wp-json\/wp\/v2\/comments?post=46939"}],"version-history":[{"count":0,"href":"https:\/\/vosgesinfo.fr\/saintdieinfo\/wp-json\/wp\/v2\/posts\/46939\/revisions"}],"wp:featuredmedia":[{"embeddable":true,"href":"https:\/\/vosgesinfo.fr\/saintdieinfo\/wp-json\/wp\/v2\/media\/46940"}],"wp:attachment":[{"href":"https:\/\/vosgesinfo.fr\/saintdieinfo\/wp-json\/wp\/v2\/media?parent=46939"}],"wp:term":[{"taxonomy":"category","embeddable":true,"href":"https:\/\/vosgesinfo.fr\/saintdieinfo\/wp-json\/wp\/v2\/categories?post=46939"},{"taxonomy":"post_tag","embeddable":true,"href":"https:\/\/vosgesinfo.fr\/saintdieinfo\/wp-json\/wp\/v2\/tags?post=46939"}],"curies":[{"name":"wp","href":"https:\/\/api.w.org\/{rel}","templated":true}]}}