{"id":46944,"date":"2022-02-12T12:37:22","date_gmt":"2022-02-12T11:37:22","guid":{"rendered":"https:\/\/vosgesinfo.fr\/saintdieinfo\/2022\/02\/vosgelis-sengage-lutte-contre-precarite-menstruelle\/"},"modified":"2022-02-12T12:37:22","modified_gmt":"2022-02-12T11:37:22","slug":"vosgelis-sengage-lutte-contre-precarite-menstruelle","status":"publish","type":"post","link":"https:\/\/vosgesinfo.fr\/saintdieinfo\/2022\/02\/vosgelis-sengage-lutte-contre-precarite-menstruelle\/","title":{"rendered":"Vosgelis s\u2019engage dans la lutte contre la pr\u00e9carit\u00e9 menstruelle"},"content":{"rendered":"<div id=\"attachment_178695\" style=\"width: 810px\" class=\"wp-caption aligncenter\"><a href=\"\/2022\/02\/Vosgelis-sengage-contre-la-pr\u00e9carit\u00e9-menstruell.jpg\" target=\"_blank\" rel=\"noopener\"><img decoding=\"async\" aria-describedby=\"caption-attachment-178695\" class=\"wp-image-178695 size-full\" src=\"\/2022\/02\/Vosgelis-sengage-contre-la-pr\u00e9carit\u00e9-menstruell.jpg\" alt=\"Vosgelis-sengage-contre-la-pr\u00e9carit\u00e9-menstruell\" width=\"800\" height=\"600\" \/><\/a><p id=\"caption-attachment-178695\" class=\"wp-caption-text\">(Photographie Vosgelis)<\/p><\/div>\n<h2><strong><span style=\"font-size: 14pt;\">Apr\u00e8s avoir offert un accompagnement scolaire en ligne \u00e0 ses locataires, Vosgelis s\u2019attaque d\u00e9sormais au sujet de la pr\u00e9carit\u00e9 menstruelle. En attendant la mise en place de distributeurs de protections p\u00e9riodiques dans ses quartiers, Vosgelis signe un partenariat avec Aude Balland, cr\u00e9atrice des culottes menstruelles \u00ab Bonne Semaine \u00bb, afin de faire b\u00e9n\u00e9ficier ses locataires de cette solution alternative et durable.<\/span><\/strong><\/h2>\n<p><!--more--><\/p>\n<p>Sous la marque \u00ab Chez Vosgelis, on respecte les r\u00e8gles \u00bb, un nouveau service s\u2019inscrit donc dans la strat\u00e9gie d\u2019innovation sociale du bailleur. Des points d\u2019approvisionnement de protections p\u00e9riodiques gratuites seront prochainement install\u00e9s dans certains quartiers. Mais en parall\u00e8le et conform\u00e9ment \u00e0 sa d\u00e9marche environnementale, Vosgelis a \u00e9galement souhait\u00e9 aider ses locataires, notamment les plus jeunes, \u00e0 se procurer des produits plus responsables, et \u00e0 chercher, et \u00e0 trouve une entreprise vosgienne r\u00e9pondant \u00e0 cet enjeu.<\/p>\n<p>La suite de l&rsquo;article : <a href=\"https:\/\/epinalinfos.fr\/2022\/02\/vosgelis-sengage-lutte-contre-precarite-menstruelle\/\" target=\"_blank\" rel=\"noopener\">https:\/\/epinalinfos.fr\/2022\/02\/vosgelis-sengage-lutte-contre-precarite-menstruelle\/<\/a><\/p>\n","protected":false},"excerpt":{"rendered":"<p>Apr\u00e8s avoir offert un accompagnement scolaire en ligne \u00e0 ses locataires, Vosgelis s\u2019attaque d\u00e9sormais au sujet de la pr\u00e9carit\u00e9 menstruelle. [&hellip;]<\/p>\n","protected":false},"author":44,"featured_media":46945,"comment_status":"open","ping_status":"open","sticky":false,"template":"","format":"standard","meta":{"footnotes":""},"categories":[460,13,29,18],"tags":[10275,10276,1902],"class_list":["post-46944","post","type-post","status-publish","format-standard","has-post-thumbnail","hentry","category-a-la-une","category-societe","category-solidarite","category-vosges","tag-bonne-semaine","tag-precarite-menstruelle","tag-vosgelis"],"acf":[],"yoast_head":"<!-- This site is optimized with the Yoast SEO plugin v22.5 - https:\/\/yoast.com\/wordpress\/plugins\/seo\/ -->\n<title>Vosgelis s\u2019engage dans la lutte contre la pr\u00e9carit\u00e9 menstruelle - Saint Die Info<\/title>\n<meta name=\"robots\" content=\"index, follow, max-snippet:-1, max-image-preview:large, max-video-preview:-1\" \/>\n<link rel=\"canonical\" href=\"https:\/\/vosgesinfo.fr\/saintdieinfo\/2022\/02\/vosgelis-sengage-lutte-contre-precarite-menstruelle\/\" \/>\n<meta name=\"twitter:card\" content=\"summary_large_image\" \/>\n<meta name=\"twitter:title\" content=\"Vosgelis s\u2019engage dans la lutte contre la pr\u00e9carit\u00e9 menstruelle - Saint Die Info\" \/>\n<meta name=\"twitter:description\" content=\"Apr\u00e8s avoir offert un accompagnement scolaire en ligne \u00e0 ses locataires, Vosgelis s\u2019attaque d\u00e9sormais au sujet de la pr\u00e9carit\u00e9 menstruelle. [&hellip;]\" \/>\n<meta name=\"twitter:image\" content=\"https:\/\/vosgesinfo.fr\/app\/uploads\/sites\/4\/2024\/08\/202202vosgelis-sengage-contre-la-precarite-menstruell.jpg\" \/>\n<meta name=\"twitter:creator\" content=\"@VosgesInfo88\" \/>\n<meta name=\"twitter:site\" content=\"@VosgesInfo88\" \/>\n<meta name=\"twitter:label1\" content=\"\u00c9crit par\" \/>\n\t<meta name=\"twitter:data1\" content=\"la r\u00e9daction\" \/>\n\t<meta name=\"twitter:label2\" content=\"Dur\u00e9e de lecture estim\u00e9e\" \/>\n\t<meta name=\"twitter:data2\" content=\"1 minute\" \/>\n<script type=\"application\/ld+json\" class=\"yoast-schema-graph\">{\"@context\":\"https:\/\/schema.org\",\"@graph\":[{\"@type\":\"Article\",\"@id\":\"https:\/\/vosgesinfo.fr\/saintdieinfo\/2022\/02\/vosgelis-sengage-lutte-contre-precarite-menstruelle\/#article\",\"isPartOf\":{\"@id\":\"https:\/\/vosgesinfo.fr\/saintdieinfo\/2022\/02\/vosgelis-sengage-lutte-contre-precarite-menstruelle\/\"},\"author\":{\"name\":\"la r\u00e9daction\",\"@id\":\"https:\/\/vosgesinfo.fr\/saintdieinfo\/#\/schema\/person\/faee6704a21f3977511db84bd1cd450f\"},\"headline\":\"Vosgelis s\u2019engage dans la lutte contre la pr\u00e9carit\u00e9 menstruelle\",\"datePublished\":\"2022-02-12T11:37:22+00:00\",\"dateModified\":\"2022-02-12T11:37:22+00:00\",\"mainEntityOfPage\":{\"@id\":\"https:\/\/vosgesinfo.fr\/saintdieinfo\/2022\/02\/vosgelis-sengage-lutte-contre-precarite-menstruelle\/\"},\"wordCount\":175,\"commentCount\":0,\"publisher\":{\"@id\":\"https:\/\/vosgesinfo.fr\/saintdieinfo\/#organization\"},\"image\":{\"@id\":\"https:\/\/vosgesinfo.fr\/saintdieinfo\/2022\/02\/vosgelis-sengage-lutte-contre-precarite-menstruelle\/#primaryimage\"},\"thumbnailUrl\":\"https:\/\/vosgesinfo.fr\/app\/uploads\/sites\/4\/2024\/08\/202202vosgelis-sengage-contre-la-precarite-menstruell.jpg\",\"keywords\":[\"Bonne Semaine\",\"Pr\u00e9carit\u00e9 menstruelle\",\"Vosgelis\"],\"articleSection\":[\"A la Une\",\"Soci\u00e9t\u00e9\",\"Solidarit\u00e9\",\"Vosges\"],\"inLanguage\":\"fr-FR\",\"potentialAction\":[{\"@type\":\"CommentAction\",\"name\":\"Comment\",\"target\":[\"https:\/\/vosgesinfo.fr\/saintdieinfo\/2022\/02\/vosgelis-sengage-lutte-contre-precarite-menstruelle\/#respond\"]}]},{\"@type\":\"WebPage\",\"@id\":\"https:\/\/vosgesinfo.fr\/saintdieinfo\/2022\/02\/vosgelis-sengage-lutte-contre-precarite-menstruelle\/\",\"url\":\"https:\/\/vosgesinfo.fr\/saintdieinfo\/2022\/02\/vosgelis-sengage-lutte-contre-precarite-menstruelle\/\",\"name\":\"Vosgelis s\u2019engage dans la lutte contre la pr\u00e9carit\u00e9 menstruelle - Saint Die Info\",\"isPartOf\":{\"@id\":\"https:\/\/vosgesinfo.fr\/saintdieinfo\/#website\"},\"primaryImageOfPage\":{\"@id\":\"https:\/\/vosgesinfo.fr\/saintdieinfo\/2022\/02\/vosgelis-sengage-lutte-contre-precarite-menstruelle\/#primaryimage\"},\"image\":{\"@id\":\"https:\/\/vosgesinfo.fr\/saintdieinfo\/2022\/02\/vosgelis-sengage-lutte-contre-precarite-menstruelle\/#primaryimage\"},\"thumbnailUrl\":\"https:\/\/vosgesinfo.fr\/app\/uploads\/sites\/4\/2024\/08\/202202vosgelis-sengage-contre-la-precarite-menstruell.jpg\",\"datePublished\":\"2022-02-12T11:37:22+00:00\",\"dateModified\":\"2022-02-12T11:37:22+00:00\",\"breadcrumb\":{\"@id\":\"https:\/\/vosgesinfo.fr\/saintdieinfo\/2022\/02\/vosgelis-sengage-lutte-contre-precarite-menstruelle\/#breadcrumb\"},\"inLanguage\":\"fr-FR\",\"potentialAction\":[{\"@type\":\"ReadAction\",\"target\":[\"https:\/\/vosgesinfo.fr\/saintdieinfo\/2022\/02\/vosgelis-sengage-lutte-contre-precarite-menstruelle\/\"]}]},{\"@type\":\"ImageObject\",\"inLanguage\":\"fr-FR\",\"@id\":\"https:\/\/vosgesinfo.fr\/saintdieinfo\/2022\/02\/vosgelis-sengage-lutte-contre-precarite-menstruelle\/#primaryimage\",\"url\":\"https:\/\/vosgesinfo.fr\/app\/uploads\/sites\/4\/2024\/08\/202202vosgelis-sengage-contre-la-precarite-menstruell.jpg\",\"contentUrl\":\"https:\/\/vosgesinfo.fr\/app\/uploads\/sites\/4\/2024\/08\/202202vosgelis-sengage-contre-la-precarite-menstruell.jpg\",\"width\":800,\"height\":600},{\"@type\":\"BreadcrumbList\",\"@id\":\"https:\/\/vosgesinfo.fr\/saintdieinfo\/2022\/02\/vosgelis-sengage-lutte-contre-precarite-menstruelle\/#breadcrumb\",\"itemListElement\":[{\"@type\":\"ListItem\",\"position\":1,\"name\":\"Home\",\"item\":\"https:\/\/vosgesinfo.fr\/saintdieinfo\/\"},{\"@type\":\"ListItem\",\"position\":2,\"name\":\"Vosgelis s\u2019engage dans la lutte contre la pr\u00e9carit\u00e9 menstruelle\"}]},{\"@type\":\"WebSite\",\"@id\":\"https:\/\/vosgesinfo.fr\/saintdieinfo\/#website\",\"url\":\"https:\/\/vosgesinfo.fr\/saintdieinfo\/\",\"name\":\"Saint Die Info\",\"description\":\"Toute l&#039;actualit\u00e9 de Saint-Di\u00e9-Des-Vosges\",\"publisher\":{\"@id\":\"https:\/\/vosgesinfo.fr\/saintdieinfo\/#organization\"},\"alternateName\":\"Toute l'actualit\u00e9 de Saint-Di\u00e9-Des-Vosges\",\"potentialAction\":[{\"@type\":\"SearchAction\",\"target\":{\"@type\":\"EntryPoint\",\"urlTemplate\":\"https:\/\/vosgesinfo.fr\/saintdieinfo\/?s={search_term_string}\"},\"query-input\":\"required name=search_term_string\"}],\"inLanguage\":\"fr-FR\"},{\"@type\":\"Organization\",\"@id\":\"https:\/\/vosgesinfo.fr\/saintdieinfo\/#organization\",\"name\":\"Saint Die Info\",\"url\":\"https:\/\/vosgesinfo.fr\/saintdieinfo\/\",\"logo\":{\"@type\":\"ImageObject\",\"inLanguage\":\"fr-FR\",\"@id\":\"https:\/\/vosgesinfo.fr\/saintdieinfo\/#\/schema\/logo\/image\/\",\"url\":\"https:\/\/vosgesinfo.fr\/app\/uploads\/sites\/4\/2024\/02\/logo-sdi.jpg\",\"contentUrl\":\"https:\/\/vosgesinfo.fr\/app\/uploads\/sites\/4\/2024\/02\/logo-sdi.jpg\",\"width\":600,\"height\":600,\"caption\":\"Saint Die Info\"},\"image\":{\"@id\":\"https:\/\/vosgesinfo.fr\/saintdieinfo\/#\/schema\/logo\/image\/\"},\"sameAs\":[\"https:\/\/www.facebook.com\/Saintdieinfofr\",\"https:\/\/x.com\/VosgesInfo88\",\"https:\/\/www.youtube.com\/@vosgesinfo\"]},{\"@type\":\"Person\",\"@id\":\"https:\/\/vosgesinfo.fr\/saintdieinfo\/#\/schema\/person\/faee6704a21f3977511db84bd1cd450f\",\"name\":\"la r\u00e9daction\",\"image\":{\"@type\":\"ImageObject\",\"inLanguage\":\"fr-FR\",\"@id\":\"https:\/\/vosgesinfo.fr\/saintdieinfo\/#\/schema\/person\/image\/\",\"url\":\"https:\/\/secure.gravatar.com\/avatar\/6673d8bc6a9c17fa9a453eaa3448de834fa308c2ec9635b7aa99441a7c8d2cf6?s=96&d=mm&r=g\",\"contentUrl\":\"https:\/\/secure.gravatar.com\/avatar\/6673d8bc6a9c17fa9a453eaa3448de834fa308c2ec9635b7aa99441a7c8d2cf6?s=96&d=mm&r=g\",\"caption\":\"la r\u00e9daction\"},\"url\":\"https:\/\/vosgesinfo.fr\/saintdieinfo\/author\/redac\/\"}]}<\/script>\n<!-- \/ Yoast SEO plugin. -->","yoast_head_json":{"title":"Vosgelis s\u2019engage dans la lutte contre la pr\u00e9carit\u00e9 menstruelle - Saint Die Info","robots":{"index":"index","follow":"follow","max-snippet":"max-snippet:-1","max-image-preview":"max-image-preview:large","max-video-preview":"max-video-preview:-1"},"canonical":"https:\/\/vosgesinfo.fr\/saintdieinfo\/2022\/02\/vosgelis-sengage-lutte-contre-precarite-menstruelle\/","twitter_card":"summary_large_image","twitter_title":"Vosgelis s\u2019engage dans la lutte contre la pr\u00e9carit\u00e9 menstruelle - Saint Die Info","twitter_description":"Apr\u00e8s avoir offert un accompagnement scolaire en ligne \u00e0 ses locataires, Vosgelis s\u2019attaque d\u00e9sormais au sujet de la pr\u00e9carit\u00e9 menstruelle. [&hellip;]","twitter_image":"https:\/\/vosgesinfo.fr\/app\/uploads\/sites\/4\/2024\/08\/202202vosgelis-sengage-contre-la-precarite-menstruell.jpg","twitter_creator":"@VosgesInfo88","twitter_site":"@VosgesInfo88","twitter_misc":{"\u00c9crit par":"la r\u00e9daction","Dur\u00e9e de lecture estim\u00e9e":"1 minute"},"schema":{"@context":"https:\/\/schema.org","@graph":[{"@type":"Article","@id":"https:\/\/vosgesinfo.fr\/saintdieinfo\/2022\/02\/vosgelis-sengage-lutte-contre-precarite-menstruelle\/#article","isPartOf":{"@id":"https:\/\/vosgesinfo.fr\/saintdieinfo\/2022\/02\/vosgelis-sengage-lutte-contre-precarite-menstruelle\/"},"author":{"name":"la r\u00e9daction","@id":"https:\/\/vosgesinfo.fr\/saintdieinfo\/#\/schema\/person\/faee6704a21f3977511db84bd1cd450f"},"headline":"Vosgelis s\u2019engage dans la lutte contre la pr\u00e9carit\u00e9 menstruelle","datePublished":"2022-02-12T11:37:22+00:00","dateModified":"2022-02-12T11:37:22+00:00","mainEntityOfPage":{"@id":"https:\/\/vosgesinfo.fr\/saintdieinfo\/2022\/02\/vosgelis-sengage-lutte-contre-precarite-menstruelle\/"},"wordCount":175,"commentCount":0,"publisher":{"@id":"https:\/\/vosgesinfo.fr\/saintdieinfo\/#organization"},"image":{"@id":"https:\/\/vosgesinfo.fr\/saintdieinfo\/2022\/02\/vosgelis-sengage-lutte-contre-precarite-menstruelle\/#primaryimage"},"thumbnailUrl":"https:\/\/vosgesinfo.fr\/app\/uploads\/sites\/4\/2024\/08\/202202vosgelis-sengage-contre-la-precarite-menstruell.jpg","keywords":["Bonne Semaine","Pr\u00e9carit\u00e9 menstruelle","Vosgelis"],"articleSection":["A la Une","Soci\u00e9t\u00e9","Solidarit\u00e9","Vosges"],"inLanguage":"fr-FR","potentialAction":[{"@type":"CommentAction","name":"Comment","target":["https:\/\/vosgesinfo.fr\/saintdieinfo\/2022\/02\/vosgelis-sengage-lutte-contre-precarite-menstruelle\/#respond"]}]},{"@type":"WebPage","@id":"https:\/\/vosgesinfo.fr\/saintdieinfo\/2022\/02\/vosgelis-sengage-lutte-contre-precarite-menstruelle\/","url":"https:\/\/vosgesinfo.fr\/saintdieinfo\/2022\/02\/vosgelis-sengage-lutte-contre-precarite-menstruelle\/","name":"Vosgelis s\u2019engage dans la lutte contre la pr\u00e9carit\u00e9 menstruelle - Saint Die Info","isPartOf":{"@id":"https:\/\/vosgesinfo.fr\/saintdieinfo\/#website"},"primaryImageOfPage":{"@id":"https:\/\/vosgesinfo.fr\/saintdieinfo\/2022\/02\/vosgelis-sengage-lutte-contre-precarite-menstruelle\/#primaryimage"},"image":{"@id":"https:\/\/vosgesinfo.fr\/saintdieinfo\/2022\/02\/vosgelis-sengage-lutte-contre-precarite-menstruelle\/#primaryimage"},"thumbnailUrl":"https:\/\/vosgesinfo.fr\/app\/uploads\/sites\/4\/2024\/08\/202202vosgelis-sengage-contre-la-precarite-menstruell.jpg","datePublished":"2022-02-12T11:37:22+00:00","dateModified":"2022-02-12T11:37:22+00:00","breadcrumb":{"@id":"https:\/\/vosgesinfo.fr\/saintdieinfo\/2022\/02\/vosgelis-sengage-lutte-contre-precarite-menstruelle\/#breadcrumb"},"inLanguage":"fr-FR","potentialAction":[{"@type":"ReadAction","target":["https:\/\/vosgesinfo.fr\/saintdieinfo\/2022\/02\/vosgelis-sengage-lutte-contre-precarite-menstruelle\/"]}]},{"@type":"ImageObject","inLanguage":"fr-FR","@id":"https:\/\/vosgesinfo.fr\/saintdieinfo\/2022\/02\/vosgelis-sengage-lutte-contre-precarite-menstruelle\/#primaryimage","url":"https:\/\/vosgesinfo.fr\/app\/uploads\/sites\/4\/2024\/08\/202202vosgelis-sengage-contre-la-precarite-menstruell.jpg","contentUrl":"https:\/\/vosgesinfo.fr\/app\/uploads\/sites\/4\/2024\/08\/202202vosgelis-sengage-contre-la-precarite-menstruell.jpg","width":800,"height":600},{"@type":"BreadcrumbList","@id":"https:\/\/vosgesinfo.fr\/saintdieinfo\/2022\/02\/vosgelis-sengage-lutte-contre-precarite-menstruelle\/#breadcrumb","itemListElement":[{"@type":"ListItem","position":1,"name":"Home","item":"https:\/\/vosgesinfo.fr\/saintdieinfo\/"},{"@type":"ListItem","position":2,"name":"Vosgelis s\u2019engage dans la lutte contre la pr\u00e9carit\u00e9 menstruelle"}]},{"@type":"WebSite","@id":"https:\/\/vosgesinfo.fr\/saintdieinfo\/#website","url":"https:\/\/vosgesinfo.fr\/saintdieinfo\/","name":"Saint Die Info","description":"Toute l&#039;actualit\u00e9 de Saint-Di\u00e9-Des-Vosges","publisher":{"@id":"https:\/\/vosgesinfo.fr\/saintdieinfo\/#organization"},"alternateName":"Toute l'actualit\u00e9 de Saint-Di\u00e9-Des-Vosges","potentialAction":[{"@type":"SearchAction","target":{"@type":"EntryPoint","urlTemplate":"https:\/\/vosgesinfo.fr\/saintdieinfo\/?s={search_term_string}"},"query-input":"required name=search_term_string"}],"inLanguage":"fr-FR"},{"@type":"Organization","@id":"https:\/\/vosgesinfo.fr\/saintdieinfo\/#organization","name":"Saint Die Info","url":"https:\/\/vosgesinfo.fr\/saintdieinfo\/","logo":{"@type":"ImageObject","inLanguage":"fr-FR","@id":"https:\/\/vosgesinfo.fr\/saintdieinfo\/#\/schema\/logo\/image\/","url":"https:\/\/vosgesinfo.fr\/app\/uploads\/sites\/4\/2024\/02\/logo-sdi.jpg","contentUrl":"https:\/\/vosgesinfo.fr\/app\/uploads\/sites\/4\/2024\/02\/logo-sdi.jpg","width":600,"height":600,"caption":"Saint Die Info"},"image":{"@id":"https:\/\/vosgesinfo.fr\/saintdieinfo\/#\/schema\/logo\/image\/"},"sameAs":["https:\/\/www.facebook.com\/Saintdieinfofr","https:\/\/x.com\/VosgesInfo88","https:\/\/www.youtube.com\/@vosgesinfo"]},{"@type":"Person","@id":"https:\/\/vosgesinfo.fr\/saintdieinfo\/#\/schema\/person\/faee6704a21f3977511db84bd1cd450f","name":"la r\u00e9daction","image":{"@type":"ImageObject","inLanguage":"fr-FR","@id":"https:\/\/vosgesinfo.fr\/saintdieinfo\/#\/schema\/person\/image\/","url":"https:\/\/secure.gravatar.com\/avatar\/6673d8bc6a9c17fa9a453eaa3448de834fa308c2ec9635b7aa99441a7c8d2cf6?s=96&d=mm&r=g","contentUrl":"https:\/\/secure.gravatar.com\/avatar\/6673d8bc6a9c17fa9a453eaa3448de834fa308c2ec9635b7aa99441a7c8d2cf6?s=96&d=mm&r=g","caption":"la r\u00e9daction"},"url":"https:\/\/vosgesinfo.fr\/saintdieinfo\/author\/redac\/"}]}},"_links":{"self":[{"href":"https:\/\/vosgesinfo.fr\/saintdieinfo\/wp-json\/wp\/v2\/posts\/46944","targetHints":{"allow":["GET"]}}],"collection":[{"href":"https:\/\/vosgesinfo.fr\/saintdieinfo\/wp-json\/wp\/v2\/posts"}],"about":[{"href":"https:\/\/vosgesinfo.fr\/saintdieinfo\/wp-json\/wp\/v2\/types\/post"}],"author":[{"embeddable":true,"href":"https:\/\/vosgesinfo.fr\/saintdieinfo\/wp-json\/wp\/v2\/users\/44"}],"replies":[{"embeddable":true,"href":"https:\/\/vosgesinfo.fr\/saintdieinfo\/wp-json\/wp\/v2\/comments?post=46944"}],"version-history":[{"count":0,"href":"https:\/\/vosgesinfo.fr\/saintdieinfo\/wp-json\/wp\/v2\/posts\/46944\/revisions"}],"wp:featuredmedia":[{"embeddable":true,"href":"https:\/\/vosgesinfo.fr\/saintdieinfo\/wp-json\/wp\/v2\/media\/46945"}],"wp:attachment":[{"href":"https:\/\/vosgesinfo.fr\/saintdieinfo\/wp-json\/wp\/v2\/media?parent=46944"}],"wp:term":[{"taxonomy":"category","embeddable":true,"href":"https:\/\/vosgesinfo.fr\/saintdieinfo\/wp-json\/wp\/v2\/categories?post=46944"},{"taxonomy":"post_tag","embeddable":true,"href":"https:\/\/vosgesinfo.fr\/saintdieinfo\/wp-json\/wp\/v2\/tags?post=46944"}],"curies":[{"name":"wp","href":"https:\/\/api.w.org\/{rel}","templated":true}]}}