{"id":46948,"date":"2022-02-12T16:14:47","date_gmt":"2022-02-12T15:14:47","guid":{"rendered":"https:\/\/vosgesinfo.fr\/saintdieinfo\/2022\/02\/incendies-a-boulangerie-pinot-on-a-releve-tete-meme-ca-reste-blessure\/"},"modified":"2022-02-12T16:14:47","modified_gmt":"2022-02-12T15:14:47","slug":"incendies-a-boulangerie-pinot-on-a-releve-tete-meme-ca-reste-blessure","status":"publish","type":"post","link":"https:\/\/vosgesinfo.fr\/saintdieinfo\/2022\/02\/incendies-a-boulangerie-pinot-on-a-releve-tete-meme-ca-reste-blessure\/","title":{"rendered":"Incendies \u00e0 la boulangerie Pinot : \u00ab On a relev\u00e9 la t\u00eate, m\u00eame si \u00e7a reste une blessure \u00bb"},"content":{"rendered":"<div id=\"attachment_178701\" style=\"width: 982px\" class=\"wp-caption aligncenter\"><a href=\"\/2022\/02\/P12808621.jpg\" target=\"_blank\" rel=\"noopener\"><img decoding=\"async\" aria-describedby=\"caption-attachment-178701\" class=\"wp-image-178701 size-full\" src=\"\/2022\/02\/P12808621.jpg\" alt=\"P12808621\" width=\"972\" height=\"710\" \/><\/a><p id=\"caption-attachment-178701\" class=\"wp-caption-text\">(Illustration)<\/p><\/div>\n<h2 align=\"left\"><strong><span style=\"font-size: 14pt;\">En 2016 et 2017, la boulangerie Pinot de La Bresse a \u00e9t\u00e9 victime d\u2019une s\u00e9rie d\u2019incendies. Depuis, la lumi\u00e8re n\u2019a pas encore \u00e9t\u00e9 faites sur ces \u00e9v\u00e9nements. Ce jeudi, au tribunal d\u2019\u00c9pinal, trois suspects ont \u00e9t\u00e9 relax\u00e9s. Une d\u00e9cision difficile \u00e0 encaisser pour les victimes. <\/span><\/strong><\/h2>\n<p><!--more--><\/p>\n<p align=\"left\">\u00ab\u00a0\u00c7a reste amer pour nous\u00a0\u00bb, affirme S\u00e9bastien Pinot, patron des boulangeries du m\u00eame nom. \u00ab\u00a0Il y a des \u00e9l\u00e9ments de l\u2019enqu\u00eate qui restent troublants et qui restent sans r\u00e9ponse\u00a0\u00bb. L\u2019entrepreneur voit dans la relaxe prononc\u00e9e un \u00e9chec de l\u2019institution judiciaire \u00e0 faire \u00e9merger la v\u00e9rit\u00e9. \u00ab\u00a0C\u2019est les victimes qui subissent, malgr\u00e9 tout\u00a0\u00bb.<\/p>\n<p align=\"left\">La suite de l&rsquo;article : <a href=\"https:\/\/remiremontinfo.fr\/2022\/02\/incendies-a-boulangerie-pinot-on-a-releve-tete-meme-ca-reste-blessure\/\" target=\"_blank\" rel=\"noopener\">https:\/\/remiremontinfo.fr\/2022\/02\/incendies-a-boulangerie-pinot-on-a-releve-tete-meme-ca-reste-blessure\/<\/a><\/p>\n","protected":false},"excerpt":{"rendered":"<p>En 2016 et 2017, la boulangerie Pinot de La Bresse a \u00e9t\u00e9 victime d\u2019une s\u00e9rie d\u2019incendies. Depuis, la lumi\u00e8re n\u2019a [&hellip;]<\/p>\n","protected":false},"author":44,"featured_media":46949,"comment_status":"open","ping_status":"open","sticky":false,"template":"","format":"standard","meta":{"footnotes":""},"categories":[460,2924,18],"tags":[6073,10279,159,490],"class_list":["post-46948","post","type-post","status-publish","format-standard","has-post-thumbnail","hentry","category-a-la-une","category-fait-divers","category-vosges","tag-boulangerie-pinot","tag-incendies-de-la-boulangerie-pinot","tag-la-bresse","tag-tribunal-depinal"],"acf":[],"yoast_head":"<!-- This site is optimized with the Yoast SEO plugin v22.5 - https:\/\/yoast.com\/wordpress\/plugins\/seo\/ -->\n<title>Incendies \u00e0 la boulangerie Pinot : \u00ab On a relev\u00e9 la t\u00eate, m\u00eame si \u00e7a reste une blessure \u00bb - Saint Die Info<\/title>\n<meta name=\"robots\" content=\"index, follow, max-snippet:-1, max-image-preview:large, max-video-preview:-1\" \/>\n<link rel=\"canonical\" href=\"https:\/\/vosgesinfo.fr\/saintdieinfo\/2022\/02\/incendies-a-boulangerie-pinot-on-a-releve-tete-meme-ca-reste-blessure\/\" \/>\n<meta name=\"twitter:card\" content=\"summary_large_image\" \/>\n<meta name=\"twitter:title\" content=\"Incendies \u00e0 la boulangerie Pinot : \u00ab On a relev\u00e9 la t\u00eate, m\u00eame si \u00e7a reste une blessure \u00bb - Saint Die Info\" \/>\n<meta name=\"twitter:description\" content=\"En 2016 et 2017, la boulangerie Pinot de La Bresse a \u00e9t\u00e9 victime d\u2019une s\u00e9rie d\u2019incendies. Depuis, la lumi\u00e8re n\u2019a [&hellip;]\" \/>\n<meta name=\"twitter:image\" content=\"https:\/\/vosgesinfo.fr\/app\/uploads\/sites\/4\/2024\/08\/202202p12808621.jpg\" \/>\n<meta name=\"twitter:creator\" content=\"@VosgesInfo88\" \/>\n<meta name=\"twitter:site\" content=\"@VosgesInfo88\" \/>\n<meta name=\"twitter:label1\" content=\"\u00c9crit par\" \/>\n\t<meta name=\"twitter:data1\" content=\"la r\u00e9daction\" \/>\n\t<meta name=\"twitter:label2\" content=\"Dur\u00e9e de lecture estim\u00e9e\" \/>\n\t<meta name=\"twitter:data2\" content=\"1 minute\" \/>\n<script type=\"application\/ld+json\" class=\"yoast-schema-graph\">{\"@context\":\"https:\/\/schema.org\",\"@graph\":[{\"@type\":\"Article\",\"@id\":\"https:\/\/vosgesinfo.fr\/saintdieinfo\/2022\/02\/incendies-a-boulangerie-pinot-on-a-releve-tete-meme-ca-reste-blessure\/#article\",\"isPartOf\":{\"@id\":\"https:\/\/vosgesinfo.fr\/saintdieinfo\/2022\/02\/incendies-a-boulangerie-pinot-on-a-releve-tete-meme-ca-reste-blessure\/\"},\"author\":{\"name\":\"la r\u00e9daction\",\"@id\":\"https:\/\/vosgesinfo.fr\/saintdieinfo\/#\/schema\/person\/faee6704a21f3977511db84bd1cd450f\"},\"headline\":\"Incendies \u00e0 la boulangerie Pinot : \u00ab On a relev\u00e9 la t\u00eate, m\u00eame si \u00e7a reste une blessure \u00bb\",\"datePublished\":\"2022-02-12T15:14:47+00:00\",\"dateModified\":\"2022-02-12T15:14:47+00:00\",\"mainEntityOfPage\":{\"@id\":\"https:\/\/vosgesinfo.fr\/saintdieinfo\/2022\/02\/incendies-a-boulangerie-pinot-on-a-releve-tete-meme-ca-reste-blessure\/\"},\"wordCount\":147,\"commentCount\":0,\"publisher\":{\"@id\":\"https:\/\/vosgesinfo.fr\/saintdieinfo\/#organization\"},\"image\":{\"@id\":\"https:\/\/vosgesinfo.fr\/saintdieinfo\/2022\/02\/incendies-a-boulangerie-pinot-on-a-releve-tete-meme-ca-reste-blessure\/#primaryimage\"},\"thumbnailUrl\":\"https:\/\/vosgesinfo.fr\/app\/uploads\/sites\/4\/2024\/08\/202202p12808621.jpg\",\"keywords\":[\"Boulangerie Pinot\",\"Incendies de la boulangerie Pinot\",\"La Bresse\",\"tribunal d'Epinal\"],\"articleSection\":[\"A la Une\",\"Fait Divers\",\"Vosges\"],\"inLanguage\":\"fr-FR\",\"potentialAction\":[{\"@type\":\"CommentAction\",\"name\":\"Comment\",\"target\":[\"https:\/\/vosgesinfo.fr\/saintdieinfo\/2022\/02\/incendies-a-boulangerie-pinot-on-a-releve-tete-meme-ca-reste-blessure\/#respond\"]}]},{\"@type\":\"WebPage\",\"@id\":\"https:\/\/vosgesinfo.fr\/saintdieinfo\/2022\/02\/incendies-a-boulangerie-pinot-on-a-releve-tete-meme-ca-reste-blessure\/\",\"url\":\"https:\/\/vosgesinfo.fr\/saintdieinfo\/2022\/02\/incendies-a-boulangerie-pinot-on-a-releve-tete-meme-ca-reste-blessure\/\",\"name\":\"Incendies \u00e0 la boulangerie Pinot : \u00ab On a relev\u00e9 la t\u00eate, m\u00eame si \u00e7a reste une blessure \u00bb - Saint Die Info\",\"isPartOf\":{\"@id\":\"https:\/\/vosgesinfo.fr\/saintdieinfo\/#website\"},\"primaryImageOfPage\":{\"@id\":\"https:\/\/vosgesinfo.fr\/saintdieinfo\/2022\/02\/incendies-a-boulangerie-pinot-on-a-releve-tete-meme-ca-reste-blessure\/#primaryimage\"},\"image\":{\"@id\":\"https:\/\/vosgesinfo.fr\/saintdieinfo\/2022\/02\/incendies-a-boulangerie-pinot-on-a-releve-tete-meme-ca-reste-blessure\/#primaryimage\"},\"thumbnailUrl\":\"https:\/\/vosgesinfo.fr\/app\/uploads\/sites\/4\/2024\/08\/202202p12808621.jpg\",\"datePublished\":\"2022-02-12T15:14:47+00:00\",\"dateModified\":\"2022-02-12T15:14:47+00:00\",\"breadcrumb\":{\"@id\":\"https:\/\/vosgesinfo.fr\/saintdieinfo\/2022\/02\/incendies-a-boulangerie-pinot-on-a-releve-tete-meme-ca-reste-blessure\/#breadcrumb\"},\"inLanguage\":\"fr-FR\",\"potentialAction\":[{\"@type\":\"ReadAction\",\"target\":[\"https:\/\/vosgesinfo.fr\/saintdieinfo\/2022\/02\/incendies-a-boulangerie-pinot-on-a-releve-tete-meme-ca-reste-blessure\/\"]}]},{\"@type\":\"ImageObject\",\"inLanguage\":\"fr-FR\",\"@id\":\"https:\/\/vosgesinfo.fr\/saintdieinfo\/2022\/02\/incendies-a-boulangerie-pinot-on-a-releve-tete-meme-ca-reste-blessure\/#primaryimage\",\"url\":\"https:\/\/vosgesinfo.fr\/app\/uploads\/sites\/4\/2024\/08\/202202p12808621.jpg\",\"contentUrl\":\"https:\/\/vosgesinfo.fr\/app\/uploads\/sites\/4\/2024\/08\/202202p12808621.jpg\",\"width\":972,\"height\":710},{\"@type\":\"BreadcrumbList\",\"@id\":\"https:\/\/vosgesinfo.fr\/saintdieinfo\/2022\/02\/incendies-a-boulangerie-pinot-on-a-releve-tete-meme-ca-reste-blessure\/#breadcrumb\",\"itemListElement\":[{\"@type\":\"ListItem\",\"position\":1,\"name\":\"Home\",\"item\":\"https:\/\/vosgesinfo.fr\/saintdieinfo\/\"},{\"@type\":\"ListItem\",\"position\":2,\"name\":\"Incendies \u00e0 la boulangerie Pinot : \u00ab On a relev\u00e9 la t\u00eate, m\u00eame si \u00e7a reste une blessure \u00bb\"}]},{\"@type\":\"WebSite\",\"@id\":\"https:\/\/vosgesinfo.fr\/saintdieinfo\/#website\",\"url\":\"https:\/\/vosgesinfo.fr\/saintdieinfo\/\",\"name\":\"Saint Die Info\",\"description\":\"Toute l&#039;actualit\u00e9 de Saint-Di\u00e9-Des-Vosges\",\"publisher\":{\"@id\":\"https:\/\/vosgesinfo.fr\/saintdieinfo\/#organization\"},\"alternateName\":\"Toute l'actualit\u00e9 de Saint-Di\u00e9-Des-Vosges\",\"potentialAction\":[{\"@type\":\"SearchAction\",\"target\":{\"@type\":\"EntryPoint\",\"urlTemplate\":\"https:\/\/vosgesinfo.fr\/saintdieinfo\/?s={search_term_string}\"},\"query-input\":\"required name=search_term_string\"}],\"inLanguage\":\"fr-FR\"},{\"@type\":\"Organization\",\"@id\":\"https:\/\/vosgesinfo.fr\/saintdieinfo\/#organization\",\"name\":\"Saint Die Info\",\"url\":\"https:\/\/vosgesinfo.fr\/saintdieinfo\/\",\"logo\":{\"@type\":\"ImageObject\",\"inLanguage\":\"fr-FR\",\"@id\":\"https:\/\/vosgesinfo.fr\/saintdieinfo\/#\/schema\/logo\/image\/\",\"url\":\"https:\/\/vosgesinfo.fr\/app\/uploads\/sites\/4\/2024\/02\/logo-sdi.jpg\",\"contentUrl\":\"https:\/\/vosgesinfo.fr\/app\/uploads\/sites\/4\/2024\/02\/logo-sdi.jpg\",\"width\":600,\"height\":600,\"caption\":\"Saint Die Info\"},\"image\":{\"@id\":\"https:\/\/vosgesinfo.fr\/saintdieinfo\/#\/schema\/logo\/image\/\"},\"sameAs\":[\"https:\/\/www.facebook.com\/Saintdieinfofr\",\"https:\/\/x.com\/VosgesInfo88\",\"https:\/\/www.youtube.com\/@vosgesinfo\"]},{\"@type\":\"Person\",\"@id\":\"https:\/\/vosgesinfo.fr\/saintdieinfo\/#\/schema\/person\/faee6704a21f3977511db84bd1cd450f\",\"name\":\"la r\u00e9daction\",\"image\":{\"@type\":\"ImageObject\",\"inLanguage\":\"fr-FR\",\"@id\":\"https:\/\/vosgesinfo.fr\/saintdieinfo\/#\/schema\/person\/image\/\",\"url\":\"https:\/\/secure.gravatar.com\/avatar\/6673d8bc6a9c17fa9a453eaa3448de834fa308c2ec9635b7aa99441a7c8d2cf6?s=96&d=mm&r=g\",\"contentUrl\":\"https:\/\/secure.gravatar.com\/avatar\/6673d8bc6a9c17fa9a453eaa3448de834fa308c2ec9635b7aa99441a7c8d2cf6?s=96&d=mm&r=g\",\"caption\":\"la r\u00e9daction\"},\"url\":\"https:\/\/vosgesinfo.fr\/saintdieinfo\/author\/redac\/\"}]}<\/script>\n<!-- \/ Yoast SEO plugin. -->","yoast_head_json":{"title":"Incendies \u00e0 la boulangerie Pinot : \u00ab On a relev\u00e9 la t\u00eate, m\u00eame si \u00e7a reste une blessure \u00bb - Saint Die Info","robots":{"index":"index","follow":"follow","max-snippet":"max-snippet:-1","max-image-preview":"max-image-preview:large","max-video-preview":"max-video-preview:-1"},"canonical":"https:\/\/vosgesinfo.fr\/saintdieinfo\/2022\/02\/incendies-a-boulangerie-pinot-on-a-releve-tete-meme-ca-reste-blessure\/","twitter_card":"summary_large_image","twitter_title":"Incendies \u00e0 la boulangerie Pinot : \u00ab On a relev\u00e9 la t\u00eate, m\u00eame si \u00e7a reste une blessure \u00bb - Saint Die Info","twitter_description":"En 2016 et 2017, la boulangerie Pinot de La Bresse a \u00e9t\u00e9 victime d\u2019une s\u00e9rie d\u2019incendies. Depuis, la lumi\u00e8re n\u2019a [&hellip;]","twitter_image":"https:\/\/vosgesinfo.fr\/app\/uploads\/sites\/4\/2024\/08\/202202p12808621.jpg","twitter_creator":"@VosgesInfo88","twitter_site":"@VosgesInfo88","twitter_misc":{"\u00c9crit par":"la r\u00e9daction","Dur\u00e9e de lecture estim\u00e9e":"1 minute"},"schema":{"@context":"https:\/\/schema.org","@graph":[{"@type":"Article","@id":"https:\/\/vosgesinfo.fr\/saintdieinfo\/2022\/02\/incendies-a-boulangerie-pinot-on-a-releve-tete-meme-ca-reste-blessure\/#article","isPartOf":{"@id":"https:\/\/vosgesinfo.fr\/saintdieinfo\/2022\/02\/incendies-a-boulangerie-pinot-on-a-releve-tete-meme-ca-reste-blessure\/"},"author":{"name":"la r\u00e9daction","@id":"https:\/\/vosgesinfo.fr\/saintdieinfo\/#\/schema\/person\/faee6704a21f3977511db84bd1cd450f"},"headline":"Incendies \u00e0 la boulangerie Pinot : \u00ab On a relev\u00e9 la t\u00eate, m\u00eame si \u00e7a reste une blessure \u00bb","datePublished":"2022-02-12T15:14:47+00:00","dateModified":"2022-02-12T15:14:47+00:00","mainEntityOfPage":{"@id":"https:\/\/vosgesinfo.fr\/saintdieinfo\/2022\/02\/incendies-a-boulangerie-pinot-on-a-releve-tete-meme-ca-reste-blessure\/"},"wordCount":147,"commentCount":0,"publisher":{"@id":"https:\/\/vosgesinfo.fr\/saintdieinfo\/#organization"},"image":{"@id":"https:\/\/vosgesinfo.fr\/saintdieinfo\/2022\/02\/incendies-a-boulangerie-pinot-on-a-releve-tete-meme-ca-reste-blessure\/#primaryimage"},"thumbnailUrl":"https:\/\/vosgesinfo.fr\/app\/uploads\/sites\/4\/2024\/08\/202202p12808621.jpg","keywords":["Boulangerie Pinot","Incendies de la boulangerie Pinot","La Bresse","tribunal d'Epinal"],"articleSection":["A la Une","Fait Divers","Vosges"],"inLanguage":"fr-FR","potentialAction":[{"@type":"CommentAction","name":"Comment","target":["https:\/\/vosgesinfo.fr\/saintdieinfo\/2022\/02\/incendies-a-boulangerie-pinot-on-a-releve-tete-meme-ca-reste-blessure\/#respond"]}]},{"@type":"WebPage","@id":"https:\/\/vosgesinfo.fr\/saintdieinfo\/2022\/02\/incendies-a-boulangerie-pinot-on-a-releve-tete-meme-ca-reste-blessure\/","url":"https:\/\/vosgesinfo.fr\/saintdieinfo\/2022\/02\/incendies-a-boulangerie-pinot-on-a-releve-tete-meme-ca-reste-blessure\/","name":"Incendies \u00e0 la boulangerie Pinot : \u00ab On a relev\u00e9 la t\u00eate, m\u00eame si \u00e7a reste une blessure \u00bb - Saint Die Info","isPartOf":{"@id":"https:\/\/vosgesinfo.fr\/saintdieinfo\/#website"},"primaryImageOfPage":{"@id":"https:\/\/vosgesinfo.fr\/saintdieinfo\/2022\/02\/incendies-a-boulangerie-pinot-on-a-releve-tete-meme-ca-reste-blessure\/#primaryimage"},"image":{"@id":"https:\/\/vosgesinfo.fr\/saintdieinfo\/2022\/02\/incendies-a-boulangerie-pinot-on-a-releve-tete-meme-ca-reste-blessure\/#primaryimage"},"thumbnailUrl":"https:\/\/vosgesinfo.fr\/app\/uploads\/sites\/4\/2024\/08\/202202p12808621.jpg","datePublished":"2022-02-12T15:14:47+00:00","dateModified":"2022-02-12T15:14:47+00:00","breadcrumb":{"@id":"https:\/\/vosgesinfo.fr\/saintdieinfo\/2022\/02\/incendies-a-boulangerie-pinot-on-a-releve-tete-meme-ca-reste-blessure\/#breadcrumb"},"inLanguage":"fr-FR","potentialAction":[{"@type":"ReadAction","target":["https:\/\/vosgesinfo.fr\/saintdieinfo\/2022\/02\/incendies-a-boulangerie-pinot-on-a-releve-tete-meme-ca-reste-blessure\/"]}]},{"@type":"ImageObject","inLanguage":"fr-FR","@id":"https:\/\/vosgesinfo.fr\/saintdieinfo\/2022\/02\/incendies-a-boulangerie-pinot-on-a-releve-tete-meme-ca-reste-blessure\/#primaryimage","url":"https:\/\/vosgesinfo.fr\/app\/uploads\/sites\/4\/2024\/08\/202202p12808621.jpg","contentUrl":"https:\/\/vosgesinfo.fr\/app\/uploads\/sites\/4\/2024\/08\/202202p12808621.jpg","width":972,"height":710},{"@type":"BreadcrumbList","@id":"https:\/\/vosgesinfo.fr\/saintdieinfo\/2022\/02\/incendies-a-boulangerie-pinot-on-a-releve-tete-meme-ca-reste-blessure\/#breadcrumb","itemListElement":[{"@type":"ListItem","position":1,"name":"Home","item":"https:\/\/vosgesinfo.fr\/saintdieinfo\/"},{"@type":"ListItem","position":2,"name":"Incendies \u00e0 la boulangerie Pinot : \u00ab On a relev\u00e9 la t\u00eate, m\u00eame si \u00e7a reste une blessure \u00bb"}]},{"@type":"WebSite","@id":"https:\/\/vosgesinfo.fr\/saintdieinfo\/#website","url":"https:\/\/vosgesinfo.fr\/saintdieinfo\/","name":"Saint Die Info","description":"Toute l&#039;actualit\u00e9 de Saint-Di\u00e9-Des-Vosges","publisher":{"@id":"https:\/\/vosgesinfo.fr\/saintdieinfo\/#organization"},"alternateName":"Toute l'actualit\u00e9 de Saint-Di\u00e9-Des-Vosges","potentialAction":[{"@type":"SearchAction","target":{"@type":"EntryPoint","urlTemplate":"https:\/\/vosgesinfo.fr\/saintdieinfo\/?s={search_term_string}"},"query-input":"required name=search_term_string"}],"inLanguage":"fr-FR"},{"@type":"Organization","@id":"https:\/\/vosgesinfo.fr\/saintdieinfo\/#organization","name":"Saint Die Info","url":"https:\/\/vosgesinfo.fr\/saintdieinfo\/","logo":{"@type":"ImageObject","inLanguage":"fr-FR","@id":"https:\/\/vosgesinfo.fr\/saintdieinfo\/#\/schema\/logo\/image\/","url":"https:\/\/vosgesinfo.fr\/app\/uploads\/sites\/4\/2024\/02\/logo-sdi.jpg","contentUrl":"https:\/\/vosgesinfo.fr\/app\/uploads\/sites\/4\/2024\/02\/logo-sdi.jpg","width":600,"height":600,"caption":"Saint Die Info"},"image":{"@id":"https:\/\/vosgesinfo.fr\/saintdieinfo\/#\/schema\/logo\/image\/"},"sameAs":["https:\/\/www.facebook.com\/Saintdieinfofr","https:\/\/x.com\/VosgesInfo88","https:\/\/www.youtube.com\/@vosgesinfo"]},{"@type":"Person","@id":"https:\/\/vosgesinfo.fr\/saintdieinfo\/#\/schema\/person\/faee6704a21f3977511db84bd1cd450f","name":"la r\u00e9daction","image":{"@type":"ImageObject","inLanguage":"fr-FR","@id":"https:\/\/vosgesinfo.fr\/saintdieinfo\/#\/schema\/person\/image\/","url":"https:\/\/secure.gravatar.com\/avatar\/6673d8bc6a9c17fa9a453eaa3448de834fa308c2ec9635b7aa99441a7c8d2cf6?s=96&d=mm&r=g","contentUrl":"https:\/\/secure.gravatar.com\/avatar\/6673d8bc6a9c17fa9a453eaa3448de834fa308c2ec9635b7aa99441a7c8d2cf6?s=96&d=mm&r=g","caption":"la r\u00e9daction"},"url":"https:\/\/vosgesinfo.fr\/saintdieinfo\/author\/redac\/"}]}},"_links":{"self":[{"href":"https:\/\/vosgesinfo.fr\/saintdieinfo\/wp-json\/wp\/v2\/posts\/46948","targetHints":{"allow":["GET"]}}],"collection":[{"href":"https:\/\/vosgesinfo.fr\/saintdieinfo\/wp-json\/wp\/v2\/posts"}],"about":[{"href":"https:\/\/vosgesinfo.fr\/saintdieinfo\/wp-json\/wp\/v2\/types\/post"}],"author":[{"embeddable":true,"href":"https:\/\/vosgesinfo.fr\/saintdieinfo\/wp-json\/wp\/v2\/users\/44"}],"replies":[{"embeddable":true,"href":"https:\/\/vosgesinfo.fr\/saintdieinfo\/wp-json\/wp\/v2\/comments?post=46948"}],"version-history":[{"count":0,"href":"https:\/\/vosgesinfo.fr\/saintdieinfo\/wp-json\/wp\/v2\/posts\/46948\/revisions"}],"wp:featuredmedia":[{"embeddable":true,"href":"https:\/\/vosgesinfo.fr\/saintdieinfo\/wp-json\/wp\/v2\/media\/46949"}],"wp:attachment":[{"href":"https:\/\/vosgesinfo.fr\/saintdieinfo\/wp-json\/wp\/v2\/media?parent=46948"}],"wp:term":[{"taxonomy":"category","embeddable":true,"href":"https:\/\/vosgesinfo.fr\/saintdieinfo\/wp-json\/wp\/v2\/categories?post=46948"},{"taxonomy":"post_tag","embeddable":true,"href":"https:\/\/vosgesinfo.fr\/saintdieinfo\/wp-json\/wp\/v2\/tags?post=46948"}],"curies":[{"name":"wp","href":"https:\/\/api.w.org\/{rel}","templated":true}]}}