{"id":47835,"date":"2022-03-11T12:19:31","date_gmt":"2022-03-11T11:19:31","guid":{"rendered":"https:\/\/vosgesinfo.fr\/saintdieinfo\/2022\/03\/cgt-tient-bureau-dembauches-ephemere-a-gare-sncf-deodatienne\/"},"modified":"2022-03-11T12:19:31","modified_gmt":"2022-03-11T11:19:31","slug":"cgt-tient-bureau-dembauches-ephemere-a-gare-sncf-deodatienne","status":"publish","type":"post","link":"https:\/\/vosgesinfo.fr\/saintdieinfo\/2022\/03\/cgt-tient-bureau-dembauches-ephemere-a-gare-sncf-deodatienne\/","title":{"rendered":"La CGT tient un bureau d&#8217;embauches \u00e9ph\u00e9m\u00e8re \u00e0 la gare SNCF d\u00e9odatienne"},"content":{"rendered":"\n<h2><strong><span style=\"font-size: 14pt;\">De 9h \u00e0 15h ce vendredi, le syndicat cheminots CGT de Saint-Di\u00e9-des-Vosges tient un bureau d&#8217;embauches \u00e9ph\u00e9m\u00e8res dans le hall de la gare SNCF d\u00e9odatienne.<\/span><\/strong><\/h2>\n<p><!--more--><\/p>\n<p>L&rsquo;id\u00e9e derri\u00e8re cette action ponctuelle\u00a0<em>? \u00ab\u00a0Aider la SNCF \u00e0 recruter, car on nous dit que l&rsquo;entreprise a du mal \u00e0 recruter. On nous a dit qu&rsquo;on ne trouvait personne \u00e0 embaucher sur le secteur de Saint-Di\u00e9-des-Vosges, alors on recueille les CV et lettres de motivation de celles et ceux qui voudraient int\u00e9grer la SNCF. Et puis on mise tout sur internet aujourd&rsquo;hui, mais nous estimons que la pr\u00e9sence en gare est importante, pour rencontrer et discuter avec les gens\u00a0\u00bb<\/em> explique R\u00e9my G\u00e9hin, secr\u00e9taire de la section locale des cheminots CGT.<\/p>\n<p>Selon ce dernier, les candidats pour rejoindre la SNCF ne manquent pourtant pas. <em>\u00ab\u00a0Je peine \u00e0 croire que les personnes emploi ne sont pas int\u00e9ress\u00e9es pour rejoindre l&rsquo;entreprise. En m\u00eame pas 2 heures, on a d\u00e9j\u00e0 recueilli pas mal de CV et lettres de motivation. Parmi ces candidatures, il y a des personnes qui ont des profils et des dipl\u00f4mes qui correspondent au domaine du ferroviaire. Et ce sont des gens qui habitent dans le coin. Certaines de ces personnes nous ont dit qu&rsquo;elles avaient postul\u00e9 sur le site de la SNCF, mais elles n&rsquo;ont pas eu de r\u00e9ponse.\u00a0\u00bb<\/em><\/p>\n<p>Les cheminots CGT de Saint-Di\u00e9-des-Vosges estiment que la r\u00e9cente r\u00e9ouverture de la ligne Epinal \u2013 Saint-Di\u00e9-des-Vosges \u2013 Strasbourg n\u00e9cessite <em>\u00ab\u00a0un renforcement de la politique d&#8217;embauches. Si il n&rsquo;y a pas de recrutements, alors des guichets resteront ferm\u00e9s et des trains seront supprim\u00e9s car pas bien maintenus. Si on veut davantage d&rsquo;agents SNCF, c&rsquo;est pour que le service ferroviaire soit assur\u00e9.\u00a0\u00bb<\/em><\/p>\n<p>L&rsquo;ensemble des CV et lettres de motivation recueillis aujourd&rsquo;hui par le syndicat seront ensuite envoy\u00e9s au responsable des Ressources Humaines de la SNCF. <em>\u00ab\u00a0La CGT a r\u00e9cemment tenu un bureau d&#8217;embauches \u00e9ph\u00e9m\u00e8re \u00e0 Ch\u00e2lons-en-Champagne, o\u00f9 plus de 100 candidatures ont \u00e9t\u00e9 d\u00e9pos\u00e9es\u00a0\u00bb<\/em> pr\u00e9cise R\u00e9my G\u00e9hin en guise de conclusion.<\/p>\n<p>J.J.<\/p>\n","protected":false},"excerpt":{"rendered":"<p>De 9h \u00e0 15h ce vendredi, le syndicat cheminots CGT de Saint-Di\u00e9-des-Vosges tient un bureau d&#8217;embauches \u00e9ph\u00e9m\u00e8res dans le hall [&hellip;]<\/p>\n","protected":false},"author":44,"featured_media":47836,"comment_status":"open","ping_status":"open","sticky":false,"template":"","format":"standard","meta":{"footnotes":""},"categories":[460,10,2915],"tags":[136,3552,394,10592],"class_list":["post-47835","post","type-post","status-publish","format-standard","has-post-thumbnail","hentry","category-a-la-une","category-politique","category-saint-die-son-canton","tag-cgt","tag-gare-sncf-de-saint-die-des-vosges","tag-sncf","tag-syndicat-cgt-cheminots-de-saint-die-des-vosges"],"acf":[],"yoast_head":"<!-- This site is optimized with the Yoast SEO plugin v22.5 - https:\/\/yoast.com\/wordpress\/plugins\/seo\/ -->\n<title>La CGT tient un bureau d&#039;embauches \u00e9ph\u00e9m\u00e8re \u00e0 la gare SNCF d\u00e9odatienne - Saint Die Info<\/title>\n<meta name=\"robots\" content=\"index, follow, max-snippet:-1, max-image-preview:large, max-video-preview:-1\" \/>\n<link rel=\"canonical\" href=\"https:\/\/vosgesinfo.fr\/saintdieinfo\/2022\/03\/cgt-tient-bureau-dembauches-ephemere-a-gare-sncf-deodatienne\/\" \/>\n<meta name=\"twitter:card\" content=\"summary_large_image\" \/>\n<meta name=\"twitter:title\" content=\"La CGT tient un bureau d&#039;embauches \u00e9ph\u00e9m\u00e8re \u00e0 la gare SNCF d\u00e9odatienne - Saint Die Info\" \/>\n<meta name=\"twitter:description\" content=\"De 9h \u00e0 15h ce vendredi, le syndicat cheminots CGT de Saint-Di\u00e9-des-Vosges tient un bureau d&#8217;embauches \u00e9ph\u00e9m\u00e8res dans le hall [&hellip;]\" \/>\n<meta name=\"twitter:image\" content=\"https:\/\/vosgesinfo.fr\/app\/uploads\/sites\/4\/2024\/08\/202203cgt-cheminots-embauches-sncf-2.jpg\" \/>\n<meta name=\"twitter:creator\" content=\"@VosgesInfo88\" \/>\n<meta name=\"twitter:site\" content=\"@VosgesInfo88\" \/>\n<meta name=\"twitter:label1\" content=\"\u00c9crit par\" \/>\n\t<meta name=\"twitter:data1\" content=\"la r\u00e9daction\" \/>\n\t<meta name=\"twitter:label2\" content=\"Dur\u00e9e de lecture estim\u00e9e\" \/>\n\t<meta name=\"twitter:data2\" content=\"2 minutes\" \/>\n<script type=\"application\/ld+json\" class=\"yoast-schema-graph\">{\"@context\":\"https:\/\/schema.org\",\"@graph\":[{\"@type\":\"Article\",\"@id\":\"https:\/\/vosgesinfo.fr\/saintdieinfo\/2022\/03\/cgt-tient-bureau-dembauches-ephemere-a-gare-sncf-deodatienne\/#article\",\"isPartOf\":{\"@id\":\"https:\/\/vosgesinfo.fr\/saintdieinfo\/2022\/03\/cgt-tient-bureau-dembauches-ephemere-a-gare-sncf-deodatienne\/\"},\"author\":{\"name\":\"la r\u00e9daction\",\"@id\":\"https:\/\/vosgesinfo.fr\/saintdieinfo\/#\/schema\/person\/faee6704a21f3977511db84bd1cd450f\"},\"headline\":\"La CGT tient un bureau d&#8217;embauches \u00e9ph\u00e9m\u00e8re \u00e0 la gare SNCF d\u00e9odatienne\",\"datePublished\":\"2022-03-11T11:19:31+00:00\",\"dateModified\":\"2022-03-11T11:19:31+00:00\",\"mainEntityOfPage\":{\"@id\":\"https:\/\/vosgesinfo.fr\/saintdieinfo\/2022\/03\/cgt-tient-bureau-dembauches-ephemere-a-gare-sncf-deodatienne\/\"},\"wordCount\":386,\"commentCount\":0,\"publisher\":{\"@id\":\"https:\/\/vosgesinfo.fr\/saintdieinfo\/#organization\"},\"image\":{\"@id\":\"https:\/\/vosgesinfo.fr\/saintdieinfo\/2022\/03\/cgt-tient-bureau-dembauches-ephemere-a-gare-sncf-deodatienne\/#primaryimage\"},\"thumbnailUrl\":\"https:\/\/vosgesinfo.fr\/app\/uploads\/sites\/4\/2024\/08\/202203cgt-cheminots-embauches-sncf-2.jpg\",\"keywords\":[\"CGT\",\"Gare SNCF de Saint-Di\u00e9-des-Vosges\",\"sncf\",\"Syndicat CGT Cheminots de Saint-Di\u00e9-des-Vosges\"],\"articleSection\":[\"A la Une\",\"Politique\",\"Saint-Di\u00e9-des-Vosges et son Agglom\u00e9ration\"],\"inLanguage\":\"fr-FR\",\"potentialAction\":[{\"@type\":\"CommentAction\",\"name\":\"Comment\",\"target\":[\"https:\/\/vosgesinfo.fr\/saintdieinfo\/2022\/03\/cgt-tient-bureau-dembauches-ephemere-a-gare-sncf-deodatienne\/#respond\"]}]},{\"@type\":\"WebPage\",\"@id\":\"https:\/\/vosgesinfo.fr\/saintdieinfo\/2022\/03\/cgt-tient-bureau-dembauches-ephemere-a-gare-sncf-deodatienne\/\",\"url\":\"https:\/\/vosgesinfo.fr\/saintdieinfo\/2022\/03\/cgt-tient-bureau-dembauches-ephemere-a-gare-sncf-deodatienne\/\",\"name\":\"La CGT tient un bureau d'embauches \u00e9ph\u00e9m\u00e8re \u00e0 la gare SNCF d\u00e9odatienne - Saint Die Info\",\"isPartOf\":{\"@id\":\"https:\/\/vosgesinfo.fr\/saintdieinfo\/#website\"},\"primaryImageOfPage\":{\"@id\":\"https:\/\/vosgesinfo.fr\/saintdieinfo\/2022\/03\/cgt-tient-bureau-dembauches-ephemere-a-gare-sncf-deodatienne\/#primaryimage\"},\"image\":{\"@id\":\"https:\/\/vosgesinfo.fr\/saintdieinfo\/2022\/03\/cgt-tient-bureau-dembauches-ephemere-a-gare-sncf-deodatienne\/#primaryimage\"},\"thumbnailUrl\":\"https:\/\/vosgesinfo.fr\/app\/uploads\/sites\/4\/2024\/08\/202203cgt-cheminots-embauches-sncf-2.jpg\",\"datePublished\":\"2022-03-11T11:19:31+00:00\",\"dateModified\":\"2022-03-11T11:19:31+00:00\",\"breadcrumb\":{\"@id\":\"https:\/\/vosgesinfo.fr\/saintdieinfo\/2022\/03\/cgt-tient-bureau-dembauches-ephemere-a-gare-sncf-deodatienne\/#breadcrumb\"},\"inLanguage\":\"fr-FR\",\"potentialAction\":[{\"@type\":\"ReadAction\",\"target\":[\"https:\/\/vosgesinfo.fr\/saintdieinfo\/2022\/03\/cgt-tient-bureau-dembauches-ephemere-a-gare-sncf-deodatienne\/\"]}]},{\"@type\":\"ImageObject\",\"inLanguage\":\"fr-FR\",\"@id\":\"https:\/\/vosgesinfo.fr\/saintdieinfo\/2022\/03\/cgt-tient-bureau-dembauches-ephemere-a-gare-sncf-deodatienne\/#primaryimage\",\"url\":\"https:\/\/vosgesinfo.fr\/app\/uploads\/sites\/4\/2024\/08\/202203cgt-cheminots-embauches-sncf-2.jpg\",\"contentUrl\":\"https:\/\/vosgesinfo.fr\/app\/uploads\/sites\/4\/2024\/08\/202203cgt-cheminots-embauches-sncf-2.jpg\",\"width\":1600,\"height\":1205},{\"@type\":\"BreadcrumbList\",\"@id\":\"https:\/\/vosgesinfo.fr\/saintdieinfo\/2022\/03\/cgt-tient-bureau-dembauches-ephemere-a-gare-sncf-deodatienne\/#breadcrumb\",\"itemListElement\":[{\"@type\":\"ListItem\",\"position\":1,\"name\":\"Home\",\"item\":\"https:\/\/vosgesinfo.fr\/saintdieinfo\/\"},{\"@type\":\"ListItem\",\"position\":2,\"name\":\"La CGT tient un bureau d&#8217;embauches \u00e9ph\u00e9m\u00e8re \u00e0 la gare SNCF d\u00e9odatienne\"}]},{\"@type\":\"WebSite\",\"@id\":\"https:\/\/vosgesinfo.fr\/saintdieinfo\/#website\",\"url\":\"https:\/\/vosgesinfo.fr\/saintdieinfo\/\",\"name\":\"Saint Die Info\",\"description\":\"Toute l&#039;actualit\u00e9 de Saint-Di\u00e9-Des-Vosges\",\"publisher\":{\"@id\":\"https:\/\/vosgesinfo.fr\/saintdieinfo\/#organization\"},\"alternateName\":\"Toute l'actualit\u00e9 de Saint-Di\u00e9-Des-Vosges\",\"potentialAction\":[{\"@type\":\"SearchAction\",\"target\":{\"@type\":\"EntryPoint\",\"urlTemplate\":\"https:\/\/vosgesinfo.fr\/saintdieinfo\/?s={search_term_string}\"},\"query-input\":\"required name=search_term_string\"}],\"inLanguage\":\"fr-FR\"},{\"@type\":\"Organization\",\"@id\":\"https:\/\/vosgesinfo.fr\/saintdieinfo\/#organization\",\"name\":\"Saint Die Info\",\"url\":\"https:\/\/vosgesinfo.fr\/saintdieinfo\/\",\"logo\":{\"@type\":\"ImageObject\",\"inLanguage\":\"fr-FR\",\"@id\":\"https:\/\/vosgesinfo.fr\/saintdieinfo\/#\/schema\/logo\/image\/\",\"url\":\"https:\/\/vosgesinfo.fr\/app\/uploads\/sites\/4\/2024\/02\/logo-sdi.jpg\",\"contentUrl\":\"https:\/\/vosgesinfo.fr\/app\/uploads\/sites\/4\/2024\/02\/logo-sdi.jpg\",\"width\":600,\"height\":600,\"caption\":\"Saint Die Info\"},\"image\":{\"@id\":\"https:\/\/vosgesinfo.fr\/saintdieinfo\/#\/schema\/logo\/image\/\"},\"sameAs\":[\"https:\/\/www.facebook.com\/Saintdieinfofr\",\"https:\/\/x.com\/VosgesInfo88\",\"https:\/\/www.youtube.com\/@vosgesinfo\"]},{\"@type\":\"Person\",\"@id\":\"https:\/\/vosgesinfo.fr\/saintdieinfo\/#\/schema\/person\/faee6704a21f3977511db84bd1cd450f\",\"name\":\"la r\u00e9daction\",\"image\":{\"@type\":\"ImageObject\",\"inLanguage\":\"fr-FR\",\"@id\":\"https:\/\/vosgesinfo.fr\/saintdieinfo\/#\/schema\/person\/image\/\",\"url\":\"https:\/\/secure.gravatar.com\/avatar\/6673d8bc6a9c17fa9a453eaa3448de834fa308c2ec9635b7aa99441a7c8d2cf6?s=96&d=mm&r=g\",\"contentUrl\":\"https:\/\/secure.gravatar.com\/avatar\/6673d8bc6a9c17fa9a453eaa3448de834fa308c2ec9635b7aa99441a7c8d2cf6?s=96&d=mm&r=g\",\"caption\":\"la r\u00e9daction\"},\"url\":\"https:\/\/vosgesinfo.fr\/saintdieinfo\/author\/redac\/\"}]}<\/script>\n<!-- \/ Yoast SEO plugin. -->","yoast_head_json":{"title":"La CGT tient un bureau d'embauches \u00e9ph\u00e9m\u00e8re \u00e0 la gare SNCF d\u00e9odatienne - Saint Die Info","robots":{"index":"index","follow":"follow","max-snippet":"max-snippet:-1","max-image-preview":"max-image-preview:large","max-video-preview":"max-video-preview:-1"},"canonical":"https:\/\/vosgesinfo.fr\/saintdieinfo\/2022\/03\/cgt-tient-bureau-dembauches-ephemere-a-gare-sncf-deodatienne\/","twitter_card":"summary_large_image","twitter_title":"La CGT tient un bureau d'embauches \u00e9ph\u00e9m\u00e8re \u00e0 la gare SNCF d\u00e9odatienne - Saint Die Info","twitter_description":"De 9h \u00e0 15h ce vendredi, le syndicat cheminots CGT de Saint-Di\u00e9-des-Vosges tient un bureau d&#8217;embauches \u00e9ph\u00e9m\u00e8res dans le hall [&hellip;]","twitter_image":"https:\/\/vosgesinfo.fr\/app\/uploads\/sites\/4\/2024\/08\/202203cgt-cheminots-embauches-sncf-2.jpg","twitter_creator":"@VosgesInfo88","twitter_site":"@VosgesInfo88","twitter_misc":{"\u00c9crit par":"la r\u00e9daction","Dur\u00e9e de lecture estim\u00e9e":"2 minutes"},"schema":{"@context":"https:\/\/schema.org","@graph":[{"@type":"Article","@id":"https:\/\/vosgesinfo.fr\/saintdieinfo\/2022\/03\/cgt-tient-bureau-dembauches-ephemere-a-gare-sncf-deodatienne\/#article","isPartOf":{"@id":"https:\/\/vosgesinfo.fr\/saintdieinfo\/2022\/03\/cgt-tient-bureau-dembauches-ephemere-a-gare-sncf-deodatienne\/"},"author":{"name":"la r\u00e9daction","@id":"https:\/\/vosgesinfo.fr\/saintdieinfo\/#\/schema\/person\/faee6704a21f3977511db84bd1cd450f"},"headline":"La CGT tient un bureau d&#8217;embauches \u00e9ph\u00e9m\u00e8re \u00e0 la gare SNCF d\u00e9odatienne","datePublished":"2022-03-11T11:19:31+00:00","dateModified":"2022-03-11T11:19:31+00:00","mainEntityOfPage":{"@id":"https:\/\/vosgesinfo.fr\/saintdieinfo\/2022\/03\/cgt-tient-bureau-dembauches-ephemere-a-gare-sncf-deodatienne\/"},"wordCount":386,"commentCount":0,"publisher":{"@id":"https:\/\/vosgesinfo.fr\/saintdieinfo\/#organization"},"image":{"@id":"https:\/\/vosgesinfo.fr\/saintdieinfo\/2022\/03\/cgt-tient-bureau-dembauches-ephemere-a-gare-sncf-deodatienne\/#primaryimage"},"thumbnailUrl":"https:\/\/vosgesinfo.fr\/app\/uploads\/sites\/4\/2024\/08\/202203cgt-cheminots-embauches-sncf-2.jpg","keywords":["CGT","Gare SNCF de Saint-Di\u00e9-des-Vosges","sncf","Syndicat CGT Cheminots de Saint-Di\u00e9-des-Vosges"],"articleSection":["A la Une","Politique","Saint-Di\u00e9-des-Vosges et son Agglom\u00e9ration"],"inLanguage":"fr-FR","potentialAction":[{"@type":"CommentAction","name":"Comment","target":["https:\/\/vosgesinfo.fr\/saintdieinfo\/2022\/03\/cgt-tient-bureau-dembauches-ephemere-a-gare-sncf-deodatienne\/#respond"]}]},{"@type":"WebPage","@id":"https:\/\/vosgesinfo.fr\/saintdieinfo\/2022\/03\/cgt-tient-bureau-dembauches-ephemere-a-gare-sncf-deodatienne\/","url":"https:\/\/vosgesinfo.fr\/saintdieinfo\/2022\/03\/cgt-tient-bureau-dembauches-ephemere-a-gare-sncf-deodatienne\/","name":"La CGT tient un bureau d'embauches \u00e9ph\u00e9m\u00e8re \u00e0 la gare SNCF d\u00e9odatienne - Saint Die Info","isPartOf":{"@id":"https:\/\/vosgesinfo.fr\/saintdieinfo\/#website"},"primaryImageOfPage":{"@id":"https:\/\/vosgesinfo.fr\/saintdieinfo\/2022\/03\/cgt-tient-bureau-dembauches-ephemere-a-gare-sncf-deodatienne\/#primaryimage"},"image":{"@id":"https:\/\/vosgesinfo.fr\/saintdieinfo\/2022\/03\/cgt-tient-bureau-dembauches-ephemere-a-gare-sncf-deodatienne\/#primaryimage"},"thumbnailUrl":"https:\/\/vosgesinfo.fr\/app\/uploads\/sites\/4\/2024\/08\/202203cgt-cheminots-embauches-sncf-2.jpg","datePublished":"2022-03-11T11:19:31+00:00","dateModified":"2022-03-11T11:19:31+00:00","breadcrumb":{"@id":"https:\/\/vosgesinfo.fr\/saintdieinfo\/2022\/03\/cgt-tient-bureau-dembauches-ephemere-a-gare-sncf-deodatienne\/#breadcrumb"},"inLanguage":"fr-FR","potentialAction":[{"@type":"ReadAction","target":["https:\/\/vosgesinfo.fr\/saintdieinfo\/2022\/03\/cgt-tient-bureau-dembauches-ephemere-a-gare-sncf-deodatienne\/"]}]},{"@type":"ImageObject","inLanguage":"fr-FR","@id":"https:\/\/vosgesinfo.fr\/saintdieinfo\/2022\/03\/cgt-tient-bureau-dembauches-ephemere-a-gare-sncf-deodatienne\/#primaryimage","url":"https:\/\/vosgesinfo.fr\/app\/uploads\/sites\/4\/2024\/08\/202203cgt-cheminots-embauches-sncf-2.jpg","contentUrl":"https:\/\/vosgesinfo.fr\/app\/uploads\/sites\/4\/2024\/08\/202203cgt-cheminots-embauches-sncf-2.jpg","width":1600,"height":1205},{"@type":"BreadcrumbList","@id":"https:\/\/vosgesinfo.fr\/saintdieinfo\/2022\/03\/cgt-tient-bureau-dembauches-ephemere-a-gare-sncf-deodatienne\/#breadcrumb","itemListElement":[{"@type":"ListItem","position":1,"name":"Home","item":"https:\/\/vosgesinfo.fr\/saintdieinfo\/"},{"@type":"ListItem","position":2,"name":"La CGT tient un bureau d&#8217;embauches \u00e9ph\u00e9m\u00e8re \u00e0 la gare SNCF d\u00e9odatienne"}]},{"@type":"WebSite","@id":"https:\/\/vosgesinfo.fr\/saintdieinfo\/#website","url":"https:\/\/vosgesinfo.fr\/saintdieinfo\/","name":"Saint Die Info","description":"Toute l&#039;actualit\u00e9 de Saint-Di\u00e9-Des-Vosges","publisher":{"@id":"https:\/\/vosgesinfo.fr\/saintdieinfo\/#organization"},"alternateName":"Toute l'actualit\u00e9 de Saint-Di\u00e9-Des-Vosges","potentialAction":[{"@type":"SearchAction","target":{"@type":"EntryPoint","urlTemplate":"https:\/\/vosgesinfo.fr\/saintdieinfo\/?s={search_term_string}"},"query-input":"required name=search_term_string"}],"inLanguage":"fr-FR"},{"@type":"Organization","@id":"https:\/\/vosgesinfo.fr\/saintdieinfo\/#organization","name":"Saint Die Info","url":"https:\/\/vosgesinfo.fr\/saintdieinfo\/","logo":{"@type":"ImageObject","inLanguage":"fr-FR","@id":"https:\/\/vosgesinfo.fr\/saintdieinfo\/#\/schema\/logo\/image\/","url":"https:\/\/vosgesinfo.fr\/app\/uploads\/sites\/4\/2024\/02\/logo-sdi.jpg","contentUrl":"https:\/\/vosgesinfo.fr\/app\/uploads\/sites\/4\/2024\/02\/logo-sdi.jpg","width":600,"height":600,"caption":"Saint Die Info"},"image":{"@id":"https:\/\/vosgesinfo.fr\/saintdieinfo\/#\/schema\/logo\/image\/"},"sameAs":["https:\/\/www.facebook.com\/Saintdieinfofr","https:\/\/x.com\/VosgesInfo88","https:\/\/www.youtube.com\/@vosgesinfo"]},{"@type":"Person","@id":"https:\/\/vosgesinfo.fr\/saintdieinfo\/#\/schema\/person\/faee6704a21f3977511db84bd1cd450f","name":"la r\u00e9daction","image":{"@type":"ImageObject","inLanguage":"fr-FR","@id":"https:\/\/vosgesinfo.fr\/saintdieinfo\/#\/schema\/person\/image\/","url":"https:\/\/secure.gravatar.com\/avatar\/6673d8bc6a9c17fa9a453eaa3448de834fa308c2ec9635b7aa99441a7c8d2cf6?s=96&d=mm&r=g","contentUrl":"https:\/\/secure.gravatar.com\/avatar\/6673d8bc6a9c17fa9a453eaa3448de834fa308c2ec9635b7aa99441a7c8d2cf6?s=96&d=mm&r=g","caption":"la r\u00e9daction"},"url":"https:\/\/vosgesinfo.fr\/saintdieinfo\/author\/redac\/"}]}},"_links":{"self":[{"href":"https:\/\/vosgesinfo.fr\/saintdieinfo\/wp-json\/wp\/v2\/posts\/47835","targetHints":{"allow":["GET"]}}],"collection":[{"href":"https:\/\/vosgesinfo.fr\/saintdieinfo\/wp-json\/wp\/v2\/posts"}],"about":[{"href":"https:\/\/vosgesinfo.fr\/saintdieinfo\/wp-json\/wp\/v2\/types\/post"}],"author":[{"embeddable":true,"href":"https:\/\/vosgesinfo.fr\/saintdieinfo\/wp-json\/wp\/v2\/users\/44"}],"replies":[{"embeddable":true,"href":"https:\/\/vosgesinfo.fr\/saintdieinfo\/wp-json\/wp\/v2\/comments?post=47835"}],"version-history":[{"count":0,"href":"https:\/\/vosgesinfo.fr\/saintdieinfo\/wp-json\/wp\/v2\/posts\/47835\/revisions"}],"wp:featuredmedia":[{"embeddable":true,"href":"https:\/\/vosgesinfo.fr\/saintdieinfo\/wp-json\/wp\/v2\/media\/47836"}],"wp:attachment":[{"href":"https:\/\/vosgesinfo.fr\/saintdieinfo\/wp-json\/wp\/v2\/media?parent=47835"}],"wp:term":[{"taxonomy":"category","embeddable":true,"href":"https:\/\/vosgesinfo.fr\/saintdieinfo\/wp-json\/wp\/v2\/categories?post=47835"},{"taxonomy":"post_tag","embeddable":true,"href":"https:\/\/vosgesinfo.fr\/saintdieinfo\/wp-json\/wp\/v2\/tags?post=47835"}],"curies":[{"name":"wp","href":"https:\/\/api.w.org\/{rel}","templated":true}]}}