{"id":47840,"date":"2022-03-11T17:21:54","date_gmt":"2022-03-11T16:21:54","guid":{"rendered":"https:\/\/vosgesinfo.fr\/saintdieinfo\/2022\/03\/offres-speciales-printemps-de-mercier-david\/"},"modified":"2022-03-11T17:21:54","modified_gmt":"2022-03-11T16:21:54","slug":"offres-speciales-printemps-de-mercier-david","status":"publish","type":"post","link":"https:\/\/vosgesinfo.fr\/saintdieinfo\/2022\/03\/offres-speciales-printemps-de-mercier-david\/","title":{"rendered":"Les offres sp\u00e9ciales \u00ab\u00a0Printemps \u00bb de Mercier-David"},"content":{"rendered":"<p style=\"text-align: left;\"><a href=\"\/2022\/03\/mercier-david-mars-2022-photo-premium.jpg\" target=\"_blank\" rel=\"noopener\"><img decoding=\"async\" class=\"aligncenter wp-image-180082 size-full\" src=\"\/2022\/03\/mercier-david-mars-2022-photo-premium.jpg\" alt=\"mercier david mars 2022-photo premium\" width=\"793\" height=\"538\" \/><\/a><\/p>\n<h2 style=\"text-align: left;\"><strong><span style=\"font-size: 14pt;\"><span style=\"font-family: Calibri, sans-serif;\"><span lang=\"fr-FR\">Si <\/span><\/span><span style=\"font-family: Calibri, sans-serif;\">Mercier-David<\/span><span style=\"font-family: Calibri, sans-serif;\"><span lang=\"fr-FR\"> est le premier <\/span><\/span><span style=\"font-family: Calibri, sans-serif;\">fabricant<\/span><span style=\"font-family: Calibri, sans-serif;\"><span lang=\"fr-FR\">-poseur<\/span><\/span><span style=\"font-family: Calibri, sans-serif;\"> de menuiserie ext\u00e9rieure sur-mesure du Grand Est<\/span><span style=\"font-family: Calibri, sans-serif;\"><span lang=\"fr-FR\">, ce n\u2019est assur\u00e9ment pas le fruit du hasard\u00a0!<\/span><\/span><\/span><\/strong><\/h2>\n<p style=\"text-align: left;\"><!--more--><\/p>\n<p style=\"text-align: left;\" align=\"JUSTIFY\"><span style=\"font-family: Calibri, sans-serif;\"><span lang=\"fr-FR\">Implant\u00e9e \u00e0 Sainte-Marguerite, au c\u0153ur des Vosges,<\/span><\/span><strong><span style=\"font-family: Calibri, sans-serif;\"><span lang=\"fr-FR\"> cette entreprise fabrique, depuis 35 ans, le haut de gamme des menuiseries, <\/span><\/span><\/strong><span style=\"font-family: Calibri, sans-serif;\"><span lang=\"fr-FR\">con\u00e7ues pour \u00e9voluer dans les climats les plus rudes.<\/span><\/span><\/p>\n<p style=\"text-align: left;\" align=\"JUSTIFY\"><strong><span style=\"font-family: Calibri, sans-serif;\"><span lang=\"fr-FR\">Mercier-David propose ainsi <\/span><\/span><span style=\"font-family: Calibri, sans-serif;\">u<\/span><span style=\"font-family: Calibri, sans-serif;\"><span lang=\"fr-FR\">n large \u00e9ventail <\/span><\/span><span style=\"font-family: Calibri, sans-serif;\">de produits<\/span><\/strong><span style=\"font-family: Calibri, sans-serif;\"> tels que des fen\u00eatres<\/span><span style=\"font-family: Calibri, sans-serif;\"><span lang=\"fr-FR\">, des baies coulissantes,<\/span><\/span> <span style=\"font-family: Calibri, sans-serif;\"><span lang=\"fr-FR\">des<\/span><\/span><span style=\"font-family: Calibri, sans-serif;\"> portes d&rsquo;entr\u00e9<\/span><span style=\"font-family: Calibri, sans-serif;\"><span lang=\"fr-FR\">e<\/span><\/span> <span style=\"font-family: Calibri, sans-serif;\"><span lang=\"fr-FR\">(au coloris de votre choix), <\/span><\/span><span style=\"font-family: Calibri, sans-serif;\">en PVC<\/span><span style=\"font-family: Calibri, sans-serif;\"><span lang=\"fr-FR\">, en<\/span><\/span><span style=\"font-family: Calibri, sans-serif;\"> aluminium, <\/span><span style=\"font-family: Calibri, sans-serif;\"><span lang=\"fr-FR\">en bois, <\/span><\/span><span style=\"font-family: Calibri, sans-serif;\">en passant par les portails et <\/span><span style=\"font-family: Calibri, sans-serif;\"><span lang=\"fr-FR\">les <\/span><\/span><span style=\"font-family: Calibri, sans-serif;\">cl\u00f4tures en aluminium ainsi que les portes de garage sectionnelles motoris\u00e9es<\/span><span style=\"font-family: Calibri, sans-serif;\"><span lang=\"fr-FR\">, ou basculantes et isolantes, et sans oublier les pergolas bioclimatiques, produit phare de ces derni\u00e8res ann\u00e9es<\/span><\/span><span style=\"text-decoration: line-through;\"><span style=\"font-family: Calibri, sans-serif;\"><span lang=\"fr-FR\"><b>.<\/b><\/span><\/span><\/span><\/p>\n<p style=\"text-align: left;\" align=\"JUSTIFY\"><span style=\"font-family: Calibri, sans-serif;\"><span lang=\"fr-FR\">Avec l\u2019arriv\u00e9e du printemps, <\/span><\/span><span style=\"font-family: Calibri, sans-serif;\">Mercier-David <\/span><span style=\"font-family: Calibri, sans-serif;\"><span lang=\"fr-FR\">ne d\u00e9roge pas \u00e0 ses habitudes de mettre en place<\/span><\/span><b> <\/b><strong><span style=\"font-family: Calibri, sans-serif;\">des offres promotionnelles tout simplement immanquables<\/span><span style=\"font-family: Calibri, sans-serif;\"><span lang=\"fr-FR\">\u00a0; Ludovic Chopat, conseiller chez Mercier-David<\/span><\/span><\/strong><span style=\"font-family: Calibri, sans-serif;\"><span lang=\"fr-FR\"><strong>, <\/strong>et bien connu des vosgiens, ainsi que toute l\u2019\u00e9quipe des menuisiers-conseils, vous accompagneront dans vos projets, et r\u00e9pondront \u00e0 tous vos besoins et contraintes.<\/span><\/span><b> <\/b><\/p>\n\n<p style=\"text-align: left;\" align=\"JUSTIFY\"><strong><span style=\"font-family: Calibri, sans-serif;\"><span lang=\"fr-FR\">En ce moment, Ludovic<\/span><\/span><span style=\"font-family: Calibri, sans-serif;\"><span lang=\"fr-FR\"> vous fera profiter d\u2019<\/span><\/span><span style=\"font-family: Calibri, sans-serif;\">offre<\/span><span style=\"font-family: Calibri, sans-serif;\"><span lang=\"fr-FR\">s<\/span><\/span><span style=\"font-family: Calibri, sans-serif;\"> d&rsquo;exception<\/span><span style=\"font-family: Calibri, sans-serif;\"><span lang=\"fr-FR\">, jusqu\u2019<\/span><\/span><span style=\"font-family: Calibri, sans-serif;\"><span lang=\"fr-FR\">au 15 avril<\/span><\/span><\/strong><span style=\"font-family: Calibri, sans-serif;\"><span lang=\"fr-FR\"><strong>,<\/strong> comme par exemple\u00a0: <\/span><\/span><span style=\"font-family: Calibri, sans-serif;\"><span lang=\"fr-FR\"><strong>le triple vitrage offert pour toute commande de fen\u00eatre et porte fen\u00eatre pvc Mercier-David<\/strong><b>\u00a0<\/b><\/span><\/span><span style=\"font-family: Calibri, sans-serif;\"><span lang=\"fr-FR\">; et dans le contexte actuel de la hausse des co\u00fbts de l\u2019\u00e9nergie, c\u2019est une r\u00e9elle \u00e9conomie sachant qu\u2019avec le triple vitrage,<\/span><\/span><strong><span style=\"font-family: Calibri, sans-serif;\"><span lang=\"fr-FR\"> les d\u00e9perditions thermiques<\/span><\/span> <span style=\"font-family: Calibri, sans-serif;\"><span lang=\"fr-FR\">sont r\u00e9duites<\/span><\/span> <span style=\"font-family: Calibri, sans-serif;\"><span lang=\"fr-FR\"><strong>de 36%\u00a0!<\/strong><\/span><\/span><\/strong><\/p>\n<p style=\"text-align: left;\" align=\"JUSTIFY\"><strong><span style=\"font-family: Calibri, sans-serif;\"><span lang=\"fr-FR\">Vous l\u2019avez compris, Mercier-David est LE sp\u00e9cialiste du triple vitrage \u00e0 l\u2019efficacit\u00e9 reconnue et approuv\u00e9e\u00a0!<\/span><\/span><\/strong><\/p>\n<p style=\"text-align: left;\" align=\"JUSTIFY\"><span style=\"font-family: Calibri, sans-serif;\"><span lang=\"fr-FR\"><strong>D\u2019autres offres \u00e9galement vous sont propos\u00e9es, comme<\/strong><b>\u00a0: <\/b><\/span><\/span><span style=\"font-family: Calibri, sans-serif;\"><span lang=\"fr-FR\">un judas num\u00e9rique avec \u00e9cran digital ou le cylindre de s\u00fbret\u00e9 (avec carte de propri\u00e9t\u00e9) offert pour l\u2019achat d\u2019une porte d\u2019entr\u00e9e\u00a0aluminium Exclusive\u00a0; et avec les portes de chez Mercier-David, \u00ab\u00a0d\u00e8s l\u2019entr\u00e9e vous allez affirmer votre signature\u00a0\u00bb gr\u00e2ce \u00e0 un tr\u00e8s grand choix de mod\u00e8les de portes (plus de 200), qui vous garantissent un standard \u00e9lev\u00e9 en mati\u00e8re de design, de s\u00e9curit\u00e9 et d\u2019isolation\u00a0!<\/span><\/span><\/p>\n\n<p style=\"text-align: left;\" align=\"JUSTIFY\"><strong><span style=\"font-family: Calibri, sans-serif;\"><span lang=\"fr-FR\">Ces <\/span><\/span><span style=\"font-family: Calibri, sans-serif;\">v\u00e9ritables professionnels<\/span><span style=\"font-family: Calibri, sans-serif;\"><span lang=\"fr-FR\"> qui \u0153uvrent chez Mercier-David<\/span><\/span><\/strong><span style=\"font-family: Calibri, sans-serif;\"><span lang=\"fr-FR\"><strong>,<\/strong> comme Ludovic et ses coll\u00e8gues, s\u2019engagent \u00e0 g\u00e9rer tout en interne \u2013des mesures jusqu\u2019\u00e0 la pose- avec une garantie de 10 ans de SAV gratuit, d\u00e9placement, pi\u00e8ces et main-d\u2019\u0153uvre\u00a0et 25 ans sur assemblage et laquage portails et cl\u00f4tures \u2026ce qui n\u2019est pas une pratique tr\u00e8s r\u00e9pandue dans le milieu de la menuiserie\u00a0! <\/span><\/span><\/p>\n<p style=\"text-align: left;\" align=\"JUSTIFY\"><span style=\"font-family: Calibri, sans-serif;\"><span lang=\"fr-FR\">Vous pourrez, ainsi, paisiblement, vous <\/span><\/span><span style=\"font-family: Calibri, sans-serif;\">permettr<\/span><span style=\"font-family: Calibri, sans-serif;\"><span lang=\"fr-FR\">e<\/span><\/span><span style=\"font-family: Calibri, sans-serif;\"> de concr\u00e9tiser tous vos projets de r\u00e9novation ou de cr\u00e9ation<\/span><span style=\"font-family: Calibri, sans-serif;\"><span lang=\"fr-FR\">. <\/span><\/span><\/p>\n<p style=\"text-align: left;\" align=\"JUSTIFY\"><a href=\"\/2022\/03\/mercier-david-photo-offre-sur-porte-2022.jpg\" target=\"_blank\" rel=\"noopener\"><img decoding=\"async\" class=\"aligncenter wp-image-180085 size-full\" src=\"\/2022\/03\/mercier-david-photo-offre-sur-porte-2022.jpg\" alt=\"mercier david photo offre sur porte 2022\" width=\"431\" height=\"372\" \/><\/a><\/p>\n<p style=\"text-align: left;\"><strong><span style=\"font-family: Calibri, sans-serif;\"><span style=\"font-size: large;\">Renseignements compl\u00e9mentaires\u00a0<\/span><\/span><span style=\"font-family: Calibri, sans-serif;\"><span style=\"font-size: large;\"><span lang=\"fr-FR\">: <\/span><\/span><\/span><span style=\"font-size: large;\"><span lang=\"fr-FR\">T\u00e9l.\u00a0: 03.29.51.61.11<\/span><\/span><\/strong><\/p>\n<p style=\"text-align: left;\"><strong><span style=\"font-family: Calibri, sans-serif;\"><span style=\"font-size: large;\"><span lang=\"fr-FR\">Et <\/span><\/span><\/span><span style=\"font-family: Calibri, sans-serif;\"><span style=\"font-size: large;\">sur <\/span><\/span><span style=\"color: #000080;\"><span lang=\"zxx\"><u><a class=\"western\" href=\"http:\/\/www.mercier-david.fr\/\" target=\"_blank\" rel=\"noopener\"><span style=\"font-family: Calibri, sans-serif;\"><span style=\"font-size: large;\">www.mercier-david.fr<\/span><\/span><\/a><\/u><\/span><\/span><\/strong><\/p>\n<p style=\"text-align: left;\"><span style=\"font-family: Calibri, sans-serif;\"><span lang=\"fr-FR\">R\u00e9daction\u00a0: Patricia Ferry-Demange<\/span><\/span><span style=\"font-family: Calibri, sans-serif;\"><span style=\"font-size: large;\"><span lang=\"fr-FR\"> &#8211; <\/span><\/span><\/span><span style=\"font-family: Calibri, sans-serif;\"><span lang=\"fr-FR\">patricia.ferrydemange@gmail.com<\/span><\/span><\/p>\n","protected":false},"excerpt":{"rendered":"<p>Si Mercier-David est le premier fabricant-poseur de menuiserie ext\u00e9rieure sur-mesure du Grand Est, ce n\u2019est assur\u00e9ment pas le fruit du [&hellip;]<\/p>\n","protected":false},"author":44,"featured_media":47841,"comment_status":"open","ping_status":"open","sticky":false,"template":"","format":"standard","meta":{"footnotes":""},"categories":[460,2915],"tags":[3437],"class_list":["post-47840","post","type-post","status-publish","format-standard","has-post-thumbnail","hentry","category-a-la-une","category-saint-die-son-canton","tag-mercier-david"],"acf":[],"yoast_head":"<!-- This site is optimized with the Yoast SEO plugin v22.5 - https:\/\/yoast.com\/wordpress\/plugins\/seo\/ -->\n<title>Les offres sp\u00e9ciales \u00ab\u00a0Printemps \u00bb de Mercier-David - Saint Die Info<\/title>\n<meta name=\"robots\" content=\"index, follow, max-snippet:-1, max-image-preview:large, max-video-preview:-1\" \/>\n<link rel=\"canonical\" href=\"https:\/\/vosgesinfo.fr\/saintdieinfo\/2022\/03\/offres-speciales-printemps-de-mercier-david\/\" \/>\n<meta name=\"twitter:card\" content=\"summary_large_image\" \/>\n<meta name=\"twitter:title\" content=\"Les offres sp\u00e9ciales \u00ab\u00a0Printemps \u00bb de Mercier-David - Saint Die Info\" \/>\n<meta name=\"twitter:description\" content=\"Si Mercier-David est le premier fabricant-poseur de menuiserie ext\u00e9rieure sur-mesure du Grand Est, ce n\u2019est assur\u00e9ment pas le fruit du [&hellip;]\" \/>\n<meta name=\"twitter:image\" content=\"https:\/\/vosgesinfo.fr\/app\/uploads\/sites\/4\/2024\/08\/202203mercier-david-mars-2022-photo-premium.jpg\" \/>\n<meta name=\"twitter:creator\" content=\"@VosgesInfo88\" \/>\n<meta name=\"twitter:site\" content=\"@VosgesInfo88\" \/>\n<meta name=\"twitter:label1\" content=\"\u00c9crit par\" \/>\n\t<meta name=\"twitter:data1\" content=\"la r\u00e9daction\" \/>\n\t<meta name=\"twitter:label2\" content=\"Dur\u00e9e de lecture estim\u00e9e\" \/>\n\t<meta name=\"twitter:data2\" content=\"2 minutes\" \/>\n<script type=\"application\/ld+json\" class=\"yoast-schema-graph\">{\"@context\":\"https:\/\/schema.org\",\"@graph\":[{\"@type\":\"Article\",\"@id\":\"https:\/\/vosgesinfo.fr\/saintdieinfo\/2022\/03\/offres-speciales-printemps-de-mercier-david\/#article\",\"isPartOf\":{\"@id\":\"https:\/\/vosgesinfo.fr\/saintdieinfo\/2022\/03\/offres-speciales-printemps-de-mercier-david\/\"},\"author\":{\"name\":\"la r\u00e9daction\",\"@id\":\"https:\/\/vosgesinfo.fr\/saintdieinfo\/#\/schema\/person\/faee6704a21f3977511db84bd1cd450f\"},\"headline\":\"Les offres sp\u00e9ciales \u00ab\u00a0Printemps \u00bb de Mercier-David\",\"datePublished\":\"2022-03-11T16:21:54+00:00\",\"dateModified\":\"2022-03-11T16:21:54+00:00\",\"mainEntityOfPage\":{\"@id\":\"https:\/\/vosgesinfo.fr\/saintdieinfo\/2022\/03\/offres-speciales-printemps-de-mercier-david\/\"},\"wordCount\":477,\"commentCount\":0,\"publisher\":{\"@id\":\"https:\/\/vosgesinfo.fr\/saintdieinfo\/#organization\"},\"image\":{\"@id\":\"https:\/\/vosgesinfo.fr\/saintdieinfo\/2022\/03\/offres-speciales-printemps-de-mercier-david\/#primaryimage\"},\"thumbnailUrl\":\"https:\/\/vosgesinfo.fr\/app\/uploads\/sites\/4\/2024\/08\/202203mercier-david-mars-2022-photo-premium.jpg\",\"keywords\":[\"Mercier-David\"],\"articleSection\":[\"A la Une\",\"Saint-Di\u00e9-des-Vosges et son Agglom\u00e9ration\"],\"inLanguage\":\"fr-FR\",\"potentialAction\":[{\"@type\":\"CommentAction\",\"name\":\"Comment\",\"target\":[\"https:\/\/vosgesinfo.fr\/saintdieinfo\/2022\/03\/offres-speciales-printemps-de-mercier-david\/#respond\"]}]},{\"@type\":\"WebPage\",\"@id\":\"https:\/\/vosgesinfo.fr\/saintdieinfo\/2022\/03\/offres-speciales-printemps-de-mercier-david\/\",\"url\":\"https:\/\/vosgesinfo.fr\/saintdieinfo\/2022\/03\/offres-speciales-printemps-de-mercier-david\/\",\"name\":\"Les offres sp\u00e9ciales \u00ab\u00a0Printemps \u00bb de Mercier-David - Saint Die Info\",\"isPartOf\":{\"@id\":\"https:\/\/vosgesinfo.fr\/saintdieinfo\/#website\"},\"primaryImageOfPage\":{\"@id\":\"https:\/\/vosgesinfo.fr\/saintdieinfo\/2022\/03\/offres-speciales-printemps-de-mercier-david\/#primaryimage\"},\"image\":{\"@id\":\"https:\/\/vosgesinfo.fr\/saintdieinfo\/2022\/03\/offres-speciales-printemps-de-mercier-david\/#primaryimage\"},\"thumbnailUrl\":\"https:\/\/vosgesinfo.fr\/app\/uploads\/sites\/4\/2024\/08\/202203mercier-david-mars-2022-photo-premium.jpg\",\"datePublished\":\"2022-03-11T16:21:54+00:00\",\"dateModified\":\"2022-03-11T16:21:54+00:00\",\"breadcrumb\":{\"@id\":\"https:\/\/vosgesinfo.fr\/saintdieinfo\/2022\/03\/offres-speciales-printemps-de-mercier-david\/#breadcrumb\"},\"inLanguage\":\"fr-FR\",\"potentialAction\":[{\"@type\":\"ReadAction\",\"target\":[\"https:\/\/vosgesinfo.fr\/saintdieinfo\/2022\/03\/offres-speciales-printemps-de-mercier-david\/\"]}]},{\"@type\":\"ImageObject\",\"inLanguage\":\"fr-FR\",\"@id\":\"https:\/\/vosgesinfo.fr\/saintdieinfo\/2022\/03\/offres-speciales-printemps-de-mercier-david\/#primaryimage\",\"url\":\"https:\/\/vosgesinfo.fr\/app\/uploads\/sites\/4\/2024\/08\/202203mercier-david-mars-2022-photo-premium.jpg\",\"contentUrl\":\"https:\/\/vosgesinfo.fr\/app\/uploads\/sites\/4\/2024\/08\/202203mercier-david-mars-2022-photo-premium.jpg\",\"width\":793,\"height\":538},{\"@type\":\"BreadcrumbList\",\"@id\":\"https:\/\/vosgesinfo.fr\/saintdieinfo\/2022\/03\/offres-speciales-printemps-de-mercier-david\/#breadcrumb\",\"itemListElement\":[{\"@type\":\"ListItem\",\"position\":1,\"name\":\"Home\",\"item\":\"https:\/\/vosgesinfo.fr\/saintdieinfo\/\"},{\"@type\":\"ListItem\",\"position\":2,\"name\":\"Les offres sp\u00e9ciales \u00ab\u00a0Printemps \u00bb de Mercier-David\"}]},{\"@type\":\"WebSite\",\"@id\":\"https:\/\/vosgesinfo.fr\/saintdieinfo\/#website\",\"url\":\"https:\/\/vosgesinfo.fr\/saintdieinfo\/\",\"name\":\"Saint Die Info\",\"description\":\"Toute l&#039;actualit\u00e9 de Saint-Di\u00e9-Des-Vosges\",\"publisher\":{\"@id\":\"https:\/\/vosgesinfo.fr\/saintdieinfo\/#organization\"},\"alternateName\":\"Toute l'actualit\u00e9 de Saint-Di\u00e9-Des-Vosges\",\"potentialAction\":[{\"@type\":\"SearchAction\",\"target\":{\"@type\":\"EntryPoint\",\"urlTemplate\":\"https:\/\/vosgesinfo.fr\/saintdieinfo\/?s={search_term_string}\"},\"query-input\":\"required name=search_term_string\"}],\"inLanguage\":\"fr-FR\"},{\"@type\":\"Organization\",\"@id\":\"https:\/\/vosgesinfo.fr\/saintdieinfo\/#organization\",\"name\":\"Saint Die Info\",\"url\":\"https:\/\/vosgesinfo.fr\/saintdieinfo\/\",\"logo\":{\"@type\":\"ImageObject\",\"inLanguage\":\"fr-FR\",\"@id\":\"https:\/\/vosgesinfo.fr\/saintdieinfo\/#\/schema\/logo\/image\/\",\"url\":\"https:\/\/vosgesinfo.fr\/app\/uploads\/sites\/4\/2024\/02\/logo-sdi.jpg\",\"contentUrl\":\"https:\/\/vosgesinfo.fr\/app\/uploads\/sites\/4\/2024\/02\/logo-sdi.jpg\",\"width\":600,\"height\":600,\"caption\":\"Saint Die Info\"},\"image\":{\"@id\":\"https:\/\/vosgesinfo.fr\/saintdieinfo\/#\/schema\/logo\/image\/\"},\"sameAs\":[\"https:\/\/www.facebook.com\/Saintdieinfofr\",\"https:\/\/x.com\/VosgesInfo88\",\"https:\/\/www.youtube.com\/@vosgesinfo\"]},{\"@type\":\"Person\",\"@id\":\"https:\/\/vosgesinfo.fr\/saintdieinfo\/#\/schema\/person\/faee6704a21f3977511db84bd1cd450f\",\"name\":\"la r\u00e9daction\",\"image\":{\"@type\":\"ImageObject\",\"inLanguage\":\"fr-FR\",\"@id\":\"https:\/\/vosgesinfo.fr\/saintdieinfo\/#\/schema\/person\/image\/\",\"url\":\"https:\/\/secure.gravatar.com\/avatar\/6673d8bc6a9c17fa9a453eaa3448de834fa308c2ec9635b7aa99441a7c8d2cf6?s=96&d=mm&r=g\",\"contentUrl\":\"https:\/\/secure.gravatar.com\/avatar\/6673d8bc6a9c17fa9a453eaa3448de834fa308c2ec9635b7aa99441a7c8d2cf6?s=96&d=mm&r=g\",\"caption\":\"la r\u00e9daction\"},\"url\":\"https:\/\/vosgesinfo.fr\/saintdieinfo\/author\/redac\/\"}]}<\/script>\n<!-- \/ Yoast SEO plugin. -->","yoast_head_json":{"title":"Les offres sp\u00e9ciales \u00ab\u00a0Printemps \u00bb de Mercier-David - Saint Die Info","robots":{"index":"index","follow":"follow","max-snippet":"max-snippet:-1","max-image-preview":"max-image-preview:large","max-video-preview":"max-video-preview:-1"},"canonical":"https:\/\/vosgesinfo.fr\/saintdieinfo\/2022\/03\/offres-speciales-printemps-de-mercier-david\/","twitter_card":"summary_large_image","twitter_title":"Les offres sp\u00e9ciales \u00ab\u00a0Printemps \u00bb de Mercier-David - Saint Die Info","twitter_description":"Si Mercier-David est le premier fabricant-poseur de menuiserie ext\u00e9rieure sur-mesure du Grand Est, ce n\u2019est assur\u00e9ment pas le fruit du [&hellip;]","twitter_image":"https:\/\/vosgesinfo.fr\/app\/uploads\/sites\/4\/2024\/08\/202203mercier-david-mars-2022-photo-premium.jpg","twitter_creator":"@VosgesInfo88","twitter_site":"@VosgesInfo88","twitter_misc":{"\u00c9crit par":"la r\u00e9daction","Dur\u00e9e de lecture estim\u00e9e":"2 minutes"},"schema":{"@context":"https:\/\/schema.org","@graph":[{"@type":"Article","@id":"https:\/\/vosgesinfo.fr\/saintdieinfo\/2022\/03\/offres-speciales-printemps-de-mercier-david\/#article","isPartOf":{"@id":"https:\/\/vosgesinfo.fr\/saintdieinfo\/2022\/03\/offres-speciales-printemps-de-mercier-david\/"},"author":{"name":"la r\u00e9daction","@id":"https:\/\/vosgesinfo.fr\/saintdieinfo\/#\/schema\/person\/faee6704a21f3977511db84bd1cd450f"},"headline":"Les offres sp\u00e9ciales \u00ab\u00a0Printemps \u00bb de Mercier-David","datePublished":"2022-03-11T16:21:54+00:00","dateModified":"2022-03-11T16:21:54+00:00","mainEntityOfPage":{"@id":"https:\/\/vosgesinfo.fr\/saintdieinfo\/2022\/03\/offres-speciales-printemps-de-mercier-david\/"},"wordCount":477,"commentCount":0,"publisher":{"@id":"https:\/\/vosgesinfo.fr\/saintdieinfo\/#organization"},"image":{"@id":"https:\/\/vosgesinfo.fr\/saintdieinfo\/2022\/03\/offres-speciales-printemps-de-mercier-david\/#primaryimage"},"thumbnailUrl":"https:\/\/vosgesinfo.fr\/app\/uploads\/sites\/4\/2024\/08\/202203mercier-david-mars-2022-photo-premium.jpg","keywords":["Mercier-David"],"articleSection":["A la Une","Saint-Di\u00e9-des-Vosges et son Agglom\u00e9ration"],"inLanguage":"fr-FR","potentialAction":[{"@type":"CommentAction","name":"Comment","target":["https:\/\/vosgesinfo.fr\/saintdieinfo\/2022\/03\/offres-speciales-printemps-de-mercier-david\/#respond"]}]},{"@type":"WebPage","@id":"https:\/\/vosgesinfo.fr\/saintdieinfo\/2022\/03\/offres-speciales-printemps-de-mercier-david\/","url":"https:\/\/vosgesinfo.fr\/saintdieinfo\/2022\/03\/offres-speciales-printemps-de-mercier-david\/","name":"Les offres sp\u00e9ciales \u00ab\u00a0Printemps \u00bb de Mercier-David - Saint Die Info","isPartOf":{"@id":"https:\/\/vosgesinfo.fr\/saintdieinfo\/#website"},"primaryImageOfPage":{"@id":"https:\/\/vosgesinfo.fr\/saintdieinfo\/2022\/03\/offres-speciales-printemps-de-mercier-david\/#primaryimage"},"image":{"@id":"https:\/\/vosgesinfo.fr\/saintdieinfo\/2022\/03\/offres-speciales-printemps-de-mercier-david\/#primaryimage"},"thumbnailUrl":"https:\/\/vosgesinfo.fr\/app\/uploads\/sites\/4\/2024\/08\/202203mercier-david-mars-2022-photo-premium.jpg","datePublished":"2022-03-11T16:21:54+00:00","dateModified":"2022-03-11T16:21:54+00:00","breadcrumb":{"@id":"https:\/\/vosgesinfo.fr\/saintdieinfo\/2022\/03\/offres-speciales-printemps-de-mercier-david\/#breadcrumb"},"inLanguage":"fr-FR","potentialAction":[{"@type":"ReadAction","target":["https:\/\/vosgesinfo.fr\/saintdieinfo\/2022\/03\/offres-speciales-printemps-de-mercier-david\/"]}]},{"@type":"ImageObject","inLanguage":"fr-FR","@id":"https:\/\/vosgesinfo.fr\/saintdieinfo\/2022\/03\/offres-speciales-printemps-de-mercier-david\/#primaryimage","url":"https:\/\/vosgesinfo.fr\/app\/uploads\/sites\/4\/2024\/08\/202203mercier-david-mars-2022-photo-premium.jpg","contentUrl":"https:\/\/vosgesinfo.fr\/app\/uploads\/sites\/4\/2024\/08\/202203mercier-david-mars-2022-photo-premium.jpg","width":793,"height":538},{"@type":"BreadcrumbList","@id":"https:\/\/vosgesinfo.fr\/saintdieinfo\/2022\/03\/offres-speciales-printemps-de-mercier-david\/#breadcrumb","itemListElement":[{"@type":"ListItem","position":1,"name":"Home","item":"https:\/\/vosgesinfo.fr\/saintdieinfo\/"},{"@type":"ListItem","position":2,"name":"Les offres sp\u00e9ciales \u00ab\u00a0Printemps \u00bb de Mercier-David"}]},{"@type":"WebSite","@id":"https:\/\/vosgesinfo.fr\/saintdieinfo\/#website","url":"https:\/\/vosgesinfo.fr\/saintdieinfo\/","name":"Saint Die Info","description":"Toute l&#039;actualit\u00e9 de Saint-Di\u00e9-Des-Vosges","publisher":{"@id":"https:\/\/vosgesinfo.fr\/saintdieinfo\/#organization"},"alternateName":"Toute l'actualit\u00e9 de Saint-Di\u00e9-Des-Vosges","potentialAction":[{"@type":"SearchAction","target":{"@type":"EntryPoint","urlTemplate":"https:\/\/vosgesinfo.fr\/saintdieinfo\/?s={search_term_string}"},"query-input":"required name=search_term_string"}],"inLanguage":"fr-FR"},{"@type":"Organization","@id":"https:\/\/vosgesinfo.fr\/saintdieinfo\/#organization","name":"Saint Die Info","url":"https:\/\/vosgesinfo.fr\/saintdieinfo\/","logo":{"@type":"ImageObject","inLanguage":"fr-FR","@id":"https:\/\/vosgesinfo.fr\/saintdieinfo\/#\/schema\/logo\/image\/","url":"https:\/\/vosgesinfo.fr\/app\/uploads\/sites\/4\/2024\/02\/logo-sdi.jpg","contentUrl":"https:\/\/vosgesinfo.fr\/app\/uploads\/sites\/4\/2024\/02\/logo-sdi.jpg","width":600,"height":600,"caption":"Saint Die Info"},"image":{"@id":"https:\/\/vosgesinfo.fr\/saintdieinfo\/#\/schema\/logo\/image\/"},"sameAs":["https:\/\/www.facebook.com\/Saintdieinfofr","https:\/\/x.com\/VosgesInfo88","https:\/\/www.youtube.com\/@vosgesinfo"]},{"@type":"Person","@id":"https:\/\/vosgesinfo.fr\/saintdieinfo\/#\/schema\/person\/faee6704a21f3977511db84bd1cd450f","name":"la r\u00e9daction","image":{"@type":"ImageObject","inLanguage":"fr-FR","@id":"https:\/\/vosgesinfo.fr\/saintdieinfo\/#\/schema\/person\/image\/","url":"https:\/\/secure.gravatar.com\/avatar\/6673d8bc6a9c17fa9a453eaa3448de834fa308c2ec9635b7aa99441a7c8d2cf6?s=96&d=mm&r=g","contentUrl":"https:\/\/secure.gravatar.com\/avatar\/6673d8bc6a9c17fa9a453eaa3448de834fa308c2ec9635b7aa99441a7c8d2cf6?s=96&d=mm&r=g","caption":"la r\u00e9daction"},"url":"https:\/\/vosgesinfo.fr\/saintdieinfo\/author\/redac\/"}]}},"_links":{"self":[{"href":"https:\/\/vosgesinfo.fr\/saintdieinfo\/wp-json\/wp\/v2\/posts\/47840","targetHints":{"allow":["GET"]}}],"collection":[{"href":"https:\/\/vosgesinfo.fr\/saintdieinfo\/wp-json\/wp\/v2\/posts"}],"about":[{"href":"https:\/\/vosgesinfo.fr\/saintdieinfo\/wp-json\/wp\/v2\/types\/post"}],"author":[{"embeddable":true,"href":"https:\/\/vosgesinfo.fr\/saintdieinfo\/wp-json\/wp\/v2\/users\/44"}],"replies":[{"embeddable":true,"href":"https:\/\/vosgesinfo.fr\/saintdieinfo\/wp-json\/wp\/v2\/comments?post=47840"}],"version-history":[{"count":0,"href":"https:\/\/vosgesinfo.fr\/saintdieinfo\/wp-json\/wp\/v2\/posts\/47840\/revisions"}],"wp:featuredmedia":[{"embeddable":true,"href":"https:\/\/vosgesinfo.fr\/saintdieinfo\/wp-json\/wp\/v2\/media\/47841"}],"wp:attachment":[{"href":"https:\/\/vosgesinfo.fr\/saintdieinfo\/wp-json\/wp\/v2\/media?parent=47840"}],"wp:term":[{"taxonomy":"category","embeddable":true,"href":"https:\/\/vosgesinfo.fr\/saintdieinfo\/wp-json\/wp\/v2\/categories?post=47840"},{"taxonomy":"post_tag","embeddable":true,"href":"https:\/\/vosgesinfo.fr\/saintdieinfo\/wp-json\/wp\/v2\/tags?post=47840"}],"curies":[{"name":"wp","href":"https:\/\/api.w.org\/{rel}","templated":true}]}}